{"id":10992,"date":"2020-03-02T04:42:06","date_gmt":"2020-03-02T04:42:06","guid":{"rendered":"https:\/\/correiodasemana.com\/site\/?p=10992"},"modified":"2020-03-02T04:42:06","modified_gmt":"2020-03-02T04:42:06","slug":"quarta-feira-de-cinzas-quaresma-como-um-tempo-oportuno-de-meditacao-e-conversao","status":"publish","type":"post","link":"https:\/\/correiodasemana.com\/site\/quarta-feira-de-cinzas-quaresma-como-um-tempo-oportuno-de-meditacao-e-conversao\/","title":{"rendered":"Quarta-feira de cinzas: Quaresma como um tempo oportuno de medita\u00e7\u00e3o e convers\u00e3o"},"content":{"rendered":"<p><strong>O bispo Dom Vasconcelos presidiu a missa que deu in\u00edcio a quaresma na quarta-feira (26) diante de fi\u00e9is que ocupavam a Catedral da S\u00e9<\/strong><\/p>\n<p>O bispo Dom Vasconcelos presidiu a missa que deu in\u00edcio a quaresma na quarta-feira (26) diante de fi\u00e9is que ocupavam a Catedral da S\u00e9. O tempo da quaresma intercede a P\u00e1scoa, sendo esse tempo oportuno de convers\u00e3o, medita\u00e7\u00e3o e mudan\u00e7as de vida. Aproveitando o ensejo, o bispo diocesano pediu ora\u00e7\u00f5es para o estado do Cear\u00e1, que atualmente enfrenta um n\u00famero preocupante de homic\u00eddios em raz\u00e3o ao motim liderado por parte da pol\u00edcia militar. \u201cSem apontar culpados, queremos rezar por aqueles que morreram e queremos rezar tamb\u00e9m por aqueles que se tornaram assassinos. O senhor pede que n\u00f3s saibamos perdoar e rezar por aqueles que nos ofendem e maltratam\u201d, ressalta.<br \/>\nEm seguida, a comunidade crist\u00e3, de joelhos, prestou um momento de sil\u00eancio, colocando no altar o sofrimento que o estado tem passado, junto com as vidas ceifadas pela viol\u00eancia, assim como o bispo intercedeu.<br \/>\nNa celebra\u00e7\u00e3o, a liturgia da palavra prop\u00f5e a proclama\u00e7\u00e3o da leitura da profecia de Joel (Jl 2,12-18) onde o senhor convoca o povo para um momento de ora\u00e7\u00e3o, confiss\u00e3o e arrependimento. \u201cTocai trombeta em Si\u00e3o, prescrevei o jejum sagrado, convocai a assembleia; congregai o povo, realizai cerim\u00f4nias de culto, reuni anci\u00f5es, ajuntai crian\u00e7as e lactantes; deixe o esposo seu aposento, e a esposa, seu leito. Chorem, postos entre o vest\u00edbulo e o altar, os ministros sagrados do Senhor e digam: \u201cPerdoa, Senhor, a teu povo, e n\u00e3o deixes que esta tua heran\u00e7a sofra inf\u00e2mia e que as na\u00e7\u00f5es a dominem.\u201d<br \/>\nDom Vasconcelos iniciou a homilia destacando a quaresma em diversos momentos significativo da b\u00edblia desde o antigo testamento. Quando Deus convocou No\u00e9 para construir a arca anunciando que iria fazer chover sobre a terra por 40 dias e 40 noites. A quaresma tamb\u00e9m surge quando Mois\u00e9s fez o jejum e ora\u00e7\u00e3o que antecedeu as t\u00e1buas da lei. J\u00e1 o povo hebreu fez uma quaresma al\u00e9m dos 40 dias, demorou 40 anos para chegar \u00e0 terra prometida.<br \/>\n\u201cTamb\u00e9m Jesus, nosso mestre e senhor, antes de iniciar sua vida p\u00fablica ele fez a sua quaresma. Ele passou 40 dias no deserto em jejum e em ora\u00e7\u00e3o. E foi tentado pelo dem\u00f4nio e venceu nas gra\u00e7as de Deus, as tenta\u00e7\u00f5es diab\u00f3licas\u201d, destaca.<br \/>\nEle define a P\u00e1scoa como uma vida nova, destacando o real significado; liberta\u00e7\u00e3o, passagem e ressurrei\u00e7\u00e3o. \u201cE o senhor nos d\u00e1 oportunidade, nos oferece 40 dias para que n\u00f3s meditemos no mais profundo do nosso ser. 40 dias para que n\u00f3s procuremos o sacramento da reconcilia\u00e7\u00e3o. Para que n\u00f3s nos confessemos. 40 dias para que n\u00f3s no comprometamos com a vida. Fraternidade e vida, compromisso com a vida\u201d, disse.<br \/>\nO bispo diocesano adverte que a compaix\u00e3o deve permanecer no cora\u00e7\u00e3o da comunidade, independente da situa\u00e7\u00e3o, apontando a necessidade de fazer o bem sem olhar a quem. \u201cQue a tua m\u00e3o esquerda n\u00e3o saiba o que fez a tua m\u00e3o direita. \u00c9 necess\u00e1rio ter miseric\u00f3rdia de quem sofre de quem est\u00e1 faminto. \u00c9 necess\u00e1rio ver o Cristo na pessoa do irm\u00e3o.\u201d<\/p>\n<p>\u00c9 tempo de jejuar<br \/>\nAinda em homilia, Dom Vasconcelos evidencia o poder do jejum em tempo de quaresma, na quebra do orgulho. \u201cMuitas vezes n\u00f3s nos julgamos justais, n\u00f3s nos julgamos super-homens. Tem gente que pensa que tem o rei na barriga, que pode tudo. \u00c9 necess\u00e1rio jejuar para sentir a fraqueza humana, para saber que \u00e9 Deus que nos sustenta que \u00e9 Deus o senhor de nossa vida. Se n\u00f3s passarmos alguns dias sem comer, sem beber, n\u00f3s vamos ficar fracos porque n\u00f3s somos meras criaturas humanas. O jejum nos ajuda a controlar nossos extintos\u201d, conta o bispo.<br \/>\nEle acrescenta que o santo papa Francisco diz que o ser humano deve se abstiver daquilo que d\u00e1 prazer, e brinca com a comunidade presente na Catedral da S\u00e9, quando prop\u00f5e uma semana sem utilizar o whatsapp. Dom Vasconcelos ainda alertou sobre o uso dos meios de comunica\u00e7\u00e3o para propagar fake news e as m\u00e1s not\u00edcias.<\/p>\n<p><strong>Imposi\u00e7\u00e3o das Cinzas<\/strong><br \/>\nAp\u00f3s a homilia, a celebra\u00e7\u00e3o prosseguiu com o rito de ben\u00e7\u00e3o e imposi\u00e7\u00e3o das cinzas em sinal de penit\u00eancia. O bispo diocesano rogava pelos presentes, enquanto a igreja se preparava para receber o sinal da cruz em suas cabe\u00e7as, feita atrav\u00e9s do p\u00f3. \u201c\u00d3 Deus, que n\u00e3o quereis a morte do pecador, mas a sua convers\u00e3o, escutai com bondade as nossas preces e dignai-vos aben\u00e7oar estas cinzas, que vamos colocar as nossas cabe\u00e7as. \u00c9 assim reconhecendo que somos p\u00f3 e que ao p\u00f3 voltaremos\u201d, clamou o bispo.<br \/>\nDurante toda a quaresma haver\u00e1 o exerc\u00edcio espiritual atrav\u00e9s da via sacra, c\u00edrculos b\u00edblicos e outros encontros promovidos pelas par\u00f3quias.<\/p>\n<p><img fetchpriority=\"high\" decoding=\"async\" class=\"aligncenter size-medium wp-image-10993\" src=\"https:\/\/correiodasemana.com\/site\/wp-content\/uploads\/2020\/03\/legenda-1-300x225.jpg\" alt=\"\" width=\"300\" height=\"225\" srcset=\"https:\/\/correiodasemana.com\/site\/wp-content\/uploads\/2020\/03\/legenda-1-300x225.jpg 300w, https:\/\/correiodasemana.com\/site\/wp-content\/uploads\/2020\/03\/legenda-1-1024x768.jpg 1024w, https:\/\/correiodasemana.com\/site\/wp-content\/uploads\/2020\/03\/legenda-1-768x576.jpg 768w, https:\/\/correiodasemana.com\/site\/wp-content\/uploads\/2020\/03\/legenda-1.jpg 1104w\" sizes=\"(max-width: 300px) 100vw, 300px\" \/> <img decoding=\"async\" class=\"aligncenter size-medium wp-image-10994\" src=\"https:\/\/correiodasemana.com\/site\/wp-content\/uploads\/2020\/03\/legenda-2-1-300x225.jpg\" alt=\"\" width=\"300\" height=\"225\" srcset=\"https:\/\/correiodasemana.com\/site\/wp-content\/uploads\/2020\/03\/legenda-2-1-300x225.jpg 300w, https:\/\/correiodasemana.com\/site\/wp-content\/uploads\/2020\/03\/legenda-2-1-1024x768.jpg 1024w, https:\/\/correiodasemana.com\/site\/wp-content\/uploads\/2020\/03\/legenda-2-1-768x576.jpg 768w, https:\/\/correiodasemana.com\/site\/wp-content\/uploads\/2020\/03\/legenda-2-1.jpg 1104w\" sizes=\"(max-width: 300px) 100vw, 300px\" \/> <img decoding=\"async\" class=\"aligncenter size-medium wp-image-10995\" src=\"https:\/\/correiodasemana.com\/site\/wp-content\/uploads\/2020\/03\/legenda-2-2-300x225.jpg\" alt=\"\" width=\"300\" height=\"225\" srcset=\"https:\/\/correiodasemana.com\/site\/wp-content\/uploads\/2020\/03\/legenda-2-2-300x225.jpg 300w, https:\/\/correiodasemana.com\/site\/wp-content\/uploads\/2020\/03\/legenda-2-2-1024x768.jpg 1024w, https:\/\/correiodasemana.com\/site\/wp-content\/uploads\/2020\/03\/legenda-2-2-768x576.jpg 768w, https:\/\/correiodasemana.com\/site\/wp-content\/uploads\/2020\/03\/legenda-2-2.jpg 1104w\" sizes=\"(max-width: 300px) 100vw, 300px\" \/> <img loading=\"lazy\" decoding=\"async\" class=\"aligncenter size-medium wp-image-10996\" src=\"https:\/\/correiodasemana.com\/site\/wp-content\/uploads\/2020\/03\/legenda-3-300x225.jpg\" alt=\"\" width=\"300\" height=\"225\" srcset=\"https:\/\/correiodasemana.com\/site\/wp-content\/uploads\/2020\/03\/legenda-3-300x225.jpg 300w, https:\/\/correiodasemana.com\/site\/wp-content\/uploads\/2020\/03\/legenda-3-1024x768.jpg 1024w, https:\/\/correiodasemana.com\/site\/wp-content\/uploads\/2020\/03\/legenda-3-768x576.jpg 768w, https:\/\/correiodasemana.com\/site\/wp-content\/uploads\/2020\/03\/legenda-3.jpg 1104w\" sizes=\"(max-width: 300px) 100vw, 300px\" \/><\/p>\n","protected":false},"excerpt":{"rendered":"<p>O bispo Dom Vasconcelos presidiu a missa que deu in\u00edcio a quaresma na quarta-feira (26)&#8230;<\/p>\n","protected":false},"author":1,"featured_media":10995,"comment_status":"open","ping_status":"open","sticky":false,"template":"","format":"standard","meta":{"_jetpack_memberships_contains_paid_content":false,"footnotes":"","jetpack_publicize_message":"","jetpack_publicize_feature_enabled":true,"jetpack_social_post_already_shared":true,"jetpack_social_options":{"image_generator_settings":{"template":"highway","default_image_id":0,"font":"","enabled":false},"version":2}},"categories":[4,39],"tags":[],"class_list":["post-10992","post","type-post","status-publish","format-standard","has-post-thumbnail","hentry","category-diocese","category-igreja"],"jetpack_publicize_connections":[],"jetpack_featured_media_url":"https:\/\/correiodasemana.com\/site\/wp-content\/uploads\/2020\/03\/legenda-2-2.jpg","jetpack-related-posts":[{"id":37521,"url":"https:\/\/correiodasemana.com\/site\/tempo-de-graca-e-conversao-dom-vasconcelos-preside-missa-com-imposicao-de-cinzas-na-catedral-de-sobral\/","url_meta":{"origin":10992,"position":0},"title":"Tempo de gra\u00e7a e convers\u00e3o: Dom Vasconcelos preside Missa com Imposi\u00e7\u00e3o de Cinzas na Catedral de Sobral","author":"adminredacao","date":"Fevereiro 23, 2026","format":false,"excerpt":"Em comunh\u00e3o com a Igreja no mundo inteiro, Dom Vasconcelos presidiu, na noite da \u00faltima quarta-feira (18\/02), a Santa Missa com Imposi\u00e7\u00e3o de Cinzas na Catedral de Nossa Senhora da Concei\u00e7\u00e3o, em Sobral. A celebra\u00e7\u00e3o marcou o in\u00edcio do tempo da Quaresma, per\u00edodo de 40 dias dedicado \u00e0 ora\u00e7\u00e3o, ao\u2026","rel":"","context":"In &quot;Atualidade&quot;","block_context":{"text":"Atualidade","link":"https:\/\/correiodasemana.com\/site\/category\/atualidade\/"},"img":{"alt_text":"","src":"https:\/\/i0.wp.com\/correiodasemana.com\/site\/wp-content\/uploads\/2026\/02\/WhatsApp-Image-2026-02-20-at-15.02.25-3.jpeg?resize=350%2C200&ssl=1","width":350,"height":200,"srcset":"https:\/\/i0.wp.com\/correiodasemana.com\/site\/wp-content\/uploads\/2026\/02\/WhatsApp-Image-2026-02-20-at-15.02.25-3.jpeg?resize=350%2C200&ssl=1 1x, https:\/\/i0.wp.com\/correiodasemana.com\/site\/wp-content\/uploads\/2026\/02\/WhatsApp-Image-2026-02-20-at-15.02.25-3.jpeg?resize=525%2C300&ssl=1 1.5x, https:\/\/i0.wp.com\/correiodasemana.com\/site\/wp-content\/uploads\/2026\/02\/WhatsApp-Image-2026-02-20-at-15.02.25-3.jpeg?resize=700%2C400&ssl=1 2x, https:\/\/i0.wp.com\/correiodasemana.com\/site\/wp-content\/uploads\/2026\/02\/WhatsApp-Image-2026-02-20-at-15.02.25-3.jpeg?resize=1050%2C600&ssl=1 3x, https:\/\/i0.wp.com\/correiodasemana.com\/site\/wp-content\/uploads\/2026\/02\/WhatsApp-Image-2026-02-20-at-15.02.25-3.jpeg?resize=1400%2C800&ssl=1 4x"},"classes":[]},{"id":19133,"url":"https:\/\/correiodasemana.com\/site\/quarta-feira-de-cinzas-e-celebrada-solenemente-na-se-catedral-de-sobral-por-dom-vasconcelos\/","url_meta":{"origin":10992,"position":1},"title":"Quarta-Feira de Cinzas \u00e9 celebrada solenemente na S\u00c9 Catedral de Sobral por Dom Vasconcelos","author":"","date":"Mar\u00e7o 7, 2022","format":false,"excerpt":"(Thais Helena \u2013 Reda\u00e7\u00e3o Correio da Semana) A Quarta-Feira de Cinzas \u00e9 um momento importante, pois introduz o crist\u00e3o cat\u00f3lico no mist\u00e9rio quaresmal. O momento da imposi\u00e7\u00e3o das cinzas serve de lembrete para n\u00f3s: \u201cLembra-te que do p\u00f3 viestes e ao p\u00f3, h\u00e1s de retornar.\u201d A cinza quer demonstrar justamente\u2026","rel":"","context":"In &quot;Atualidade&quot;","block_context":{"text":"Atualidade","link":"https:\/\/correiodasemana.com\/site\/category\/atualidade\/"},"img":{"alt_text":"","src":"https:\/\/i0.wp.com\/correiodasemana.com\/site\/wp-content\/uploads\/2022\/03\/quartas-de-cinzas-5.jpg?resize=350%2C200&ssl=1","width":350,"height":200,"srcset":"https:\/\/i0.wp.com\/correiodasemana.com\/site\/wp-content\/uploads\/2022\/03\/quartas-de-cinzas-5.jpg?resize=350%2C200&ssl=1 1x, https:\/\/i0.wp.com\/correiodasemana.com\/site\/wp-content\/uploads\/2022\/03\/quartas-de-cinzas-5.jpg?resize=525%2C300&ssl=1 1.5x, https:\/\/i0.wp.com\/correiodasemana.com\/site\/wp-content\/uploads\/2022\/03\/quartas-de-cinzas-5.jpg?resize=700%2C400&ssl=1 2x"},"classes":[]},{"id":32854,"url":"https:\/\/correiodasemana.com\/site\/missa-com-imposicao-de-cinzas-marca-inicio-da-quaresma\/","url_meta":{"origin":10992,"position":2},"title":"Missa com Imposi\u00e7\u00e3o de Cinzas marca in\u00edcio da Quaresma","author":"adminredacao","date":"Mar\u00e7o 10, 2025","format":false,"excerpt":"Dando in\u00edcio ao per\u00edodo quaresmal, fieis cat\u00f3licos participaram na \u00faltima quarta-feira, 05 de mar\u00e7o, da Santa Missa com Imposi\u00e7\u00e3o de Cinzas na S\u00e9 Catedral de Nossa Senhora da Concei\u00e7\u00e3o, em Sobral. Ao longo do dia aconteceram tr\u00eas celebra\u00e7\u00f5es que reuniu fieis de todos os lugares da cidade. A \u00faltima missa,\u2026","rel":"","context":"In &quot;Atualidade&quot;","block_context":{"text":"Atualidade","link":"https:\/\/correiodasemana.com\/site\/category\/atualidade\/"},"img":{"alt_text":"","src":"https:\/\/i0.wp.com\/correiodasemana.com\/site\/wp-content\/uploads\/2025\/03\/WhatsApp-Image-2025-03-07-at-22.33.53-1.jpeg?resize=350%2C200&ssl=1","width":350,"height":200,"srcset":"https:\/\/i0.wp.com\/correiodasemana.com\/site\/wp-content\/uploads\/2025\/03\/WhatsApp-Image-2025-03-07-at-22.33.53-1.jpeg?resize=350%2C200&ssl=1 1x, https:\/\/i0.wp.com\/correiodasemana.com\/site\/wp-content\/uploads\/2025\/03\/WhatsApp-Image-2025-03-07-at-22.33.53-1.jpeg?resize=525%2C300&ssl=1 1.5x, https:\/\/i0.wp.com\/correiodasemana.com\/site\/wp-content\/uploads\/2025\/03\/WhatsApp-Image-2025-03-07-at-22.33.53-1.jpeg?resize=700%2C400&ssl=1 2x, https:\/\/i0.wp.com\/correiodasemana.com\/site\/wp-content\/uploads\/2025\/03\/WhatsApp-Image-2025-03-07-at-22.33.53-1.jpeg?resize=1050%2C600&ssl=1 3x, https:\/\/i0.wp.com\/correiodasemana.com\/site\/wp-content\/uploads\/2025\/03\/WhatsApp-Image-2025-03-07-at-22.33.53-1.jpeg?resize=1400%2C800&ssl=1 4x"},"classes":[]},{"id":15763,"url":"https:\/\/correiodasemana.com\/site\/dom-vasconcelos-preside-missa-de-quarta-feira-de-cinzas-na-catedral-de-sobral\/","url_meta":{"origin":10992,"position":3},"title":"Dom Vasconcelos preside missa de Quarta-Feira de Cinzas na Catedral de Sobral","author":"","date":"Fevereiro 24, 2021","format":false,"excerpt":"Por Samuel Carvalho - Reda\u00e7\u00e3o Correio da Semana Aconteceu no dia 17 de fevereiro, \u00e0s 18h, a missa de quarta-feira de cinzas na catedral de Sobral, celebrada pelo bispo da diocese Dom Jos\u00e9 Luiz Gomes de Vasconcelos. A ocasi\u00e3o tamb\u00e9m inaugurou a abertura da Campanha da Fraternidade Ecum\u00eanica de 2021\u2026","rel":"","context":"In &quot;Atualidade&quot;","block_context":{"text":"Atualidade","link":"https:\/\/correiodasemana.com\/site\/category\/atualidade\/"},"img":{"alt_text":"","src":"https:\/\/i0.wp.com\/correiodasemana.com\/site\/wp-content\/uploads\/2021\/02\/Homilia-dom-Vasconcelos.jpg?resize=350%2C200&ssl=1","width":350,"height":200,"srcset":"https:\/\/i0.wp.com\/correiodasemana.com\/site\/wp-content\/uploads\/2021\/02\/Homilia-dom-Vasconcelos.jpg?resize=350%2C200&ssl=1 1x, https:\/\/i0.wp.com\/correiodasemana.com\/site\/wp-content\/uploads\/2021\/02\/Homilia-dom-Vasconcelos.jpg?resize=525%2C300&ssl=1 1.5x, https:\/\/i0.wp.com\/correiodasemana.com\/site\/wp-content\/uploads\/2021\/02\/Homilia-dom-Vasconcelos.jpg?resize=700%2C400&ssl=1 2x"},"classes":[]},{"id":28406,"url":"https:\/\/correiodasemana.com\/site\/quarta-feira-de-cinzas-da-inicio-a-quaresma-em-preparacao-a-pascoa\/","url_meta":{"origin":10992,"position":4},"title":"Quarta-feira de Cinzas d\u00e1 in\u00edcio \u00e0 Quaresma em prepara\u00e7\u00e3o a P\u00e1scoa","author":"adminredacao","date":"Fevereiro 19, 2024","format":false,"excerpt":"Dando in\u00edcio ao per\u00edodo Quaresmal, a igreja cat\u00f3lica no mundo inteiro celebrou a Quarta-feira de Cinzas no \u00faltimo dia, 14 de fevereiro. Na S\u00e9 Catedral de Nossa Senhora da Concei\u00e7\u00e3o, em Sobral, a missa das 18h30 foi presidida por Dom Jos\u00e9 Luiz Gomes de Vasconcelos e concelebrada pelo p\u00e1roco da\u2026","rel":"","context":"In &quot;Atualidade&quot;","block_context":{"text":"Atualidade","link":"https:\/\/correiodasemana.com\/site\/category\/atualidade\/"},"img":{"alt_text":"","src":"https:\/\/i0.wp.com\/correiodasemana.com\/site\/wp-content\/uploads\/2024\/02\/WhatsApp-Image-2024-02-16-at-15.19.09-1.jpeg?resize=350%2C200&ssl=1","width":350,"height":200,"srcset":"https:\/\/i0.wp.com\/correiodasemana.com\/site\/wp-content\/uploads\/2024\/02\/WhatsApp-Image-2024-02-16-at-15.19.09-1.jpeg?resize=350%2C200&ssl=1 1x, https:\/\/i0.wp.com\/correiodasemana.com\/site\/wp-content\/uploads\/2024\/02\/WhatsApp-Image-2024-02-16-at-15.19.09-1.jpeg?resize=525%2C300&ssl=1 1.5x, https:\/\/i0.wp.com\/correiodasemana.com\/site\/wp-content\/uploads\/2024\/02\/WhatsApp-Image-2024-02-16-at-15.19.09-1.jpeg?resize=700%2C400&ssl=1 2x, https:\/\/i0.wp.com\/correiodasemana.com\/site\/wp-content\/uploads\/2024\/02\/WhatsApp-Image-2024-02-16-at-15.19.09-1.jpeg?resize=1050%2C600&ssl=1 3x, https:\/\/i0.wp.com\/correiodasemana.com\/site\/wp-content\/uploads\/2024\/02\/WhatsApp-Image-2024-02-16-at-15.19.09-1.jpeg?resize=1400%2C800&ssl=1 4x"},"classes":[]},{"id":33454,"url":"https:\/\/correiodasemana.com\/site\/terca-feira-santa-2025\/","url_meta":{"origin":10992,"position":5},"title":"Ter\u00e7a-feira Santa: 2025","author":"adminredacao","date":"Abril 23, 2025","format":false,"excerpt":"Na Ter\u00e7a-Feira Santa, dia 15, o Evangelho apresentou o Mist\u00e9rio da Ceia do Senhor, quando Judas, ap\u00f3s receber o peda\u00e7o de p\u00e3o das m\u00e3os de Jesus, saiu imediatamente do local onde estavam reunidos. O evangelista Jo\u00e3o nos convida a refletir sobre a profundidade da trai\u00e7\u00e3o de Judas e a atitude\u2026","rel":"","context":"In &quot;Atualidade&quot;","block_context":{"text":"Atualidade","link":"https:\/\/correiodasemana.com\/site\/category\/atualidade\/"},"img":{"alt_text":"","src":"https:\/\/i0.wp.com\/correiodasemana.com\/site\/wp-content\/uploads\/2025\/04\/VIA-SACRA-PUBLICA-1.jpg?resize=350%2C200&ssl=1","width":350,"height":200,"srcset":"https:\/\/i0.wp.com\/correiodasemana.com\/site\/wp-content\/uploads\/2025\/04\/VIA-SACRA-PUBLICA-1.jpg?resize=350%2C200&ssl=1 1x, https:\/\/i0.wp.com\/correiodasemana.com\/site\/wp-content\/uploads\/2025\/04\/VIA-SACRA-PUBLICA-1.jpg?resize=525%2C300&ssl=1 1.5x, https:\/\/i0.wp.com\/correiodasemana.com\/site\/wp-content\/uploads\/2025\/04\/VIA-SACRA-PUBLICA-1.jpg?resize=700%2C400&ssl=1 2x, https:\/\/i0.wp.com\/correiodasemana.com\/site\/wp-content\/uploads\/2025\/04\/VIA-SACRA-PUBLICA-1.jpg?resize=1050%2C600&ssl=1 3x, https:\/\/i0.wp.com\/correiodasemana.com\/site\/wp-content\/uploads\/2025\/04\/VIA-SACRA-PUBLICA-1.jpg?resize=1400%2C800&ssl=1 4x"},"classes":[]}],"jetpack_sharing_enabled":true,"_links":{"self":[{"href":"https:\/\/correiodasemana.com\/site\/wp-json\/wp\/v2\/posts\/10992","targetHints":{"allow":["GET"]}}],"collection":[{"href":"https:\/\/correiodasemana.com\/site\/wp-json\/wp\/v2\/posts"}],"about":[{"href":"https:\/\/correiodasemana.com\/site\/wp-json\/wp\/v2\/types\/post"}],"author":[{"embeddable":true,"href":"https:\/\/correiodasemana.com\/site\/wp-json\/wp\/v2\/users\/1"}],"replies":[{"embeddable":true,"href":"https:\/\/correiodasemana.com\/site\/wp-json\/wp\/v2\/comments?post=10992"}],"version-history":[{"count":1,"href":"https:\/\/correiodasemana.com\/site\/wp-json\/wp\/v2\/posts\/10992\/revisions"}],"predecessor-version":[{"id":10997,"href":"https:\/\/correiodasemana.com\/site\/wp-json\/wp\/v2\/posts\/10992\/revisions\/10997"}],"wp:featuredmedia":[{"embeddable":true,"href":"https:\/\/correiodasemana.com\/site\/wp-json\/wp\/v2\/media\/10995"}],"wp:attachment":[{"href":"https:\/\/correiodasemana.com\/site\/wp-json\/wp\/v2\/media?parent=10992"}],"wp:term":[{"taxonomy":"category","embeddable":true,"href":"https:\/\/correiodasemana.com\/site\/wp-json\/wp\/v2\/categories?post=10992"},{"taxonomy":"post_tag","embeddable":true,"href":"https:\/\/correiodasemana.com\/site\/wp-json\/wp\/v2\/tags?post=10992"}],"curies":[{"name":"wp","href":"https:\/\/api.w.org\/{rel}","templated":true}]}}