{"id":10998,"date":"2020-03-02T04:42:51","date_gmt":"2020-03-02T04:42:51","guid":{"rendered":"https:\/\/correiodasemana.com\/site\/?p=10998"},"modified":"2020-03-02T04:43:13","modified_gmt":"2020-03-02T04:43:13","slug":"secretaria-do-orcamento-e-financas-da-prefeitura-informa-mudancas-nas-datas-das-parcelas-do-iptu","status":"publish","type":"post","link":"https:\/\/correiodasemana.com\/site\/secretaria-do-orcamento-e-financas-da-prefeitura-informa-mudancas-nas-datas-das-parcelas-do-iptu\/","title":{"rendered":"Secretaria do Or\u00e7amento e Finan\u00e7as da Prefeitura informa mudan\u00e7as nas datas das parcelas do IPTU"},"content":{"rendered":"<p>A Secretaria do Or\u00e7amento e Finan\u00e7as (Seinf) do munic\u00edpio informa que este ano os vencimentos da cota \u00fanica e primeira parcela do IPTU ser\u00e3o dia 15 de maio. Quem optar pelo pagamento em cota \u00fanica at\u00e9 o dia do vencimento ter\u00e1 desconto de 10%.<\/p>\n<p>Os contribuintes que desejarem efetuar o pagamento do Imposto Predial e Territorial Urbano (IPTU) j\u00e1 podem imprimir o carn\u00ea dispon\u00edvel no site da Prefeitura de Sobral. A Secretaria do Or\u00e7amento e Finan\u00e7as (Seinf) do munic\u00edpio informa que este ano os vencimentos da cota \u00fanica e primeira parcela do IPTU ser\u00e3o dia 15 de maio. Quem optar pelo pagamento em cota \u00fanica at\u00e9 o dia do vencimento ter\u00e1 desconto de 10%.<br \/>\nA Secretaria informa ainda que foi estabelecido o valor principal m\u00ednimo de 100 reais para efeitos de parcelamento do IPTU, que poder\u00e1 ser feito em at\u00e9 8 vezes. Por\u00e9m, o valor m\u00ednimo da parcela n\u00e3o poder\u00e1 ser inferior a 30 reais. \u00a0Com os recursos do IPTU, a Prefeitura de Sobral investe em a\u00e7\u00f5es para melhorar a vida dos sobralenses, aumentando a qualidade nos servi\u00e7os de sa\u00fade, educa\u00e7\u00e3o, seguran\u00e7a, limpeza urbana e em diversas outras \u00e1reas. Aos interessados no atendimento presencial, al\u00e9m da Casa do Contribuinte, a Prefeitura disponibiliza ainda um ponto de atendimento no Vapt Vupt.<\/p>\n<p>Passo a passo<br \/>\n1 \u2013 Acesse o endere\u00e7o\u00a0iptu.sobral.ce.gov.br;<br \/>\n2 \u2013 Informe a inscri\u00e7\u00e3o do Im\u00f3vel ou o CPF\/CNPJ do propriet\u00e1rio;<br \/>\n3 &#8211; Selecione a Cota \u00danica (Parcela 0), ou as parcelas que deseja pagar, e imprima o boleto.<\/p>\n<p>Pontos de atendimento<br \/>\nCasa do Contribuinte (Rua Cel. Jos\u00e9 Sab\u00f3ia, 513 \u2013 Centro)<br \/>\nDe segunda a sexta-feira, das 8h \u00e0s 12h e das 13h \u00e0s 16h<br \/>\nTelefones: (88) 3611-4011 ou (88) 3611-197<\/p>\n","protected":false},"excerpt":{"rendered":"<p>A Secretaria do Or\u00e7amento e Finan\u00e7as (Seinf) do munic\u00edpio informa que este ano os vencimentos&#8230;<\/p>\n","protected":false},"author":1,"featured_media":10999,"comment_status":"open","ping_status":"open","sticky":false,"template":"","format":"standard","meta":{"_jetpack_memberships_contains_paid_content":false,"footnotes":"","jetpack_publicize_message":"","jetpack_publicize_feature_enabled":true,"jetpack_social_post_already_shared":true,"jetpack_social_options":{"image_generator_settings":{"template":"highway","default_image_id":0,"font":"","enabled":false},"version":2}},"categories":[1],"tags":[],"class_list":["post-10998","post","type-post","status-publish","format-standard","has-post-thumbnail","hentry","category-atualidade"],"jetpack_publicize_connections":[],"jetpack_featured_media_url":"https:\/\/correiodasemana.com\/site\/wp-content\/uploads\/2020\/03\/sobral-foto-a\u00e9rea.jpg","jetpack-related-posts":[{"id":9772,"url":"https:\/\/correiodasemana.com\/site\/audiencia-publica-anuncia-projeto-de-reajustes-do-iptu-e-alteracoes-no-alvara-de-funcionamento\/","url_meta":{"origin":10998,"position":0},"title":"Audi\u00eancia p\u00fablica anuncia projeto de reajustes do IPTU e altera\u00e7\u00f5es no alvar\u00e1 de funcionamento","author":"","date":"Novembro 11, 2019","format":false,"excerpt":"A proposta visa fazer mudan\u00e7as no projeto de IPTU anterior, aprovado no ano de 2018 Foi realizada uma audi\u00eancia p\u00fablica na \u00faltima ter\u00e7a-feira (5) na C\u00e2mara Municipal de Sobral com a finalidade de debater a proposta de revis\u00e3o do C\u00f3digo Tribut\u00e1rio Municipal. Dentre os principais pontos da proposta, foram destacados\u2026","rel":"","context":"In &quot;Atualidade&quot;","block_context":{"text":"Atualidade","link":"https:\/\/correiodasemana.com\/site\/category\/atualidade\/"},"img":{"alt_text":"","src":"https:\/\/i0.wp.com\/correiodasemana.com\/site\/wp-content\/uploads\/2019\/11\/IPTU-na-c%C3%A2mara-municipal-de-Sobral.jpg?resize=350%2C200&ssl=1","width":350,"height":200,"srcset":"https:\/\/i0.wp.com\/correiodasemana.com\/site\/wp-content\/uploads\/2019\/11\/IPTU-na-c%C3%A2mara-municipal-de-Sobral.jpg?resize=350%2C200&ssl=1 1x, https:\/\/i0.wp.com\/correiodasemana.com\/site\/wp-content\/uploads\/2019\/11\/IPTU-na-c%C3%A2mara-municipal-de-Sobral.jpg?resize=525%2C300&ssl=1 1.5x, https:\/\/i0.wp.com\/correiodasemana.com\/site\/wp-content\/uploads\/2019\/11\/IPTU-na-c%C3%A2mara-municipal-de-Sobral.jpg?resize=700%2C400&ssl=1 2x"},"classes":[]},{"id":36325,"url":"https:\/\/correiodasemana.com\/site\/prefeitura-de-sobral-inicia-atendimento-para-regularizacao-imobiliaria\/","url_meta":{"origin":10998,"position":1},"title":"Prefeitura de Sobral inicia atendimento para Regulariza\u00e7\u00e3o Imobili\u00e1ria","author":"adminredacao","date":"Novembro 12, 2025","format":false,"excerpt":"A Prefeitura de Sobral, por meio da Secretaria das Finan\u00e7as (SEFIN), deu in\u00edcio ao atendimento do programa de Regulariza\u00e7\u00e3o Imobili\u00e1ria, uma iniciativa que busca promover a concilia\u00e7\u00e3o entre o ex-possuidor e o atual possuidor do im\u00f3vel para a quita\u00e7\u00e3o de d\u00e9bitos de IPTU junto ao munic\u00edpio. O programa \u00e9 voltado\u2026","rel":"","context":"In &quot;Atualidade&quot;","block_context":{"text":"Atualidade","link":"https:\/\/correiodasemana.com\/site\/category\/atualidade\/"},"img":{"alt_text":"","src":"https:\/\/i0.wp.com\/correiodasemana.com\/site\/wp-content\/uploads\/2025\/11\/regularizacao-imobiliaria.jpg?resize=350%2C200&ssl=1","width":350,"height":200,"srcset":"https:\/\/i0.wp.com\/correiodasemana.com\/site\/wp-content\/uploads\/2025\/11\/regularizacao-imobiliaria.jpg?resize=350%2C200&ssl=1 1x, https:\/\/i0.wp.com\/correiodasemana.com\/site\/wp-content\/uploads\/2025\/11\/regularizacao-imobiliaria.jpg?resize=525%2C300&ssl=1 1.5x, https:\/\/i0.wp.com\/correiodasemana.com\/site\/wp-content\/uploads\/2025\/11\/regularizacao-imobiliaria.jpg?resize=700%2C400&ssl=1 2x, https:\/\/i0.wp.com\/correiodasemana.com\/site\/wp-content\/uploads\/2025\/11\/regularizacao-imobiliaria.jpg?resize=1050%2C600&ssl=1 3x"},"classes":[]},{"id":29143,"url":"https:\/\/correiodasemana.com\/site\/o-que-e-a-taxa-de-lixo\/","url_meta":{"origin":10998,"position":2},"title":"O que \u00e9 a taxa de lixo?","author":"adminredacao","date":"Maio 6, 2024","format":false,"excerpt":"A taxa de lixo \u00e9 um tributo municipal obrigat\u00f3rio criado para custear o servi\u00e7o do munic\u00edpio de coleta de lixo. Sua cobran\u00e7a est\u00e1 prevista em lei da esfera federal. Geralmente, o valor \u00e9 cobrado junto com o\u00a0IPTU\u00a0e, assim como esse imposto, sua base de c\u00e1lculo est\u00e1 relacionada \u00e0 \u00e1rea do\u2026","rel":"","context":"In &quot;Atualidade&quot;","block_context":{"text":"Atualidade","link":"https:\/\/correiodasemana.com\/site\/category\/atualidade\/"},"img":{"alt_text":"","src":"https:\/\/i0.wp.com\/correiodasemana.com\/site\/wp-content\/uploads\/2024\/05\/taxa-lixo-fortaleza.webp?resize=350%2C200&ssl=1","width":350,"height":200,"srcset":"https:\/\/i0.wp.com\/correiodasemana.com\/site\/wp-content\/uploads\/2024\/05\/taxa-lixo-fortaleza.webp?resize=350%2C200&ssl=1 1x, https:\/\/i0.wp.com\/correiodasemana.com\/site\/wp-content\/uploads\/2024\/05\/taxa-lixo-fortaleza.webp?resize=525%2C300&ssl=1 1.5x, https:\/\/i0.wp.com\/correiodasemana.com\/site\/wp-content\/uploads\/2024\/05\/taxa-lixo-fortaleza.webp?resize=700%2C400&ssl=1 2x"},"classes":[]},{"id":37068,"url":"https:\/\/correiodasemana.com\/site\/idosos-de-baixa-renda-podem-ter-isencao-total-do-iptu-em-2026-mas-precisam-agir-rapido-apos-receber-o-carne\/","url_meta":{"origin":10998,"position":3},"title":"Idosos de baixa renda podem ter isen\u00e7\u00e3o total do IPTU em 2026, mas precisam agir r\u00e1pido ap\u00f3s receber o carn\u00ea","author":"adminredacao","date":"Janeiro 17, 2026","format":false,"excerpt":"Por\u00a0Gabriel Martins Fonte: e. m. foco SITE Em 2026, idosos de baixa renda podem ter isen\u00e7\u00e3o de IPTU, mas o benef\u00edcio n\u00e3o \u00e9 autom\u00e1tico. \u00c9 preciso solicitar \u00e0 prefeitura dentro do prazo, cumprir crit\u00e9rios de idade, renda e im\u00f3vel \u00fanico e manter cadastro atualizado. Com a chegada de 2026, milhares\u2026","rel":"","context":"In &quot;Atualidade&quot;","block_context":{"text":"Atualidade","link":"https:\/\/correiodasemana.com\/site\/category\/atualidade\/"},"img":{"alt_text":"","src":"https:\/\/i0.wp.com\/correiodasemana.com\/site\/wp-content\/uploads\/2026\/01\/Jornal-Correio-da-Semana-No-1107.jpg?resize=350%2C200&ssl=1","width":350,"height":200,"srcset":"https:\/\/i0.wp.com\/correiodasemana.com\/site\/wp-content\/uploads\/2026\/01\/Jornal-Correio-da-Semana-No-1107.jpg?resize=350%2C200&ssl=1 1x, https:\/\/i0.wp.com\/correiodasemana.com\/site\/wp-content\/uploads\/2026\/01\/Jornal-Correio-da-Semana-No-1107.jpg?resize=525%2C300&ssl=1 1.5x"},"classes":[]},{"id":16401,"url":"https:\/\/correiodasemana.com\/site\/primeira-parcela-do-auxilio-municipal-e-disponibilizada-para-beneficiarios-do-programa\/","url_meta":{"origin":10998,"position":4},"title":"Primeira parcela do aux\u00edlio municipal \u00e9 disponibilizada para benefici\u00e1rios do programa","author":"","date":"Maio 10, 2021","format":false,"excerpt":"Por Samuel Carvalho - Reda\u00e7\u00e3o Correio da Semana Primeira parcela do aux\u00edlio municipal foi paga na \u00faltima quarta-feira (5) e o n\u00famero de pessoas beneficiadas pelo programa chega a 1.034 fam\u00edlias ajudadas diretamente. O projeto foi criado para ajudar os trabalhadores a atravessarem o per\u00edodo de isolamento social r\u00edgido provocado\u2026","rel":"","context":"In &quot;Atualidade&quot;","block_context":{"text":"Atualidade","link":"https:\/\/correiodasemana.com\/site\/category\/atualidade\/"},"img":{"alt_text":"","src":"https:\/\/i0.wp.com\/correiodasemana.com\/site\/wp-content\/uploads\/2020\/07\/auxilio-emergencial-caixa-1592266093900_v2_900x506-750x370-1.jpg?resize=350%2C200&ssl=1","width":350,"height":200,"srcset":"https:\/\/i0.wp.com\/correiodasemana.com\/site\/wp-content\/uploads\/2020\/07\/auxilio-emergencial-caixa-1592266093900_v2_900x506-750x370-1.jpg?resize=350%2C200&ssl=1 1x, https:\/\/i0.wp.com\/correiodasemana.com\/site\/wp-content\/uploads\/2020\/07\/auxilio-emergencial-caixa-1592266093900_v2_900x506-750x370-1.jpg?resize=525%2C300&ssl=1 1.5x, https:\/\/i0.wp.com\/correiodasemana.com\/site\/wp-content\/uploads\/2020\/07\/auxilio-emergencial-caixa-1592266093900_v2_900x506-750x370-1.jpg?resize=700%2C400&ssl=1 2x"},"classes":[]},{"id":16748,"url":"https:\/\/correiodasemana.com\/site\/programa-de-regularizacao-fiscal-como-medida-de-amenizar-impactos-da-pandemia-e-lancado-em-sobral\/","url_meta":{"origin":10998,"position":5},"title":"Programa de regulariza\u00e7\u00e3o fiscal como medida de amenizar impactos da pandemia \u00e9 lan\u00e7ado em Sobral","author":"","date":"Junho 14, 2021","format":false,"excerpt":"Por Samuel Carvalho - Reda\u00e7\u00e3o Correio da Semana Foi lan\u00e7ado nesta segunda-feira (7) o Programa de Regulariza\u00e7\u00e3o Fiscal, o Refisol que tem o objetivo de possibilitar a renegocia\u00e7\u00e3o de d\u00edvidas com o fisco municipal atrav\u00e9s de descontos no valor da corre\u00e7\u00e3o monet\u00e1ria, multa e juros dos d\u00e9bitos dos contribuintes. O\u2026","rel":"","context":"In &quot;Atualidade&quot;","block_context":{"text":"Atualidade","link":"https:\/\/correiodasemana.com\/site\/category\/atualidade\/"},"img":{"alt_text":"","src":"https:\/\/i0.wp.com\/correiodasemana.com\/site\/wp-content\/uploads\/2021\/06\/Refisol.jpeg?resize=350%2C200&ssl=1","width":350,"height":200,"srcset":"https:\/\/i0.wp.com\/correiodasemana.com\/site\/wp-content\/uploads\/2021\/06\/Refisol.jpeg?resize=350%2C200&ssl=1 1x, https:\/\/i0.wp.com\/correiodasemana.com\/site\/wp-content\/uploads\/2021\/06\/Refisol.jpeg?resize=525%2C300&ssl=1 1.5x, https:\/\/i0.wp.com\/correiodasemana.com\/site\/wp-content\/uploads\/2021\/06\/Refisol.jpeg?resize=700%2C400&ssl=1 2x, https:\/\/i0.wp.com\/correiodasemana.com\/site\/wp-content\/uploads\/2021\/06\/Refisol.jpeg?resize=1050%2C600&ssl=1 3x"},"classes":[]}],"jetpack_sharing_enabled":true,"_links":{"self":[{"href":"https:\/\/correiodasemana.com\/site\/wp-json\/wp\/v2\/posts\/10998","targetHints":{"allow":["GET"]}}],"collection":[{"href":"https:\/\/correiodasemana.com\/site\/wp-json\/wp\/v2\/posts"}],"about":[{"href":"https:\/\/correiodasemana.com\/site\/wp-json\/wp\/v2\/types\/post"}],"author":[{"embeddable":true,"href":"https:\/\/correiodasemana.com\/site\/wp-json\/wp\/v2\/users\/1"}],"replies":[{"embeddable":true,"href":"https:\/\/correiodasemana.com\/site\/wp-json\/wp\/v2\/comments?post=10998"}],"version-history":[{"count":1,"href":"https:\/\/correiodasemana.com\/site\/wp-json\/wp\/v2\/posts\/10998\/revisions"}],"predecessor-version":[{"id":11000,"href":"https:\/\/correiodasemana.com\/site\/wp-json\/wp\/v2\/posts\/10998\/revisions\/11000"}],"wp:featuredmedia":[{"embeddable":true,"href":"https:\/\/correiodasemana.com\/site\/wp-json\/wp\/v2\/media\/10999"}],"wp:attachment":[{"href":"https:\/\/correiodasemana.com\/site\/wp-json\/wp\/v2\/media?parent=10998"}],"wp:term":[{"taxonomy":"category","embeddable":true,"href":"https:\/\/correiodasemana.com\/site\/wp-json\/wp\/v2\/categories?post=10998"},{"taxonomy":"post_tag","embeddable":true,"href":"https:\/\/correiodasemana.com\/site\/wp-json\/wp\/v2\/tags?post=10998"}],"curies":[{"name":"wp","href":"https:\/\/api.w.org\/{rel}","templated":true}]}}