{"id":11004,"date":"2020-03-02T04:45:03","date_gmt":"2020-03-02T04:45:03","guid":{"rendered":"https:\/\/correiodasemana.com\/site\/?p=11004"},"modified":"2020-03-02T04:45:03","modified_gmt":"2020-03-02T04:45:03","slug":"em-cerimonia-realizada-em-brasilia-df-igreja-no-brasil-lanca-a-campanha-da-fraternidade-2020","status":"publish","type":"post","link":"https:\/\/correiodasemana.com\/site\/em-cerimonia-realizada-em-brasilia-df-igreja-no-brasil-lanca-a-campanha-da-fraternidade-2020\/","title":{"rendered":"Em cerim\u00f4nia realizada em Bras\u00edlia (DF), igreja no Brasil lan\u00e7a a Campanha da Fraternidade 2020"},"content":{"rendered":"<p>Secret\u00e1rio-geral da CNBB chama a aten\u00e7\u00e3o para n\u00e3o naturaliza\u00e7\u00e3o das agress\u00f5es \u00e0 vida<\/p>\n<p>Dom Joel Portella Amado, secret\u00e1rio-geral da Conferencia Nacional dos Bispos do Brasil (CNBB) presidiu a cerim\u00f4nia de lan\u00e7amento da Campanha da Fraternidade 2020 na \u00faltima quarta-feira, dia 26 de fevereiro, na sede da CNBB em Bras\u00edlia (DF). \u201cSer\u00e1 que n\u00e3o estamos nos acostumando com a agress\u00e3o cotidiana \u00e0 vida e com a morte em suas diversas formas?\u201d, perguntou Dom Joel no in\u00edcio da cerim\u00f4nia.<br \/>\nNeste ano a Campanha da Fraternidade (CF) tem como tema: \u201cFraternidade e Vida: Dom e Compromisso\u201d e o lema b\u00edblico extra\u00eddo de Lucas 10, 33-34: \u201cViu, sentiu compaix\u00e3o e cuidou dele\u201d.<br \/>\nO Texto-Base da CF 2020 aponta que no Brasil, 22,6% das crian\u00e7as e adolescentes entre 0 e 14 anos vivem em situa\u00e7\u00e3o de extrema pobreza e que 11,7 mil crian\u00e7as e adolescentes foram v\u00edtimas de homic\u00eddio no ano de 2017. Apenas em 2016, houve no Brasil 11.433 mortes por suic\u00eddio, uma m\u00e9dia de 31 casos por dia.Nos 6 primeiros meses de 2018, os acidentes de tr\u00e2nsito provocaram mil mortes e 20 mil casos de invalidez permanente no pa\u00eds.Em 2017, segundo o Instituto Brasileiro de Geografia e Estat\u00edstica (IGBE), o Brasil era 9\u00ba pa\u00eds mais desigual do planeta em distribui\u00e7\u00e3o de renda.<br \/>\nDom Joel disse que \u00e9 importante indagar se realmente s\u00e3o necess\u00e1rias estat\u00edsticas para perceber que, em nossos dias, a vida vem sendo fortemente desrespeitada. O secret\u00e1rio-geral da CNBB, disse que a lista de morte \u00e9 grande e que n\u00f3s j\u00e1 conhecemos \u201cmortes nas ruas atrav\u00e9s de balas perdidas, morte nas macas dos hospitais, morte por causa da fome, do desemprego, morte no campo, nas aldeias ind\u00edgenas e morte entre os jovens\u201d.<br \/>\nA Campanha da Fraternidadequer alertar para duas atitudes, a indiferen\u00e7a e a cren\u00e7a de que a morte s\u00f3 \u00e9 vencida pela pr\u00f3pria morte. \u201cEssa \u00e9 atitude de quem se esquece da Campanha da Fraternidade de 2018 e acaba pregando a supera\u00e7\u00e3o da viol\u00eancia atrav\u00e9s da pr\u00f3pria viol\u00eancia\u201d, disse dom Joel.<br \/>\nO bispo ainda citou o Papa Francisco para falar da import\u00e2ncia de n\u00e3o naturalizar a indiferen\u00e7a e a viol\u00eancia. \u201cO Papa pede de n\u00f3s um outro rumo na LaudatoS\u00ed\u201d, disse. De acordo com ele, a Campanha da Fraternidade aponta para esse outro rumo a partir da par\u00e1bola do Bom Samaritano. \u201cEm tempos de indiferen\u00e7a globalizada, a solu\u00e7\u00e3o para os problemas da vida nunca vir\u00e1 atrav\u00e9s da viol\u00eancia e da morte. Ela vir\u00e1 do cuidado! Do zelo uns pelos outros e de todos pela sociedade e pelo planeta\u201d, afirmou.<br \/>\nO secret\u00e1rio-geral da CNBB falou que a Campanha deste ano se inspira em Santa Dulce dos Pobres, canonizada pelo Papa Francisco, como exemplo de quem cuidou da vida e refer\u00eancia do agir como bom Samaritanoem outubro de 2019. \u201cOuvir, sentir compaix\u00e3o e cuidar\u201d s\u00e3o os verbos b\u00edblicos que a Igreja Cat\u00f3lica vai trabalhar na Quaresma este ano, por meio da Campanha da Fraternidade 2020.<br \/>\nNa coletiva ainda estiveram presentes, a sobrinha da Santa Dulce dos Pobres e superintendente das Obras Sociais Irm\u00e3 Dulce (Osid) na Bahia, Maria Rita Pontes, o frei Giovanni Messias, reitor do Santu\u00e1rio Santa Dulce dos Pobres, o coordenador executivo de Campanhas da CNBB, padre Patriky Samuel Batista e a representante do projeto social da CNBB \u201cCorrendo Atr\u00e1s de um Sonho\u201d, Dayse de Oliveira.<br \/>\nPor Marciley Salles<br \/>\nFonte: cnbb.org.br<\/p>\n<p><img fetchpriority=\"high\" decoding=\"async\" class=\"aligncenter size-medium wp-image-11005\" src=\"https:\/\/correiodasemana.com\/site\/wp-content\/uploads\/2020\/03\/Cartaz-CF-2020-300x191.jpg\" alt=\"\" width=\"300\" height=\"191\" srcset=\"https:\/\/correiodasemana.com\/site\/wp-content\/uploads\/2020\/03\/Cartaz-CF-2020-300x191.jpg 300w, https:\/\/correiodasemana.com\/site\/wp-content\/uploads\/2020\/03\/Cartaz-CF-2020-1024x650.jpg 1024w, https:\/\/correiodasemana.com\/site\/wp-content\/uploads\/2020\/03\/Cartaz-CF-2020-768x488.jpg 768w, https:\/\/correiodasemana.com\/site\/wp-content\/uploads\/2020\/03\/Cartaz-CF-2020.jpg 1200w\" sizes=\"(max-width: 300px) 100vw, 300px\" \/> <img decoding=\"async\" class=\"aligncenter size-medium wp-image-11006\" src=\"https:\/\/correiodasemana.com\/site\/wp-content\/uploads\/2020\/03\/coletiva-de-imprensa-CF-2020-CNBB-1-300x200.jpg\" alt=\"\" width=\"300\" height=\"200\" srcset=\"https:\/\/correiodasemana.com\/site\/wp-content\/uploads\/2020\/03\/coletiva-de-imprensa-CF-2020-CNBB-1-300x200.jpg 300w, https:\/\/correiodasemana.com\/site\/wp-content\/uploads\/2020\/03\/coletiva-de-imprensa-CF-2020-CNBB-1-768x512.jpg 768w, https:\/\/correiodasemana.com\/site\/wp-content\/uploads\/2020\/03\/coletiva-de-imprensa-CF-2020-CNBB-1.jpg 1024w\" sizes=\"(max-width: 300px) 100vw, 300px\" \/> <img decoding=\"async\" class=\"aligncenter size-medium wp-image-11007\" src=\"https:\/\/correiodasemana.com\/site\/wp-content\/uploads\/2020\/03\/coletiva-de-imprensa-CF-2020-CNBB-2-300x200.jpg\" alt=\"\" width=\"300\" height=\"200\" srcset=\"https:\/\/correiodasemana.com\/site\/wp-content\/uploads\/2020\/03\/coletiva-de-imprensa-CF-2020-CNBB-2-300x200.jpg 300w, https:\/\/correiodasemana.com\/site\/wp-content\/uploads\/2020\/03\/coletiva-de-imprensa-CF-2020-CNBB-2-768x512.jpg 768w, https:\/\/correiodasemana.com\/site\/wp-content\/uploads\/2020\/03\/coletiva-de-imprensa-CF-2020-CNBB-2.jpg 1024w\" sizes=\"(max-width: 300px) 100vw, 300px\" \/> <img loading=\"lazy\" decoding=\"async\" class=\"aligncenter size-medium wp-image-11008\" src=\"https:\/\/correiodasemana.com\/site\/wp-content\/uploads\/2020\/03\/coletiva-de-imprensa-CF-2020-CNBB-3-300x200.jpg\" alt=\"\" width=\"300\" height=\"200\" srcset=\"https:\/\/correiodasemana.com\/site\/wp-content\/uploads\/2020\/03\/coletiva-de-imprensa-CF-2020-CNBB-3-300x200.jpg 300w, https:\/\/correiodasemana.com\/site\/wp-content\/uploads\/2020\/03\/coletiva-de-imprensa-CF-2020-CNBB-3-768x512.jpg 768w, https:\/\/correiodasemana.com\/site\/wp-content\/uploads\/2020\/03\/coletiva-de-imprensa-CF-2020-CNBB-3.jpg 1024w\" sizes=\"(max-width: 300px) 100vw, 300px\" \/><\/p>\n","protected":false},"excerpt":{"rendered":"<p>Secret\u00e1rio-geral da CNBB chama a aten\u00e7\u00e3o para n\u00e3o naturaliza\u00e7\u00e3o das agress\u00f5es \u00e0 vida Dom Joel&#8230;<\/p>\n","protected":false},"author":1,"featured_media":11005,"comment_status":"open","ping_status":"open","sticky":false,"template":"","format":"standard","meta":{"_jetpack_memberships_contains_paid_content":false,"footnotes":"","jetpack_publicize_message":"","jetpack_publicize_feature_enabled":true,"jetpack_social_post_already_shared":true,"jetpack_social_options":{"image_generator_settings":{"template":"highway","default_image_id":0,"font":"","enabled":false},"version":2}},"categories":[1],"tags":[],"class_list":["post-11004","post","type-post","status-publish","format-standard","has-post-thumbnail","hentry","category-atualidade"],"jetpack_publicize_connections":[],"jetpack_featured_media_url":"https:\/\/correiodasemana.com\/site\/wp-content\/uploads\/2020\/03\/Cartaz-CF-2020.jpg","jetpack-related-posts":[{"id":8829,"url":"https:\/\/correiodasemana.com\/site\/consep-aprova-cartaz-da-campanha-da-fraternidade-de-2020-inspirado-em-irma-dulce\/","url_meta":{"origin":11004,"position":0},"title":"Consep aprova cartaz da Campanha da Fraternidade de 2020, inspirado em irm\u00e3 Dulce","author":"","date":"Agosto 27, 2019","format":false,"excerpt":"O cartaz remete \u00e0 figura de irm\u00e3 Dulce, que ser\u00e1 canonizada no pr\u00f3ximo m\u00eas de outubro CNBB O cartaz da Campanha da Fraternidade de 2020, cujo tema ser\u00e1 \u201cFraternidade e vida: dom e compromisso\u201d foi aprovado na manh\u00e3 da quarta-feira, 21 de agosto. Os bispos reunidos no Conselho Episcopal Pastoral\u2026","rel":"","context":"In &quot;Atualidade&quot;","block_context":{"text":"Atualidade","link":"https:\/\/correiodasemana.com\/site\/category\/atualidade\/"},"img":{"alt_text":"","src":"https:\/\/i0.wp.com\/correiodasemana.com\/site\/wp-content\/uploads\/2019\/08\/69124368_2467277513339444_7046642358808477696_n.jpg?resize=350%2C200&ssl=1","width":350,"height":200,"srcset":"https:\/\/i0.wp.com\/correiodasemana.com\/site\/wp-content\/uploads\/2019\/08\/69124368_2467277513339444_7046642358808477696_n.jpg?resize=350%2C200&ssl=1 1x, https:\/\/i0.wp.com\/correiodasemana.com\/site\/wp-content\/uploads\/2019\/08\/69124368_2467277513339444_7046642358808477696_n.jpg?resize=525%2C300&ssl=1 1.5x"},"classes":[]},{"id":28387,"url":"https:\/\/correiodasemana.com\/site\/cnbb-divulga-cartaz-e-oracao-da-campanha-da-fraternidade-2024\/","url_meta":{"origin":11004,"position":1},"title":"CNBB divulga cartaz e ora\u00e7\u00e3o da Campanha da Fraternidade 2024","author":"adminredacao","date":"Fevereiro 15, 2024","format":false,"excerpt":"Cartaz tem representa\u00e7\u00e3o do Papa Francisco em refer\u00eancia \u00e0 Enc\u00edclica Fratelli Tutti, inspira\u00e7\u00e3o do tema da campanha Da Reda\u00e7\u00e3o, com CNBB A Confer\u00eancia Nacional dos Bispos do Brasil (CNBB) lan\u00e7ou, nesta ter\u00e7a-feira, 25, o cartaz e a ora\u00e7\u00e3o da Campanha da Fraternidade 2024. O tema escolhido \u00e9 \u201cFraternidade e Amizade\u2026","rel":"","context":"In &quot;Atualidade&quot;","block_context":{"text":"Atualidade","link":"https:\/\/correiodasemana.com\/site\/category\/atualidade\/"},"img":{"alt_text":"","src":"https:\/\/i0.wp.com\/correiodasemana.com\/site\/wp-content\/uploads\/2024\/02\/CF2024-cartaz.jpg?resize=350%2C200&ssl=1","width":350,"height":200,"srcset":"https:\/\/i0.wp.com\/correiodasemana.com\/site\/wp-content\/uploads\/2024\/02\/CF2024-cartaz.jpg?resize=350%2C200&ssl=1 1x, https:\/\/i0.wp.com\/correiodasemana.com\/site\/wp-content\/uploads\/2024\/02\/CF2024-cartaz.jpg?resize=525%2C300&ssl=1 1.5x, https:\/\/i0.wp.com\/correiodasemana.com\/site\/wp-content\/uploads\/2024\/02\/CF2024-cartaz.jpg?resize=700%2C400&ssl=1 2x, https:\/\/i0.wp.com\/correiodasemana.com\/site\/wp-content\/uploads\/2024\/02\/CF2024-cartaz.jpg?resize=1050%2C600&ssl=1 3x, https:\/\/i0.wp.com\/correiodasemana.com\/site\/wp-content\/uploads\/2024\/02\/CF2024-cartaz.jpg?resize=1400%2C800&ssl=1 4x"},"classes":[]},{"id":9908,"url":"https:\/\/correiodasemana.com\/site\/cnbb-apresenta-tema-da-campanha-da-fraternidade-2020\/","url_meta":{"origin":11004,"position":2},"title":"CNBB apresenta tema da Campanha da Fraternidade 2020","author":"","date":"Novembro 18, 2019","format":false,"excerpt":"A Confer\u00eancia Nacional dos Bispos do Brasil apresenta para os crist\u00e3os por ocasi\u00e3o da quaresma a Campanha da Fraternidade. No pr\u00f3ximo ano teremos como TEMA: \u201cFraternidade e Vida: Dom e Compromisso\u201d, e o Lema \u00e9 \u201cViu, sentiu compaix\u00e3o e cuidou dele\u201d (Lc 10, 33-34), extra\u00eddo da Par\u00e1bola do Bom Samaritano.\u2026","rel":"","context":"In &quot;Atualidade&quot;","block_context":{"text":"Atualidade","link":"https:\/\/correiodasemana.com\/site\/category\/atualidade\/"},"img":{"alt_text":"","src":"https:\/\/i0.wp.com\/correiodasemana.com\/site\/wp-content\/uploads\/2019\/11\/PHOTO-2019-11-10-10-57-28.jpg?resize=350%2C200&ssl=1","width":350,"height":200,"srcset":"https:\/\/i0.wp.com\/correiodasemana.com\/site\/wp-content\/uploads\/2019\/11\/PHOTO-2019-11-10-10-57-28.jpg?resize=350%2C200&ssl=1 1x, https:\/\/i0.wp.com\/correiodasemana.com\/site\/wp-content\/uploads\/2019\/11\/PHOTO-2019-11-10-10-57-28.jpg?resize=525%2C300&ssl=1 1.5x, https:\/\/i0.wp.com\/correiodasemana.com\/site\/wp-content\/uploads\/2019\/11\/PHOTO-2019-11-10-10-57-28.jpg?resize=700%2C400&ssl=1 2x"},"classes":[]},{"id":8652,"url":"https:\/\/correiodasemana.com\/site\/secretario-geral-da-cnbb-convoca-os-cristaos-para-a-semana-nacional-da-familia-2019\/","url_meta":{"origin":11004,"position":3},"title":"Secret\u00e1rio-geral da CNBB convoca os crist\u00e3os para a Semana Nacional da Fam\u00edlia 2019","author":"","date":"Agosto 17, 2019","format":false,"excerpt":"Este ano, a Semana Nacional da Fam\u00edlia, que ocorre de 11 a 17 de agosto, traz como tem\u00e1tica \u201cA fam\u00edlia, como vai?\u201d. A proposta \u00e9 indicar a necessidade de a fam\u00edlia vivenciar uma profunda experi\u00eancia de Jesus e da sua Palavra para conseguir vencer os desafios e dificuldades que encontra\u2026","rel":"","context":"In &quot;Atualidade&quot;","block_context":{"text":"Atualidade","link":"https:\/\/correiodasemana.com\/site\/category\/atualidade\/"},"img":{"alt_text":"","src":"https:\/\/i0.wp.com\/correiodasemana.com\/site\/wp-content\/uploads\/2019\/08\/DSC06164-1200x762_c.jpg?resize=350%2C200&ssl=1","width":350,"height":200,"srcset":"https:\/\/i0.wp.com\/correiodasemana.com\/site\/wp-content\/uploads\/2019\/08\/DSC06164-1200x762_c.jpg?resize=350%2C200&ssl=1 1x, https:\/\/i0.wp.com\/correiodasemana.com\/site\/wp-content\/uploads\/2019\/08\/DSC06164-1200x762_c.jpg?resize=525%2C300&ssl=1 1.5x, https:\/\/i0.wp.com\/correiodasemana.com\/site\/wp-content\/uploads\/2019\/08\/DSC06164-1200x762_c.jpg?resize=700%2C400&ssl=1 2x, https:\/\/i0.wp.com\/correiodasemana.com\/site\/wp-content\/uploads\/2019\/08\/DSC06164-1200x762_c.jpg?resize=1050%2C600&ssl=1 3x"},"classes":[]},{"id":13938,"url":"https:\/\/correiodasemana.com\/site\/presidencia-da-cnbb-manifesta-se-sobre-a-fratelli-tutti-enciclica-lancada-no-dia-4-de-outubro-pelo-santo-padre\/","url_meta":{"origin":11004,"position":4},"title":"PRESID\u00caNCIA DA CNBB MANIFESTA-SE SOBRE A FRATELLI TUTTI, ENC\u00cdCLICA LAN\u00c7ADA NO DIA 4 DE OUTUBRO PELO SANTO PADRE","author":"","date":"Outubro 6, 2020","format":false,"excerpt":"A presid\u00eancia da CNBB divulgou, nesta segunda-feira, 5 de outubro, uma nota sobre a terceira enc\u00edclica lan\u00e7ada pelo Papa Francisco no \u00faltimo dia 4 de outubro:\u00a0Fratelli Tutti. No documento, os bispos afirmam que a Enc\u00edclica \u00e9 um convite ao di\u00e1logo generoso a ser acolhido por todas as pessoas, como possibilidade\u2026","rel":"","context":"In &quot;Atualidade&quot;","block_context":{"text":"Atualidade","link":"https:\/\/correiodasemana.com\/site\/category\/atualidade\/"},"img":{"alt_text":"","src":"https:\/\/i0.wp.com\/correiodasemana.com\/site\/wp-content\/uploads\/2020\/10\/diocesesobral_120821033_209003187235306_8354462027598837821_n.jpg?resize=350%2C200&ssl=1","width":350,"height":200,"srcset":"https:\/\/i0.wp.com\/correiodasemana.com\/site\/wp-content\/uploads\/2020\/10\/diocesesobral_120821033_209003187235306_8354462027598837821_n.jpg?resize=350%2C200&ssl=1 1x, https:\/\/i0.wp.com\/correiodasemana.com\/site\/wp-content\/uploads\/2020\/10\/diocesesobral_120821033_209003187235306_8354462027598837821_n.jpg?resize=525%2C300&ssl=1 1.5x, https:\/\/i0.wp.com\/correiodasemana.com\/site\/wp-content\/uploads\/2020\/10\/diocesesobral_120821033_209003187235306_8354462027598837821_n.jpg?resize=700%2C400&ssl=1 2x, https:\/\/i0.wp.com\/correiodasemana.com\/site\/wp-content\/uploads\/2020\/10\/diocesesobral_120821033_209003187235306_8354462027598837821_n.jpg?resize=1050%2C600&ssl=1 3x"},"classes":[]},{"id":21439,"url":"https:\/\/correiodasemana.com\/site\/cnbb-promove-primeiro-encontro-nacional-de-assessores-juridicos-de-dioceses-em-brasilia-df\/","url_meta":{"origin":11004,"position":5},"title":"CNBB PROMOVE PRIMEIRO ENCONTRO NACIONAL DE ASSESSORES JUR\u00cdDICOS DE DIOCESES, EM BRAS\u00cdLIA (DF)","author":"","date":"Novembro 4, 2022","format":false,"excerpt":"A Confer\u00eancia Nacional dos Bispos do Brasil (CNBB) promove o primeiro Encontro Nacional de Assessores Jur\u00eddicos de Dioceses, em Bras\u00edlia (DF), nos dias 8 a 10 de novembro de 2022. A iniciativa, preparada para 2020, n\u00e3o p\u00f4de ser efetivada antes em raz\u00e3o da pandemia. \u201cAgora, com um pouco mais de\u2026","rel":"","context":"In &quot;Atualidade&quot;","block_context":{"text":"Atualidade","link":"https:\/\/correiodasemana.com\/site\/category\/atualidade\/"},"img":{"alt_text":"","src":"https:\/\/i0.wp.com\/correiodasemana.com\/site\/wp-content\/uploads\/2022\/11\/ENAJD.png?resize=350%2C200&ssl=1","width":350,"height":200,"srcset":"https:\/\/i0.wp.com\/correiodasemana.com\/site\/wp-content\/uploads\/2022\/11\/ENAJD.png?resize=350%2C200&ssl=1 1x, https:\/\/i0.wp.com\/correiodasemana.com\/site\/wp-content\/uploads\/2022\/11\/ENAJD.png?resize=525%2C300&ssl=1 1.5x, https:\/\/i0.wp.com\/correiodasemana.com\/site\/wp-content\/uploads\/2022\/11\/ENAJD.png?resize=700%2C400&ssl=1 2x"},"classes":[]}],"jetpack_sharing_enabled":true,"_links":{"self":[{"href":"https:\/\/correiodasemana.com\/site\/wp-json\/wp\/v2\/posts\/11004","targetHints":{"allow":["GET"]}}],"collection":[{"href":"https:\/\/correiodasemana.com\/site\/wp-json\/wp\/v2\/posts"}],"about":[{"href":"https:\/\/correiodasemana.com\/site\/wp-json\/wp\/v2\/types\/post"}],"author":[{"embeddable":true,"href":"https:\/\/correiodasemana.com\/site\/wp-json\/wp\/v2\/users\/1"}],"replies":[{"embeddable":true,"href":"https:\/\/correiodasemana.com\/site\/wp-json\/wp\/v2\/comments?post=11004"}],"version-history":[{"count":1,"href":"https:\/\/correiodasemana.com\/site\/wp-json\/wp\/v2\/posts\/11004\/revisions"}],"predecessor-version":[{"id":11009,"href":"https:\/\/correiodasemana.com\/site\/wp-json\/wp\/v2\/posts\/11004\/revisions\/11009"}],"wp:featuredmedia":[{"embeddable":true,"href":"https:\/\/correiodasemana.com\/site\/wp-json\/wp\/v2\/media\/11005"}],"wp:attachment":[{"href":"https:\/\/correiodasemana.com\/site\/wp-json\/wp\/v2\/media?parent=11004"}],"wp:term":[{"taxonomy":"category","embeddable":true,"href":"https:\/\/correiodasemana.com\/site\/wp-json\/wp\/v2\/categories?post=11004"},{"taxonomy":"post_tag","embeddable":true,"href":"https:\/\/correiodasemana.com\/site\/wp-json\/wp\/v2\/tags?post=11004"}],"curies":[{"name":"wp","href":"https:\/\/api.w.org\/{rel}","templated":true}]}}