{"id":11012,"date":"2020-03-02T04:46:46","date_gmt":"2020-03-02T04:46:46","guid":{"rendered":"https:\/\/correiodasemana.com\/site\/?p=11012"},"modified":"2020-03-02T04:46:46","modified_gmt":"2020-03-02T04:46:46","slug":"o-papa-um-sacerdote-nao-se-isola-mas-vive-em-comunhao-com-o-seu-povo","status":"publish","type":"post","link":"https:\/\/correiodasemana.com\/site\/o-papa-um-sacerdote-nao-se-isola-mas-vive-em-comunhao-com-o-seu-povo\/","title":{"rendered":"O Papa: um sacerdote n\u00e3o se isola, mas vive em comunh\u00e3o com o seu povo"},"content":{"rendered":"<p>Existem v\u00e1rias amarguras que marcam a vida de um sacerdote, cuja voca\u00e7\u00e3o \u00e9 ser um homem de reconcilia\u00e7\u00e3o. Este \u00e9 um dos pensamentos do Papa contidos no discurso lido, esta manh\u00e3, pelo vig\u00e1rio do Papa para a Diocese de Roma, cardeal Angelo De Donatis, na liturgia penitencial com o clero romano, na Bas\u00edlica de S\u00e3o Jo\u00e3o de Latr\u00e3o. Francisco n\u00e3o participou do encontro tradicional por causa de uma \u201cleve indisposi\u00e7\u00e3o\u201d.<br \/>\nPessoas de esperan\u00e7a, reconciliadas que reconhecem suas amarguras e foram transformadas. \u00c9 a exorta\u00e7\u00e3o que o Papa Francisco dirige ao clero da Diocese de Roma, no discurso lido, na manh\u00e3 de quinta-feira (27) pelo cardeal vig\u00e1rio, Angelo De Donatis, na Bas\u00edlica de S\u00e3o Jo\u00e3o de Latr\u00e3o, durante a tradicional liturgia penitencial no in\u00edcio da Quaresma, na qual Francisco n\u00e3o participou por causa de uma \u201cleve indisposi\u00e7\u00e3o\u201d, conforme a nota divulgada pela Sala de Imprensa da Santa S\u00e9. Toda a reflex\u00e3o fala sobre a amargura que pode se infiltrar na vida de um sacerdote como um \u201cinimigo sutil\u201d que encontra uma maneira de se camuflar de parasita. Trata-se de amargura na rela\u00e7\u00e3o de f\u00e9, com o bispo e entre confrades.<\/p>\n<p>N\u00e3o onipotentes, mas pecadores perdoados<br \/>\nO Papa enfatiza que o seu pensamento \u00e9 fruto, por um lado, de ouvir alguns seminaristas e sacerdotes italianos, mas sem refer\u00eancia a nenhuma situa\u00e7\u00e3o espec\u00edfica, enquanto, por outro, observa que a maioria dos sacerdotes ainda est\u00e1 feliz com a sua vida e considera essas amarguras como normais. Portanto, encar\u00e1-las, ajuda a entrar em contato com a nossa humanidade e, afirma Francisco, \u201cnos lembra que, como sacerdotes, n\u00e3o somos chamados a ser onipotentes, mas homens pecadores perdoados\u201d.<br \/>\n\u201cA espiritualidade do protesto\u201d<br \/>\nNa raiz da amargura no relacionamento de f\u00e9, vemos uma esperan\u00e7a desiludida. Uma esperan\u00e7a provavelmente trocada por uma expectativa. \u201cDe fato, a esperan\u00e7a crist\u00e3 n\u00e3o decepciona\u201d, sublinha o Papa, porque \u201cesperar n\u00e3o \u00e9 se convencer de que as coisas v\u00e3o melhorar, mas que tudo o que acontece tem significado \u00e0 luz da P\u00e1scoa\u201d. Para aliment\u00e1-la, no entanto, \u00e9 necess\u00e1ria uma intensa vida de ora\u00e7\u00e3o, colocando-se \u201c\u00e0 luz da Palavra de Deus\u201d. \u201cO verdadeiro protesto\u201d, explica ele, n\u00e3o \u00e9 \u201ccontra Deus, mas diante dele\u201d, nasce da confian\u00e7a.<\/p>\n<p>Esperan\u00e7a crist\u00e3, n\u00e3o expectativa<br \/>\nPara entrar profundamente no sentido da esperan\u00e7a \u00e9 preciso entender a diferen\u00e7a da expectativa que nasce quando\u201d, observa Francisco, \u201clutamos\u201d, buscando certezas, quando o ponto de refer\u00eancia somos n\u00f3s mesmos. Em vez disso, a esperan\u00e7a brota quando se decide n\u00e3o se defender mais e, como o teatino Lorenzo Scupoli disse em sua \u2018Luta espiritual\u2019, \u00e9 preciso \u201cdesconfiar-se de si e confiar em Deus\u201d. Baseia-se numa alian\u00e7a: que a vida plena prometida por Deus no dia da ordena\u00e7\u00e3o se realiza \u201cse vivo a P\u00e1scoa e n\u00e3o se as coisas acontecem como eu digo\u201d.<\/p>\n<p>Problemas com o bispo<br \/>\n\u201cSem cair no lugar comum que d\u00e1 a culpa de tudo aos superiores, pois na realidade somos falhos, permanece o fato\u201d, escreve o Papa, de que \u201cmuita amargura na vida do sacerdote acontece por causa das omiss\u00f5es dos pastores\u201d. N\u00e3o se trata de diverg\u00eancias inevit\u00e1veis sobre problemas administrativos ou estilos pastorais, mas de dois aspectos \u201cdesestabilizadores para os padres\u201d. Primeiramente, o que Francisco chama de \u201cuma certa origem autorit\u00e1ria suave\u201d, quando, por uma \u201cdistin\u00e7\u00e3o\u201d, a pessoa \u00e9 inscrita entre os que remam contra. O segundo, \u00e9 a ades\u00e3o a iniciativas que corre o risco de se tornar \u201ca medida da comunh\u00e3o\u201d, enquanto o \u201cculto das iniciativas\u201d vai substituindo ao essencial.<\/p>\n<p>A compet\u00eancia suplantada por suposta lealdade<br \/>\nPara tra\u00e7ar a dire\u00e7\u00e3o certa, o Papa Francisco se refere a S\u00e3o Bento. Na Regra, ele recomenda que o abade consulte toda a comunidade quando tiver que enfrentar uma quest\u00e3o importante, mas tamb\u00e9m que a decis\u00e3o final depende dele, com prud\u00eancia e equidade. A grande tenta\u00e7\u00e3o do pastor \u00e9 circundar-se dos \u201cseus\u201d, dos \u201cvizinhos\u201d; e, assim, infelizmente, a compet\u00eancia real \u00e9 suplantada por uma certa lealdade presumida, sem distinguir entre quem agrada e quem aconselha desinteressadamente. Isso faz com que o rebanho sofra muito, aceitando frequentemente sem externar nada.<br \/>\nNo entanto, os fi\u00e9is t\u00eam o direito, e algumas vezes o dever, de expressar seus pensamentos sobre o bem da Igreja aos Pastores, conforme exigido pelo C\u00f3digo de Direito Can\u00f4nico. Certamente, neste tempo de precariedade, a solu\u00e7\u00e3o parece ser o autoritarismo, \u201cna esfera pol\u00edtica isso \u00e9 evidente\u201d, mas o verdadeiro zelo est\u00e1 na equidade, n\u00e3o na uniformidade, recorda o Papa.<\/p>\n<p>Amargura entre os sacerdotes<br \/>\nUma terceira causa de amargura nos sacerdotes pode vir dos problemas \u201centre n\u00f3s\u201d, ressalta Francisco. O presb\u00edtero nos \u00faltimos tempos sofreu \u201cos golpes de esc\u00e2ndalos, financeiros e sexuais\u201d e a suspeita tornou as rela\u00e7\u00f5es mais frias e formais:<br \/>\nDiante de esc\u00e2ndalos, o maligno nos tenta, impelindo-nos a uma vis\u00e3o \u201cdonatista\u201d da Igreja: dentro os impec\u00e1veis, fora os que erram! Temos falsas concep\u00e7\u00f5es da Igreja militante, numa esp\u00e9cie de puritanismo eclesiol\u00f3gico. A Noiva de Cristo \u00e9 e continua sendo o campo em que o trigo e o joio crescem at\u00e9 a parusia. Quem n\u00e3o se apropriou dessa vis\u00e3o evang\u00e9lica da realidade, exp\u00f5e-se \u00e0 amarguras indiz\u00edveis e in\u00fateis. No entanto, os pecados p\u00fablicos e divulgados do clero tornaram todos mais cautelosos e menos dispostos a criar la\u00e7os significativos, sobretudo em rela\u00e7\u00e3o \u00e0 \u00a0partilha da f\u00e9.<\/p>\n<p>O povo de Deus espera pessoas que reconciliam<br \/>\nNa conclus\u00e3o, Francisco ressalta que o povo de Deus \u201cos conhece melhor que ningu\u00e9m\u201d:<br \/>\n\u00c9 muito respeitoso, sabe acompanhar e cuidar de seus pastores. Conhece as nossas amarguras e pede ao Senhor n\u00f3s. Unamos as nossas ora\u00e7\u00f5es \u00e0s suas e pe\u00e7amos ao Senhor para que transforme as nossas amarguras em \u00e1gua fresca para o seu povo. Pe\u00e7amos ao Senhor para que nos d\u00ea a capacidade de reconhecer o que est\u00e1 nos amargando e nos deixar-se transformar, ser pessoas reconciliadas que reconciliam, pac\u00edficas que pacificam, cheias de esperan\u00e7a que infundem esperan\u00e7a. O povo de Deus espera de n\u00f3s, mestres de esp\u00edrito, capazes de indicar os po\u00e7os de \u00e1gua fresca no meio do deserto.<\/p>\n","protected":false},"excerpt":{"rendered":"<p>Existem v\u00e1rias amarguras que marcam a vida de um sacerdote, cuja voca\u00e7\u00e3o \u00e9 ser um&#8230;<\/p>\n","protected":false},"author":1,"featured_media":11013,"comment_status":"open","ping_status":"open","sticky":false,"template":"","format":"standard","meta":{"_jetpack_memberships_contains_paid_content":false,"footnotes":"","jetpack_publicize_message":"","jetpack_publicize_feature_enabled":true,"jetpack_social_post_already_shared":true,"jetpack_social_options":{"image_generator_settings":{"template":"highway","default_image_id":0,"font":"","enabled":false},"version":2}},"categories":[4,39],"tags":[],"class_list":["post-11012","post","type-post","status-publish","format-standard","has-post-thumbnail","hentry","category-diocese","category-igreja"],"jetpack_publicize_connections":[],"jetpack_featured_media_url":"https:\/\/correiodasemana.com\/site\/wp-content\/uploads\/2020\/03\/WhatsApp-Image-2020-02-27-at-23.54.22.jpeg","jetpack-related-posts":[{"id":36231,"url":"https:\/\/correiodasemana.com\/site\/diocese-de-sobral-celebra-festa-da-dedicacao-da-basilica-de-sao-joao-de-latrao-e-recorda-seu-veneravel-e-servos-de-deus\/","url_meta":{"origin":11012,"position":0},"title":"Diocese de Sobral celebra Festa da Dedica\u00e7\u00e3o da Bas\u00edlica de S\u00e3o Jo\u00e3o de Latr\u00e3o e recorda seu Vener\u00e1vel e Servos de Deus","author":"adminredacao","date":"Novembro 12, 2025","format":false,"excerpt":"Na noite do \u00faltimo domingo (09\/11), a S\u00e9 Catedral de Nossa Senhora da Concei\u00e7\u00e3o celebrou a Festa da Dedica\u00e7\u00e3o da Bas\u00edlica de S\u00e3o Jo\u00e3o de Latr\u00e3o, em solene celebra\u00e7\u00e3o eucar\u00edstica presidida pelo bispo diocesano, Dom Jos\u00e9 Luiz Gomes de Vasconcelos. A Bas\u00edlica, considerada a catedral do Papa, \u00e9 s\u00edmbolo da\u2026","rel":"","context":"In &quot;Atualidade&quot;","block_context":{"text":"Atualidade","link":"https:\/\/correiodasemana.com\/site\/category\/atualidade\/"},"img":{"alt_text":"","src":"https:\/\/i0.wp.com\/correiodasemana.com\/site\/wp-content\/uploads\/2025\/11\/DSC_9208-scaled.jpg?resize=350%2C200&ssl=1","width":350,"height":200,"srcset":"https:\/\/i0.wp.com\/correiodasemana.com\/site\/wp-content\/uploads\/2025\/11\/DSC_9208-scaled.jpg?resize=350%2C200&ssl=1 1x, https:\/\/i0.wp.com\/correiodasemana.com\/site\/wp-content\/uploads\/2025\/11\/DSC_9208-scaled.jpg?resize=525%2C300&ssl=1 1.5x, https:\/\/i0.wp.com\/correiodasemana.com\/site\/wp-content\/uploads\/2025\/11\/DSC_9208-scaled.jpg?resize=700%2C400&ssl=1 2x, https:\/\/i0.wp.com\/correiodasemana.com\/site\/wp-content\/uploads\/2025\/11\/DSC_9208-scaled.jpg?resize=1050%2C600&ssl=1 3x, https:\/\/i0.wp.com\/correiodasemana.com\/site\/wp-content\/uploads\/2025\/11\/DSC_9208-scaled.jpg?resize=1400%2C800&ssl=1 4x"},"classes":[]},{"id":36336,"url":"https:\/\/correiodasemana.com\/site\/dedicacao-da-basilica-de-sao-joao-de-latrao\/","url_meta":{"origin":11012,"position":1},"title":"Dedica\u00e7\u00e3o da Bas\u00edlica de S\u00e3o Jo\u00e3o de Latr\u00e3o\u00a0","author":"adminredacao","date":"Novembro 12, 2025","format":false,"excerpt":"A Igreja celebra\u00a0neste domingo\u00a0a festa da Dedica\u00e7\u00e3o da Bas\u00edlica de Latr\u00e3o, a Catedral do Papa, Bispo de Roma, chamada \u201ca primeira entre todas as Igrejas\u201d, ou seja, a Igreja-m\u00e3e de Roma. Surgida no s\u00e9culo IV e dedicada ao Divino Salvador, foi erguida em Roma pelo imperador Constantino. Esta festa \u00e9\u2026","rel":"","context":"In &quot;A voz do Pastor&quot;","block_context":{"text":"A voz do Pastor","link":"https:\/\/correiodasemana.com\/site\/category\/a-voz-do-pastor\/"},"img":{"alt_text":"","src":"https:\/\/i0.wp.com\/correiodasemana.com\/site\/wp-content\/uploads\/2018\/02\/Dom-Vasconcelos-posses.jpg?resize=350%2C200&ssl=1","width":350,"height":200,"srcset":"https:\/\/i0.wp.com\/correiodasemana.com\/site\/wp-content\/uploads\/2018\/02\/Dom-Vasconcelos-posses.jpg?resize=350%2C200&ssl=1 1x, https:\/\/i0.wp.com\/correiodasemana.com\/site\/wp-content\/uploads\/2018\/02\/Dom-Vasconcelos-posses.jpg?resize=525%2C300&ssl=1 1.5x, https:\/\/i0.wp.com\/correiodasemana.com\/site\/wp-content\/uploads\/2018\/02\/Dom-Vasconcelos-posses.jpg?resize=700%2C400&ssl=1 2x"},"classes":[]},{"id":19803,"url":"https:\/\/correiodasemana.com\/site\/bispos-do-ceara-e-piaui-participam-de-audiencia-com-papa-francisco\/","url_meta":{"origin":11012,"position":2},"title":"Bispos do Cear\u00e1 e Piau\u00ed participam de Audi\u00eancia com Papa Francisco","author":"","date":"Maio 16, 2022","format":false,"excerpt":"(Thais Helena \u2013 Reda\u00e7\u00e3o Correio da Semana) Desde a \u00f9ltima sexta-feira(06\/05), os bispos do Cear\u00e1 (regional-nordeste I da CNBB) e do Piau\u00ed (regional nordeste IV da CNBB), e padres auxiliares est\u00e3o no Vaticano-It\u00e1lia, participando da Visita Ad Limina Apostolorum. No Domingo do Bom Pastor, Dom Vasconcelos (Diocese de Sobral), Pe.\u2026","rel":"","context":"In &quot;Atualidade&quot;","block_context":{"text":"Atualidade","link":"https:\/\/correiodasemana.com\/site\/category\/atualidade\/"},"img":{"alt_text":"","src":"https:\/\/i0.wp.com\/correiodasemana.com\/site\/wp-content\/uploads\/2022\/05\/bispo-visita-roma-1-300x210.jpg?resize=350%2C200&ssl=1","width":350,"height":200},"classes":[]},{"id":32074,"url":"https:\/\/correiodasemana.com\/site\/o-jubileu-da-esperanca\/","url_meta":{"origin":11012,"position":3},"title":"O Jubileu da Esperan\u00e7a\u00a0","author":"adminredacao","date":"Janeiro 15, 2025","format":false,"excerpt":"O Jubileu da Esperan\u00e7a, tamb\u00e9m conhecido como Ano Santo de 2025, \u00e9 um per\u00edodo de gra\u00e7a extraordin\u00e1ria promovido pela Igreja Cat\u00f3lica, um tempo dedicado \u00e0 renova\u00e7\u00e3o espiritual, \u00e0 reconcilia\u00e7\u00e3o e \u00e0 viv\u00eancia profunda da miseric\u00f3rdia divina. Este Jubileu foi solenemente inaugurado pelo Papa Francisco em 24 de dezembro de 2024,\u2026","rel":"","context":"In &quot;A voz do Pastor&quot;","block_context":{"text":"A voz do Pastor","link":"https:\/\/correiodasemana.com\/site\/category\/a-voz-do-pastor\/"},"img":{"alt_text":"","src":"https:\/\/i0.wp.com\/correiodasemana.com\/site\/wp-content\/uploads\/2023\/08\/Dom-Vasconcelos-durante-homilia.jpeg?resize=350%2C200&ssl=1","width":350,"height":200,"srcset":"https:\/\/i0.wp.com\/correiodasemana.com\/site\/wp-content\/uploads\/2023\/08\/Dom-Vasconcelos-durante-homilia.jpeg?resize=350%2C200&ssl=1 1x, https:\/\/i0.wp.com\/correiodasemana.com\/site\/wp-content\/uploads\/2023\/08\/Dom-Vasconcelos-durante-homilia.jpeg?resize=525%2C300&ssl=1 1.5x, https:\/\/i0.wp.com\/correiodasemana.com\/site\/wp-content\/uploads\/2023\/08\/Dom-Vasconcelos-durante-homilia.jpeg?resize=700%2C400&ssl=1 2x, https:\/\/i0.wp.com\/correiodasemana.com\/site\/wp-content\/uploads\/2023\/08\/Dom-Vasconcelos-durante-homilia.jpeg?resize=1050%2C600&ssl=1 3x, https:\/\/i0.wp.com\/correiodasemana.com\/site\/wp-content\/uploads\/2023\/08\/Dom-Vasconcelos-durante-homilia.jpeg?resize=1400%2C800&ssl=1 4x"},"classes":[]},{"id":36328,"url":"https:\/\/correiodasemana.com\/site\/o-novo-templo-dedicacao-da-basilica-do-latrao\/","url_meta":{"origin":11012,"position":4},"title":"O Novo Templo (Dedica\u00e7\u00e3o da Bas\u00edlica do Latr\u00e3o)","author":"adminredacao","date":"Novembro 12, 2025","format":false,"excerpt":"Ex\u00e9quias do Mons. Jo\u00e3o Batista Frota Dom Vasconcelos, nosso bispo diocesano, pediu-me para dirigir \u00e0 esta assembleia celebrante, algumas palavras. Unimo-nos aos sentimentos de vossa reverend\u00edssima, neste nono sacerdote que fez sua p\u00e1scoa eterna, no seu governo desta diocese de Sobral. Atrav\u00e9s de n\u00f3s aqui presentes est\u00e1 reunida nossa Igreja\u2026","rel":"","context":"In &quot;Atualidade&quot;","block_context":{"text":"Atualidade","link":"https:\/\/correiodasemana.com\/site\/category\/atualidade\/"},"img":{"alt_text":"","src":"https:\/\/i0.wp.com\/correiodasemana.com\/site\/wp-content\/uploads\/2025\/11\/DSC_8385-scaled.jpg?resize=350%2C200&ssl=1","width":350,"height":200,"srcset":"https:\/\/i0.wp.com\/correiodasemana.com\/site\/wp-content\/uploads\/2025\/11\/DSC_8385-scaled.jpg?resize=350%2C200&ssl=1 1x, https:\/\/i0.wp.com\/correiodasemana.com\/site\/wp-content\/uploads\/2025\/11\/DSC_8385-scaled.jpg?resize=525%2C300&ssl=1 1.5x, https:\/\/i0.wp.com\/correiodasemana.com\/site\/wp-content\/uploads\/2025\/11\/DSC_8385-scaled.jpg?resize=700%2C400&ssl=1 2x, https:\/\/i0.wp.com\/correiodasemana.com\/site\/wp-content\/uploads\/2025\/11\/DSC_8385-scaled.jpg?resize=1050%2C600&ssl=1 3x, https:\/\/i0.wp.com\/correiodasemana.com\/site\/wp-content\/uploads\/2025\/11\/DSC_8385-scaled.jpg?resize=1400%2C800&ssl=1 4x"},"classes":[]},{"id":36313,"url":"https:\/\/correiodasemana.com\/site\/diocese-de-sobral-se-despede-de-monsenhor-joao-batista-frota-exemplo-de-caridade-e-amor-ao-proximo-2\/","url_meta":{"origin":11012,"position":5},"title":"Diocese de Sobral se despede de Monsenhor Jo\u00e3o Batista Frota, exemplo de caridade e amor ao pr\u00f3ximo","author":"adminredacao","date":"Novembro 12, 2025","format":false,"excerpt":"Morreu na \u00faltima sexta-feira (07\/11), aos 88 anos, em Fortaleza, o Monsenhor Jo\u00e3o Batista Frota, um dos filhos mais ilustres do clero da Diocese de Sobral. O presb\u00edtero nasceu em 12 de setembro de 1937, no munic\u00edpio de Santana do Acara\u00fa, e foi ordenado sacerdote em Roma, no ano de\u2026","rel":"","context":"In &quot;Atualidade&quot;","block_context":{"text":"Atualidade","link":"https:\/\/correiodasemana.com\/site\/category\/atualidade\/"},"img":{"alt_text":"","src":"https:\/\/i0.wp.com\/correiodasemana.com\/site\/wp-content\/uploads\/2025\/11\/WhatsApp-Image-2025-11-10-at-00.03.57-2.jpeg?resize=350%2C200&ssl=1","width":350,"height":200,"srcset":"https:\/\/i0.wp.com\/correiodasemana.com\/site\/wp-content\/uploads\/2025\/11\/WhatsApp-Image-2025-11-10-at-00.03.57-2.jpeg?resize=350%2C200&ssl=1 1x, https:\/\/i0.wp.com\/correiodasemana.com\/site\/wp-content\/uploads\/2025\/11\/WhatsApp-Image-2025-11-10-at-00.03.57-2.jpeg?resize=525%2C300&ssl=1 1.5x, https:\/\/i0.wp.com\/correiodasemana.com\/site\/wp-content\/uploads\/2025\/11\/WhatsApp-Image-2025-11-10-at-00.03.57-2.jpeg?resize=700%2C400&ssl=1 2x, https:\/\/i0.wp.com\/correiodasemana.com\/site\/wp-content\/uploads\/2025\/11\/WhatsApp-Image-2025-11-10-at-00.03.57-2.jpeg?resize=1050%2C600&ssl=1 3x"},"classes":[]}],"jetpack_sharing_enabled":true,"_links":{"self":[{"href":"https:\/\/correiodasemana.com\/site\/wp-json\/wp\/v2\/posts\/11012","targetHints":{"allow":["GET"]}}],"collection":[{"href":"https:\/\/correiodasemana.com\/site\/wp-json\/wp\/v2\/posts"}],"about":[{"href":"https:\/\/correiodasemana.com\/site\/wp-json\/wp\/v2\/types\/post"}],"author":[{"embeddable":true,"href":"https:\/\/correiodasemana.com\/site\/wp-json\/wp\/v2\/users\/1"}],"replies":[{"embeddable":true,"href":"https:\/\/correiodasemana.com\/site\/wp-json\/wp\/v2\/comments?post=11012"}],"version-history":[{"count":1,"href":"https:\/\/correiodasemana.com\/site\/wp-json\/wp\/v2\/posts\/11012\/revisions"}],"predecessor-version":[{"id":11014,"href":"https:\/\/correiodasemana.com\/site\/wp-json\/wp\/v2\/posts\/11012\/revisions\/11014"}],"wp:featuredmedia":[{"embeddable":true,"href":"https:\/\/correiodasemana.com\/site\/wp-json\/wp\/v2\/media\/11013"}],"wp:attachment":[{"href":"https:\/\/correiodasemana.com\/site\/wp-json\/wp\/v2\/media?parent=11012"}],"wp:term":[{"taxonomy":"category","embeddable":true,"href":"https:\/\/correiodasemana.com\/site\/wp-json\/wp\/v2\/categories?post=11012"},{"taxonomy":"post_tag","embeddable":true,"href":"https:\/\/correiodasemana.com\/site\/wp-json\/wp\/v2\/tags?post=11012"}],"curies":[{"name":"wp","href":"https:\/\/api.w.org\/{rel}","templated":true}]}}