{"id":11017,"date":"2020-03-02T04:50:30","date_gmt":"2020-03-02T04:50:30","guid":{"rendered":"https:\/\/correiodasemana.com\/site\/?p=11017"},"modified":"2020-03-02T04:50:30","modified_gmt":"2020-03-02T04:50:30","slug":"agenda-uninta","status":"publish","type":"post","link":"https:\/\/correiodasemana.com\/site\/agenda-uninta\/","title":{"rendered":"Agenda UNINTA"},"content":{"rendered":"<p><img decoding=\"async\" class=\"aligncenter size-medium wp-image-11018\" src=\"https:\/\/correiodasemana.com\/site\/wp-content\/uploads\/2020\/03\/Jornal-Correio-da-Semana-N\u00ba-874-300x97.jpg\" alt=\"\" width=\"300\" height=\"97\" srcset=\"https:\/\/correiodasemana.com\/site\/wp-content\/uploads\/2020\/03\/Jornal-Correio-da-Semana-N\u00ba-874-300x97.jpg 300w, https:\/\/correiodasemana.com\/site\/wp-content\/uploads\/2020\/03\/Jornal-Correio-da-Semana-N\u00ba-874-1024x330.jpg 1024w, https:\/\/correiodasemana.com\/site\/wp-content\/uploads\/2020\/03\/Jornal-Correio-da-Semana-N\u00ba-874-768x248.jpg 768w, https:\/\/correiodasemana.com\/site\/wp-content\/uploads\/2020\/03\/Jornal-Correio-da-Semana-N\u00ba-874.jpg 1318w\" sizes=\"(max-width: 300px) 100vw, 300px\" \/><\/p>\n<p><strong>O aguardado est\u00e1gio<\/strong><\/p>\n<p><img decoding=\"async\" class=\"aligncenter size-medium wp-image-11019\" src=\"https:\/\/correiodasemana.com\/site\/wp-content\/uploads\/2020\/03\/jornalismo-blazer-300x155.png\" alt=\"\" width=\"300\" height=\"155\" srcset=\"https:\/\/correiodasemana.com\/site\/wp-content\/uploads\/2020\/03\/jornalismo-blazer-300x155.png 300w, https:\/\/correiodasemana.com\/site\/wp-content\/uploads\/2020\/03\/jornalismo-blazer.png 521w\" sizes=\"(max-width: 300px) 100vw, 300px\" \/><br \/>\nPrevista para o pr\u00f3ximo dia 16\/03, a Cerim\u00f4nia do Blazer do curso de Jornalismo marca a entrada dos estudantes na disciplina de est\u00e1gio supervisionado. Empresas de Sobral acolhem os acad\u00e9micos, que podem exercitar a teoria aprendida em sala de aula. Importante momento para a fam\u00edlia e os futuros profissionais.<\/p>\n<p><strong>Calouros e Calouras<\/strong><br \/>\nO m\u00eas de mar\u00e7o marca o in\u00edcio das aulas para os calouros e calouras do semestre 2020.1. S\u00e3o centenas de novos sonhos, desafios e o in\u00edcio de uma nova etapa de realiza\u00e7\u00e3o profissional.<\/p>\n<p><strong>Excelente iniciativa<\/strong><br \/>\nSuper aprovadas as a\u00e7\u00f5es da Liga Acad\u00eamica Interdisciplinar de Prote\u00e7\u00e3o a Vida (LAIPV), que prepara os estudantes do curso de Psicologia, com o apoio de pesquisadores do Laborat\u00f3rio de Farm\u00e1cia do Centro Universit\u00e1rio UNINTA, para a forma\u00e7\u00e3o de grupos focais, com o intuito de discutir sobre temas relacionados \u00e0 preven\u00e7\u00e3o do suic\u00eddio e promo\u00e7\u00e3o da sa\u00fade mental. Nunca \u00e9 demais fortalecer as perspectivas da preven\u00e7\u00e3o do adoecimento mental e a promo\u00e7\u00e3o de sa\u00fade.<\/p>\n<p><strong>Novas Tecnologias<\/strong><br \/>\nA II Semana da Engenharia Civil ocorre nos dias 31\/03, 01\/04 e 02\/04 e traz profissionais renomados para Sobral. Palestras sobre o avan\u00e7o das novas tecnologias, empreendedorismo, inova\u00e7\u00e3o, oficinas e mini-cursos far\u00e3o parte da programa\u00e7\u00e3o. As inscri\u00e7\u00f5es podem ser feitas no site: even3.com.br\/jec2020<\/p>\n<p><strong>Interc\u00e2mbio Profissional<\/strong><br \/>\nImportante contar com a participa\u00e7\u00e3o do professor Dr. M\u00e1rio Amorim, fisioterapeuta tido como refer\u00eancia no Cear\u00e1, na programa\u00e7\u00e3o acad\u00eamica dos cursos de p\u00f3s-gradua\u00e7\u00e3o e Especializa\u00e7\u00e3o em Fisioterapia Traumato Ortopedia, Biomec\u00e2nica e Desportiva.\u00a0O interc\u00e2mbio profissional e acad\u00eamico \u00e9 de veras necess\u00e1rio para a forma\u00e7\u00e3o superior.<\/p>\n<p><strong>Educa\u00e7\u00e3o Permanente<\/strong><\/p>\n<p><img decoding=\"async\" class=\"aligncenter size-medium wp-image-11020\" src=\"https:\/\/correiodasemana.com\/site\/wp-content\/uploads\/2020\/03\/servi\u00e7o-social-300x157.png\" alt=\"\" width=\"300\" height=\"157\" srcset=\"https:\/\/correiodasemana.com\/site\/wp-content\/uploads\/2020\/03\/servi\u00e7o-social-300x157.png 300w, https:\/\/correiodasemana.com\/site\/wp-content\/uploads\/2020\/03\/servi\u00e7o-social.png 523w\" sizes=\"(max-width: 300px) 100vw, 300px\" \/><br \/>\nOportunizando aos acad\u00eamicos experi\u00eancias sobre a complexidade social ao longo do aprendizado, o curso de Servi\u00e7o Social do Centro Universit\u00e1rio Inta \u2013 UNINTA, produziu um evento de encerramento do projeto de extens\u00e3o \u201cEduca\u00e7\u00e3o Permanente no SUAS\u201d. O encontro ocorreu no Audit\u00f3rio do UNINTA, e reuniu estudantes e docentes do curso, bem como profissionais do Sistema \u00danico de Assist\u00eancia Social (SUAS).<\/p>\n<p><strong>Quem ama, educa.<\/strong><br \/>\nDe impressionar o trabalho da Cl\u00ednica Psicopedag\u00f3gica. Este fundamental setor do UNINTA que trabalha no acompanhamento de estudantes com dificuldades de aprendizagem e transtornos de aprendizagem: leitura, escrita, c\u00e1lculo, aten\u00e7\u00e3o, concentra\u00e7\u00e3o, mem\u00f3ria, TDAH, TDA, dentre outras dificuldades. Criado em 2007, o setor \u00e9 coordenado pela Profa. L\u00e9a Barbosa de Sousa e atende o p\u00fabico interno e externo da institui\u00e7\u00e3o.<\/p>\n<p><strong>Inova\u00e7\u00e3o e investimento<\/strong><br \/>\nProfessores e coordenadores de cursos est\u00e3o animados com o novo audit\u00f3rio do UNINTA. S\u00e3o mais de 500 lugares, tel\u00f5es de \u00faltima gera\u00e7\u00e3o, sonoriza\u00e7\u00e3o de ponta e uma moderna infraestrutura. O equipamento abrigar\u00e1 congressos, jornadas e eventos cient\u00edficos promovidos pela institui\u00e7\u00e3o. A perspectiva \u00e9 que seja inaugurado ainda neste semestre.<\/p>\n","protected":false},"excerpt":{"rendered":"<p>O aguardado est\u00e1gio Prevista para o pr\u00f3ximo dia 16\/03, a Cerim\u00f4nia do Blazer do curso&#8230;<\/p>\n","protected":false},"author":1,"featured_media":11020,"comment_status":"open","ping_status":"open","sticky":false,"template":"","format":"standard","meta":{"_jetpack_memberships_contains_paid_content":false,"footnotes":"","jetpack_publicize_message":"","jetpack_publicize_feature_enabled":true,"jetpack_social_post_already_shared":true,"jetpack_social_options":{"image_generator_settings":{"template":"highway","default_image_id":0,"font":"","enabled":false},"version":2}},"categories":[1],"tags":[],"class_list":["post-11017","post","type-post","status-publish","format-standard","has-post-thumbnail","hentry","category-atualidade"],"jetpack_publicize_connections":[],"jetpack_featured_media_url":"https:\/\/correiodasemana.com\/site\/wp-content\/uploads\/2020\/03\/servi\u00e7o-social.png","jetpack-related-posts":[{"id":28703,"url":"https:\/\/correiodasemana.com\/site\/recepcao-de-calouros-na-biblioteca-da-uva\/","url_meta":{"origin":11017,"position":0},"title":"Recep\u00e7\u00e3o de calouros na Biblioteca da UVA","author":"adminredacao","date":"Mar\u00e7o 18, 2024","format":false,"excerpt":"Por F\u00e1tima Moura Por ocasi\u00e3o do in\u00edcio do semestre letivo 2024.1, o Sistema de Bibliotecas da Universidade Estadual Vale do Acara\u00fa, nesta segunda-feira, 11 de mar\u00e7o, realizou atividades l\u00fadicas e interativas para recepcionar os alunos (calouros e veteranos) nos quatro campi da institui\u00e7\u00e3o. No campus Bet\u00e2nia, na entrada da Biblioteca\u2026","rel":"","context":"In &quot;Atualidade&quot;","block_context":{"text":"Atualidade","link":"https:\/\/correiodasemana.com\/site\/category\/atualidade\/"},"img":{"alt_text":"","src":"https:\/\/i0.wp.com\/correiodasemana.com\/site\/wp-content\/uploads\/2024\/03\/image003.jpg?resize=350%2C200&ssl=1","width":350,"height":200,"srcset":"https:\/\/i0.wp.com\/correiodasemana.com\/site\/wp-content\/uploads\/2024\/03\/image003.jpg?resize=350%2C200&ssl=1 1x, https:\/\/i0.wp.com\/correiodasemana.com\/site\/wp-content\/uploads\/2024\/03\/image003.jpg?resize=525%2C300&ssl=1 1.5x, https:\/\/i0.wp.com\/correiodasemana.com\/site\/wp-content\/uploads\/2024\/03\/image003.jpg?resize=700%2C400&ssl=1 2x, https:\/\/i0.wp.com\/correiodasemana.com\/site\/wp-content\/uploads\/2024\/03\/image003.jpg?resize=1050%2C600&ssl=1 3x, https:\/\/i0.wp.com\/correiodasemana.com\/site\/wp-content\/uploads\/2024\/03\/image003.jpg?resize=1400%2C800&ssl=1 4x"},"classes":[]},{"id":11176,"url":"https:\/\/correiodasemana.com\/site\/agenda-uninta-nova-geracao\/","url_meta":{"origin":11017,"position":1},"title":"Agenda Uninta &#8211; Nova gera\u00e7\u00e3o","author":"","date":"Mar\u00e7o 18, 2020","format":false,"excerpt":"Nova gera\u00e7\u00e3o O r\u00e1dio sobralense e da regi\u00e3o possui uma nova gera\u00e7\u00e3o de vozes e locutores. Estudantes do curso de Jornalismo do UNINTA ocupam os microfones e elevam a qualidade das programa\u00e7\u00f5es. Dentre as mulheres, Rayla Kallyne (Jangadeiro), Tayra Taboza (Plus FM) e K\u00e1tia Janaina (Itapaj\u00e9). Pelo time dos homens,\u2026","rel":"","context":"In &quot;Agenda Uninta&quot;","block_context":{"text":"Agenda Uninta","link":"https:\/\/correiodasemana.com\/site\/category\/agenda-uninta\/"},"img":{"alt_text":"","src":"https:\/\/i0.wp.com\/correiodasemana.com\/site\/wp-content\/uploads\/2020\/03\/UNINTA-ITAPIPOCA-scaled.jpg?resize=350%2C200&ssl=1","width":350,"height":200,"srcset":"https:\/\/i0.wp.com\/correiodasemana.com\/site\/wp-content\/uploads\/2020\/03\/UNINTA-ITAPIPOCA-scaled.jpg?resize=350%2C200&ssl=1 1x, https:\/\/i0.wp.com\/correiodasemana.com\/site\/wp-content\/uploads\/2020\/03\/UNINTA-ITAPIPOCA-scaled.jpg?resize=525%2C300&ssl=1 1.5x, https:\/\/i0.wp.com\/correiodasemana.com\/site\/wp-content\/uploads\/2020\/03\/UNINTA-ITAPIPOCA-scaled.jpg?resize=700%2C400&ssl=1 2x, https:\/\/i0.wp.com\/correiodasemana.com\/site\/wp-content\/uploads\/2020\/03\/UNINTA-ITAPIPOCA-scaled.jpg?resize=1050%2C600&ssl=1 3x, https:\/\/i0.wp.com\/correiodasemana.com\/site\/wp-content\/uploads\/2020\/03\/UNINTA-ITAPIPOCA-scaled.jpg?resize=1400%2C800&ssl=1 4x"},"classes":[]},{"id":30773,"url":"https:\/\/correiodasemana.com\/site\/de-olho-na-lingua-101\/","url_meta":{"origin":11017,"position":2},"title":"De Olho na L\u00edngua","author":"adminredacao","date":"Setembro 23, 2024","format":false,"excerpt":"Rapar X Raspar Rapar \u00e9 cortar rente. Rapam-se axilas, pernas, barba e bigodes. Antigamente, com o calouro (pessoa que era aprovado no vestibular) havia o trote; A cabe\u00e7a do calouro era rapada (\u00e0s vezes, o corte era mal feito); Gra\u00e7as a Deus essa maneira de comemorar a aprova\u00e7\u00e3o no vestibular\u2026","rel":"","context":"In &quot;Artigos&quot;","block_context":{"text":"Artigos","link":"https:\/\/correiodasemana.com\/site\/category\/artigos\/"},"img":{"alt_text":"","src":"","width":0,"height":0},"classes":[]},{"id":26128,"url":"https:\/\/correiodasemana.com\/site\/em-tempo-188\/","url_meta":{"origin":11017,"position":3},"title":"Em Tempo","author":"adminredacao","date":"Agosto 14, 2023","format":false,"excerpt":"Mostra infantil de audiovisual Teve in\u00edcio, em 12 de agosto, a 5\u00aa edi\u00e7\u00e3o da Mostra Internacional Infantil de Audiovisual, com curtas nacionais e internacionais em Fortaleza, S\u00e3o Gon\u00e7alo do Amarante, Morada Nova e Sobral, com sess\u00f5es abertas e exibi\u00e7\u00e3o exclusiva para alunos de escolas p\u00fablicas. A programa\u00e7\u00e3o prossegue at\u00e9 3\u2026","rel":"","context":"In &quot;Artigos&quot;","block_context":{"text":"Artigos","link":"https:\/\/correiodasemana.com\/site\/category\/artigos\/"},"img":{"alt_text":"","src":"https:\/\/i0.wp.com\/correiodasemana.com\/site\/wp-content\/uploads\/2023\/08\/SEREIA-2023-300x169.jpeg?resize=350%2C200&ssl=1","width":350,"height":200},"classes":[]},{"id":18129,"url":"https:\/\/correiodasemana.com\/site\/foi-um-rio-que-passou\/","url_meta":{"origin":11017,"position":4},"title":"Foi um rio que passou","author":"","date":"Novembro 26, 2021","format":false,"excerpt":"Lendo um coment\u00e1rio do deputado Le\u00f4nidas Cristino, onde ele atribui ao governo federal os crimes ambientais praticados na Amaz\u00f4nia, me veio um contentamento quanto \u00e0 posi\u00e7\u00e3o do parlamentar voltada \u00e0 defesa da natureza, coisa que ele n\u00e3o demonstrou quando foi secret\u00e1rio e prefeito de Sobral, per\u00edodos em que presenciou a\u2026","rel":"","context":"In &quot;Artigos&quot;","block_context":{"text":"Artigos","link":"https:\/\/correiodasemana.com\/site\/category\/artigos\/"},"img":{"alt_text":"","src":"https:\/\/i0.wp.com\/correiodasemana.com\/site\/wp-content\/uploads\/2021\/11\/DSC03134.jpg?resize=350%2C200&ssl=1","width":350,"height":200,"srcset":"https:\/\/i0.wp.com\/correiodasemana.com\/site\/wp-content\/uploads\/2021\/11\/DSC03134.jpg?resize=350%2C200&ssl=1 1x, https:\/\/i0.wp.com\/correiodasemana.com\/site\/wp-content\/uploads\/2021\/11\/DSC03134.jpg?resize=525%2C300&ssl=1 1.5x, https:\/\/i0.wp.com\/correiodasemana.com\/site\/wp-content\/uploads\/2021\/11\/DSC03134.jpg?resize=700%2C400&ssl=1 2x, https:\/\/i0.wp.com\/correiodasemana.com\/site\/wp-content\/uploads\/2021\/11\/DSC03134.jpg?resize=1050%2C600&ssl=1 3x, https:\/\/i0.wp.com\/correiodasemana.com\/site\/wp-content\/uploads\/2021\/11\/DSC03134.jpg?resize=1400%2C800&ssl=1 4x"},"classes":[]},{"id":15109,"url":"https:\/\/correiodasemana.com\/site\/sobral-sobral-20\/","url_meta":{"origin":11017,"position":5},"title":"Sobral, Sobral","author":"","date":"Dezembro 21, 2020","format":false,"excerpt":"ESTAR PERTO \u00c9 UMA QUEST\u00c3O GEOGR\u00c1FICA. ESTAR PR\u00d3XIMO \u00c9 UMA ESCOLHA !! (autor desconhecido) MINHAS HIST\u00d3RIAS\u2026 A PUREZA DO CENTROAVANTE CABE\u00c7\u00c3O Ele mora na avenida Desembargador Moreira da Rocha. Quase esquina com a Pericentral, onde corre o VLT em SOBRAL. Se algu\u00e9m perguntar pelo senhor RAIMUNDO SILVA FERREIRA, 79 anos,\u2026","rel":"","context":"In &quot;Artigos&quot;","block_context":{"text":"Artigos","link":"https:\/\/correiodasemana.com\/site\/category\/artigos\/"},"img":{"alt_text":"","src":"https:\/\/i0.wp.com\/correiodasemana.com\/site\/wp-content\/uploads\/2020\/11\/WhatsApp-Image-2020-11-19-at-15.08.24.jpeg?resize=350%2C200&ssl=1","width":350,"height":200,"srcset":"https:\/\/i0.wp.com\/correiodasemana.com\/site\/wp-content\/uploads\/2020\/11\/WhatsApp-Image-2020-11-19-at-15.08.24.jpeg?resize=350%2C200&ssl=1 1x, https:\/\/i0.wp.com\/correiodasemana.com\/site\/wp-content\/uploads\/2020\/11\/WhatsApp-Image-2020-11-19-at-15.08.24.jpeg?resize=525%2C300&ssl=1 1.5x, https:\/\/i0.wp.com\/correiodasemana.com\/site\/wp-content\/uploads\/2020\/11\/WhatsApp-Image-2020-11-19-at-15.08.24.jpeg?resize=700%2C400&ssl=1 2x"},"classes":[]}],"jetpack_sharing_enabled":true,"_links":{"self":[{"href":"https:\/\/correiodasemana.com\/site\/wp-json\/wp\/v2\/posts\/11017","targetHints":{"allow":["GET"]}}],"collection":[{"href":"https:\/\/correiodasemana.com\/site\/wp-json\/wp\/v2\/posts"}],"about":[{"href":"https:\/\/correiodasemana.com\/site\/wp-json\/wp\/v2\/types\/post"}],"author":[{"embeddable":true,"href":"https:\/\/correiodasemana.com\/site\/wp-json\/wp\/v2\/users\/1"}],"replies":[{"embeddable":true,"href":"https:\/\/correiodasemana.com\/site\/wp-json\/wp\/v2\/comments?post=11017"}],"version-history":[{"count":1,"href":"https:\/\/correiodasemana.com\/site\/wp-json\/wp\/v2\/posts\/11017\/revisions"}],"predecessor-version":[{"id":11021,"href":"https:\/\/correiodasemana.com\/site\/wp-json\/wp\/v2\/posts\/11017\/revisions\/11021"}],"wp:featuredmedia":[{"embeddable":true,"href":"https:\/\/correiodasemana.com\/site\/wp-json\/wp\/v2\/media\/11020"}],"wp:attachment":[{"href":"https:\/\/correiodasemana.com\/site\/wp-json\/wp\/v2\/media?parent=11017"}],"wp:term":[{"taxonomy":"category","embeddable":true,"href":"https:\/\/correiodasemana.com\/site\/wp-json\/wp\/v2\/categories?post=11017"},{"taxonomy":"post_tag","embeddable":true,"href":"https:\/\/correiodasemana.com\/site\/wp-json\/wp\/v2\/tags?post=11017"}],"curies":[{"name":"wp","href":"https:\/\/api.w.org\/{rel}","templated":true}]}}