{"id":11040,"date":"2020-03-02T04:56:58","date_gmt":"2020-03-02T04:56:58","guid":{"rendered":"https:\/\/correiodasemana.com\/site\/?p=11040"},"modified":"2020-03-02T04:56:58","modified_gmt":"2020-03-02T04:56:58","slug":"projeto-que-garante-seguro-a-entregadores-de-comida-por-aplicativo-chega-a-cas","status":"publish","type":"post","link":"https:\/\/correiodasemana.com\/site\/projeto-que-garante-seguro-a-entregadores-de-comida-por-aplicativo-chega-a-cas\/","title":{"rendered":"Projeto que garante seguro a entregadores de comida por aplicativo chega \u00e0 CAS"},"content":{"rendered":"<p>Pedro Fran\u00e7a\/Ag\u00eancia Senado<\/p>\n<p>Chegou \u00e0 Comiss\u00e3o de Assuntos Sociais (CAS) o Projeto de Lei (PL) 391\/2020, que exige das empresas de entrega por aplicativo algumas obriga\u00e7\u00f5es de seguros para os seus entregadores. O projeto do senador Fabiano Contarato (Rede-ES) foi protocolado no Senado no dia 12 de fevereiro; o texto dever\u00e1 ser examinado primeiramente pela CAS e, em seguida, pela Comiss\u00e3o de Assuntos Econ\u00f4micos (CAE).<br \/>\nO projeto estabelece que as empresas de entrega por aplicativo ser\u00e3o obrigadas a fornecer seguro de acidentes pessoais para todos os seus entregadores. Essa cobertura dever\u00e1 contemplar despesas m\u00e9dicas, hospitalares, odontol\u00f3gicas, casos de invalidez permanente total ou parcial e morte acidental.<br \/>\nSegundo Fabiano Contarato, essas empresas \u2014 como UBER Eats e iFood \u2014 movimentam quantias bilion\u00e1rias. Ele tamb\u00e9m ressalta que, de acordo com o Instituto de Pesquisa Econ\u00f4mica Aplicada (Ipea), o n\u00famero de entregadores por aplicativo no pa\u00eds cresceu 104,2% em 2018, \u201cdevido ao forte desemprego que atemoriza a sociedade brasileira\u201d.<br \/>\n\u2014 Entretanto, \u00e9 necess\u00e1rio lembrar que h\u00e1 retrocessos de ordem social que deveriam preocupar toda a coletividade. Por exemplo, nesse novo modelo econ\u00f4mico, o que ocorre com a entregadora que utiliza sua bicicleta para trabalhar e engravida, chegando a um est\u00e1gio da gravidez em que n\u00e3o pode fazer grandes esfor\u00e7os f\u00edsicos, ou com a trabalhadora que est\u00e1 com um filho rec\u00e9m-nascido que demanda muitos cuidados e amamenta\u00e7\u00e3o? \u2014 questiona o senador.<br \/>\nAl\u00e9m disso, o senador cita outro dado: s\u00f3 na cidade de S\u00e3o Paulo, as mortes de ciclistas cresceram 64% em 2019, de acordo com o Sistema de Informa\u00e7\u00f5es Gerenciais de Acidentes de Tr\u00e2nsito de S\u00e3o Paulo (Infosiga), fato que o \u00f3rg\u00e3o relaciona ao aumento de entregadores em bicicletas.<br \/>\nO projeto de Contarato tamb\u00e9m determina que a cobertura do seguro deve abranger todo o trajeto de ida ao trabalho e de volta \u00e0 resid\u00eancia do entregador.<br \/>\nO texto est\u00e1 com o prazo para apresenta\u00e7\u00e3o de emendas aberto na CAS. Ap\u00f3s seu tr\u00e2mite nessa comiss\u00e3o, a decis\u00e3o da comiss\u00e3o seguinte (CAE) ter\u00e1 car\u00e1ter terminativo, ou seja, se n\u00e3o houver recursos para vota\u00e7\u00e3o no Plen\u00e1rio do Senado, seguir\u00e1 diretamente para exame na C\u00e2mara dos Deputados.<br \/>\nFonte: Ag\u00eancia Senado<\/p>\n","protected":false},"excerpt":{"rendered":"<p>Pedro Fran\u00e7a\/Ag\u00eancia Senado Chegou \u00e0 Comiss\u00e3o de Assuntos Sociais (CAS) o Projeto de Lei (PL)&#8230;<\/p>\n","protected":false},"author":1,"featured_media":11041,"comment_status":"open","ping_status":"open","sticky":false,"template":"","format":"standard","meta":{"_jetpack_memberships_contains_paid_content":false,"footnotes":"","jetpack_publicize_message":"","jetpack_publicize_feature_enabled":true,"jetpack_social_post_already_shared":true,"jetpack_social_options":{"image_generator_settings":{"template":"highway","default_image_id":0,"font":"","enabled":false},"version":2}},"categories":[1],"tags":[],"class_list":["post-11040","post","type-post","status-publish","format-standard","has-post-thumbnail","hentry","category-atualidade"],"jetpack_publicize_connections":[],"jetpack_featured_media_url":"https:\/\/correiodasemana.com\/site\/wp-content\/uploads\/2020\/03\/imagem_materia.jpg","jetpack-related-posts":[{"id":19694,"url":"https:\/\/correiodasemana.com\/site\/piso-salarial-para-enfermeiros-e-aprovado-no-congresso-nacional\/","url_meta":{"origin":11040,"position":0},"title":"Piso salarial para enfermeiros \u00e9 aprovado no congresso nacional","author":"","date":"Maio 8, 2022","format":false,"excerpt":"Considerados verdadeiros anjos e her\u00f3is na pandemia, os enfermeiros agora ter\u00e3o seus esfor\u00e7os reconhecidos, atrav\u00e9s da conquista de um piso salarial de R$ 4.750,00, que ser\u00e1 pago nacionalmente pelos servi\u00e7os de sa\u00fade p\u00fablicos e privados. O projeto foi aprovado ontem (04\/05), por ampla maioria em sess\u00e3o solene no Plen\u00e1rio da\u2026","rel":"","context":"In &quot;Atualidade&quot;","block_context":{"text":"Atualidade","link":"https:\/\/correiodasemana.com\/site\/category\/atualidade\/"},"img":{"alt_text":"","src":"https:\/\/i0.wp.com\/correiodasemana.com\/site\/wp-content\/uploads\/2022\/05\/enfermagem.jpg?resize=350%2C200&ssl=1","width":350,"height":200,"srcset":"https:\/\/i0.wp.com\/correiodasemana.com\/site\/wp-content\/uploads\/2022\/05\/enfermagem.jpg?resize=350%2C200&ssl=1 1x, https:\/\/i0.wp.com\/correiodasemana.com\/site\/wp-content\/uploads\/2022\/05\/enfermagem.jpg?resize=525%2C300&ssl=1 1.5x, https:\/\/i0.wp.com\/correiodasemana.com\/site\/wp-content\/uploads\/2022\/05\/enfermagem.jpg?resize=700%2C400&ssl=1 2x"},"classes":[]},{"id":14460,"url":"https:\/\/correiodasemana.com\/site\/pl-sobre-privatizacao-dos-correios-pode-resultar-em-nova-agencia-reguladora\/","url_meta":{"origin":11040,"position":1},"title":"PL sobre privatiza\u00e7\u00e3o dos Correios pode resultar em nova ag\u00eancia reguladora","author":"","date":"Novembro 9, 2020","format":false,"excerpt":"O governo federal est\u00e1 produzindo ajustes no projeto de privatiza\u00e7\u00e3o da\u00a0Empresa de Correios e Tel\u00e9grafos\u00a0(ECT), estatal respons\u00e1vel por correspond\u00eancias e entregas em todos os 5.570 munic\u00edpios brasileiros. A proposta, gestada no Minist\u00e9rio da Economia e modificada pelo Minist\u00e9rio das Comunica\u00e7\u00f5es, foi encaminhada \u00e0 Subchefia de Assuntos Jur\u00eddicos (SAJ) do Pal\u00e1cio\u2026","rel":"","context":"In &quot;Atualidade&quot;","block_context":{"text":"Atualidade","link":"https:\/\/correiodasemana.com\/site\/category\/atualidade\/"},"img":{"alt_text":"","src":"https:\/\/i0.wp.com\/correiodasemana.com\/site\/wp-content\/uploads\/2020\/11\/ffraz_abr_18091923263-750x430-1.jpg?resize=350%2C200&ssl=1","width":350,"height":200,"srcset":"https:\/\/i0.wp.com\/correiodasemana.com\/site\/wp-content\/uploads\/2020\/11\/ffraz_abr_18091923263-750x430-1.jpg?resize=350%2C200&ssl=1 1x, https:\/\/i0.wp.com\/correiodasemana.com\/site\/wp-content\/uploads\/2020\/11\/ffraz_abr_18091923263-750x430-1.jpg?resize=525%2C300&ssl=1 1.5x, https:\/\/i0.wp.com\/correiodasemana.com\/site\/wp-content\/uploads\/2020\/11\/ffraz_abr_18091923263-750x430-1.jpg?resize=700%2C400&ssl=1 2x"},"classes":[]},{"id":28480,"url":"https:\/\/correiodasemana.com\/site\/senado-aprova-fim-da-saidinha-de-presos\/","url_meta":{"origin":11040,"position":2},"title":"Senado aprova fim da \u201csaidinha\u201d de presos\u00a0","author":"adminredacao","date":"Fevereiro 27, 2024","format":false,"excerpt":"Projeto ter\u00e1 de analisado novamente pela C\u00e2mara dos Deputados Por Sabrina Craide - Rep\u00f3rter da Ag\u00eancia Brasil\u00a0 - Bras\u00edlia O Senado aprovou nesta ter\u00e7a-feira (20) o projeto de lei que acaba com as sa\u00eddas tempor\u00e1rias de presos em feriados e datas comemorativas, mas mant\u00e9m a autoriza\u00e7\u00e3o para que detentos em\u2026","rel":"","context":"In &quot;Atualidade&quot;","block_context":{"text":"Atualidade","link":"https:\/\/correiodasemana.com\/site\/category\/atualidade\/"},"img":{"alt_text":"","src":"https:\/\/i0.wp.com\/correiodasemana.com\/site\/wp-content\/uploads\/2024\/02\/9286891331aabd19b44e1a8c612821f5.jpg?resize=350%2C200&ssl=1","width":350,"height":200,"srcset":"https:\/\/i0.wp.com\/correiodasemana.com\/site\/wp-content\/uploads\/2024\/02\/9286891331aabd19b44e1a8c612821f5.jpg?resize=350%2C200&ssl=1 1x, https:\/\/i0.wp.com\/correiodasemana.com\/site\/wp-content\/uploads\/2024\/02\/9286891331aabd19b44e1a8c612821f5.jpg?resize=525%2C300&ssl=1 1.5x, https:\/\/i0.wp.com\/correiodasemana.com\/site\/wp-content\/uploads\/2024\/02\/9286891331aabd19b44e1a8c612821f5.jpg?resize=700%2C400&ssl=1 2x"},"classes":[]},{"id":12036,"url":"https:\/\/correiodasemana.com\/site\/guedes-entrega-hoje-ao-congresso-proposta-de-reforma-tributaria\/","url_meta":{"origin":11040,"position":3},"title":"Guedes entrega hoje ao Congresso proposta de reforma tribut\u00e1ria","author":"","date":"Julho 21, 2020","format":false,"excerpt":"Texto ser\u00e1 entregue aos presidentes do Senado e da C\u00e2mara \u00e0s 14h O ministro da Economia, Paulo Guedes, entrega ao Congresso Nacional na tarde de hoje\u00a0(21) a proposta de reforma tribut\u00e1ria. O texto ser\u00e1 entregue aos presidentes do Senado, Davi Alcolumbre, e da C\u00e2mara dos Deputados, Rodrigo Maia, \u00e0s 14h30,\u2026","rel":"","context":"In &quot;Atualidade&quot;","block_context":{"text":"Atualidade","link":"https:\/\/correiodasemana.com\/site\/category\/atualidade\/"},"img":{"alt_text":"","src":"https:\/\/i0.wp.com\/correiodasemana.com\/site\/wp-content\/uploads\/2020\/07\/caica_economia_0304201596.jpg?resize=350%2C200&ssl=1","width":350,"height":200,"srcset":"https:\/\/i0.wp.com\/correiodasemana.com\/site\/wp-content\/uploads\/2020\/07\/caica_economia_0304201596.jpg?resize=350%2C200&ssl=1 1x, https:\/\/i0.wp.com\/correiodasemana.com\/site\/wp-content\/uploads\/2020\/07\/caica_economia_0304201596.jpg?resize=525%2C300&ssl=1 1.5x, https:\/\/i0.wp.com\/correiodasemana.com\/site\/wp-content\/uploads\/2020\/07\/caica_economia_0304201596.jpg?resize=700%2C400&ssl=1 2x, https:\/\/i0.wp.com\/correiodasemana.com\/site\/wp-content\/uploads\/2020\/07\/caica_economia_0304201596.jpg?resize=1050%2C600&ssl=1 3x"},"classes":[]},{"id":27749,"url":"https:\/\/correiodasemana.com\/site\/comissao-do-senado-aprova-reducao-de-jornada-sem-corte-no-salario\/","url_meta":{"origin":11040,"position":4},"title":"Comiss\u00e3o do Senado aprova redu\u00e7\u00e3o de jornada sem corte no sal\u00e1rio","author":"adminredacao","date":"Dezembro 19, 2023","format":false,"excerpt":"Medida n\u00e3o se aplica a regime parcial de trabalho Por Lucas Pordeus Le\u00f3n \u2013 Rep\u00f3rter da Ag\u00eancia Brasil - Bras\u00edlia A Comiss\u00e3o de Assuntos Sociais (CAS) do Senado aprovou, nesta ter\u00e7a-feira (12), por 10 votos contra 2, projeto de lei que permite a redu\u00e7\u00e3o da jornada de trabalho sem diminuir\u2026","rel":"","context":"In &quot;Atualidade&quot;","block_context":{"text":"Atualidade","link":"https:\/\/correiodasemana.com\/site\/category\/atualidade\/"},"img":{"alt_text":"","src":"https:\/\/i0.wp.com\/correiodasemana.com\/site\/wp-content\/uploads\/2023\/12\/Jornal-Correio-da-Semana-No-998-Valendo.jpg?resize=350%2C200&ssl=1","width":350,"height":200,"srcset":"https:\/\/i0.wp.com\/correiodasemana.com\/site\/wp-content\/uploads\/2023\/12\/Jornal-Correio-da-Semana-No-998-Valendo.jpg?resize=350%2C200&ssl=1 1x, https:\/\/i0.wp.com\/correiodasemana.com\/site\/wp-content\/uploads\/2023\/12\/Jornal-Correio-da-Semana-No-998-Valendo.jpg?resize=525%2C300&ssl=1 1.5x"},"classes":[]},{"id":9700,"url":"https:\/\/correiodasemana.com\/site\/a-privatizacao-dos-correios-foi-um-dos-assuntos-em-pauta-na-sessao-da-camara-municipal\/","url_meta":{"origin":11040,"position":5},"title":"A privatiza\u00e7\u00e3o dos Correios foi um dos assuntos em pauta na sess\u00e3o da C\u00e2mara Municipal","author":"","date":"Novembro 4, 2019","format":false,"excerpt":"A C\u00e2mara Municipal de Sobral realizou na tarde dessa ter\u00e7a-feira (29) uma sess\u00e3o ordin\u00e1ria. Entre os temas debatidos entrou em pauta o atual cen\u00e1rio dos Correios. A sess\u00e3o contou com 15 vereadores, trabalhadores dos Correios, e foi aberta ao p\u00fablico. O Sindicato dos Trabalhadores em Correios, Tel\u00e9grafos e Similares do\u2026","rel":"","context":"In &quot;Atualidade&quot;","block_context":{"text":"Atualidade","link":"https:\/\/correiodasemana.com\/site\/category\/atualidade\/"},"img":{"alt_text":"","src":"","width":0,"height":0},"classes":[]}],"jetpack_sharing_enabled":true,"_links":{"self":[{"href":"https:\/\/correiodasemana.com\/site\/wp-json\/wp\/v2\/posts\/11040","targetHints":{"allow":["GET"]}}],"collection":[{"href":"https:\/\/correiodasemana.com\/site\/wp-json\/wp\/v2\/posts"}],"about":[{"href":"https:\/\/correiodasemana.com\/site\/wp-json\/wp\/v2\/types\/post"}],"author":[{"embeddable":true,"href":"https:\/\/correiodasemana.com\/site\/wp-json\/wp\/v2\/users\/1"}],"replies":[{"embeddable":true,"href":"https:\/\/correiodasemana.com\/site\/wp-json\/wp\/v2\/comments?post=11040"}],"version-history":[{"count":1,"href":"https:\/\/correiodasemana.com\/site\/wp-json\/wp\/v2\/posts\/11040\/revisions"}],"predecessor-version":[{"id":11042,"href":"https:\/\/correiodasemana.com\/site\/wp-json\/wp\/v2\/posts\/11040\/revisions\/11042"}],"wp:featuredmedia":[{"embeddable":true,"href":"https:\/\/correiodasemana.com\/site\/wp-json\/wp\/v2\/media\/11041"}],"wp:attachment":[{"href":"https:\/\/correiodasemana.com\/site\/wp-json\/wp\/v2\/media?parent=11040"}],"wp:term":[{"taxonomy":"category","embeddable":true,"href":"https:\/\/correiodasemana.com\/site\/wp-json\/wp\/v2\/categories?post=11040"},{"taxonomy":"post_tag","embeddable":true,"href":"https:\/\/correiodasemana.com\/site\/wp-json\/wp\/v2\/tags?post=11040"}],"curies":[{"name":"wp","href":"https:\/\/api.w.org\/{rel}","templated":true}]}}