{"id":11043,"date":"2020-03-02T04:57:49","date_gmt":"2020-03-02T04:57:49","guid":{"rendered":"https:\/\/correiodasemana.com\/site\/?p=11043"},"modified":"2020-03-02T04:57:49","modified_gmt":"2020-03-02T04:57:49","slug":"panorama-politico-32","status":"publish","type":"post","link":"https:\/\/correiodasemana.com\/site\/panorama-politico-32\/","title":{"rendered":"Panorama Pol\u00edtico"},"content":{"rendered":"<p><strong>Coleta seletiva ser\u00e1 implantada em todo o munic\u00edpio de Sobral em 2020<\/strong><br \/>\nAconteceu em Sobral, Audi\u00eancia P\u00fablica \u201cColeta Seletiva \u00e9 Legal\u201d, momento de apresenta\u00e7\u00e3o da pol\u00edtica municipal de Res\u00edduos S\u00f3lidos no Centro de Conven\u00e7\u00f5es. Quando foi discutida a futura implanta\u00e7\u00e3o da coleta seletiva no munic\u00edpio de Sobral que deve ocorrer ainda este ano. O evento teve a realiza\u00e7\u00e3o do Minist\u00e9rio P\u00fablico de Sobral com apoio da prefeitura. O objetivo do encontro foi esclarecer e conscientizar sobre a import\u00e2ncia do cumprimento da lei municipal e os impactos dela no trabalho dos catadores. Os participantes que integram a gest\u00e3o municipal falaram ainda sobre a coleta seletiva praticada nos distritos de Aracatia\u00e7u e sobre o projeto piloto previsto para o Bairro Sinh\u00e1 Sab\u00f3ia, a partir do in\u00edcio de funcionamento da central municipal de res\u00edduos.<\/p>\n<p><strong>Vereador Joaquim Feij\u00e3o solicita a constru\u00e7\u00e3o de uma creche em Olho d\u2019\u00e1gua do Paj\u00e9<\/strong><br \/>\nO vereador Joaquim Feij\u00e3o (PDT, apresentou no Plen\u00e1rio 05 de Julho, diversos requerimentos, projetos e indica\u00e7\u00f5es, solicitando benfeitoria para o povo de Sobral e distritos. Atrav\u00e9s de projeto de lei, denomina oficialmente de Francisco Irac\u00e9lio de Sousa, o campo de futebol localizado no distrito de Bonfim. Joaquim indica a reforma da Pra\u00e7a localizada na Rua Dr. Monte, incluindo Parque Infantil e Academia de Sa\u00fade no Bairro Campo dos Velhos. Indica ainda a constru\u00e7\u00e3o de uma parada de \u00f4nibus na entrada da localidade de Emasa no distrito de Aracatia\u00e7u. Pede tamb\u00e9m a constru\u00e7\u00e3o de uma creche na localidade de Olho d\u2019\u00e1gua do Paj\u00e9, em distrito de Bilheira. Joaquim pede pavimenta\u00e7\u00e3o asf\u00e1ltica na estrada do Setor VI (Serrote do Piaba) no distrito de Bonfim.<\/p>\n<p><strong>Vereador Chico Joia solicita benef\u00edcios para o povo de Sobral e distritos<\/strong><br \/>\nO vereador do PDT &#8211; Chico Joia, apresentou no Plen\u00e1rio da C\u00e2mara Municipal diversos projetos e requerimentos solicitando benef\u00edcios para o povo de Sobral e distritos. Atrav\u00e9s de projeto de lei, regulamenta no \u00e2mbito do munic\u00edpio de Sobral a fiscaliza\u00e7\u00e3o das profiss\u00f5es e guardadores e lavadores aut\u00f4nomos de ve\u00edculos automotores conhecidos como \u201cFlanelinhas\u201d e autoriza ao poder p\u00fablico firmar conv\u00eanio com a delegacia regional do trabalho para fins da lei federal n\u00ba 6.242 de 23\/09\/1975. Em outro projeto de lei, disp\u00f5e sobre a proibi\u00e7\u00e3o de celebrar ou prorrogar contratos com pessoas que tenha parentesco at\u00e9 3\u00ba grau com prefeito, vice-prefeito, vereadores e ocupantes de cargos em comiss\u00e3o. Em projeto de indica\u00e7\u00e3o, Joia, disp\u00f5e sobre a doa\u00e7\u00e3o de pr\u00f3teses dent\u00e1rias, (quando necess\u00e1ria) nos atendimentos odontol\u00f3gicos nos CSF\u2019s (Centro de Sa\u00fade da Fam\u00edlia) no munic\u00edpio de Sobral.<\/p>\n<p><strong>Vereador Carlos do Calisto requer a constru\u00e7\u00e3o de uma pra\u00e7a na localidade de Cedro &#8211; Jaibaras<\/strong><br \/>\nPreocupado com o bem-estar da popula\u00e7\u00e3o de Sobral e distritos, o vereador Carlos do Calisto, apresentou no Plen\u00e1rio da casa do povo, v\u00e1rios requerimentos e indica\u00e7\u00f5es solicitando benef\u00edcios importantes para a popula\u00e7\u00e3o de Sobral e distritos. Atrav\u00e9s de indica\u00e7\u00e3o, Calisto, solicitou a constru\u00e7\u00e3o de uma Pra\u00e7a na localidade de Cedro, distrito de Jaibaras. Indica com urg\u00eancia um tratamento superficial simples com investimento constitu\u00eddo de material asf\u00e1ltico aplicado em uma s\u00f3 camada na estrada Diogo Justino da Costa iniciando na CE El\u00edsio Aguar at\u00e9 a localidade de Macap\u00e1, distrito de Jaibaras. Calisto pede tamb\u00e9m a reforma do cal\u00e7amento em frente \u00e0 escola do anexo Aires de Sousa &#8211; Jaibaras. Atrav\u00e9s de projeto de decreto legislativo o presidente da c\u00e2mara municipal de Sobral, Carlos do Calisto, outorga o titulo de cidadania sobralense ao senhor Cleiton Alves de Melo.<\/p>\n","protected":false},"excerpt":{"rendered":"<p>Coleta seletiva ser\u00e1 implantada em todo o munic\u00edpio de Sobral em 2020 Aconteceu em Sobral,&#8230;<\/p>\n","protected":false},"author":1,"featured_media":9285,"comment_status":"open","ping_status":"open","sticky":false,"template":"","format":"standard","meta":{"_jetpack_memberships_contains_paid_content":false,"footnotes":"","jetpack_publicize_message":"","jetpack_publicize_feature_enabled":true,"jetpack_social_post_already_shared":true,"jetpack_social_options":{"image_generator_settings":{"template":"highway","default_image_id":0,"font":"","enabled":false},"version":2}},"categories":[11,46],"tags":[],"class_list":["post-11043","post","type-post","status-publish","format-standard","has-post-thumbnail","hentry","category-artigos","category-panorama-politico"],"jetpack_publicize_connections":[],"jetpack_featured_media_url":"https:\/\/correiodasemana.com\/site\/wp-content\/uploads\/2019\/09\/camara-de-sobral.jpeg","jetpack-related-posts":[{"id":11052,"url":"https:\/\/correiodasemana.com\/site\/coleta-seletiva-sera-implantada-em-todo-o-municipio-de-sobral-em-2020\/","url_meta":{"origin":11043,"position":0},"title":"Coleta seletiva ser\u00e1 implantada em todo o munic\u00edpio de Sobral em 2020","author":"","date":"Mar\u00e7o 2, 2020","format":false,"excerpt":"Aconteceu nesta quarta-feira (19\/02) a audi\u00eancia p\u00fablica \u201cColeta Seletiva \u00e9 Legal\u201d, momento de apresenta\u00e7\u00e3o da Pol\u00edtica Municipal de Res\u00edduos S\u00f3lidos (Lei n\u00ba 1789\/18). No Centro de Conven\u00e7\u00f5es, foi discutida a futura implementa\u00e7\u00e3o da coleta seletiva no munic\u00edpio de Sobral, que deve ocorrer ainda neste ano. O evento teve a realiza\u00e7\u00e3o\u2026","rel":"","context":"In &quot;Atualidade&quot;","block_context":{"text":"Atualidade","link":"https:\/\/correiodasemana.com\/site\/category\/atualidade\/"},"img":{"alt_text":"","src":"https:\/\/i0.wp.com\/correiodasemana.com\/site\/wp-content\/uploads\/2020\/03\/z25.jpg?resize=350%2C200&ssl=1","width":350,"height":200,"srcset":"https:\/\/i0.wp.com\/correiodasemana.com\/site\/wp-content\/uploads\/2020\/03\/z25.jpg?resize=350%2C200&ssl=1 1x, https:\/\/i0.wp.com\/correiodasemana.com\/site\/wp-content\/uploads\/2020\/03\/z25.jpg?resize=525%2C300&ssl=1 1.5x, https:\/\/i0.wp.com\/correiodasemana.com\/site\/wp-content\/uploads\/2020\/03\/z25.jpg?resize=700%2C400&ssl=1 2x, https:\/\/i0.wp.com\/correiodasemana.com\/site\/wp-content\/uploads\/2020\/03\/z25.jpg?resize=1050%2C600&ssl=1 3x"},"classes":[]},{"id":8690,"url":"https:\/\/correiodasemana.com\/site\/sinha-saboia-cohab-i-e-ii-receberao-projeto-piloto-de-implantacao-da-coleta-seletiva\/","url_meta":{"origin":11043,"position":1},"title":"Sinh\u00e1 Saboia, Cohab I e II receber\u00e3o projeto-piloto de implanta\u00e7\u00e3o da coleta seletiva","author":"","date":"Agosto 17, 2019","format":false,"excerpt":"Na tarde desta quarta-feira (07\/08), o prefeito Ivo Gomes conheceu a proposta do projeto de implanta\u00e7\u00e3o da coleta seletiva em Sobral, que tem como objetivo dar uma destina\u00e7\u00e3o adequada para o lixo dom\u00e9stico. Essa \u00e9 uma das a\u00e7\u00f5es da nova Pol\u00edtica de Res\u00edduos S\u00f3lidos no munic\u00edpio. Durante a reuni\u00e3o, que\u2026","rel":"","context":"In &quot;Atualidade&quot;","block_context":{"text":"Atualidade","link":"https:\/\/correiodasemana.com\/site\/category\/atualidade\/"},"img":{"alt_text":"","src":"https:\/\/i0.wp.com\/correiodasemana.com\/site\/wp-content\/uploads\/2019\/08\/LIXO.jpg?resize=350%2C200&ssl=1","width":350,"height":200,"srcset":"https:\/\/i0.wp.com\/correiodasemana.com\/site\/wp-content\/uploads\/2019\/08\/LIXO.jpg?resize=350%2C200&ssl=1 1x, https:\/\/i0.wp.com\/correiodasemana.com\/site\/wp-content\/uploads\/2019\/08\/LIXO.jpg?resize=525%2C300&ssl=1 1.5x, https:\/\/i0.wp.com\/correiodasemana.com\/site\/wp-content\/uploads\/2019\/08\/LIXO.jpg?resize=700%2C400&ssl=1 2x, https:\/\/i0.wp.com\/correiodasemana.com\/site\/wp-content\/uploads\/2019\/08\/LIXO.jpg?resize=1050%2C600&ssl=1 3x"},"classes":[]},{"id":18374,"url":"https:\/\/correiodasemana.com\/site\/catadores-de-reciclaveis-da-cmr-sao-capacitados-pelo-ifce-de-sobral\/","url_meta":{"origin":11043,"position":2},"title":"Catadores de recicl\u00e1veis da CMR s\u00e3o capacitados pelo IFCE de Sobral","author":"","date":"Dezembro 20, 2021","format":false,"excerpt":"Por Samuel Carvalho Reda\u00e7\u00e3o Correio da Semana Catadores de materiais recicl\u00e1veis que est\u00e3o operando na primeira Central Municipal de Reciclagem (CMR) de Sobral receberam capacita\u00e7\u00e3o do Instituto Federal do Cear\u00e1 (IFCE).A a\u00e7\u00e3o faz parte de um projeto de extens\u00e3o coordenado pela t\u00e9cnica de laborat\u00f3rio do Eixo Ambiente, Sa\u00fade e Seguran\u00e7a,\u2026","rel":"","context":"In &quot;Atualidade&quot;","block_context":{"text":"Atualidade","link":"https:\/\/correiodasemana.com\/site\/category\/atualidade\/"},"img":{"alt_text":"","src":"https:\/\/i0.wp.com\/correiodasemana.com\/site\/wp-content\/uploads\/2020\/11\/IFCE-1024x768-1.jpg?resize=350%2C200&ssl=1","width":350,"height":200,"srcset":"https:\/\/i0.wp.com\/correiodasemana.com\/site\/wp-content\/uploads\/2020\/11\/IFCE-1024x768-1.jpg?resize=350%2C200&ssl=1 1x, https:\/\/i0.wp.com\/correiodasemana.com\/site\/wp-content\/uploads\/2020\/11\/IFCE-1024x768-1.jpg?resize=525%2C300&ssl=1 1.5x, https:\/\/i0.wp.com\/correiodasemana.com\/site\/wp-content\/uploads\/2020\/11\/IFCE-1024x768-1.jpg?resize=700%2C400&ssl=1 2x"},"classes":[]},{"id":16553,"url":"https:\/\/correiodasemana.com\/site\/acoes-operacionais-do-centro-municipal-de-residuos-de-sobral-sao-iniciadas\/","url_meta":{"origin":11043,"position":3},"title":"A\u00e7\u00f5es operacionais do Centro Municipal de Res\u00edduos de Sobral s\u00e3o iniciadas","author":"","date":"Maio 24, 2021","format":false,"excerpt":"Por Samuel Carvalho - Reda\u00e7\u00e3o Correio da Semana A Secretaria da Conserva\u00e7\u00e3o e Servi\u00e7os P\u00fablicos de Sobral (SCSP) iniciou noa segunda-feira (17), data em que se comemorou o Dia Internacional da Reciclagem as atividades operacionais do Central Municipal de Res\u00edduos (CMR) do Sinh\u00e1 Sab\u00f3ia. O equipamento tem parceria com a\u2026","rel":"","context":"In &quot;Atualidade&quot;","block_context":{"text":"Atualidade","link":"https:\/\/correiodasemana.com\/site\/category\/atualidade\/"},"img":{"alt_text":"","src":"https:\/\/i0.wp.com\/correiodasemana.com\/site\/wp-content\/uploads\/2021\/05\/IMG-20180921-WA0006-768x432-1.jpg?resize=350%2C200&ssl=1","width":350,"height":200,"srcset":"https:\/\/i0.wp.com\/correiodasemana.com\/site\/wp-content\/uploads\/2021\/05\/IMG-20180921-WA0006-768x432-1.jpg?resize=350%2C200&ssl=1 1x, https:\/\/i0.wp.com\/correiodasemana.com\/site\/wp-content\/uploads\/2021\/05\/IMG-20180921-WA0006-768x432-1.jpg?resize=525%2C300&ssl=1 1.5x, https:\/\/i0.wp.com\/correiodasemana.com\/site\/wp-content\/uploads\/2021\/05\/IMG-20180921-WA0006-768x432-1.jpg?resize=700%2C400&ssl=1 2x"},"classes":[]},{"id":19991,"url":"https:\/\/correiodasemana.com\/site\/prefeitura-de-sobral-implantara-coleta-seletiva\/","url_meta":{"origin":11043,"position":4},"title":"Prefeitura de Sobral implantar\u00e1 coleta seletiva","author":"","date":"Junho 6, 2022","format":false,"excerpt":"A Prefeitura de Sobral e a Ag\u00eancia Municipal do Meio Ambiente (AMA) receberam as primeiras Ilhas Ecol\u00f3gicas do munic\u00edpio. Iniciativa do programa de coleta seletiva \u201cRecicla Sol\u201d, a estrutura receber\u00e1 nos pr\u00f3ximos dias materiais como papel, pl\u00e1stico, metal e vidro (que deve ser armazenado em uma garrafa pet, caso esteja\u2026","rel":"","context":"In &quot;Atualidade&quot;","block_context":{"text":"Atualidade","link":"https:\/\/correiodasemana.com\/site\/category\/atualidade\/"},"img":{"alt_text":"","src":"https:\/\/i0.wp.com\/correiodasemana.com\/site\/wp-content\/uploads\/2022\/06\/285421976_384855673686835_4707024872788091231_n.jpg?resize=350%2C200&ssl=1","width":350,"height":200,"srcset":"https:\/\/i0.wp.com\/correiodasemana.com\/site\/wp-content\/uploads\/2022\/06\/285421976_384855673686835_4707024872788091231_n.jpg?resize=350%2C200&ssl=1 1x, https:\/\/i0.wp.com\/correiodasemana.com\/site\/wp-content\/uploads\/2022\/06\/285421976_384855673686835_4707024872788091231_n.jpg?resize=525%2C300&ssl=1 1.5x, https:\/\/i0.wp.com\/correiodasemana.com\/site\/wp-content\/uploads\/2022\/06\/285421976_384855673686835_4707024872788091231_n.jpg?resize=700%2C400&ssl=1 2x"},"classes":[]},{"id":24232,"url":"https:\/\/correiodasemana.com\/site\/coleta-seletiva-em-sobral-ganha-reforco-da-universidade-de-lisboa-termo-de-cooperacao-foi-assinado-entre-escola-estadual-com-apoio-da-prefeitura\/","url_meta":{"origin":11043,"position":5},"title":"Coleta seletiva em Sobral ganha refor\u00e7o da Universidade de Lisboa; termo de coopera\u00e7\u00e3o foi assinado entre escola estadual com apoio da Prefeitura","author":"adminredacao","date":"Abril 24, 2023","format":false,"excerpt":"A equipe t\u00e9cnica da Secretaria da Conserva\u00e7\u00e3o e Servi\u00e7os P\u00fablicos de Sobral (Sesep) participou, nesta quarta-feira (12\/04), da cerim\u00f4nia de assinatura do acordo de coopera\u00e7\u00e3o entre o Instituto de Geografia e Ordenamento do Territ\u00f3rio da Universidade de Lisboa (IGOT-ULisboa) e a Escola de Ensino M\u00e9dio de Tempo Integral Monsenhor Jos\u00e9\u2026","rel":"","context":"In &quot;Atualidade&quot;","block_context":{"text":"Atualidade","link":"https:\/\/correiodasemana.com\/site\/category\/atualidade\/"},"img":{"alt_text":"","src":"https:\/\/i0.wp.com\/correiodasemana.com\/site\/wp-content\/uploads\/2023\/04\/ok_DnaIvonete.jpg?resize=350%2C200&ssl=1","width":350,"height":200,"srcset":"https:\/\/i0.wp.com\/correiodasemana.com\/site\/wp-content\/uploads\/2023\/04\/ok_DnaIvonete.jpg?resize=350%2C200&ssl=1 1x, https:\/\/i0.wp.com\/correiodasemana.com\/site\/wp-content\/uploads\/2023\/04\/ok_DnaIvonete.jpg?resize=525%2C300&ssl=1 1.5x, https:\/\/i0.wp.com\/correiodasemana.com\/site\/wp-content\/uploads\/2023\/04\/ok_DnaIvonete.jpg?resize=700%2C400&ssl=1 2x, https:\/\/i0.wp.com\/correiodasemana.com\/site\/wp-content\/uploads\/2023\/04\/ok_DnaIvonete.jpg?resize=1050%2C600&ssl=1 3x"},"classes":[]}],"jetpack_sharing_enabled":true,"_links":{"self":[{"href":"https:\/\/correiodasemana.com\/site\/wp-json\/wp\/v2\/posts\/11043","targetHints":{"allow":["GET"]}}],"collection":[{"href":"https:\/\/correiodasemana.com\/site\/wp-json\/wp\/v2\/posts"}],"about":[{"href":"https:\/\/correiodasemana.com\/site\/wp-json\/wp\/v2\/types\/post"}],"author":[{"embeddable":true,"href":"https:\/\/correiodasemana.com\/site\/wp-json\/wp\/v2\/users\/1"}],"replies":[{"embeddable":true,"href":"https:\/\/correiodasemana.com\/site\/wp-json\/wp\/v2\/comments?post=11043"}],"version-history":[{"count":1,"href":"https:\/\/correiodasemana.com\/site\/wp-json\/wp\/v2\/posts\/11043\/revisions"}],"predecessor-version":[{"id":11044,"href":"https:\/\/correiodasemana.com\/site\/wp-json\/wp\/v2\/posts\/11043\/revisions\/11044"}],"wp:featuredmedia":[{"embeddable":true,"href":"https:\/\/correiodasemana.com\/site\/wp-json\/wp\/v2\/media\/9285"}],"wp:attachment":[{"href":"https:\/\/correiodasemana.com\/site\/wp-json\/wp\/v2\/media?parent=11043"}],"wp:term":[{"taxonomy":"category","embeddable":true,"href":"https:\/\/correiodasemana.com\/site\/wp-json\/wp\/v2\/categories?post=11043"},{"taxonomy":"post_tag","embeddable":true,"href":"https:\/\/correiodasemana.com\/site\/wp-json\/wp\/v2\/tags?post=11043"}],"curies":[{"name":"wp","href":"https:\/\/api.w.org\/{rel}","templated":true}]}}