{"id":11048,"date":"2020-03-02T04:59:24","date_gmt":"2020-03-02T04:59:24","guid":{"rendered":"https:\/\/correiodasemana.com\/site\/?p=11048"},"modified":"2020-03-02T04:59:24","modified_gmt":"2020-03-02T04:59:24","slug":"politica-em-evidencia-23","status":"publish","type":"post","link":"https:\/\/correiodasemana.com\/site\/politica-em-evidencia-23\/","title":{"rendered":"Pol\u00edtica em Evid\u00eancia"},"content":{"rendered":"<p>O Senador licenciado Cid Gomes (PDT), recebeu alta m\u00e9dica, e j\u00e1 est\u00e1 em sua resid\u00eancia em Fortaleza, onde continuar\u00e1 a sua recupera\u00e7\u00e3o, realizando fisioterapia respirat\u00f3ria e uso de antibi\u00f3ticos para melhor a sua capacidade pulmonar.Cid passou por um exame de raio-x e houve confirma\u00e7\u00e3o de dois proj\u00e9teis que est\u00e3o alojados, um na costela e um outro no pulm\u00e3o esquerdo.<\/p>\n<p>O deputado S\u00e9rgio Aguiar (PDT) pediu que os policiais encerrem os motins nos batalh\u00f5es militares e voltem \u00e0s ruas para garantir a seguran\u00e7a da popula\u00e7\u00e3o do Estado.\u00a0\u201cA\u00e7\u00f5es essenciais para a comunidade est\u00e3o deixando de ser executadas por esses policiais e podem resultar em perda de vidas de pessoas inocentes. Conclamo aqueles que os est\u00e3o se manifestando ilegalmente: pensem bem e se importem com o bem-estar da coletividade. Deixem de lado todo e qualquer interesse pol\u00edtico e eleitoreiro para pensar na nossa popula\u00e7\u00e3o.\u201d<\/p>\n<p>Depois do per\u00edodo momino, os vereadores de Sobral voltam as suas atividades legislativas, e de acordo com o radialista e jornalista Oliveira Domingo, a Comiss\u00e3o de \u00c9tica do parlamento municipal poder\u00e1 entrar em campo, e o Sgt. Ailton Marcos, sofrer processo \u201cpor falta de Decoro Parlamentar\u201d. Tudo porque o vereador estava na linha de frente contra Cid, naquela confus\u00e3o no Batalh\u00e3o quando o Senador sofreu dois tiro<\/p>\n<p>O prefeito de Meruoca, Ant\u00f4nio Fonteles, amanheceu na quinta-feira, dia 27 de fevereiro, recebendo liga\u00e7\u00f5es dos familiares, amigos e correligion\u00e1rios, pela passagem de seu anivers\u00e1rio, completando mais um ano de vida.Fonteles aproveitou o dia do seu anivers\u00e1rio, e realizou em sua resid\u00eancia, com a convoca\u00e7\u00e3o dos filiados pelo presidente municipal do PDT de Meruoca, Rubens Lima, e promoveu elei\u00e7\u00e3o do Diret\u00f3rio Pedetista, quando assumiu o comando da sigla, com vistas \u00e0s elei\u00e7\u00f5es de 2020.<\/p>\n<p>A prefeita Monica Aguiar usou a sua p\u00e1gina na rede social para agradecer aos parceiros de sua administra\u00e7\u00e3o, e que contribu\u00edram para o sucesso que foi o Carnaval em Camocim em um clima de muita paz e alegria. \u201cO melhor Carnaval na Rota das Emo\u00e7\u00f5es em Camocim chegou ao fim deixando nossos cora\u00e7\u00f5es repletos de alegria e saudade, e com a certeza de que foi um verdadeiro sucesso.Nosso Carnaval 2020 transcorreu com seguran\u00e7a e paz, e quero fazer um agradecimento todo especial ao Comandante da 3\u2022 Cia do 3\u2022 Batalh\u00e3o Tenente Coronel Eduardo, por todo o apoio e comprometimento, junto aos policiais do Batalh\u00e3o de Camocim\u201d..Escreveu a prefeita Monica.<\/p>\n<p>Prefeito de Alc\u00e2ntaras, Joaquim do Quinca e a secretaria de Educa\u00e7\u00e3o, Charlyne Freire, visitaram\u00a0as localidades de Boa Vista e Cajueiro para entregar mais de 100 kits escolares.Usando as m\u00eddias sociais, Joaquinzim, fez o registro.\u201cJuntamente com a secret\u00e1ria de Educa\u00e7\u00e3o e Cultura, Charlyne Freire, visitando as localidades de Bela Vista e Cajueiro para fazer a entrega de mais de 100 kit escolar para os alunos da educa\u00e7\u00e3o infantil ao fundamental l. Foram entregues mochilas, caderno, l\u00e1pis, borracha, entre outros materiais!\u201d<\/p>\n<p>O deputado federal, Le\u00f4nidas Cristino (PDT) e sua esposa Lily, rodaram v\u00e1rios munic\u00edpios no per\u00edodo do carnaval. Estiveram em Meruoca, com o prefeito Fonteles esua esposa Socorrinha, foram para a Serra da Ibiapaba, Maranguape e Camocim, onde assistiram ao lado da prefeita Monica e do deputado estadual, S\u00e9rgio Aguiar e amigos, o show internacional do DJ Alok, que reuniu mais de 100 mil pessoas na Pra\u00e7a do Odus. Le\u00f4nidas e sua esposa Lily estavam com f\u00f4legos de gato, para aguentar tanta divers\u00e3o.<\/p>\n<p>O Coordenador dos Agentes de Endemias, Dudu Menezes, da prefeitura de massap\u00ea, est\u00e1 intensificando o trabalho com sua equipe na preven\u00e7\u00e3o contra o Mosquito da dengue.Usando as m\u00eddias sociais, Dudu Menezes parabenizou o trabalho dos profissionais de sa\u00fade, que est\u00e3o se desdobrando nas visitas as resid\u00eancias, para combater o Mosquito da Dengue no munic\u00edpio.<\/p>\n<p>Dica do colunista Marcelo Marques. Leia mais em www.politicaemevidencia.com.br<\/p>\n","protected":false},"excerpt":{"rendered":"<p>O Senador licenciado Cid Gomes (PDT), recebeu alta m\u00e9dica, e j\u00e1 est\u00e1 em sua resid\u00eancia&#8230;<\/p>\n","protected":false},"author":1,"featured_media":8594,"comment_status":"open","ping_status":"open","sticky":false,"template":"","format":"standard","meta":{"_jetpack_memberships_contains_paid_content":false,"footnotes":"","jetpack_publicize_message":"","jetpack_publicize_feature_enabled":true,"jetpack_social_post_already_shared":true,"jetpack_social_options":{"image_generator_settings":{"template":"highway","default_image_id":0,"font":"","enabled":false},"version":2}},"categories":[11,48],"tags":[],"class_list":["post-11048","post","type-post","status-publish","format-standard","has-post-thumbnail","hentry","category-artigos","category-politica-em-evidencia"],"jetpack_publicize_connections":[],"jetpack_featured_media_url":"https:\/\/correiodasemana.com\/site\/wp-content\/uploads\/2019\/08\/urna_lecr-e1447217261594.jpg","jetpack-related-posts":[{"id":14181,"url":"https:\/\/correiodasemana.com\/site\/politica-em-evidencia-41\/","url_meta":{"origin":11048,"position":0},"title":"Pol\u00edtica em Evid\u00eancia","author":"","date":"Outubro 20, 2020","format":false,"excerpt":"O vereador e l\u00edder do prefeito Ivo Gomes (PDT) na C\u00e2mara Municipal, Itamar Ribeiro (PDT),\u00a0prop\u00f4s ao presidente do legislativo de Sobral, Carlos do Calisto, a volta dos edis ao plen\u00e1rio 5 de Julho, para que as Sess\u00f5es volte a normalidade. De acordo com Itamar Ribeiro, n\u00e3o tem sentido manter os\u2026","rel":"","context":"In &quot;Artigos&quot;","block_context":{"text":"Artigos","link":"https:\/\/correiodasemana.com\/site\/category\/artigos\/"},"img":{"alt_text":"","src":"","width":0,"height":0},"classes":[]},{"id":17844,"url":"https:\/\/correiodasemana.com\/site\/politica-em-evidencia-82\/","url_meta":{"origin":11048,"position":1},"title":"Pol\u00edtica em Evid\u00eancia","author":"","date":"Outubro 24, 2021","format":false,"excerpt":"O Prefeito de Sobral, Ivo Gomes (PDT), tomou gosto pelo pedal desde a sua segunda campanha pol\u00edtica para a prefeitura municipal, e vem incentivando os sobralenses a utilizarem a bike para buscarem mais sa\u00fade e enfrentarem o dia a dia corrido no munic\u00edpio. Ivo tamb\u00e9m tem procurado em sua administra\u00e7\u00e3o,\u2026","rel":"","context":"In &quot;Artigos&quot;","block_context":{"text":"Artigos","link":"https:\/\/correiodasemana.com\/site\/category\/artigos\/"},"img":{"alt_text":"","src":"","width":0,"height":0},"classes":[]},{"id":16743,"url":"https:\/\/correiodasemana.com\/site\/politica-em-evidencia-65\/","url_meta":{"origin":11048,"position":2},"title":"Pol\u00edtica em Evid\u00eancia","author":"","date":"Junho 14, 2021","format":false,"excerpt":"Depois de um certo tempo havendo somente Sess\u00e3o Ordin\u00e1ria Virtual por conta davpandrmia do coronavirus, presidente da C\u00e2mara de Sobral, Paulo Albuquerque (Paul\u00e3o ), comandou na segunda-feira (7), Sess\u00e3o Hibrida, com edis presentes no plen\u00e1rio 5 de Julho e outros em casa atrav\u00e9s de forma virtual. \u201cAos poucos estamos voltando\u2026","rel":"","context":"In &quot;Artigos&quot;","block_context":{"text":"Artigos","link":"https:\/\/correiodasemana.com\/site\/category\/artigos\/"},"img":{"alt_text":"","src":"","width":0,"height":0},"classes":[]},{"id":17428,"url":"https:\/\/correiodasemana.com\/site\/politica-em-evidencia-75\/","url_meta":{"origin":11048,"position":3},"title":"Pol\u00edtica em Evid\u00eancia","author":"","date":"Setembro 6, 2021","format":false,"excerpt":"A Prefeitura de Sobral divulgou edital para contrata\u00e7\u00e3o tempor\u00e1ria de profissionais\u00a0para as secretarias da Infraestrutura (Seinfra) e do Tr\u00e2nsito e Transportes (Setran). ser\u00e3o 16 vagas para diferentes \u00e1reas (Edital n\u00ba 003 \/2021). As inscri\u00e7\u00f5es come\u00e7aram na segunda-feira (30\/08), e vai prosseguir at\u00e9 o dia 12 de setembro, de forma virtual,\u2026","rel":"","context":"In &quot;Artigos&quot;","block_context":{"text":"Artigos","link":"https:\/\/correiodasemana.com\/site\/category\/artigos\/"},"img":{"alt_text":"","src":"","width":0,"height":0},"classes":[]},{"id":15596,"url":"https:\/\/correiodasemana.com\/site\/politica-em-evidencia-53\/","url_meta":{"origin":11048,"position":4},"title":"Pol\u00edtica em Evid\u00eancia","author":"","date":"Fevereiro 2, 2021","format":false,"excerpt":"O presidente do legislativo de Sobral, Vicente de Paulo (PDT), confirmando ao site \u201cPol\u00edtica em Evid\u00eancia\u201d, que o prefeito Ivo Gomes (PDT) vai est\u00e1 na abertura dos trabalhos da C\u00e2mara Municipal, na pr\u00f3xima ter\u00e7a-feira (2). Disse Paul\u00e3o, que o prefeito confirmou sua presen\u00e7a, nesta Sess\u00e3o Solene, quando falar\u00e1 de suas\u2026","rel":"","context":"In &quot;Artigos&quot;","block_context":{"text":"Artigos","link":"https:\/\/correiodasemana.com\/site\/category\/artigos\/"},"img":{"alt_text":"","src":"","width":0,"height":0},"classes":[]},{"id":15211,"url":"https:\/\/correiodasemana.com\/site\/politica-em-evidencia-50\/","url_meta":{"origin":11048,"position":5},"title":"Pol\u00edtica em Evid\u00eancia","author":"","date":"Dezembro 27, 2020","format":false,"excerpt":"O vereador Vicente de Paulo (Paul\u00e3o -PDT), registrou na segunda-feira (21) no legislativo, a sua chapa para concorrer\u00a0\u00e0 presid\u00eancia da c\u00e2mara de sobral, no dia 1\u00ba de janeiro de 2021.\u00a0Na Chapa registrada pelo Paulo constam os seguintes nomes que far\u00e3o parte da Mesa Diretora para o bi\u00eanio 2021-2022:\u00a0Presidente: Vicente de\u2026","rel":"","context":"In &quot;Artigos&quot;","block_context":{"text":"Artigos","link":"https:\/\/correiodasemana.com\/site\/category\/artigos\/"},"img":{"alt_text":"","src":"","width":0,"height":0},"classes":[]}],"jetpack_sharing_enabled":true,"_links":{"self":[{"href":"https:\/\/correiodasemana.com\/site\/wp-json\/wp\/v2\/posts\/11048","targetHints":{"allow":["GET"]}}],"collection":[{"href":"https:\/\/correiodasemana.com\/site\/wp-json\/wp\/v2\/posts"}],"about":[{"href":"https:\/\/correiodasemana.com\/site\/wp-json\/wp\/v2\/types\/post"}],"author":[{"embeddable":true,"href":"https:\/\/correiodasemana.com\/site\/wp-json\/wp\/v2\/users\/1"}],"replies":[{"embeddable":true,"href":"https:\/\/correiodasemana.com\/site\/wp-json\/wp\/v2\/comments?post=11048"}],"version-history":[{"count":1,"href":"https:\/\/correiodasemana.com\/site\/wp-json\/wp\/v2\/posts\/11048\/revisions"}],"predecessor-version":[{"id":11049,"href":"https:\/\/correiodasemana.com\/site\/wp-json\/wp\/v2\/posts\/11048\/revisions\/11049"}],"wp:featuredmedia":[{"embeddable":true,"href":"https:\/\/correiodasemana.com\/site\/wp-json\/wp\/v2\/media\/8594"}],"wp:attachment":[{"href":"https:\/\/correiodasemana.com\/site\/wp-json\/wp\/v2\/media?parent=11048"}],"wp:term":[{"taxonomy":"category","embeddable":true,"href":"https:\/\/correiodasemana.com\/site\/wp-json\/wp\/v2\/categories?post=11048"},{"taxonomy":"post_tag","embeddable":true,"href":"https:\/\/correiodasemana.com\/site\/wp-json\/wp\/v2\/tags?post=11048"}],"curies":[{"name":"wp","href":"https:\/\/api.w.org\/{rel}","templated":true}]}}