{"id":11050,"date":"2020-03-02T04:59:54","date_gmt":"2020-03-02T04:59:54","guid":{"rendered":"https:\/\/correiodasemana.com\/site\/?p=11050"},"modified":"2020-03-02T05:00:24","modified_gmt":"2020-03-02T05:00:24","slug":"emergencia-da-santa-casa-de-misericordia-de-sobral-realiza-mais-de-500-atendimentos-durante-o-carnaval","status":"publish","type":"post","link":"https:\/\/correiodasemana.com\/site\/emergencia-da-santa-casa-de-misericordia-de-sobral-realiza-mais-de-500-atendimentos-durante-o-carnaval\/","title":{"rendered":"Emerg\u00eancia da Santa Casa de Miseric\u00f3rdia de Sobral realiza mais de 500 atendimentos durante o Carnaval"},"content":{"rendered":"<p>Durante cinco dias o plant\u00e3o de emerg\u00eancia do Carnaval atendeu uma m\u00e9dia de 100 pessoas por dia.<\/p>\n<p>Assessoria de Comunica\u00e7\u00e3o do Complexo SCMS<br \/>\nA Santa Casa de Miseric\u00f3rdia de Sobral (SCMS) realizou, de 22 a 26 de fevereiro, 502 atendimentos de emerg\u00eancia. Acidentes de carro e moto, queda e agress\u00e3o f\u00edsica foram as causas mais comuns de chegadas de pacientes ao hospital, destes, 46,2% oriundos do munic\u00edpio de Sobral, o qual registrou 232 atendimentos. O servi\u00e7o atendeu uma m\u00e9dia de 100 pacientes por dia, durante o per\u00edodo de carnaval at\u00e9 a quarta-feira (26\/02).<br \/>\nEm datas comemorativas e\/ou em per\u00edodo de f\u00e9rias, nas quais a tend\u00eancia \u00e9 de atendimentos e interna\u00e7\u00f5es acima da capacidade, a emerg\u00eancia da Santa Casa prepara-se com anteced\u00eancia visando o melhor e mais r\u00e1pido atendimento de urg\u00eancia com equipes refor\u00e7adas e abastecimento de insumos e medicamentos.<\/p>\n<p>Refer\u00eancia<br \/>\nPor ser refer\u00eancia em traumato-ortopedia na Regi\u00e3o Norte, pacientes dos 55 munic\u00edpios procuram atendimento na Santa Casa de Sobral. Em 2019, o Hospital contabilizou 37.892 atendimentos de emerg\u00eancia. Para atender com agilidade e qualidade, os pacientes atendidos na SCMS passam pelo Acolhimento com Classifica\u00e7\u00e3o de Risco. Para isso e com o intuito de diminuir a fila e o tempo de espera dos pacientes graves, o Hospital implantou o Protocolo Manchester. Entre os objetivos do sistema de Manchester est\u00e1 identificar rapidamente pacientes em risco de morte e a prioridade cl\u00ednica de forma objetiva e sistematizada, de acordo com cores.<br \/>\n\u201cO paciente \u00e9 identificado por meio de pulseiras de cinco cores diferentes, cada uma representando o n\u00edvel de aten\u00e7\u00e3o requerida. A partir do momento que \u00e9 identificado os sintomas dos pacientes, aponta-se a necessidade de atendimento de acordo com o grau de gravidade\u201d, explicou o coordenador m\u00e9dico do servi\u00e7o de Emerg\u00eancia da SCMS, Dr. Mauro Rios.<\/p>\n<p>Classifica\u00e7\u00e3o de Risco no Protocolo Manchester<br \/>\n1. Emerg\u00eancia (vermelho) \u2013 necessitam de atendimento imediato<br \/>\n2. Muito urgente (laranja) \u2013 necessitam de atendimento praticamente imediato<br \/>\n3. Urgente (amarelo) \u2013 necessitam de atendimento r\u00e1pido, mas podem aguardar<br \/>\n4. Pouco urgente (verde) \u2013 podem aguardar atendimento ou serem encaminhados a outros servi\u00e7os de sa\u00fade<br \/>\n5. N\u00e3o urgente (azul) \u2013 podem aguardar atendimento ou serem encaminhados a outros servi\u00e7os de sa\u00fade<\/p>\n","protected":false},"excerpt":{"rendered":"<p>Durante cinco dias o plant\u00e3o de emerg\u00eancia do Carnaval atendeu uma m\u00e9dia de 100 pessoas&#8230;<\/p>\n","protected":false},"author":1,"featured_media":8538,"comment_status":"open","ping_status":"open","sticky":false,"template":"","format":"standard","meta":{"_jetpack_memberships_contains_paid_content":false,"footnotes":"","jetpack_publicize_message":"","jetpack_publicize_feature_enabled":true,"jetpack_social_post_already_shared":true,"jetpack_social_options":{"image_generator_settings":{"template":"highway","default_image_id":0,"font":"","enabled":false},"version":2}},"categories":[3,52],"tags":[],"class_list":["post-11050","post","type-post","status-publish","format-standard","has-post-thumbnail","hentry","category-santa-casa","category-saude"],"jetpack_publicize_connections":[],"jetpack_featured_media_url":"https:\/\/correiodasemana.com\/site\/wp-content\/uploads\/2019\/08\/santa-casa-foto.jpg","jetpack-related-posts":[{"id":19652,"url":"https:\/\/correiodasemana.com\/site\/hospital-do-coracao-de-sobral-firma-convenio-com-municipio-de-marco-para-realizacao-de-cirurgias-eletivas-de-urgencia-e-emergencia\/","url_meta":{"origin":11050,"position":0},"title":"Hospital do Cora\u00e7\u00e3o de Sobral firma conv\u00eanio com munic\u00edpio de Marco para realiza\u00e7\u00e3o de cirurgias eletivas, de urg\u00eancia e emerg\u00eancia","author":"","date":"Maio 1, 2022","format":false,"excerpt":"Conv\u00eanio \u00e9 no valor de R$ 1 milh\u00e3o e busca atender\u00a0demandas reprimidas do SUS. Ascom Complexo SCMS O Hospital do Cora\u00e7\u00e3o de Sobral firmou conv\u00eanio com o munic\u00edpio de Marco para realiza\u00e7\u00e3o de cirurgias eletivas, de urg\u00eancia e emerg\u00eancia, no valor de R$ 1 milh\u00e3o. O termo foi assinado pelo\u2026","rel":"","context":"In &quot;Atualidade&quot;","block_context":{"text":"Atualidade","link":"https:\/\/correiodasemana.com\/site\/category\/atualidade\/"},"img":{"alt_text":"","src":"https:\/\/i0.wp.com\/correiodasemana.com\/site\/wp-content\/uploads\/2022\/05\/encontro-santa-casa-scaled.jpg?resize=350%2C200&ssl=1","width":350,"height":200,"srcset":"https:\/\/i0.wp.com\/correiodasemana.com\/site\/wp-content\/uploads\/2022\/05\/encontro-santa-casa-scaled.jpg?resize=350%2C200&ssl=1 1x, https:\/\/i0.wp.com\/correiodasemana.com\/site\/wp-content\/uploads\/2022\/05\/encontro-santa-casa-scaled.jpg?resize=525%2C300&ssl=1 1.5x, https:\/\/i0.wp.com\/correiodasemana.com\/site\/wp-content\/uploads\/2022\/05\/encontro-santa-casa-scaled.jpg?resize=700%2C400&ssl=1 2x, https:\/\/i0.wp.com\/correiodasemana.com\/site\/wp-content\/uploads\/2022\/05\/encontro-santa-casa-scaled.jpg?resize=1050%2C600&ssl=1 3x, https:\/\/i0.wp.com\/correiodasemana.com\/site\/wp-content\/uploads\/2022\/05\/encontro-santa-casa-scaled.jpg?resize=1400%2C800&ssl=1 4x"},"classes":[]},{"id":13881,"url":"https:\/\/correiodasemana.com\/site\/emergencia-da-santa-casa-de-misericordia-de-sobral-atende-com-agilidade-vitimas-de-acidente-de-transito\/","url_meta":{"origin":11050,"position":1},"title":"Emerg\u00eancia da Santa Casa de Miseric\u00f3rdia de Sobral atende com agilidade v\u00edtimas de acidente de tr\u00e2nsito","author":"","date":"Outubro 4, 2020","format":false,"excerpt":"Acidente registrado na ter\u00e7a-feira (29\/09), envolvendo tr\u00eas ve\u00edculos na CE-179, entre os munic\u00edpios de Sobral e Groa\u00edras deixou 11 v\u00edtimas, que foram encaminhadas para o hospital. ASCOM COMPLEXO SCMS Em apenas 15 minutos o servi\u00e7o de Emerg\u00eancia da Santa Casa de Miseric\u00f3rdia de Sobral conseguiu atender com seguran\u00e7a e agilidade\u2026","rel":"","context":"In &quot;Atualidade&quot;","block_context":{"text":"Atualidade","link":"https:\/\/correiodasemana.com\/site\/category\/atualidade\/"},"img":{"alt_text":"","src":"https:\/\/i0.wp.com\/correiodasemana.com\/site\/wp-content\/uploads\/2020\/10\/Emergencia.jpg?resize=350%2C200&ssl=1","width":350,"height":200,"srcset":"https:\/\/i0.wp.com\/correiodasemana.com\/site\/wp-content\/uploads\/2020\/10\/Emergencia.jpg?resize=350%2C200&ssl=1 1x, https:\/\/i0.wp.com\/correiodasemana.com\/site\/wp-content\/uploads\/2020\/10\/Emergencia.jpg?resize=525%2C300&ssl=1 1.5x"},"classes":[]},{"id":11144,"url":"https:\/\/correiodasemana.com\/site\/servico-de-emergencia-da-santa-casa-de-misericordia-de-sobral-e-beneficiado-com-novos-equipamentos\/","url_meta":{"origin":11050,"position":2},"title":"Servi\u00e7o de Emerg\u00eancia da Santa Casa de Miseric\u00f3rdia de Sobral \u00e9 beneficiado com novos equipamentos","author":"","date":"Mar\u00e7o 9, 2020","format":false,"excerpt":"O Hospital \u00e9 refer\u00eancia em traumato-ortopedia na Regi\u00e3o Norte. Para ofertar melhores condi\u00e7\u00f5es de atendimento aos pacientes, o servi\u00e7o de Emerg\u00eancia da Santa Casa de Miseric\u00f3rdia de Sobral foi beneficiado com novos equipamentos adquiridos com recursos pr\u00f3prios e com apoio financeiro de projetos de pesquisas do Departamento de Ensino, Pesquisa\u2026","rel":"","context":"In &quot;Santa Casa&quot;","block_context":{"text":"Santa Casa","link":"https:\/\/correiodasemana.com\/site\/category\/santa-casa\/"},"img":{"alt_text":"","src":"https:\/\/i0.wp.com\/correiodasemana.com\/site\/wp-content\/uploads\/2020\/03\/batch_Novos-equipamentos-scaled.jpg?resize=350%2C200&ssl=1","width":350,"height":200,"srcset":"https:\/\/i0.wp.com\/correiodasemana.com\/site\/wp-content\/uploads\/2020\/03\/batch_Novos-equipamentos-scaled.jpg?resize=350%2C200&ssl=1 1x, https:\/\/i0.wp.com\/correiodasemana.com\/site\/wp-content\/uploads\/2020\/03\/batch_Novos-equipamentos-scaled.jpg?resize=525%2C300&ssl=1 1.5x, https:\/\/i0.wp.com\/correiodasemana.com\/site\/wp-content\/uploads\/2020\/03\/batch_Novos-equipamentos-scaled.jpg?resize=700%2C400&ssl=1 2x, https:\/\/i0.wp.com\/correiodasemana.com\/site\/wp-content\/uploads\/2020\/03\/batch_Novos-equipamentos-scaled.jpg?resize=1050%2C600&ssl=1 3x, https:\/\/i0.wp.com\/correiodasemana.com\/site\/wp-content\/uploads\/2020\/03\/batch_Novos-equipamentos-scaled.jpg?resize=1400%2C800&ssl=1 4x"},"classes":[]},{"id":10689,"url":"https:\/\/correiodasemana.com\/site\/santa-casa-de-misericordia-de-sobral-realizou-mais-de-5-700-transfusoes-de-sangue-em-2019\/","url_meta":{"origin":11050,"position":3},"title":"Santa Casa de Miseric\u00f3rdia de Sobral realizou mais de 5.700 transfus\u00f5es de sangue em 2019","author":"","date":"Fevereiro 3, 2020","format":false,"excerpt":"Os pacientes atendidos pelos diversos servi\u00e7os oferecidos pela Santa Casa de Miseric\u00f3rdia de Sobral (SCMS) contam com a agilidade e rapidez do Servi\u00e7o de Hemoterapia, uma ag\u00eancia de banco de sangue e seus componentes, abastecidos diretamente pelo Hemoce Em 2019, o Servi\u00e7o de Hemoterapia realizou mais de 5.700 transfus\u00f5es de\u2026","rel":"","context":"In &quot;Santa Casa&quot;","block_context":{"text":"Santa Casa","link":"https:\/\/correiodasemana.com\/site\/category\/santa-casa\/"},"img":{"alt_text":"","src":"https:\/\/i0.wp.com\/correiodasemana.com\/site\/wp-content\/uploads\/2020\/02\/banco.jpg?resize=350%2C200&ssl=1","width":350,"height":200,"srcset":"https:\/\/i0.wp.com\/correiodasemana.com\/site\/wp-content\/uploads\/2020\/02\/banco.jpg?resize=350%2C200&ssl=1 1x, https:\/\/i0.wp.com\/correiodasemana.com\/site\/wp-content\/uploads\/2020\/02\/banco.jpg?resize=525%2C300&ssl=1 1.5x"},"classes":[]},{"id":13245,"url":"https:\/\/correiodasemana.com\/site\/medicos-residentes-e-enfermeiros-da-santa-casa-de-misericordia-de-sobral-participam-de-curso-para-melhorar-atendimento-a-criancas-gravemente-enfermas\/","url_meta":{"origin":11050,"position":4},"title":"M\u00e9dicos, residentes e enfermeiros da Santa Casa de Miseric\u00f3rdia de Sobral participam de curso para melhorar atendimento \u00e0 crian\u00e7as gravemente enfermas","author":"","date":"Agosto 31, 2020","format":false,"excerpt":"Treinamento fornece a atualiza\u00e7\u00e3o de diretrizes para Ressuscita\u00e7\u00e3o Cardiopulmonar (RCP) e Atendimento Cardiovascular de Emerg\u00eancia (ACE) em crian\u00e7as. Ascom Complexo SCMS Visando atualizar e organizar a assist\u00eancia prestada a crian\u00e7as gravemente doentes ou feridas, m\u00e9dicos, residentes e enfermeiros da Santa Casa de Miseric\u00f3rdia de Sobral (SCMS) participaram nos \u00faltimos dias\u2026","rel":"","context":"In &quot;Atualidade&quot;","block_context":{"text":"Atualidade","link":"https:\/\/correiodasemana.com\/site\/category\/atualidade\/"},"img":{"alt_text":"","src":"https:\/\/i0.wp.com\/correiodasemana.com\/site\/wp-content\/uploads\/2020\/08\/PALS-3.jpg?resize=350%2C200&ssl=1","width":350,"height":200,"srcset":"https:\/\/i0.wp.com\/correiodasemana.com\/site\/wp-content\/uploads\/2020\/08\/PALS-3.jpg?resize=350%2C200&ssl=1 1x, https:\/\/i0.wp.com\/correiodasemana.com\/site\/wp-content\/uploads\/2020\/08\/PALS-3.jpg?resize=525%2C300&ssl=1 1.5x, https:\/\/i0.wp.com\/correiodasemana.com\/site\/wp-content\/uploads\/2020\/08\/PALS-3.jpg?resize=700%2C400&ssl=1 2x"},"classes":[]},{"id":9089,"url":"https:\/\/correiodasemana.com\/site\/santa-casa-de-sobral-promove-curso-de-suporte-avancado-de-vida-em-cardiologia\/","url_meta":{"origin":11050,"position":5},"title":"Santa Casa de Sobral promove curso de Suporte Avan\u00e7ado de Vida em Cardiologia","author":"","date":"Setembro 15, 2019","format":false,"excerpt":"Forma\u00e7\u00e3o reuniu socorristas m\u00e9dicos, enfermeiros e residentes do setor de Emerg\u00eancia do Hospital Assessoria de Comunica\u00e7\u00e3o da Santa Casa de Miseric\u00f3rdia de Sobral A Santa Casa de Miseric\u00f3rdia de Sobral (SCMS), por meio do Departamento de Ensino, Pesquisa e Extens\u00e3o (DEPE) promoveu, nos dias 7 e 8 de setembro, o\u2026","rel":"","context":"In &quot;Santa Casa&quot;","block_context":{"text":"Santa Casa","link":"https:\/\/correiodasemana.com\/site\/category\/santa-casa\/"},"img":{"alt_text":"","src":"https:\/\/i0.wp.com\/correiodasemana.com\/site\/wp-content\/uploads\/2019\/09\/Foto-2-1.jpg?resize=350%2C200&ssl=1","width":350,"height":200,"srcset":"https:\/\/i0.wp.com\/correiodasemana.com\/site\/wp-content\/uploads\/2019\/09\/Foto-2-1.jpg?resize=350%2C200&ssl=1 1x, https:\/\/i0.wp.com\/correiodasemana.com\/site\/wp-content\/uploads\/2019\/09\/Foto-2-1.jpg?resize=525%2C300&ssl=1 1.5x, https:\/\/i0.wp.com\/correiodasemana.com\/site\/wp-content\/uploads\/2019\/09\/Foto-2-1.jpg?resize=700%2C400&ssl=1 2x, https:\/\/i0.wp.com\/correiodasemana.com\/site\/wp-content\/uploads\/2019\/09\/Foto-2-1.jpg?resize=1050%2C600&ssl=1 3x"},"classes":[]}],"jetpack_sharing_enabled":true,"_links":{"self":[{"href":"https:\/\/correiodasemana.com\/site\/wp-json\/wp\/v2\/posts\/11050","targetHints":{"allow":["GET"]}}],"collection":[{"href":"https:\/\/correiodasemana.com\/site\/wp-json\/wp\/v2\/posts"}],"about":[{"href":"https:\/\/correiodasemana.com\/site\/wp-json\/wp\/v2\/types\/post"}],"author":[{"embeddable":true,"href":"https:\/\/correiodasemana.com\/site\/wp-json\/wp\/v2\/users\/1"}],"replies":[{"embeddable":true,"href":"https:\/\/correiodasemana.com\/site\/wp-json\/wp\/v2\/comments?post=11050"}],"version-history":[{"count":1,"href":"https:\/\/correiodasemana.com\/site\/wp-json\/wp\/v2\/posts\/11050\/revisions"}],"predecessor-version":[{"id":11051,"href":"https:\/\/correiodasemana.com\/site\/wp-json\/wp\/v2\/posts\/11050\/revisions\/11051"}],"wp:featuredmedia":[{"embeddable":true,"href":"https:\/\/correiodasemana.com\/site\/wp-json\/wp\/v2\/media\/8538"}],"wp:attachment":[{"href":"https:\/\/correiodasemana.com\/site\/wp-json\/wp\/v2\/media?parent=11050"}],"wp:term":[{"taxonomy":"category","embeddable":true,"href":"https:\/\/correiodasemana.com\/site\/wp-json\/wp\/v2\/categories?post=11050"},{"taxonomy":"post_tag","embeddable":true,"href":"https:\/\/correiodasemana.com\/site\/wp-json\/wp\/v2\/tags?post=11050"}],"curies":[{"name":"wp","href":"https:\/\/api.w.org\/{rel}","templated":true}]}}