{"id":11052,"date":"2020-03-02T05:00:55","date_gmt":"2020-03-02T05:00:55","guid":{"rendered":"https:\/\/correiodasemana.com\/site\/?p=11052"},"modified":"2020-03-02T05:00:55","modified_gmt":"2020-03-02T05:00:55","slug":"coleta-seletiva-sera-implantada-em-todo-o-municipio-de-sobral-em-2020","status":"publish","type":"post","link":"https:\/\/correiodasemana.com\/site\/coleta-seletiva-sera-implantada-em-todo-o-municipio-de-sobral-em-2020\/","title":{"rendered":"Coleta seletiva ser\u00e1 implantada em todo o munic\u00edpio de Sobral em 2020"},"content":{"rendered":"<p>Aconteceu nesta quarta-feira (19\/02) a audi\u00eancia p\u00fablica \u201cColeta Seletiva \u00e9 Legal\u201d, momento de apresenta\u00e7\u00e3o da Pol\u00edtica Municipal de Res\u00edduos S\u00f3lidos (Lei n\u00ba 1789\/18). No Centro de Conven\u00e7\u00f5es, foi discutida a futura implementa\u00e7\u00e3o da coleta seletiva no munic\u00edpio de Sobral, que deve ocorrer ainda neste ano. O evento teve a realiza\u00e7\u00e3o do Minist\u00e9rio P\u00fablico de Sobral com o apoio da Prefeitura.<br \/>\nO objetivo do encontro foi esclarecer e conscientizar sobre a import\u00e2ncia do cumprimento da lei municipal e os impactos dela no trabalho dos catadores. Exemplos de coleta seletiva j\u00e1 praticados em Sobral, como \u00e9 o caso do Instituto Federal de Educa\u00e7\u00e3o, Ci\u00eancia e Tecnologia do Cear\u00e1 (IFCE \u2013 campus Sobral) e Prefeitura (projeto Coletares), que enviam os res\u00edduos recicl\u00e1veis para as tr\u00eas associa\u00e7\u00f5es de catadores do munic\u00edpio, foram discutidos.<br \/>\nOs participantes que integram a gest\u00e3o municipal falaram ainda sobre a coleta seletiva praticada no distrito de Aracatia\u00e7u e sobre o futuro projeto piloto previsto para o bairro Sinh\u00e1 Sab\u00f3ia, a partir do in\u00edcio de funcionamento da Central Municipal de Res\u00edduos (CMR).<br \/>\nO momento contou com a presen\u00e7a do promotor de justi\u00e7a Paulo Henrique de Freitas; da promotora do Minist\u00e9rio P\u00fablico Federal, dr\u00aa Ana Karizia T\u00e1vora; do assessor t\u00e9cnico da Secretaria de Servi\u00e7os P\u00fablicos (Sesep), Luciano Vasconcelos; da secret\u00e1ria do Urbanismo e Meio Ambiente, Mar\u00edlia Ferreira Lima; do superintendente da Ag\u00eancia Municipal do Meio Ambiente (AMA), Jorge Trindade; do representante da Associa\u00e7\u00e3o de Catadores do Bairro Dom Jos\u00e9, Jonas Rocha; do secret\u00e1rio executivo do Cons\u00f3rcio para Gest\u00e3o Integrada de Res\u00edduos S\u00f3lidos da Regi\u00e3o Metropolitana de Sobral (CGIRS-RMS), Joselito Silveira; e do diretor geral do Instituto Federal de Educa\u00e7\u00e3o, Ci\u00eancia e Tecnologia do Cear\u00e1 (IFCE \u2013 campus Sobral), Eliano Pessoa.<\/p>\n","protected":false},"excerpt":{"rendered":"<p>Aconteceu nesta quarta-feira (19\/02) a audi\u00eancia p\u00fablica \u201cColeta Seletiva \u00e9 Legal\u201d, momento de apresenta\u00e7\u00e3o da&#8230;<\/p>\n","protected":false},"author":1,"featured_media":11053,"comment_status":"open","ping_status":"open","sticky":false,"template":"","format":"standard","meta":{"_jetpack_memberships_contains_paid_content":false,"footnotes":"","jetpack_publicize_message":"","jetpack_publicize_feature_enabled":true,"jetpack_social_post_already_shared":true,"jetpack_social_options":{"image_generator_settings":{"template":"highway","default_image_id":0,"font":"","enabled":false},"version":2}},"categories":[1],"tags":[],"class_list":["post-11052","post","type-post","status-publish","format-standard","has-post-thumbnail","hentry","category-atualidade"],"jetpack_publicize_connections":[],"jetpack_featured_media_url":"https:\/\/correiodasemana.com\/site\/wp-content\/uploads\/2020\/03\/z25.jpg","jetpack-related-posts":[{"id":16553,"url":"https:\/\/correiodasemana.com\/site\/acoes-operacionais-do-centro-municipal-de-residuos-de-sobral-sao-iniciadas\/","url_meta":{"origin":11052,"position":0},"title":"A\u00e7\u00f5es operacionais do Centro Municipal de Res\u00edduos de Sobral s\u00e3o iniciadas","author":"","date":"Maio 24, 2021","format":false,"excerpt":"Por Samuel Carvalho - Reda\u00e7\u00e3o Correio da Semana A Secretaria da Conserva\u00e7\u00e3o e Servi\u00e7os P\u00fablicos de Sobral (SCSP) iniciou noa segunda-feira (17), data em que se comemorou o Dia Internacional da Reciclagem as atividades operacionais do Central Municipal de Res\u00edduos (CMR) do Sinh\u00e1 Sab\u00f3ia. O equipamento tem parceria com a\u2026","rel":"","context":"In &quot;Atualidade&quot;","block_context":{"text":"Atualidade","link":"https:\/\/correiodasemana.com\/site\/category\/atualidade\/"},"img":{"alt_text":"","src":"https:\/\/i0.wp.com\/correiodasemana.com\/site\/wp-content\/uploads\/2021\/05\/IMG-20180921-WA0006-768x432-1.jpg?resize=350%2C200&ssl=1","width":350,"height":200,"srcset":"https:\/\/i0.wp.com\/correiodasemana.com\/site\/wp-content\/uploads\/2021\/05\/IMG-20180921-WA0006-768x432-1.jpg?resize=350%2C200&ssl=1 1x, https:\/\/i0.wp.com\/correiodasemana.com\/site\/wp-content\/uploads\/2021\/05\/IMG-20180921-WA0006-768x432-1.jpg?resize=525%2C300&ssl=1 1.5x, https:\/\/i0.wp.com\/correiodasemana.com\/site\/wp-content\/uploads\/2021\/05\/IMG-20180921-WA0006-768x432-1.jpg?resize=700%2C400&ssl=1 2x"},"classes":[]},{"id":24232,"url":"https:\/\/correiodasemana.com\/site\/coleta-seletiva-em-sobral-ganha-reforco-da-universidade-de-lisboa-termo-de-cooperacao-foi-assinado-entre-escola-estadual-com-apoio-da-prefeitura\/","url_meta":{"origin":11052,"position":1},"title":"Coleta seletiva em Sobral ganha refor\u00e7o da Universidade de Lisboa; termo de coopera\u00e7\u00e3o foi assinado entre escola estadual com apoio da Prefeitura","author":"adminredacao","date":"Abril 24, 2023","format":false,"excerpt":"A equipe t\u00e9cnica da Secretaria da Conserva\u00e7\u00e3o e Servi\u00e7os P\u00fablicos de Sobral (Sesep) participou, nesta quarta-feira (12\/04), da cerim\u00f4nia de assinatura do acordo de coopera\u00e7\u00e3o entre o Instituto de Geografia e Ordenamento do Territ\u00f3rio da Universidade de Lisboa (IGOT-ULisboa) e a Escola de Ensino M\u00e9dio de Tempo Integral Monsenhor Jos\u00e9\u2026","rel":"","context":"In &quot;Atualidade&quot;","block_context":{"text":"Atualidade","link":"https:\/\/correiodasemana.com\/site\/category\/atualidade\/"},"img":{"alt_text":"","src":"https:\/\/i0.wp.com\/correiodasemana.com\/site\/wp-content\/uploads\/2023\/04\/ok_DnaIvonete.jpg?resize=350%2C200&ssl=1","width":350,"height":200,"srcset":"https:\/\/i0.wp.com\/correiodasemana.com\/site\/wp-content\/uploads\/2023\/04\/ok_DnaIvonete.jpg?resize=350%2C200&ssl=1 1x, https:\/\/i0.wp.com\/correiodasemana.com\/site\/wp-content\/uploads\/2023\/04\/ok_DnaIvonete.jpg?resize=525%2C300&ssl=1 1.5x, https:\/\/i0.wp.com\/correiodasemana.com\/site\/wp-content\/uploads\/2023\/04\/ok_DnaIvonete.jpg?resize=700%2C400&ssl=1 2x, https:\/\/i0.wp.com\/correiodasemana.com\/site\/wp-content\/uploads\/2023\/04\/ok_DnaIvonete.jpg?resize=1050%2C600&ssl=1 3x"},"classes":[]},{"id":18374,"url":"https:\/\/correiodasemana.com\/site\/catadores-de-reciclaveis-da-cmr-sao-capacitados-pelo-ifce-de-sobral\/","url_meta":{"origin":11052,"position":2},"title":"Catadores de recicl\u00e1veis da CMR s\u00e3o capacitados pelo IFCE de Sobral","author":"","date":"Dezembro 20, 2021","format":false,"excerpt":"Por Samuel Carvalho Reda\u00e7\u00e3o Correio da Semana Catadores de materiais recicl\u00e1veis que est\u00e3o operando na primeira Central Municipal de Reciclagem (CMR) de Sobral receberam capacita\u00e7\u00e3o do Instituto Federal do Cear\u00e1 (IFCE).A a\u00e7\u00e3o faz parte de um projeto de extens\u00e3o coordenado pela t\u00e9cnica de laborat\u00f3rio do Eixo Ambiente, Sa\u00fade e Seguran\u00e7a,\u2026","rel":"","context":"In &quot;Atualidade&quot;","block_context":{"text":"Atualidade","link":"https:\/\/correiodasemana.com\/site\/category\/atualidade\/"},"img":{"alt_text":"","src":"https:\/\/i0.wp.com\/correiodasemana.com\/site\/wp-content\/uploads\/2020\/11\/IFCE-1024x768-1.jpg?resize=350%2C200&ssl=1","width":350,"height":200,"srcset":"https:\/\/i0.wp.com\/correiodasemana.com\/site\/wp-content\/uploads\/2020\/11\/IFCE-1024x768-1.jpg?resize=350%2C200&ssl=1 1x, https:\/\/i0.wp.com\/correiodasemana.com\/site\/wp-content\/uploads\/2020\/11\/IFCE-1024x768-1.jpg?resize=525%2C300&ssl=1 1.5x, https:\/\/i0.wp.com\/correiodasemana.com\/site\/wp-content\/uploads\/2020\/11\/IFCE-1024x768-1.jpg?resize=700%2C400&ssl=1 2x"},"classes":[]},{"id":11043,"url":"https:\/\/correiodasemana.com\/site\/panorama-politico-32\/","url_meta":{"origin":11052,"position":3},"title":"Panorama Pol\u00edtico","author":"","date":"Mar\u00e7o 2, 2020","format":false,"excerpt":"Coleta seletiva ser\u00e1 implantada em todo o munic\u00edpio de Sobral em 2020 Aconteceu em Sobral, Audi\u00eancia P\u00fablica \u201cColeta Seletiva \u00e9 Legal\u201d, momento de apresenta\u00e7\u00e3o da pol\u00edtica municipal de Res\u00edduos S\u00f3lidos no Centro de Conven\u00e7\u00f5es. Quando foi discutida a futura implanta\u00e7\u00e3o da coleta seletiva no munic\u00edpio de Sobral que deve ocorrer\u2026","rel":"","context":"In &quot;Artigos&quot;","block_context":{"text":"Artigos","link":"https:\/\/correiodasemana.com\/site\/category\/artigos\/"},"img":{"alt_text":"","src":"https:\/\/i0.wp.com\/correiodasemana.com\/site\/wp-content\/uploads\/2019\/09\/camara-de-sobral.jpeg?resize=350%2C200&ssl=1","width":350,"height":200,"srcset":"https:\/\/i0.wp.com\/correiodasemana.com\/site\/wp-content\/uploads\/2019\/09\/camara-de-sobral.jpeg?resize=350%2C200&ssl=1 1x, https:\/\/i0.wp.com\/correiodasemana.com\/site\/wp-content\/uploads\/2019\/09\/camara-de-sobral.jpeg?resize=525%2C300&ssl=1 1.5x, https:\/\/i0.wp.com\/correiodasemana.com\/site\/wp-content\/uploads\/2019\/09\/camara-de-sobral.jpeg?resize=700%2C400&ssl=1 2x"},"classes":[]},{"id":19991,"url":"https:\/\/correiodasemana.com\/site\/prefeitura-de-sobral-implantara-coleta-seletiva\/","url_meta":{"origin":11052,"position":4},"title":"Prefeitura de Sobral implantar\u00e1 coleta seletiva","author":"","date":"Junho 6, 2022","format":false,"excerpt":"A Prefeitura de Sobral e a Ag\u00eancia Municipal do Meio Ambiente (AMA) receberam as primeiras Ilhas Ecol\u00f3gicas do munic\u00edpio. Iniciativa do programa de coleta seletiva \u201cRecicla Sol\u201d, a estrutura receber\u00e1 nos pr\u00f3ximos dias materiais como papel, pl\u00e1stico, metal e vidro (que deve ser armazenado em uma garrafa pet, caso esteja\u2026","rel":"","context":"In &quot;Atualidade&quot;","block_context":{"text":"Atualidade","link":"https:\/\/correiodasemana.com\/site\/category\/atualidade\/"},"img":{"alt_text":"","src":"https:\/\/i0.wp.com\/correiodasemana.com\/site\/wp-content\/uploads\/2022\/06\/285421976_384855673686835_4707024872788091231_n.jpg?resize=350%2C200&ssl=1","width":350,"height":200,"srcset":"https:\/\/i0.wp.com\/correiodasemana.com\/site\/wp-content\/uploads\/2022\/06\/285421976_384855673686835_4707024872788091231_n.jpg?resize=350%2C200&ssl=1 1x, https:\/\/i0.wp.com\/correiodasemana.com\/site\/wp-content\/uploads\/2022\/06\/285421976_384855673686835_4707024872788091231_n.jpg?resize=525%2C300&ssl=1 1.5x, https:\/\/i0.wp.com\/correiodasemana.com\/site\/wp-content\/uploads\/2022\/06\/285421976_384855673686835_4707024872788091231_n.jpg?resize=700%2C400&ssl=1 2x"},"classes":[]},{"id":8690,"url":"https:\/\/correiodasemana.com\/site\/sinha-saboia-cohab-i-e-ii-receberao-projeto-piloto-de-implantacao-da-coleta-seletiva\/","url_meta":{"origin":11052,"position":5},"title":"Sinh\u00e1 Saboia, Cohab I e II receber\u00e3o projeto-piloto de implanta\u00e7\u00e3o da coleta seletiva","author":"","date":"Agosto 17, 2019","format":false,"excerpt":"Na tarde desta quarta-feira (07\/08), o prefeito Ivo Gomes conheceu a proposta do projeto de implanta\u00e7\u00e3o da coleta seletiva em Sobral, que tem como objetivo dar uma destina\u00e7\u00e3o adequada para o lixo dom\u00e9stico. Essa \u00e9 uma das a\u00e7\u00f5es da nova Pol\u00edtica de Res\u00edduos S\u00f3lidos no munic\u00edpio. Durante a reuni\u00e3o, que\u2026","rel":"","context":"In &quot;Atualidade&quot;","block_context":{"text":"Atualidade","link":"https:\/\/correiodasemana.com\/site\/category\/atualidade\/"},"img":{"alt_text":"","src":"https:\/\/i0.wp.com\/correiodasemana.com\/site\/wp-content\/uploads\/2019\/08\/LIXO.jpg?resize=350%2C200&ssl=1","width":350,"height":200,"srcset":"https:\/\/i0.wp.com\/correiodasemana.com\/site\/wp-content\/uploads\/2019\/08\/LIXO.jpg?resize=350%2C200&ssl=1 1x, https:\/\/i0.wp.com\/correiodasemana.com\/site\/wp-content\/uploads\/2019\/08\/LIXO.jpg?resize=525%2C300&ssl=1 1.5x, https:\/\/i0.wp.com\/correiodasemana.com\/site\/wp-content\/uploads\/2019\/08\/LIXO.jpg?resize=700%2C400&ssl=1 2x, https:\/\/i0.wp.com\/correiodasemana.com\/site\/wp-content\/uploads\/2019\/08\/LIXO.jpg?resize=1050%2C600&ssl=1 3x"},"classes":[]}],"jetpack_sharing_enabled":true,"_links":{"self":[{"href":"https:\/\/correiodasemana.com\/site\/wp-json\/wp\/v2\/posts\/11052","targetHints":{"allow":["GET"]}}],"collection":[{"href":"https:\/\/correiodasemana.com\/site\/wp-json\/wp\/v2\/posts"}],"about":[{"href":"https:\/\/correiodasemana.com\/site\/wp-json\/wp\/v2\/types\/post"}],"author":[{"embeddable":true,"href":"https:\/\/correiodasemana.com\/site\/wp-json\/wp\/v2\/users\/1"}],"replies":[{"embeddable":true,"href":"https:\/\/correiodasemana.com\/site\/wp-json\/wp\/v2\/comments?post=11052"}],"version-history":[{"count":1,"href":"https:\/\/correiodasemana.com\/site\/wp-json\/wp\/v2\/posts\/11052\/revisions"}],"predecessor-version":[{"id":11054,"href":"https:\/\/correiodasemana.com\/site\/wp-json\/wp\/v2\/posts\/11052\/revisions\/11054"}],"wp:featuredmedia":[{"embeddable":true,"href":"https:\/\/correiodasemana.com\/site\/wp-json\/wp\/v2\/media\/11053"}],"wp:attachment":[{"href":"https:\/\/correiodasemana.com\/site\/wp-json\/wp\/v2\/media?parent=11052"}],"wp:term":[{"taxonomy":"category","embeddable":true,"href":"https:\/\/correiodasemana.com\/site\/wp-json\/wp\/v2\/categories?post=11052"},{"taxonomy":"post_tag","embeddable":true,"href":"https:\/\/correiodasemana.com\/site\/wp-json\/wp\/v2\/tags?post=11052"}],"curies":[{"name":"wp","href":"https:\/\/api.w.org\/{rel}","templated":true}]}}