{"id":11055,"date":"2020-03-02T05:01:41","date_gmt":"2020-03-02T05:01:41","guid":{"rendered":"https:\/\/correiodasemana.com\/site\/?p=11055"},"modified":"2020-03-02T05:01:41","modified_gmt":"2020-03-02T05:01:41","slug":"em-tempo-33","status":"publish","type":"post","link":"https:\/\/correiodasemana.com\/site\/em-tempo-33\/","title":{"rendered":"Em Tempo"},"content":{"rendered":"<p><strong>Projeto Mulheres Empreendedoras<\/strong><br \/>\nA Prefeitura de Sobral e o Sebrae realizam, no dia 4 de mar\u00e7o, o encontro \u201cMulheres que Inspiram\u201d, do projeto Mulheres Empreendedoras. Evento no Centro de Conven\u00e7\u00f5es, a partir das 14 h. A a\u00e7\u00e3o integra a programa\u00e7\u00e3o de celebra\u00e7\u00e3o da Semana da Mulher.<br \/>\nO momento ter\u00e1 workshop de maquiagem, presta\u00e7\u00f5es de servi\u00e7os (corte de cabelo, escova, manicure, limpeza de pele, reflexologia das m\u00e3os e p\u00e9s e massoterapia), Caravana Mulheres Empreendedoras e apresenta\u00e7\u00e3o cultural, com a Banda Tons e Ritmos.<\/p>\n<p><strong>Restitui\u00e7\u00e3o do Imposto de Renda<\/strong><br \/>\nA partir deste ano a Receita Federal antecipar\u00e1 o pagamento dos lotes de restitui\u00e7\u00e3o do Imposto de Renda Pessoa F\u00edsica (IRPF). Tradicionalmente paga em sete lotes, de junho a dezembro, a restitui\u00e7\u00e3o ser\u00e1 paga em cinco lotes, do fim de maio ao fim de setembro.<br \/>\nO primeiro lote ser\u00e1 pago em 29 de maio. Os lotes seguintes ser\u00e3o pagos em 30 de junho, 31 de julho, 31 de agosto e 30 de setembro. Outra mudan\u00e7a: o pr\u00f3prio programa gerador da declara\u00e7\u00e3o do IR fornecer\u00e1 declara\u00e7\u00e3o pr\u00e9-preenchida com certifica\u00e7\u00e3o digital.<\/p>\n<p><strong>21\u00aa edi\u00e7\u00e3o do Festival Jazz &amp; Blues<\/strong><br \/>\nFoto-Divulga\u00e7\u00e3o<br \/>\nQuinteto Aqualtune: Luiza Nobel, Lu Basile, B\u00e1rbara Sena, Mirele Alencar e Ayla Lemos<br \/>\nO tradicional Festival Jazz &amp; Blues chega a sua 21\u00aa edi\u00e7\u00e3o, de 22 a 29 de fevereiro, com atra\u00e7\u00f5es nacionais e internacionais. Shows, ensaios abertos, oficinas de m\u00fasica marcam a programa\u00e7\u00e3o nas cidades de Guaramiranga, Aquiraz, Fortaleza e Maracana\u00fa.<br \/>\nO evento conta com grandes nomes, como \u00e9 o caso de Z\u00e9lia Duncan. O cearense Quinteto Aqualtune, com Luiza Nobel, Lu Basile, B\u00e1rbara Sena, Mirele Alencar e Ayla Lemos, marca presen\u00e7a e faz tributo a Joyce e Jo\u00e3o Donato no show \u201cElas, o Brasil e o Jazz\u201d.<\/p>\n<p><strong>Coordenadoria de Comunica\u00e7\u00e3o UFC<\/strong><br \/>\nO reitor da Universidade Federal do Cear\u00e1, prof. C\u00e2ndido Albuquerque, empossou os novos titulares da Coordenadoria de Comunica\u00e7\u00e3o Social da UFC. Assumiram os cargos o prof. Chico Neto, como coordenador, e a prof\u00aa Georgia Cruz, como coordenadora-adjunta.<br \/>\nA cerim\u00f4nia ocorreu no dia 18 de fevereiro, na sala da Assessoria de Imprensa, na Reitoria, e contou com a presen\u00e7a de dirigentes da administra\u00e7\u00e3o superior da UFC e de servidores do setor. O prof. Chico Neto assume em substitui\u00e7\u00e3o ao prof. Nonato Lima.<\/p>\n<p><strong>Corredores verdes na cidade de Sobral<\/strong><br \/>\nAssinada, no dia 21 de fevereiro, ordem de servi\u00e7o para a implementa\u00e7\u00e3o de corredores verdes em Sobral. O projeto prev\u00ea o plantio de 1.676 \u00e1rvores (j\u00e1 adultas e de esp\u00e9cies variadas). Essa \u00e9 mais uma a\u00e7\u00e3o do Programa de Desenvolvimento Socioambiental do Munic\u00edpio.<br \/>\nO contrato, que inclui ainda transporte, abertura e constru\u00e7\u00e3o das arvoreiras, aduba\u00e7\u00e3o dos ber\u00e7os e primeiras regas, foi firmado com a empresa Sobral Garden Ltda, que tem 20 dias para iniciar as obras.\u00a0Os corredores verdes est\u00e3o previstos no Plano de Arboriza\u00e7\u00e3o.<\/p>\n<p><strong>Dica da Coluna<\/strong><br \/>\nLeia o Blog do Edilson (www.blogdoedilson.com.br). Cultura, educa\u00e7\u00e3o, pol\u00edtica e utilidade p\u00fablica.<\/p>\n","protected":false},"excerpt":{"rendered":"<p>Projeto Mulheres Empreendedoras A Prefeitura de Sobral e o Sebrae realizam, no dia 4 de&#8230;<\/p>\n","protected":false},"author":1,"featured_media":11056,"comment_status":"open","ping_status":"open","sticky":false,"template":"","format":"standard","meta":{"_jetpack_memberships_contains_paid_content":false,"footnotes":"","jetpack_publicize_message":"","jetpack_publicize_feature_enabled":true,"jetpack_social_post_already_shared":true,"jetpack_social_options":{"image_generator_settings":{"template":"highway","default_image_id":0,"font":"","enabled":false},"version":2}},"categories":[11,36],"tags":[],"class_list":["post-11055","post","type-post","status-publish","format-standard","has-post-thumbnail","hentry","category-artigos","category-em-tempo"],"jetpack_publicize_connections":[],"jetpack_featured_media_url":"https:\/\/correiodasemana.com\/site\/wp-content\/uploads\/2020\/03\/Quinteto.jpg","jetpack-related-posts":[{"id":11544,"url":"https:\/\/correiodasemana.com\/site\/receita-paga-hoje-segundo-lote-de-restituicao-de-imposto-de-renda\/","url_meta":{"origin":11055,"position":0},"title":"Receita paga hoje segundo lote de restitui\u00e7\u00e3o de Imposto de Renda","author":"","date":"Junho 30, 2020","format":false,"excerpt":"A Receita Federal paga hoje (30) o segundo lote de restitui\u00e7\u00e3o do Imposto de Renda Pessoa F\u00edsica (IRPF) de 2020. Mais de 3,3 milh\u00f5es contribuintes receber\u00e3o R$ 5,7 bilh\u00f5es no lote de maior valor j\u00e1 registrado. Desse valor total, R$ 3,977 bilh\u00f5es s\u00e3o para contribuintes com direito a prioridade no\u2026","rel":"","context":"In &quot;Atualidade&quot;","block_context":{"text":"Atualidade","link":"https:\/\/correiodasemana.com\/site\/category\/atualidade\/"},"img":{"alt_text":"","src":"https:\/\/i0.wp.com\/correiodasemana.com\/site\/wp-content\/uploads\/2020\/06\/foto-receita.jpg?resize=350%2C200&ssl=1","width":350,"height":200,"srcset":"https:\/\/i0.wp.com\/correiodasemana.com\/site\/wp-content\/uploads\/2020\/06\/foto-receita.jpg?resize=350%2C200&ssl=1 1x, https:\/\/i0.wp.com\/correiodasemana.com\/site\/wp-content\/uploads\/2020\/06\/foto-receita.jpg?resize=525%2C300&ssl=1 1.5x, https:\/\/i0.wp.com\/correiodasemana.com\/site\/wp-content\/uploads\/2020\/06\/foto-receita.jpg?resize=700%2C400&ssl=1 2x, https:\/\/i0.wp.com\/correiodasemana.com\/site\/wp-content\/uploads\/2020\/06\/foto-receita.jpg?resize=1050%2C600&ssl=1 3x"},"classes":[]},{"id":21988,"url":"https:\/\/correiodasemana.com\/site\/receita-federal-libera-hoje-30-novo-lote-da-restituicao-do-irpf\/","url_meta":{"origin":11055,"position":1},"title":"Receita Federal libera hoje (30) novo lote da Restitui\u00e7\u00e3o do IRPF","author":"","date":"Novembro 30, 2022","format":false,"excerpt":"Mais de 556,6 mil contribuintes ser\u00e3o contemplados no lote residual de restitui\u00e7\u00e3o do Imposto de Renda 2022 A Receita Federal paga nesta quarta-feira, 30, o lote residual de restitui\u00e7\u00e3o do Imposto de Renda Pessoa F\u00edsica (IRPF) de novembro.\u00a0No Brasil,\u00a0556.685 contribuintes ser\u00e3o contemplados. O cr\u00e9dito banc\u00e1rio, no valor total de R$\u2026","rel":"","context":"In &quot;Atualidade&quot;","block_context":{"text":"Atualidade","link":"https:\/\/correiodasemana.com\/site\/category\/atualidade\/"},"img":{"alt_text":"","src":"https:\/\/i0.wp.com\/correiodasemana.com\/site\/wp-content\/uploads\/2022\/11\/captura2.jpg?resize=350%2C200&ssl=1","width":350,"height":200,"srcset":"https:\/\/i0.wp.com\/correiodasemana.com\/site\/wp-content\/uploads\/2022\/11\/captura2.jpg?resize=350%2C200&ssl=1 1x, https:\/\/i0.wp.com\/correiodasemana.com\/site\/wp-content\/uploads\/2022\/11\/captura2.jpg?resize=525%2C300&ssl=1 1.5x"},"classes":[]},{"id":24843,"url":"https:\/\/correiodasemana.com\/site\/24843-2\/","url_meta":{"origin":11055,"position":2},"title":"IR 2023: prazo para realizar declara\u00e7\u00e3o encerra na pr\u00f3xima semana","author":"","date":"Maio 26, 2023","format":false,"excerpt":"O prazo para declarar o Imposto de Renda da Pessoa F\u00edsica em 2023 se encerra na pr\u00f3xima quarta-feira, 31. O in\u00edcio das declara\u00e7\u00f5es foi aconteceu em 15 de mar\u00e7o, sendo\u00a0obrigado a declarar quem recebeu rendimentos acima de R$ 28.559,70 em 2022. At\u00e9 as 8h36min desta sexta-feira, 26,\u00a031.084.579 haviam realizado a\u2026","rel":"","context":"In &quot;Atualidade&quot;","block_context":{"text":"Atualidade","link":"https:\/\/correiodasemana.com\/site\/category\/atualidade\/"},"img":{"alt_text":"","src":"https:\/\/i0.wp.com\/correiodasemana.com\/site\/wp-content\/uploads\/2023\/05\/g_1684929526.webp?resize=350%2C200&ssl=1","width":350,"height":200,"srcset":"https:\/\/i0.wp.com\/correiodasemana.com\/site\/wp-content\/uploads\/2023\/05\/g_1684929526.webp?resize=350%2C200&ssl=1 1x, https:\/\/i0.wp.com\/correiodasemana.com\/site\/wp-content\/uploads\/2023\/05\/g_1684929526.webp?resize=525%2C300&ssl=1 1.5x, https:\/\/i0.wp.com\/correiodasemana.com\/site\/wp-content\/uploads\/2023\/05\/g_1684929526.webp?resize=700%2C400&ssl=1 2x, https:\/\/i0.wp.com\/correiodasemana.com\/site\/wp-content\/uploads\/2023\/05\/g_1684929526.webp?resize=1050%2C600&ssl=1 3x, https:\/\/i0.wp.com\/correiodasemana.com\/site\/wp-content\/uploads\/2023\/05\/g_1684929526.webp?resize=1400%2C800&ssl=1 4x"},"classes":[]},{"id":23687,"url":"https:\/\/correiodasemana.com\/site\/lote-residual-do-imposto-de-renda-sera-liberado-hoje\/","url_meta":{"origin":11055,"position":3},"title":"Lote residual do Imposto de Renda ser\u00e1 liberado hoje","author":"","date":"Fevereiro 17, 2023","format":false,"excerpt":"Quase 180 mil contribuintes que ca\u00edram na malha fina da Receita Federal e regularizaram sua situa\u00e7\u00e3o receber\u00e3o do Fisco R$ 250 milh\u00f5es. Isso \u00e9 poss\u00edvel a partir da consulta ao lote residual do Imposto de Renda Pessoa F\u00edsica que abre nesta sexta-feira, 17\/2. O contribuinte com esse perfil pode realizar\u2026","rel":"","context":"In &quot;Atualidade&quot;","block_context":{"text":"Atualidade","link":"https:\/\/correiodasemana.com\/site\/category\/atualidade\/"},"img":{"alt_text":"","src":"https:\/\/i0.wp.com\/correiodasemana.com\/site\/wp-content\/uploads\/2023\/02\/imposto_de_renda_pode_ficar_mais_barato_em_2023_veja_o_que_esta_mudando-155052.webp?resize=350%2C200&ssl=1","width":350,"height":200,"srcset":"https:\/\/i0.wp.com\/correiodasemana.com\/site\/wp-content\/uploads\/2023\/02\/imposto_de_renda_pode_ficar_mais_barato_em_2023_veja_o_que_esta_mudando-155052.webp?resize=350%2C200&ssl=1 1x, https:\/\/i0.wp.com\/correiodasemana.com\/site\/wp-content\/uploads\/2023\/02\/imposto_de_renda_pode_ficar_mais_barato_em_2023_veja_o_que_esta_mudando-155052.webp?resize=525%2C300&ssl=1 1.5x, https:\/\/i0.wp.com\/correiodasemana.com\/site\/wp-content\/uploads\/2023\/02\/imposto_de_renda_pode_ficar_mais_barato_em_2023_veja_o_que_esta_mudando-155052.webp?resize=700%2C400&ssl=1 2x, https:\/\/i0.wp.com\/correiodasemana.com\/site\/wp-content\/uploads\/2023\/02\/imposto_de_renda_pode_ficar_mais_barato_em_2023_veja_o_que_esta_mudando-155052.webp?resize=1050%2C600&ssl=1 3x"},"classes":[]},{"id":23094,"url":"https:\/\/correiodasemana.com\/site\/receita-disponibiliza-consulta-a-lote-residual-de-restituicao-do-ir-2022\/","url_meta":{"origin":11055,"position":4},"title":"Receita disponibiliza consulta a lote residual de restitui\u00e7\u00e3o do IR 2022","author":"","date":"Janeiro 25, 2023","format":false,"excerpt":"\u00d3rg\u00e3o ir\u00e1 disponibilizar R$ 368 milh\u00f5es entre 136 mil de contribuintes; pagamento ser\u00e1 realizado em 31 de janeiro. \u00a0 Os contribuintes da Receita Federal j\u00e1 podem consultar o lote residual de restitui\u00e7\u00e3o do Imposto de Renda de Pessoa F\u00edsica (IRPF) referente a janeiro de 2023. Est\u00e3o dispon\u00edveis cerca de R$\u2026","rel":"","context":"In &quot;Atualidade&quot;","block_context":{"text":"Atualidade","link":"https:\/\/correiodasemana.com\/site\/category\/atualidade\/"},"img":{"alt_text":"","src":"https:\/\/i0.wp.com\/correiodasemana.com\/site\/wp-content\/uploads\/2023\/01\/imposto-de-renda_mcamgo_abr_030320221818-2.jpg?resize=350%2C200&ssl=1","width":350,"height":200,"srcset":"https:\/\/i0.wp.com\/correiodasemana.com\/site\/wp-content\/uploads\/2023\/01\/imposto-de-renda_mcamgo_abr_030320221818-2.jpg?resize=350%2C200&ssl=1 1x, https:\/\/i0.wp.com\/correiodasemana.com\/site\/wp-content\/uploads\/2023\/01\/imposto-de-renda_mcamgo_abr_030320221818-2.jpg?resize=525%2C300&ssl=1 1.5x, https:\/\/i0.wp.com\/correiodasemana.com\/site\/wp-content\/uploads\/2023\/01\/imposto-de-renda_mcamgo_abr_030320221818-2.jpg?resize=700%2C400&ssl=1 2x, https:\/\/i0.wp.com\/correiodasemana.com\/site\/wp-content\/uploads\/2023\/01\/imposto-de-renda_mcamgo_abr_030320221818-2.jpg?resize=1050%2C600&ssl=1 3x"},"classes":[]},{"id":16242,"url":"https:\/\/correiodasemana.com\/site\/em-tempo-78\/","url_meta":{"origin":11055,"position":5},"title":"Em Tempo","author":"","date":"Abril 18, 2021","format":false,"excerpt":"F\u00f3sseis do Cear\u00e1 traficados para Fran\u00e7a A Justi\u00e7a da Fran\u00e7a autorizou repatriar 998 f\u00f3sseis brasileiros traficados para o pa\u00eds europeu. Dentre eles,\u00a0345\u00a0pedras de animais fossilizados e 648\u00a0pequenos quadrados de animais e plantas em formato de f\u00f3ssil, oriundos da Chapada do Araripe, no Cariri cearense. Os f\u00f3sseis foram apreendidos em agosto\u2026","rel":"","context":"In &quot;Artigos&quot;","block_context":{"text":"Artigos","link":"https:\/\/correiodasemana.com\/site\/category\/artigos\/"},"img":{"alt_text":"","src":"https:\/\/i0.wp.com\/correiodasemana.com\/site\/wp-content\/uploads\/2019\/12\/FOTO-EDILSON-SILVA-2.jpg?resize=350%2C200&ssl=1","width":350,"height":200,"srcset":"https:\/\/i0.wp.com\/correiodasemana.com\/site\/wp-content\/uploads\/2019\/12\/FOTO-EDILSON-SILVA-2.jpg?resize=350%2C200&ssl=1 1x, https:\/\/i0.wp.com\/correiodasemana.com\/site\/wp-content\/uploads\/2019\/12\/FOTO-EDILSON-SILVA-2.jpg?resize=525%2C300&ssl=1 1.5x, https:\/\/i0.wp.com\/correiodasemana.com\/site\/wp-content\/uploads\/2019\/12\/FOTO-EDILSON-SILVA-2.jpg?resize=700%2C400&ssl=1 2x"},"classes":[]}],"jetpack_sharing_enabled":true,"_links":{"self":[{"href":"https:\/\/correiodasemana.com\/site\/wp-json\/wp\/v2\/posts\/11055","targetHints":{"allow":["GET"]}}],"collection":[{"href":"https:\/\/correiodasemana.com\/site\/wp-json\/wp\/v2\/posts"}],"about":[{"href":"https:\/\/correiodasemana.com\/site\/wp-json\/wp\/v2\/types\/post"}],"author":[{"embeddable":true,"href":"https:\/\/correiodasemana.com\/site\/wp-json\/wp\/v2\/users\/1"}],"replies":[{"embeddable":true,"href":"https:\/\/correiodasemana.com\/site\/wp-json\/wp\/v2\/comments?post=11055"}],"version-history":[{"count":1,"href":"https:\/\/correiodasemana.com\/site\/wp-json\/wp\/v2\/posts\/11055\/revisions"}],"predecessor-version":[{"id":11057,"href":"https:\/\/correiodasemana.com\/site\/wp-json\/wp\/v2\/posts\/11055\/revisions\/11057"}],"wp:featuredmedia":[{"embeddable":true,"href":"https:\/\/correiodasemana.com\/site\/wp-json\/wp\/v2\/media\/11056"}],"wp:attachment":[{"href":"https:\/\/correiodasemana.com\/site\/wp-json\/wp\/v2\/media?parent=11055"}],"wp:term":[{"taxonomy":"category","embeddable":true,"href":"https:\/\/correiodasemana.com\/site\/wp-json\/wp\/v2\/categories?post=11055"},{"taxonomy":"post_tag","embeddable":true,"href":"https:\/\/correiodasemana.com\/site\/wp-json\/wp\/v2\/tags?post=11055"}],"curies":[{"name":"wp","href":"https:\/\/api.w.org\/{rel}","templated":true}]}}