{"id":11066,"date":"2020-03-02T05:06:40","date_gmt":"2020-03-02T05:06:40","guid":{"rendered":"https:\/\/correiodasemana.com\/site\/?p=11066"},"modified":"2020-03-02T05:07:05","modified_gmt":"2020-03-02T05:07:05","slug":"renunciar-e-acima-de-tudo-esvaziar-a-alma","status":"publish","type":"post","link":"https:\/\/correiodasemana.com\/site\/renunciar-e-acima-de-tudo-esvaziar-a-alma\/","title":{"rendered":"Renunciar \u00e9, acima de tudo, esvaziar a alma"},"content":{"rendered":"<p>\u201cE\u00a0Jesus disse: \u2018se algu\u00e9m Me quer seguir, renuncie a si mesmo, tome a sua cruz de cada dia e siga-Me\u2019\u201d (Lc 9,23).<\/p>\n<p>O convite do mestre Jesus \u00e9 para segui-Lo, mas todo seguimento exige condi\u00e7\u00f5es; e para seguir a Jesus n\u00e3o \u00e9 diferente. Muitos querem segui-Lo e n\u00e3o d\u00e3o conta, outros come\u00e7am a segui-Lo, por\u00e9m, O abandonam, porque os caminhos do mundo parecem mais f\u00e1ceis e atrativos. Por\u00e9m, para seguir a Jesus, primeiro, \u00e9 preciso renunciar a si mesmo.<br \/>\nA palavra \u201cren\u00fancia\u201d parece muito pesada, mas, acima de tudo, ela \u00e9 abandono, esvaziamento. N\u00f3s somos muito \u201ccheios de n\u00f3s\u201d, \u201ccheios de vontade pr\u00f3pria\u201d, \u201ccheios de querer\u201d; e como n\u00f3s nos \u201cenchemos muito\u201d, nos tornamos incapazes de nos esvaziarmos.<br \/>\nRenunciar \u00e9, acima de tudo, esvaziar a alma, a vontade, os pensamentos, os sentimentos, para que, assim, possamos nos encher dos sentimentos de Deus e para que eles estejam em n\u00f3s! Por isso, trabalhemos a ren\u00fancia em cada dia de nossa vida.<br \/>\nRenunciemos as pequenas coisas. Renunciemos a essa vontade que temos de aparecer, a essas discuss\u00f5es que travamos em casa, com a fam\u00edlia, nas redes sociais; renunciemos a essas vaidades que nos cercam a cada dia; renunciemos a nossa petul\u00e2ncia, o nosso orgulho, nossa soberba; renunciemos o ressentimento, o rancor, a m\u00e1goa; renunciemos a esse sentimento de vingan\u00e7a que alimentamos dentro de n\u00f3s; renunciemos a maldade que est\u00e1 na alma.\u00a0\u00c9 necess\u00e1rio renunciar para poder avan\u00e7ar e crescer na intimidade, na espiritualidade e na nossa rela\u00e7\u00e3o com Deus.<br \/>\nEnt\u00e3o, a primeira necessidade para seguir a Jesus \u00e9 a disposi\u00e7\u00e3o de renunciar; depois, tome e abrace a sua cruz, porque n\u00e3o adianta s\u00f3 a tomar e dizer: \u201cAi que cruz pesada\u201d, tamb\u00e9m \u00e9 preciso abra\u00e7\u00e1-la. Abra\u00e7ar a cruz como a salva\u00e7\u00e3o da pr\u00f3pria vida \u00e9 dar sentido \u00e0 pr\u00f3pria vida e exist\u00eancia. Em vez de ficar reclamando das circunst\u00e2ncias da vida, da dor, da enfermidade; das situa\u00e7\u00f5es que enfrentamos: o casamento que n\u00e3o est\u00e1 t\u00e3o bem ou est\u00e1, mas n\u00e3o do jeito que quer\u00edamos ou da fam\u00edlia que enfrenta \u201cessa ou aquela\u201d situa\u00e7\u00e3o, abrace a essa cruz. Aquilo que voc\u00ea reclama, rejeita, que n\u00e3o toma para si: voc\u00ea n\u00e3o o abra\u00e7ou, n\u00e3o amou. Cruz \u00e9 para ser amada; Cristo abra\u00e7ou a cruz e a carregou com todo o Seu cora\u00e7\u00e3o.<br \/>\nN\u00f3s somos convidados a vivermos a espiritualidade do Crucificado, \u00e9 mais do que carregar uma cruz no peito, \u00e9 abra\u00e7ar a cruz da vida, da exist\u00eancia com todas as suas circunst\u00e2ncias e transforma-la pela luz do Evangelho, pela luz de Cristo Jesus. Sem cruz ningu\u00e9m segue a Jesus.<br \/>\nSejamos disc\u00edpulos do mestre, renunciando, a cada dia, o nosso ego e abra\u00e7ando as cruzes que est\u00e3o ao longo da vida.<br \/>\nDeus aben\u00e7oe voc\u00ea!<\/p>\n","protected":false},"excerpt":{"rendered":"<p>\u201cE\u00a0Jesus disse: \u2018se algu\u00e9m Me quer seguir, renuncie a si mesmo, tome a sua cruz&#8230;<\/p>\n","protected":false},"author":1,"featured_media":7865,"comment_status":"open","ping_status":"open","sticky":false,"template":"","format":"standard","meta":{"_jetpack_memberships_contains_paid_content":false,"footnotes":"","jetpack_publicize_message":"","jetpack_publicize_feature_enabled":true,"jetpack_social_post_already_shared":true,"jetpack_social_options":{"image_generator_settings":{"template":"highway","default_image_id":0,"font":"","enabled":false},"version":2}},"categories":[11,20],"tags":[],"class_list":["post-11066","post","type-post","status-publish","format-standard","has-post-thumbnail","hentry","category-artigos","category-editorial"],"jetpack_publicize_connections":[],"jetpack_featured_media_url":"https:\/\/correiodasemana.com\/site\/wp-content\/uploads\/2018\/02\/editorial-cs.jpg","jetpack-related-posts":[{"id":23792,"url":"https:\/\/correiodasemana.com\/site\/quaresma-tempo-de-olhar-para-a-cruz\/","url_meta":{"origin":11066,"position":0},"title":"Quaresma: tempo de olhar para a Cruz","author":"adminredacao","date":"Abril 5, 2023","format":false,"excerpt":"Per\u00edodo em que todos os crist\u00e3os s\u00e3o chamados \u00e0 convers\u00e3o e uma vida de ora\u00e7\u00e3o mais \u00edntima com Deus. Tempo de buscar prop\u00f3sitos, mas n\u00e3o somente durante os 40 dias quaresmais, mas de levar para a vida toda! Este \u00e9 o Tempo Lit\u00fargico mais significativo para os cat\u00f3licos. Como nos\u2026","rel":"","context":"In &quot;Artigos&quot;","block_context":{"text":"Artigos","link":"https:\/\/correiodasemana.com\/site\/category\/artigos\/"},"img":{"alt_text":"","src":"https:\/\/i0.wp.com\/correiodasemana.com\/site\/wp-content\/uploads\/2018\/02\/Igreja_Se%CC%81.jpg?resize=350%2C200&ssl=1","width":350,"height":200,"srcset":"https:\/\/i0.wp.com\/correiodasemana.com\/site\/wp-content\/uploads\/2018\/02\/Igreja_Se%CC%81.jpg?resize=350%2C200&ssl=1 1x, https:\/\/i0.wp.com\/correiodasemana.com\/site\/wp-content\/uploads\/2018\/02\/Igreja_Se%CC%81.jpg?resize=525%2C300&ssl=1 1.5x, https:\/\/i0.wp.com\/correiodasemana.com\/site\/wp-content\/uploads\/2018\/02\/Igreja_Se%CC%81.jpg?resize=700%2C400&ssl=1 2x, https:\/\/i0.wp.com\/correiodasemana.com\/site\/wp-content\/uploads\/2018\/02\/Igreja_Se%CC%81.jpg?resize=1050%2C600&ssl=1 3x, https:\/\/i0.wp.com\/correiodasemana.com\/site\/wp-content\/uploads\/2018\/02\/Igreja_Se%CC%81.jpg?resize=1400%2C800&ssl=1 4x"},"classes":[]},{"id":9335,"url":"https:\/\/correiodasemana.com\/site\/servo-de-deus-10\/","url_meta":{"origin":11066,"position":1},"title":"Servo de Deus","author":"","date":"Outubro 7, 2019","format":false,"excerpt":"Nesses tempos fortes de muitos desafios, mas tamb\u00e9m de um sentido mais profundo de espiritualidade, trazemos alguns fragmentos, frases e vers\u00edculos b\u00edblicos que fizeram do Servo de Deus Joaquim Arn\u00f3bio de Andrade, viver a experi\u00eancia da espiritualidade e o sentido m\u00edstico do Tudo. Fa\u00e7amos uma parada \u00e1 beira do po\u00e7o\u2026","rel":"","context":"In &quot;Diocese&quot;","block_context":{"text":"Diocese","link":"https:\/\/correiodasemana.com\/site\/category\/diocese\/"},"img":{"alt_text":"","src":"https:\/\/i0.wp.com\/correiodasemana.com\/site\/wp-content\/uploads\/2019\/07\/T-PA.jpg?resize=350%2C200&ssl=1","width":350,"height":200,"srcset":"https:\/\/i0.wp.com\/correiodasemana.com\/site\/wp-content\/uploads\/2019\/07\/T-PA.jpg?resize=350%2C200&ssl=1 1x, https:\/\/i0.wp.com\/correiodasemana.com\/site\/wp-content\/uploads\/2019\/07\/T-PA.jpg?resize=525%2C300&ssl=1 1.5x, https:\/\/i0.wp.com\/correiodasemana.com\/site\/wp-content\/uploads\/2019\/07\/T-PA.jpg?resize=700%2C400&ssl=1 2x"},"classes":[]},{"id":33773,"url":"https:\/\/correiodasemana.com\/site\/um-novo-mandamento\/","url_meta":{"origin":11066,"position":2},"title":"Um novo mandamento\u00a0","author":"adminredacao","date":"Maio 19, 2025","format":false,"excerpt":"\u201cO amor basta-se a si mesmo, em si e por sua causa encontra satisfa\u00e7\u00e3o. \u00c9 seu m\u00e9rito, seu pr\u00f3prio pr\u00eamio. Al\u00e9m de si mesmo, o amor n\u00e3o exige motivo nem fruto. Seu fruto \u00e9 o pr\u00f3prio ato de amar. Amo porque amo, amo para amar! Grande coisa \u00e9 o amor,\u2026","rel":"","context":"In &quot;A voz do Pastor&quot;","block_context":{"text":"A voz do Pastor","link":"https:\/\/correiodasemana.com\/site\/category\/a-voz-do-pastor\/"},"img":{"alt_text":"","src":"https:\/\/i0.wp.com\/correiodasemana.com\/site\/wp-content\/uploads\/2018\/02\/Dom-Vasconcelos-posses.jpg?resize=350%2C200&ssl=1","width":350,"height":200,"srcset":"https:\/\/i0.wp.com\/correiodasemana.com\/site\/wp-content\/uploads\/2018\/02\/Dom-Vasconcelos-posses.jpg?resize=350%2C200&ssl=1 1x, https:\/\/i0.wp.com\/correiodasemana.com\/site\/wp-content\/uploads\/2018\/02\/Dom-Vasconcelos-posses.jpg?resize=525%2C300&ssl=1 1.5x, https:\/\/i0.wp.com\/correiodasemana.com\/site\/wp-content\/uploads\/2018\/02\/Dom-Vasconcelos-posses.jpg?resize=700%2C400&ssl=1 2x"},"classes":[]},{"id":37258,"url":"https:\/\/correiodasemana.com\/site\/comunidade-filhos-de-siao-16\/","url_meta":{"origin":11066,"position":3},"title":"COMUNIDADE FILHOS DE SI\u00c3O","author":"adminredacao","date":"Fevereiro 7, 2026","format":false,"excerpt":"Senhor, n\u00e3o a minha, mas a Tua vontade O que n\u00f3s queremos? A vontade de Deus! Na verdade, a pergunta deve ser pessoal, pois a resposta tamb\u00e9m o \u00e9: O que voc\u00ea quer? Essa \u00e9 a tem\u00e1tica do Vocacional deste ano, que agora estamos concluindo. E a melhor escolha que\u2026","rel":"","context":"In &quot;Artigos&quot;","block_context":{"text":"Artigos","link":"https:\/\/correiodasemana.com\/site\/category\/artigos\/"},"img":{"alt_text":"","src":"https:\/\/i0.wp.com\/correiodasemana.com\/site\/wp-content\/uploads\/2019\/07\/Igreja_S%C3%A9.jpg?resize=350%2C200&ssl=1","width":350,"height":200,"srcset":"https:\/\/i0.wp.com\/correiodasemana.com\/site\/wp-content\/uploads\/2019\/07\/Igreja_S%C3%A9.jpg?resize=350%2C200&ssl=1 1x, https:\/\/i0.wp.com\/correiodasemana.com\/site\/wp-content\/uploads\/2019\/07\/Igreja_S%C3%A9.jpg?resize=525%2C300&ssl=1 1.5x, https:\/\/i0.wp.com\/correiodasemana.com\/site\/wp-content\/uploads\/2019\/07\/Igreja_S%C3%A9.jpg?resize=700%2C400&ssl=1 2x, https:\/\/i0.wp.com\/correiodasemana.com\/site\/wp-content\/uploads\/2019\/07\/Igreja_S%C3%A9.jpg?resize=1050%2C600&ssl=1 3x, https:\/\/i0.wp.com\/correiodasemana.com\/site\/wp-content\/uploads\/2019\/07\/Igreja_S%C3%A9.jpg?resize=1400%2C800&ssl=1 4x"},"classes":[]},{"id":32906,"url":"https:\/\/correiodasemana.com\/site\/comunidade-catolica-filhos-de-siao-6\/","url_meta":{"origin":11066,"position":4},"title":"COMUNIDADE CAT\u00d3LICA  FILHOS DE SI\u00c3O","author":"adminredacao","date":"Mar\u00e7o 17, 2025","format":false,"excerpt":"Quaresma 2025 \u2013 Conduzidos pelo Esp\u00edrito Santo ao Deserto: \u201cO Esp\u00edrito conduziu Jesus ao deserto\u201d \u201cO Esp\u00edrito conduziu Jesus ao deserto\u201d O primeiro tema \u00e9 o do deserto. Jesus acabou de receber, no Jord\u00e3o, a investidura messi\u00e2nica para evangelizar os pobres, curar os quebrantados de cora\u00e7\u00e3o e pregar o reino\u2026","rel":"","context":"In &quot;Artigos&quot;","block_context":{"text":"Artigos","link":"https:\/\/correiodasemana.com\/site\/category\/artigos\/"},"img":{"alt_text":"","src":"https:\/\/i0.wp.com\/correiodasemana.com\/site\/wp-content\/uploads\/2019\/07\/Igreja_S%C3%A9.jpg?resize=350%2C200&ssl=1","width":350,"height":200,"srcset":"https:\/\/i0.wp.com\/correiodasemana.com\/site\/wp-content\/uploads\/2019\/07\/Igreja_S%C3%A9.jpg?resize=350%2C200&ssl=1 1x, https:\/\/i0.wp.com\/correiodasemana.com\/site\/wp-content\/uploads\/2019\/07\/Igreja_S%C3%A9.jpg?resize=525%2C300&ssl=1 1.5x, https:\/\/i0.wp.com\/correiodasemana.com\/site\/wp-content\/uploads\/2019\/07\/Igreja_S%C3%A9.jpg?resize=700%2C400&ssl=1 2x, https:\/\/i0.wp.com\/correiodasemana.com\/site\/wp-content\/uploads\/2019\/07\/Igreja_S%C3%A9.jpg?resize=1050%2C600&ssl=1 3x, https:\/\/i0.wp.com\/correiodasemana.com\/site\/wp-content\/uploads\/2019\/07\/Igreja_S%C3%A9.jpg?resize=1400%2C800&ssl=1 4x"},"classes":[]},{"id":30730,"url":"https:\/\/correiodasemana.com\/site\/xxiv-domingo-do-tempo-comum-a-verdadeira-fe-no-caminho-da-cruz\/","url_meta":{"origin":11066,"position":5},"title":"XXIV Domingo do Tempo Comum, a verdadeira f\u00e9 no caminho da cruz","author":"adminredacao","date":"Setembro 23, 2024","format":false,"excerpt":"Estamos celebrando o XXIV Domingo do Tempo Comum. A liturgia nos apresenta por meio do Evangelho que Jesus est\u00e1 a caminho de Jerusal\u00e9m. E enquanto caminhava perguntou, em tom familiar, aos disc\u00edpulos que O acompanhavam: \u201cQuem dizem os homens que eu sou?\u201d (Mc 8,27-35). E eles, com simplicidade, contaram-lhe o\u2026","rel":"","context":"In &quot;A voz do Pastor&quot;","block_context":{"text":"A voz do Pastor","link":"https:\/\/correiodasemana.com\/site\/category\/a-voz-do-pastor\/"},"img":{"alt_text":"","src":"https:\/\/i0.wp.com\/correiodasemana.com\/site\/wp-content\/uploads\/2019\/07\/Dom-Vasconcelos-posses.jpg?resize=350%2C200&ssl=1","width":350,"height":200,"srcset":"https:\/\/i0.wp.com\/correiodasemana.com\/site\/wp-content\/uploads\/2019\/07\/Dom-Vasconcelos-posses.jpg?resize=350%2C200&ssl=1 1x, https:\/\/i0.wp.com\/correiodasemana.com\/site\/wp-content\/uploads\/2019\/07\/Dom-Vasconcelos-posses.jpg?resize=525%2C300&ssl=1 1.5x, https:\/\/i0.wp.com\/correiodasemana.com\/site\/wp-content\/uploads\/2019\/07\/Dom-Vasconcelos-posses.jpg?resize=700%2C400&ssl=1 2x"},"classes":[]}],"jetpack_sharing_enabled":true,"_links":{"self":[{"href":"https:\/\/correiodasemana.com\/site\/wp-json\/wp\/v2\/posts\/11066","targetHints":{"allow":["GET"]}}],"collection":[{"href":"https:\/\/correiodasemana.com\/site\/wp-json\/wp\/v2\/posts"}],"about":[{"href":"https:\/\/correiodasemana.com\/site\/wp-json\/wp\/v2\/types\/post"}],"author":[{"embeddable":true,"href":"https:\/\/correiodasemana.com\/site\/wp-json\/wp\/v2\/users\/1"}],"replies":[{"embeddable":true,"href":"https:\/\/correiodasemana.com\/site\/wp-json\/wp\/v2\/comments?post=11066"}],"version-history":[{"count":1,"href":"https:\/\/correiodasemana.com\/site\/wp-json\/wp\/v2\/posts\/11066\/revisions"}],"predecessor-version":[{"id":11067,"href":"https:\/\/correiodasemana.com\/site\/wp-json\/wp\/v2\/posts\/11066\/revisions\/11067"}],"wp:featuredmedia":[{"embeddable":true,"href":"https:\/\/correiodasemana.com\/site\/wp-json\/wp\/v2\/media\/7865"}],"wp:attachment":[{"href":"https:\/\/correiodasemana.com\/site\/wp-json\/wp\/v2\/media?parent=11066"}],"wp:term":[{"taxonomy":"category","embeddable":true,"href":"https:\/\/correiodasemana.com\/site\/wp-json\/wp\/v2\/categories?post=11066"},{"taxonomy":"post_tag","embeddable":true,"href":"https:\/\/correiodasemana.com\/site\/wp-json\/wp\/v2\/tags?post=11066"}],"curies":[{"name":"wp","href":"https:\/\/api.w.org\/{rel}","templated":true}]}}