{"id":11076,"date":"2020-03-09T04:28:11","date_gmt":"2020-03-09T04:28:11","guid":{"rendered":"https:\/\/correiodasemana.com\/site\/?p=11076"},"modified":"2020-03-09T04:28:11","modified_gmt":"2020-03-09T04:28:11","slug":"copa-ame-associacao-martinopolense-de-esporte-e-eventos-de-futebol","status":"publish","type":"post","link":"https:\/\/correiodasemana.com\/site\/copa-ame-associacao-martinopolense-de-esporte-e-eventos-de-futebol\/","title":{"rendered":"Copa AME (Associa\u00e7\u00e3o Martinopolense de Esporte e Eventos) de Futebol"},"content":{"rendered":"<p>A Copa AME (Associa\u00e7\u00e3o Martinopolense de Esporte e Eventos) de Futebol, que neste ano de 2020 vem pra sua segunda edi\u00e7\u00e3o. No ano de 2019 foi sua primeira edi\u00e7\u00e3o com 10 (dez) equipes participantes, nessa edi\u00e7\u00e3o a equipes da Vila Nova se consagrou campe\u00e3 da primeira Copa AME de Futebol de nome Jos\u00e9 Ant\u00f4nio de Almeida (Pirriqueiro) nome homenageado a Capa AME de 2019.<br \/>\nNeste ano de 2020 a Copa AME contar\u00e1 com 16 (dezesseis) equipes participantes: Vila Nova, Cascavel, Alto Esporte, Real Madrid, Boca Juniors, Cearazinho, Real Madrid do Coc\u00f3, Nacional, Santa Cruz, Novo Sport, Corinthians, Boca Juniors-B, Barcelona, Gr\u00eamio de Senador, Novo Bar\u00e7a e Gr\u00eamio. Que nessa primeira fase as equipes jogar\u00e3o dois jogos para poder se classificar um jogo de ida e outro de volta, da segunda fase pra frente ser\u00e1 apena um jogo a ser disputado um sistema de mata mata, at\u00e9 conhecemos os finalista e o campe\u00e3o da Copa AME de Futebol 2020.<br \/>\nA Copa AME e da Associa\u00e7\u00e3o Martinopolense de Esporte e Eventos fundada e com sede em Martin\u00f3pole que tem a frente o Sr. Aristide Miranda organizador da Copa e os membros da associa\u00e7\u00e3o e as divulga\u00e7\u00f5es dos jogos e resumo ap\u00f3s a partida e no Bola Rolando Cobertura Esportiva.<\/p>\n<p><img fetchpriority=\"high\" decoding=\"async\" class=\"aligncenter size-medium wp-image-11077\" src=\"https:\/\/correiodasemana.com\/site\/wp-content\/uploads\/2020\/03\/6e6e50c3-1b68-4473-bd39-be1ac64a73c9-300x225.jpg\" alt=\"\" width=\"300\" height=\"225\" srcset=\"https:\/\/correiodasemana.com\/site\/wp-content\/uploads\/2020\/03\/6e6e50c3-1b68-4473-bd39-be1ac64a73c9-300x225.jpg 300w, https:\/\/correiodasemana.com\/site\/wp-content\/uploads\/2020\/03\/6e6e50c3-1b68-4473-bd39-be1ac64a73c9-1024x768.jpg 1024w, https:\/\/correiodasemana.com\/site\/wp-content\/uploads\/2020\/03\/6e6e50c3-1b68-4473-bd39-be1ac64a73c9-768x576.jpg 768w, https:\/\/correiodasemana.com\/site\/wp-content\/uploads\/2020\/03\/6e6e50c3-1b68-4473-bd39-be1ac64a73c9.jpg 1032w\" sizes=\"(max-width: 300px) 100vw, 300px\" \/> <img decoding=\"async\" class=\"aligncenter size-medium wp-image-11078\" src=\"https:\/\/correiodasemana.com\/site\/wp-content\/uploads\/2020\/03\/04869e66-1352-4b9c-acac-5d434c0e3896-300x225.jpg\" alt=\"\" width=\"300\" height=\"225\" srcset=\"https:\/\/correiodasemana.com\/site\/wp-content\/uploads\/2020\/03\/04869e66-1352-4b9c-acac-5d434c0e3896-300x225.jpg 300w, https:\/\/correiodasemana.com\/site\/wp-content\/uploads\/2020\/03\/04869e66-1352-4b9c-acac-5d434c0e3896-1024x768.jpg 1024w, https:\/\/correiodasemana.com\/site\/wp-content\/uploads\/2020\/03\/04869e66-1352-4b9c-acac-5d434c0e3896-768x576.jpg 768w, https:\/\/correiodasemana.com\/site\/wp-content\/uploads\/2020\/03\/04869e66-1352-4b9c-acac-5d434c0e3896.jpg 1032w\" sizes=\"(max-width: 300px) 100vw, 300px\" \/><\/p>\n","protected":false},"excerpt":{"rendered":"<p>A Copa AME (Associa\u00e7\u00e3o Martinopolense de Esporte e Eventos) de Futebol, que neste ano de&#8230;<\/p>\n","protected":false},"author":1,"featured_media":11077,"comment_status":"open","ping_status":"open","sticky":false,"template":"","format":"standard","meta":{"_jetpack_memberships_contains_paid_content":false,"footnotes":"","jetpack_publicize_message":"","jetpack_publicize_feature_enabled":true,"jetpack_social_post_already_shared":true,"jetpack_social_options":{"image_generator_settings":{"template":"highway","default_image_id":0,"font":"","enabled":false},"version":2}},"categories":[1],"tags":[],"class_list":["post-11076","post","type-post","status-publish","format-standard","has-post-thumbnail","hentry","category-atualidade"],"jetpack_publicize_connections":[],"jetpack_featured_media_url":"https:\/\/correiodasemana.com\/site\/wp-content\/uploads\/2020\/03\/6e6e50c3-1b68-4473-bd39-be1ac64a73c9.jpg","jetpack-related-posts":[{"id":22144,"url":"https:\/\/correiodasemana.com\/site\/historia-das-copas-do-mundo\/","url_meta":{"origin":11076,"position":0},"title":"Hist\u00f3ria das Copas do Mundo","author":"","date":"Dezembro 11, 2022","format":false,"excerpt":"A Federa\u00e7\u00e3o Internacional de Futebol, FIFA, foi fundada a 21 de maio de 1904, em Paris, pelas federa\u00e7\u00f5es da Fran\u00e7a, B\u00e9lgica, Sui\u00e7a, Su\u00e9cia, Espanha, Holanda e Dinamarca. A primeira Copa do Mundo de Futebol foi realizada no Uruguai em 1930 entre os dias 13 e 30 de julho. Foram 13\u2026","rel":"","context":"In &quot;Artigos&quot;","block_context":{"text":"Artigos","link":"https:\/\/correiodasemana.com\/site\/category\/artigos\/"},"img":{"alt_text":"","src":"https:\/\/i0.wp.com\/correiodasemana.com\/site\/wp-content\/uploads\/2021\/08\/Salmito-Campos.jpg?resize=350%2C200&ssl=1","width":350,"height":200,"srcset":"https:\/\/i0.wp.com\/correiodasemana.com\/site\/wp-content\/uploads\/2021\/08\/Salmito-Campos.jpg?resize=350%2C200&ssl=1 1x, https:\/\/i0.wp.com\/correiodasemana.com\/site\/wp-content\/uploads\/2021\/08\/Salmito-Campos.jpg?resize=525%2C300&ssl=1 1.5x, https:\/\/i0.wp.com\/correiodasemana.com\/site\/wp-content\/uploads\/2021\/08\/Salmito-Campos.jpg?resize=700%2C400&ssl=1 2x, https:\/\/i0.wp.com\/correiodasemana.com\/site\/wp-content\/uploads\/2021\/08\/Salmito-Campos.jpg?resize=1050%2C600&ssl=1 3x, https:\/\/i0.wp.com\/correiodasemana.com\/site\/wp-content\/uploads\/2021\/08\/Salmito-Campos.jpg?resize=1400%2C800&ssl=1 4x"},"classes":[]},{"id":11540,"url":"https:\/\/correiodasemana.com\/site\/50-anos-depois-o-time-vencedor-da-copa-do-mundo-de-1970-continua-sendo-o-melhor\/","url_meta":{"origin":11076,"position":1},"title":"50 anos depois, o time vencedor da Copa do Mundo de 1970 continua sendo o melhor","author":"","date":"Junho 21, 2020","format":false,"excerpt":"De vez em quando, surge um time que se incorpora \u00e0 psique de uma na\u00e7\u00e3o. Pode inundar um pa\u00eds com esperan\u00e7a. Isso pode fazer com que seus habitantes se esque\u00e7am temporariamente de seus problemas do dia-a-dia. Hist\u00f3rias de vit\u00f3rias famosas s\u00e3o transmitidas atrav\u00e9s de gera\u00e7\u00f5es. Para os pa\u00edses menos aben\u00e7oados\u2026","rel":"","context":"In &quot;Destaques&quot;","block_context":{"text":"Destaques","link":"https:\/\/correiodasemana.com\/site\/category\/destaques\/"},"img":{"alt_text":"","src":"https:\/\/i0.wp.com\/correiodasemana.com\/site\/wp-content\/uploads\/2020\/06\/7495_27050B9606C7E253.jpg?resize=350%2C200&ssl=1","width":350,"height":200,"srcset":"https:\/\/i0.wp.com\/correiodasemana.com\/site\/wp-content\/uploads\/2020\/06\/7495_27050B9606C7E253.jpg?resize=350%2C200&ssl=1 1x, https:\/\/i0.wp.com\/correiodasemana.com\/site\/wp-content\/uploads\/2020\/06\/7495_27050B9606C7E253.jpg?resize=525%2C300&ssl=1 1.5x, https:\/\/i0.wp.com\/correiodasemana.com\/site\/wp-content\/uploads\/2020\/06\/7495_27050B9606C7E253.jpg?resize=700%2C400&ssl=1 2x, https:\/\/i0.wp.com\/correiodasemana.com\/site\/wp-content\/uploads\/2020\/06\/7495_27050B9606C7E253.jpg?resize=1050%2C600&ssl=1 3x"},"classes":[]},{"id":23659,"url":"https:\/\/correiodasemana.com\/site\/quem-podera-ser-o-novo-tecnico-da-selecao-brasileira-de-futebol\/","url_meta":{"origin":11076,"position":2},"title":"Quem ser\u00e1 o novo t\u00e9cnico da Sele\u00e7\u00e3o Brasileira de futebol","author":"","date":"Fevereiro 16, 2023","format":false,"excerpt":"Presidente da CBF diz que n\u00e3o ir\u00e1 economizar em escolha de novo treinador da sele\u00e7\u00e3o: \u2018N\u00e3o \u00e9 custo, \u00e9 investimento\u2019. \u00a0 Depois da decep\u00e7\u00e3o na Copa do Mundo do Catar, o Brasil j\u00e1 tem um t\u00e9cnico interino: Ramon Menezes, da base da sele\u00e7\u00e3o brasileira. Os acertos finais entre as partes\u2026","rel":"","context":"In &quot;Atualidade&quot;","block_context":{"text":"Atualidade","link":"https:\/\/correiodasemana.com\/site\/category\/atualidade\/"},"img":{"alt_text":"","src":"https:\/\/i0.wp.com\/correiodasemana.com\/site\/wp-content\/uploads\/2023\/02\/20220825131731_649-9737462.jpg?resize=350%2C200&ssl=1","width":350,"height":200,"srcset":"https:\/\/i0.wp.com\/correiodasemana.com\/site\/wp-content\/uploads\/2023\/02\/20220825131731_649-9737462.jpg?resize=350%2C200&ssl=1 1x, https:\/\/i0.wp.com\/correiodasemana.com\/site\/wp-content\/uploads\/2023\/02\/20220825131731_649-9737462.jpg?resize=525%2C300&ssl=1 1.5x, https:\/\/i0.wp.com\/correiodasemana.com\/site\/wp-content\/uploads\/2023\/02\/20220825131731_649-9737462.jpg?resize=700%2C400&ssl=1 2x"},"classes":[]},{"id":22567,"url":"https:\/\/correiodasemana.com\/site\/luto-no-futebol\/","url_meta":{"origin":11076,"position":3},"title":"LUTO no futebol","author":"","date":"Janeiro 9, 2023","format":false,"excerpt":"Maior artilheiro do clube e dos campeonatos Brasileiro e Carioca tinha 68 anos e foi v\u00edtima de um c\u00e2ncer no intestino. Morreu na manh\u00e3 deste domingo (8), o ex-jogador Roberto Dinamite, o principal \u00eddolo da hist\u00f3ria do Vasco da Gama e maior artilheiro dos campeonatos Brasileiro e Carioca. Ele vinha\u2026","rel":"","context":"In &quot;Atualidade&quot;","block_context":{"text":"Atualidade","link":"https:\/\/correiodasemana.com\/site\/category\/atualidade\/"},"img":{"alt_text":"","src":"https:\/\/i0.wp.com\/correiodasemana.com\/site\/wp-content\/uploads\/2023\/01\/dinamite-2.webp?resize=350%2C200&ssl=1","width":350,"height":200,"srcset":"https:\/\/i0.wp.com\/correiodasemana.com\/site\/wp-content\/uploads\/2023\/01\/dinamite-2.webp?resize=350%2C200&ssl=1 1x, https:\/\/i0.wp.com\/correiodasemana.com\/site\/wp-content\/uploads\/2023\/01\/dinamite-2.webp?resize=525%2C300&ssl=1 1.5x, https:\/\/i0.wp.com\/correiodasemana.com\/site\/wp-content\/uploads\/2023\/01\/dinamite-2.webp?resize=700%2C400&ssl=1 2x"},"classes":[]},{"id":9328,"url":"https:\/\/correiodasemana.com\/site\/projeto-social-incentiva-presenca-feminina-no-futebol-em-sobral\/","url_meta":{"origin":11076,"position":4},"title":"Projeto social incentiva presen\u00e7a feminina no futebol em Sobral","author":"","date":"Outubro 7, 2019","format":false,"excerpt":"Meninas de 12 a 14 anos, oriundas de Sobral e munic\u00edpios vizinhos, buscam oportunidades e sonham em conquistar t\u00edtulos jogando pelos times do cora\u00e7\u00e3o. \u201c\u00c0s mulheres n\u00e3o se permitir\u00e1 a pr\u00e1tica de desportos incompat\u00edveis com as condi\u00e7\u00f5es de sua natureza, devendo, para este efeito, o Conselho Nacional de Desportos baixar\u2026","rel":"","context":"In &quot;Atualidade&quot;","block_context":{"text":"Atualidade","link":"https:\/\/correiodasemana.com\/site\/category\/atualidade\/"},"img":{"alt_text":"","src":"https:\/\/i0.wp.com\/correiodasemana.com\/site\/wp-content\/uploads\/2019\/10\/Foto-1.jpg?resize=350%2C200&ssl=1","width":350,"height":200,"srcset":"https:\/\/i0.wp.com\/correiodasemana.com\/site\/wp-content\/uploads\/2019\/10\/Foto-1.jpg?resize=350%2C200&ssl=1 1x, https:\/\/i0.wp.com\/correiodasemana.com\/site\/wp-content\/uploads\/2019\/10\/Foto-1.jpg?resize=525%2C300&ssl=1 1.5x, https:\/\/i0.wp.com\/correiodasemana.com\/site\/wp-content\/uploads\/2019\/10\/Foto-1.jpg?resize=700%2C400&ssl=1 2x, https:\/\/i0.wp.com\/correiodasemana.com\/site\/wp-content\/uploads\/2019\/10\/Foto-1.jpg?resize=1050%2C600&ssl=1 3x"},"classes":[]},{"id":21426,"url":"https:\/\/correiodasemana.com\/site\/fa-de-futebol-papa-francisco-recebe-camisa-do-gremio-no-vaticano\/","url_meta":{"origin":11076,"position":5},"title":"F\u00e3 de futebol, Papa Francisco recebe camisa do Gr\u00eamio no Vaticano","author":"","date":"Novembro 3, 2022","format":false,"excerpt":"F\u00e3 de futebol, Papa Francisco recebe camisa do Gr\u00eamio no Vaticano Torcedor do San Lorenzo, da Argentina, Jorge Mario Bergoglio ganhou o presente levado por bispo No dia em que se despede da S\u00e9rie B, o Gr\u00eamio contar\u00e1 com a b\u00ean\u00e7\u00e3o do Papa Francisco. Apaixonado por futebol, o argentino Jorge\u2026","rel":"","context":"In &quot;Atualidade&quot;","block_context":{"text":"Atualidade","link":"https:\/\/correiodasemana.com\/site\/category\/atualidade\/"},"img":{"alt_text":"","src":"https:\/\/i0.wp.com\/correiodasemana.com\/site\/wp-content\/uploads\/2022\/11\/02.webp?resize=350%2C200&ssl=1","width":350,"height":200,"srcset":"https:\/\/i0.wp.com\/correiodasemana.com\/site\/wp-content\/uploads\/2022\/11\/02.webp?resize=350%2C200&ssl=1 1x, https:\/\/i0.wp.com\/correiodasemana.com\/site\/wp-content\/uploads\/2022\/11\/02.webp?resize=525%2C300&ssl=1 1.5x, https:\/\/i0.wp.com\/correiodasemana.com\/site\/wp-content\/uploads\/2022\/11\/02.webp?resize=700%2C400&ssl=1 2x"},"classes":[]}],"jetpack_sharing_enabled":true,"_links":{"self":[{"href":"https:\/\/correiodasemana.com\/site\/wp-json\/wp\/v2\/posts\/11076","targetHints":{"allow":["GET"]}}],"collection":[{"href":"https:\/\/correiodasemana.com\/site\/wp-json\/wp\/v2\/posts"}],"about":[{"href":"https:\/\/correiodasemana.com\/site\/wp-json\/wp\/v2\/types\/post"}],"author":[{"embeddable":true,"href":"https:\/\/correiodasemana.com\/site\/wp-json\/wp\/v2\/users\/1"}],"replies":[{"embeddable":true,"href":"https:\/\/correiodasemana.com\/site\/wp-json\/wp\/v2\/comments?post=11076"}],"version-history":[{"count":1,"href":"https:\/\/correiodasemana.com\/site\/wp-json\/wp\/v2\/posts\/11076\/revisions"}],"predecessor-version":[{"id":11079,"href":"https:\/\/correiodasemana.com\/site\/wp-json\/wp\/v2\/posts\/11076\/revisions\/11079"}],"wp:featuredmedia":[{"embeddable":true,"href":"https:\/\/correiodasemana.com\/site\/wp-json\/wp\/v2\/media\/11077"}],"wp:attachment":[{"href":"https:\/\/correiodasemana.com\/site\/wp-json\/wp\/v2\/media?parent=11076"}],"wp:term":[{"taxonomy":"category","embeddable":true,"href":"https:\/\/correiodasemana.com\/site\/wp-json\/wp\/v2\/categories?post=11076"},{"taxonomy":"post_tag","embeddable":true,"href":"https:\/\/correiodasemana.com\/site\/wp-json\/wp\/v2\/tags?post=11076"}],"curies":[{"name":"wp","href":"https:\/\/api.w.org\/{rel}","templated":true}]}}