{"id":11080,"date":"2020-03-09T04:31:44","date_gmt":"2020-03-09T04:31:44","guid":{"rendered":"https:\/\/correiodasemana.com\/site\/?p=11080"},"modified":"2020-03-09T04:31:44","modified_gmt":"2020-03-09T04:31:44","slug":"santa-missa-de-abertura-da-campanha-da-fraternidade-2020","status":"publish","type":"post","link":"https:\/\/correiodasemana.com\/site\/santa-missa-de-abertura-da-campanha-da-fraternidade-2020\/","title":{"rendered":"Santa Missa de abertura da Campanha da Fraternidade 2020"},"content":{"rendered":"<p>Neste ano, a campanha tem como tema: Fraternidade e Vida: Dom e Compromisso. Com \u00eanfase no lema b\u00edblico: \u201cViu, sentiu compaix\u00e3o e cuidou dele\u201d<\/p>\n<p>A missa de abertura da Campanha da Fraternidade 2020 aconteceu no domingo (29), na Igreja Catedral da S\u00e9. Presidida por Dom Vasconcelos, a celebra\u00e7\u00e3o teve a presen\u00e7a da equipe da campanha, seminaristas, religiosas de diversas congrega\u00e7\u00f5es, alunos das escolas cat\u00f3licas da cidade e a c\u00faria diocesana, reunidos em prol de anunciar a miss\u00e3o da campanha, em compromisso com a caridade juntamente \u00e0 empatia.<br \/>\nNeste ano, a campanha tem como tema: Fraternidade e Vida: Dom e Compromisso. Com \u00eanfase no lema b\u00edblico: \u201cViu, sentiu compaix\u00e3o e cuidou dele\u201d. Com esse tema, ela pretende conscientizar a luz da palavra de Deus para o sentido da vida como dom e compromisso, que se traduz em rela\u00e7\u00e3o de m\u00fatuo cuidado entre as pessoas na fam\u00edlia, na comunidade, na sociedade e no planeta.<br \/>\nO c\u00e2ntico de entrada foi agraciado pelo hino da campanha da fraternidade, que recorda aquilo que a par\u00e1bola do bom samaritano ensinou com a demonstra\u00e7\u00e3o de amor ao pr\u00f3ximo, enfatizando que, a vida clama a necessidade de cuidado e respeito, desde o in\u00edcio at\u00e9 o termo final. Na ocasi\u00e3o, a Comunidade da Divina Miseric\u00f3rdia conduziu at\u00e9 o altar, a imagem de Santa Dulce dos Pobres, s\u00edmbolo da campanha atual.<br \/>\nRecentemente canonizada pelo Papa Francisco, Irm\u00e3 Dulce \u00e9 a primeira santa brasileira. O exemplo de irm\u00e3 Dulce, que dedicou a vida em ajudar os mais necessitados com atitudes concretas, inspira a campanha deste ano.<br \/>\nO bispo diocesano comentou a import\u00e2ncia da vida em fraternidade. Ressaltando a compaix\u00e3o e o cuidado. \u201cA campanha da fraternidade deste ano nos faz olhar para a vida, a vida como um dom, um dom de Deus. A vida como um compromisso que todos n\u00f3s devemos ter. Para que haja compromisso com a vida \u00e9 necess\u00e1rio ver o mundo com os olhos de Deus. \u00c9 necess\u00e1rio ter compaix\u00e3o, \u00e9 necess\u00e1rio cuidar\u201d, disse.<br \/>\nDom Vasconcelos deu in\u00edcio a homilia, felicitando a Irm\u00e3 Ma\u00edsa, que celebrou 104 anos de vida como um dom de Deus. O bispo aponta que o sentido da vida deve se sobressair diante da longevidade. \u201cChegou o momento oportuno que Deus nos oferece para pensar sobre o sentido da vida. Qual o sentido da vida? \u00c9 necess\u00e1rio perguntar-nos: por que vivemos? O que estamos fazendo com a nossa vida? \u00c9 necess\u00e1rio perguntar-nos: por que morremos? Existe algo ap\u00f3s a morte?\u201d, indaga o bispo.<br \/>\nO bispo diocesano conduziu a comunidade cat\u00f3lica a pensar a respeito do mist\u00e9rio da vida e da morte. \u201cN\u00f3s somos um pensamento de Deus, n\u00f3s viemos de Deus. Nele, em Deus, n\u00f3s existimos, nos movemos e somos. E para ele n\u00f3s caminhamos, e ele nos espera de bra\u00e7os abertos. Mas nessa trajet\u00f3ria, querendo ou n\u00e3o, cedo ou tarde, n\u00f3s teremos que passar pela morte. Como \u00e9 triste a morte, mesmo sabendo que um dia ela vai chegar, ela nos entristece, ela nos causa p\u00e2nico e dor, por qu\u00ea? Porque n\u00f3s n\u00e3o fomos criados para a morte, n\u00f3s fomos criados para a vida, n\u00f3s n\u00e3o \u00e9ramos nada, e do nada n\u00f3s \u00e9ramos p\u00f3. Deus, ele que \u00e9 a vida, a fonte da vida, soprou no p\u00f3 o alto da vida\u201d, ele segue ressaltando o para\u00edso que Deus deixou ao homem e o limite para n\u00e3o alcan\u00e7ar a \u00e1rvore do fruto proibido.<br \/>\n\u201cSe comerdes do fruto dessa \u00e1rvore vos tornareis iguais a Deus. Essa foi a grande tenta\u00e7\u00e3o, essa continua sendo a grande tenta\u00e7\u00e3o para toda a humanidade. Amados irm\u00e3os, quando o ser humano quer ser igual a Deus, ele quer se colocar no mesmo patamar de Deus, ele quer ser juiz de sua pr\u00f3pria causa, ele n\u00e3o quer ser o seu limite, ele n\u00e3o quer admitir que existe um limite para si, que existe algo ou algu\u00e9m que esteja acima de si. Ele quer ser como Deus\u201d, ressalta.<br \/>\nPara ele, a gan\u00e2ncia do homem destr\u00f3i a casa comum para explorar as riquezas que nela existe, e destaca a necessidade de contemplar o Cristo que vence o mal. \u201cSe a morte cresce dia a dia, \u00e9 porque n\u00f3s, diferentemente do nosso mestre senhor, estamos cedendo a tenta\u00e7\u00e3o do dem\u00f4nio. O senhor nos chama para sermos firmes, para sermos perseverantes, para nos unirmos nesse combate contra o mal. De que forma? Fazendo o bem como fez Santa Dulce dos Pobres, encontrando a pessoa de Jesus, n\u00e3o apenas na h\u00f3stia consagrada, n\u00e3o apenas no imagin\u00e1rio triunfante dos c\u00e9us, mas encontrando Jesus na pessoa do necessitado, do pobre, do faminto, do exclu\u00eddo\u201d, destaca o bispo diocesano, dando sentido ao lema da campanha.<\/p>\n<p>Coletiva de Imprensa<br \/>\nO Audit\u00f3rio da Par\u00f3quia do Patroc\u00ednio recebeu na manh\u00e3 de s\u00e1bado (29) a Coletiva de Imprensa realizada pela Diocese de Sobral para lan\u00e7ar a Campanha da Fraternidade. A mesa foi formada pelos p\u00e1rocos, representantes das pastorais e pelo bispo de Sobral, Dom Vasconcelos, que comentou a finalidade da campanha. \u201c\u00c9 uma campanha para que todos sejamos irm\u00e3os, para que todos vivamos como irm\u00e3os\u201d, comenta.<br \/>\nA Campanha da Fraternidade acontece anualmente de acordo com o per\u00edodo da quaresma. Nesse per\u00edodo haver\u00e1 o exerc\u00edcio espiritual atrav\u00e9s da via sacra, c\u00edrculos b\u00edblicos e outros encontros promovidos pelas par\u00f3quias. A\u00e7\u00f5es concretas de cuidado com o pr\u00f3ximo foi discutida entre os presentes, focando no cuidado da igreja com os jovens em situa\u00e7\u00e3o de desespero, e com o meio ambiente.<br \/>\nO coordenador da campanha, padre Manuelito Quinto, comentou a rela\u00e7\u00e3o da igreja com a par\u00e1bola do Bom Samaritano. \u201cPrecisamos ser essa igreja samaritana\u201d, e declarou a Coleta da Solidariedade como um fator crucial para ajudar os projetos apoiados pelo Fundo Diocesano de Solidariedade. A Coleta da Solidariedade \u00e9 parte integrante da Campanha da Fraternidade e ser\u00e1 realizada em todo o pa\u00eds no dia 5 de julho, Domingo de Ramos. A igreja espera que a comunidade cat\u00f3lica participe ativamente desse gesto concreto de fraternidade. De acordo com a Coordenadora da C\u00e1ritas Diocesana, Socorro de Jesus, a diocese de Sobral direciona R$ 125 mil para 58 projetos sociais nas mais diversas \u00e1reas. \u201cEsses recursos do fundo diocesano t\u00eam salvado vidas e mudado a vida de muitas pessoas. N\u00e3o s\u00f3 porqu\u00ea o dinheiro est\u00e1 l\u00e1 para isso, mas porqu\u00ea \u00e9 uma miss\u00e3o da igreja enquanto crist\u00e3o. A nossa diocese \u00e9 muito comprometida\u201d, conta. 60% do total da coleta permanece na diocese de origem e comp\u00f5e o Fundo Diocesano de Solidariedade, enquanto 40% s\u00e3o destinados para o Fundo Nacional de Solidariedade (FNS).<\/p>\n<p><img fetchpriority=\"high\" decoding=\"async\" class=\"aligncenter size-medium wp-image-11081\" src=\"https:\/\/correiodasemana.com\/site\/wp-content\/uploads\/2020\/03\/batch_DSC00589-300x225.jpg\" alt=\"\" width=\"300\" height=\"225\" srcset=\"https:\/\/correiodasemana.com\/site\/wp-content\/uploads\/2020\/03\/batch_DSC00589-300x225.jpg 300w, https:\/\/correiodasemana.com\/site\/wp-content\/uploads\/2020\/03\/batch_DSC00589-1024x768.jpg 1024w, https:\/\/correiodasemana.com\/site\/wp-content\/uploads\/2020\/03\/batch_DSC00589-768x576.jpg 768w, https:\/\/correiodasemana.com\/site\/wp-content\/uploads\/2020\/03\/batch_DSC00589-1536x1152.jpg 1536w, https:\/\/correiodasemana.com\/site\/wp-content\/uploads\/2020\/03\/batch_DSC00589-2048x1536.jpg 2048w\" sizes=\"(max-width: 300px) 100vw, 300px\" \/> <img decoding=\"async\" class=\"aligncenter size-medium wp-image-11082\" src=\"https:\/\/correiodasemana.com\/site\/wp-content\/uploads\/2020\/03\/batch_DSC00666-300x264.jpg\" alt=\"\" width=\"300\" height=\"264\" srcset=\"https:\/\/correiodasemana.com\/site\/wp-content\/uploads\/2020\/03\/batch_DSC00666-300x264.jpg 300w, https:\/\/correiodasemana.com\/site\/wp-content\/uploads\/2020\/03\/batch_DSC00666-1024x900.jpg 1024w, https:\/\/correiodasemana.com\/site\/wp-content\/uploads\/2020\/03\/batch_DSC00666-768x675.jpg 768w, https:\/\/correiodasemana.com\/site\/wp-content\/uploads\/2020\/03\/batch_DSC00666-1536x1350.jpg 1536w, https:\/\/correiodasemana.com\/site\/wp-content\/uploads\/2020\/03\/batch_DSC00666-2048x1800.jpg 2048w\" sizes=\"(max-width: 300px) 100vw, 300px\" \/> <img decoding=\"async\" class=\"aligncenter size-medium wp-image-11083\" src=\"https:\/\/correiodasemana.com\/site\/wp-content\/uploads\/2020\/03\/batch_DSC00667-300x225.jpg\" alt=\"\" width=\"300\" height=\"225\" srcset=\"https:\/\/correiodasemana.com\/site\/wp-content\/uploads\/2020\/03\/batch_DSC00667-300x225.jpg 300w, https:\/\/correiodasemana.com\/site\/wp-content\/uploads\/2020\/03\/batch_DSC00667-1024x768.jpg 1024w, https:\/\/correiodasemana.com\/site\/wp-content\/uploads\/2020\/03\/batch_DSC00667-768x576.jpg 768w, https:\/\/correiodasemana.com\/site\/wp-content\/uploads\/2020\/03\/batch_DSC00667-1536x1152.jpg 1536w, https:\/\/correiodasemana.com\/site\/wp-content\/uploads\/2020\/03\/batch_DSC00667-2048x1536.jpg 2048w\" sizes=\"(max-width: 300px) 100vw, 300px\" \/> <img loading=\"lazy\" decoding=\"async\" class=\"aligncenter size-medium wp-image-11084\" src=\"https:\/\/correiodasemana.com\/site\/wp-content\/uploads\/2020\/03\/batch_DSC00669-300x225.jpg\" alt=\"\" width=\"300\" height=\"225\" srcset=\"https:\/\/correiodasemana.com\/site\/wp-content\/uploads\/2020\/03\/batch_DSC00669-300x225.jpg 300w, https:\/\/correiodasemana.com\/site\/wp-content\/uploads\/2020\/03\/batch_DSC00669-1024x768.jpg 1024w, https:\/\/correiodasemana.com\/site\/wp-content\/uploads\/2020\/03\/batch_DSC00669-768x576.jpg 768w, https:\/\/correiodasemana.com\/site\/wp-content\/uploads\/2020\/03\/batch_DSC00669-1536x1152.jpg 1536w, https:\/\/correiodasemana.com\/site\/wp-content\/uploads\/2020\/03\/batch_DSC00669-2048x1536.jpg 2048w\" sizes=\"(max-width: 300px) 100vw, 300px\" \/> <img loading=\"lazy\" decoding=\"async\" class=\"aligncenter size-medium wp-image-11085\" src=\"https:\/\/correiodasemana.com\/site\/wp-content\/uploads\/2020\/03\/batch_DSC00671-300x225.jpg\" alt=\"\" width=\"300\" height=\"225\" srcset=\"https:\/\/correiodasemana.com\/site\/wp-content\/uploads\/2020\/03\/batch_DSC00671-300x225.jpg 300w, https:\/\/correiodasemana.com\/site\/wp-content\/uploads\/2020\/03\/batch_DSC00671-1024x768.jpg 1024w, https:\/\/correiodasemana.com\/site\/wp-content\/uploads\/2020\/03\/batch_DSC00671-768x576.jpg 768w, https:\/\/correiodasemana.com\/site\/wp-content\/uploads\/2020\/03\/batch_DSC00671-1536x1152.jpg 1536w, https:\/\/correiodasemana.com\/site\/wp-content\/uploads\/2020\/03\/batch_DSC00671-2048x1536.jpg 2048w\" sizes=\"(max-width: 300px) 100vw, 300px\" \/> <img loading=\"lazy\" decoding=\"async\" class=\"aligncenter size-medium wp-image-11086\" src=\"https:\/\/correiodasemana.com\/site\/wp-content\/uploads\/2020\/03\/batch_DSC00672-300x225.jpg\" alt=\"\" width=\"300\" height=\"225\" srcset=\"https:\/\/correiodasemana.com\/site\/wp-content\/uploads\/2020\/03\/batch_DSC00672-300x225.jpg 300w, https:\/\/correiodasemana.com\/site\/wp-content\/uploads\/2020\/03\/batch_DSC00672-1024x768.jpg 1024w, https:\/\/correiodasemana.com\/site\/wp-content\/uploads\/2020\/03\/batch_DSC00672-768x576.jpg 768w, https:\/\/correiodasemana.com\/site\/wp-content\/uploads\/2020\/03\/batch_DSC00672-1536x1152.jpg 1536w, https:\/\/correiodasemana.com\/site\/wp-content\/uploads\/2020\/03\/batch_DSC00672-2048x1536.jpg 2048w\" sizes=\"(max-width: 300px) 100vw, 300px\" \/> <img loading=\"lazy\" decoding=\"async\" class=\"aligncenter size-medium wp-image-11087\" src=\"https:\/\/correiodasemana.com\/site\/wp-content\/uploads\/2020\/03\/batch_DSC00675-300x225.jpg\" alt=\"\" width=\"300\" height=\"225\" srcset=\"https:\/\/correiodasemana.com\/site\/wp-content\/uploads\/2020\/03\/batch_DSC00675-300x225.jpg 300w, https:\/\/correiodasemana.com\/site\/wp-content\/uploads\/2020\/03\/batch_DSC00675-1024x768.jpg 1024w, https:\/\/correiodasemana.com\/site\/wp-content\/uploads\/2020\/03\/batch_DSC00675-768x576.jpg 768w, https:\/\/correiodasemana.com\/site\/wp-content\/uploads\/2020\/03\/batch_DSC00675-1536x1152.jpg 1536w, https:\/\/correiodasemana.com\/site\/wp-content\/uploads\/2020\/03\/batch_DSC00675-2048x1536.jpg 2048w\" sizes=\"(max-width: 300px) 100vw, 300px\" \/> <img loading=\"lazy\" decoding=\"async\" class=\"aligncenter size-medium wp-image-11088\" src=\"https:\/\/correiodasemana.com\/site\/wp-content\/uploads\/2020\/03\/batch_DSC00676-300x225.jpg\" alt=\"\" width=\"300\" height=\"225\" srcset=\"https:\/\/correiodasemana.com\/site\/wp-content\/uploads\/2020\/03\/batch_DSC00676-300x225.jpg 300w, https:\/\/correiodasemana.com\/site\/wp-content\/uploads\/2020\/03\/batch_DSC00676-1024x768.jpg 1024w, https:\/\/correiodasemana.com\/site\/wp-content\/uploads\/2020\/03\/batch_DSC00676-768x576.jpg 768w, https:\/\/correiodasemana.com\/site\/wp-content\/uploads\/2020\/03\/batch_DSC00676-1536x1152.jpg 1536w, https:\/\/correiodasemana.com\/site\/wp-content\/uploads\/2020\/03\/batch_DSC00676-2048x1536.jpg 2048w\" sizes=\"(max-width: 300px) 100vw, 300px\" \/> <img loading=\"lazy\" decoding=\"async\" class=\"aligncenter size-medium wp-image-11089\" src=\"https:\/\/correiodasemana.com\/site\/wp-content\/uploads\/2020\/03\/batch_DSC00678-300x225.jpg\" alt=\"\" width=\"300\" height=\"225\" srcset=\"https:\/\/correiodasemana.com\/site\/wp-content\/uploads\/2020\/03\/batch_DSC00678-300x225.jpg 300w, https:\/\/correiodasemana.com\/site\/wp-content\/uploads\/2020\/03\/batch_DSC00678-1024x768.jpg 1024w, https:\/\/correiodasemana.com\/site\/wp-content\/uploads\/2020\/03\/batch_DSC00678-768x576.jpg 768w, https:\/\/correiodasemana.com\/site\/wp-content\/uploads\/2020\/03\/batch_DSC00678-1536x1152.jpg 1536w, https:\/\/correiodasemana.com\/site\/wp-content\/uploads\/2020\/03\/batch_DSC00678-2048x1536.jpg 2048w\" sizes=\"(max-width: 300px) 100vw, 300px\" \/> <img loading=\"lazy\" decoding=\"async\" class=\"aligncenter size-medium wp-image-11090\" src=\"https:\/\/correiodasemana.com\/site\/wp-content\/uploads\/2020\/03\/batch_DSC00679-300x225.jpg\" alt=\"\" width=\"300\" height=\"225\" srcset=\"https:\/\/correiodasemana.com\/site\/wp-content\/uploads\/2020\/03\/batch_DSC00679-300x225.jpg 300w, https:\/\/correiodasemana.com\/site\/wp-content\/uploads\/2020\/03\/batch_DSC00679-1024x768.jpg 1024w, https:\/\/correiodasemana.com\/site\/wp-content\/uploads\/2020\/03\/batch_DSC00679-768x576.jpg 768w, https:\/\/correiodasemana.com\/site\/wp-content\/uploads\/2020\/03\/batch_DSC00679-1536x1152.jpg 1536w, https:\/\/correiodasemana.com\/site\/wp-content\/uploads\/2020\/03\/batch_DSC00679-2048x1536.jpg 2048w\" sizes=\"(max-width: 300px) 100vw, 300px\" \/> <img loading=\"lazy\" decoding=\"async\" class=\"aligncenter size-medium wp-image-11091\" src=\"https:\/\/correiodasemana.com\/site\/wp-content\/uploads\/2020\/03\/batch_DSC00680-300x225.jpg\" alt=\"\" width=\"300\" height=\"225\" srcset=\"https:\/\/correiodasemana.com\/site\/wp-content\/uploads\/2020\/03\/batch_DSC00680-300x225.jpg 300w, https:\/\/correiodasemana.com\/site\/wp-content\/uploads\/2020\/03\/batch_DSC00680-1024x768.jpg 1024w, https:\/\/correiodasemana.com\/site\/wp-content\/uploads\/2020\/03\/batch_DSC00680-768x576.jpg 768w, https:\/\/correiodasemana.com\/site\/wp-content\/uploads\/2020\/03\/batch_DSC00680-1536x1152.jpg 1536w, https:\/\/correiodasemana.com\/site\/wp-content\/uploads\/2020\/03\/batch_DSC00680-2048x1536.jpg 2048w\" sizes=\"(max-width: 300px) 100vw, 300px\" \/><\/p>\n","protected":false},"excerpt":{"rendered":"<p>Neste ano, a campanha tem como tema: Fraternidade e Vida: Dom e Compromisso. Com \u00eanfase&#8230;<\/p>\n","protected":false},"author":1,"featured_media":11081,"comment_status":"open","ping_status":"open","sticky":false,"template":"","format":"standard","meta":{"_jetpack_memberships_contains_paid_content":false,"footnotes":"","jetpack_publicize_message":"","jetpack_publicize_feature_enabled":true,"jetpack_social_post_already_shared":true,"jetpack_social_options":{"image_generator_settings":{"template":"highway","default_image_id":0,"font":"","enabled":false},"version":2}},"categories":[1],"tags":[],"class_list":["post-11080","post","type-post","status-publish","format-standard","has-post-thumbnail","hentry","category-atualidade"],"jetpack_publicize_connections":[],"jetpack_featured_media_url":"https:\/\/correiodasemana.com\/site\/wp-content\/uploads\/2020\/03\/batch_DSC00589-scaled.jpg","jetpack-related-posts":[{"id":9908,"url":"https:\/\/correiodasemana.com\/site\/cnbb-apresenta-tema-da-campanha-da-fraternidade-2020\/","url_meta":{"origin":11080,"position":0},"title":"CNBB apresenta tema da Campanha da Fraternidade 2020","author":"","date":"Novembro 18, 2019","format":false,"excerpt":"A Confer\u00eancia Nacional dos Bispos do Brasil apresenta para os crist\u00e3os por ocasi\u00e3o da quaresma a Campanha da Fraternidade. No pr\u00f3ximo ano teremos como TEMA: \u201cFraternidade e Vida: Dom e Compromisso\u201d, e o Lema \u00e9 \u201cViu, sentiu compaix\u00e3o e cuidou dele\u201d (Lc 10, 33-34), extra\u00eddo da Par\u00e1bola do Bom Samaritano.\u2026","rel":"","context":"In &quot;Atualidade&quot;","block_context":{"text":"Atualidade","link":"https:\/\/correiodasemana.com\/site\/category\/atualidade\/"},"img":{"alt_text":"","src":"https:\/\/i0.wp.com\/correiodasemana.com\/site\/wp-content\/uploads\/2019\/11\/PHOTO-2019-11-10-10-57-28.jpg?resize=350%2C200&ssl=1","width":350,"height":200,"srcset":"https:\/\/i0.wp.com\/correiodasemana.com\/site\/wp-content\/uploads\/2019\/11\/PHOTO-2019-11-10-10-57-28.jpg?resize=350%2C200&ssl=1 1x, https:\/\/i0.wp.com\/correiodasemana.com\/site\/wp-content\/uploads\/2019\/11\/PHOTO-2019-11-10-10-57-28.jpg?resize=525%2C300&ssl=1 1.5x, https:\/\/i0.wp.com\/correiodasemana.com\/site\/wp-content\/uploads\/2019\/11\/PHOTO-2019-11-10-10-57-28.jpg?resize=700%2C400&ssl=1 2x"},"classes":[]},{"id":11004,"url":"https:\/\/correiodasemana.com\/site\/em-cerimonia-realizada-em-brasilia-df-igreja-no-brasil-lanca-a-campanha-da-fraternidade-2020\/","url_meta":{"origin":11080,"position":1},"title":"Em cerim\u00f4nia realizada em Bras\u00edlia (DF), igreja no Brasil lan\u00e7a a Campanha da Fraternidade 2020","author":"","date":"Mar\u00e7o 2, 2020","format":false,"excerpt":"Secret\u00e1rio-geral da CNBB chama a aten\u00e7\u00e3o para n\u00e3o naturaliza\u00e7\u00e3o das agress\u00f5es \u00e0 vida Dom Joel Portella Amado, secret\u00e1rio-geral da Conferencia Nacional dos Bispos do Brasil (CNBB) presidiu a cerim\u00f4nia de lan\u00e7amento da Campanha da Fraternidade 2020 na \u00faltima quarta-feira, dia 26 de fevereiro, na sede da CNBB em Bras\u00edlia (DF).\u2026","rel":"","context":"In &quot;Atualidade&quot;","block_context":{"text":"Atualidade","link":"https:\/\/correiodasemana.com\/site\/category\/atualidade\/"},"img":{"alt_text":"","src":"https:\/\/i0.wp.com\/correiodasemana.com\/site\/wp-content\/uploads\/2020\/03\/Cartaz-CF-2020.jpg?resize=350%2C200&ssl=1","width":350,"height":200,"srcset":"https:\/\/i0.wp.com\/correiodasemana.com\/site\/wp-content\/uploads\/2020\/03\/Cartaz-CF-2020.jpg?resize=350%2C200&ssl=1 1x, https:\/\/i0.wp.com\/correiodasemana.com\/site\/wp-content\/uploads\/2020\/03\/Cartaz-CF-2020.jpg?resize=525%2C300&ssl=1 1.5x, https:\/\/i0.wp.com\/correiodasemana.com\/site\/wp-content\/uploads\/2020\/03\/Cartaz-CF-2020.jpg?resize=700%2C400&ssl=1 2x, https:\/\/i0.wp.com\/correiodasemana.com\/site\/wp-content\/uploads\/2020\/03\/Cartaz-CF-2020.jpg?resize=1050%2C600&ssl=1 3x"},"classes":[]},{"id":10751,"url":"https:\/\/correiodasemana.com\/site\/diocese-de-sobral-capacita-multiplicadores-da-campanha-da-fraternidade-2020\/","url_meta":{"origin":11080,"position":2},"title":"Diocese de Sobral capacita multiplicadores da Campanha da Fraternidade 2020","author":"","date":"Fevereiro 10, 2020","format":false,"excerpt":"Aconteceu no s\u00e1bado (1) no audit\u00f3rio Dom Walfrido, na Diocese de Sobral a capacita\u00e7\u00e3o para os agentes multiplicadores da Campanha da Fraternidade 2020, que este ano retratou sobre Fraternidade e Vida: Dom e compromisso, com o lema: Viu, sentiu compaix\u00e3o e cuidou dele. O momento inicial foi de inscri\u00e7\u00e3o e\u2026","rel":"","context":"In &quot;Diocese&quot;","block_context":{"text":"Diocese","link":"https:\/\/correiodasemana.com\/site\/category\/diocese\/"},"img":{"alt_text":"","src":"https:\/\/i0.wp.com\/correiodasemana.com\/site\/wp-content\/uploads\/2020\/02\/DSC_0434.jpg?resize=350%2C200&ssl=1","width":350,"height":200,"srcset":"https:\/\/i0.wp.com\/correiodasemana.com\/site\/wp-content\/uploads\/2020\/02\/DSC_0434.jpg?resize=350%2C200&ssl=1 1x, https:\/\/i0.wp.com\/correiodasemana.com\/site\/wp-content\/uploads\/2020\/02\/DSC_0434.jpg?resize=525%2C300&ssl=1 1.5x, https:\/\/i0.wp.com\/correiodasemana.com\/site\/wp-content\/uploads\/2020\/02\/DSC_0434.jpg?resize=700%2C400&ssl=1 2x, https:\/\/i0.wp.com\/correiodasemana.com\/site\/wp-content\/uploads\/2020\/02\/DSC_0434.jpg?resize=1050%2C600&ssl=1 3x, https:\/\/i0.wp.com\/correiodasemana.com\/site\/wp-content\/uploads\/2020\/02\/DSC_0434.jpg?resize=1400%2C800&ssl=1 4x"},"classes":[]},{"id":8829,"url":"https:\/\/correiodasemana.com\/site\/consep-aprova-cartaz-da-campanha-da-fraternidade-de-2020-inspirado-em-irma-dulce\/","url_meta":{"origin":11080,"position":3},"title":"Consep aprova cartaz da Campanha da Fraternidade de 2020, inspirado em irm\u00e3 Dulce","author":"","date":"Agosto 27, 2019","format":false,"excerpt":"O cartaz remete \u00e0 figura de irm\u00e3 Dulce, que ser\u00e1 canonizada no pr\u00f3ximo m\u00eas de outubro CNBB O cartaz da Campanha da Fraternidade de 2020, cujo tema ser\u00e1 \u201cFraternidade e vida: dom e compromisso\u201d foi aprovado na manh\u00e3 da quarta-feira, 21 de agosto. Os bispos reunidos no Conselho Episcopal Pastoral\u2026","rel":"","context":"In &quot;Atualidade&quot;","block_context":{"text":"Atualidade","link":"https:\/\/correiodasemana.com\/site\/category\/atualidade\/"},"img":{"alt_text":"","src":"https:\/\/i0.wp.com\/correiodasemana.com\/site\/wp-content\/uploads\/2019\/08\/69124368_2467277513339444_7046642358808477696_n.jpg?resize=350%2C200&ssl=1","width":350,"height":200,"srcset":"https:\/\/i0.wp.com\/correiodasemana.com\/site\/wp-content\/uploads\/2019\/08\/69124368_2467277513339444_7046642358808477696_n.jpg?resize=350%2C200&ssl=1 1x, https:\/\/i0.wp.com\/correiodasemana.com\/site\/wp-content\/uploads\/2019\/08\/69124368_2467277513339444_7046642358808477696_n.jpg?resize=525%2C300&ssl=1 1.5x"},"classes":[]},{"id":11128,"url":"https:\/\/correiodasemana.com\/site\/a-sociedade-de-sao-vicente-de-paulo-e-a-campanha-da-fraternidade-2020\/","url_meta":{"origin":11080,"position":4},"title":"A Sociedade de S\u00e3o Vicente de Paulo e a Campanha da Fraternidade 2020","author":"","date":"Mar\u00e7o 9, 2020","format":false,"excerpt":"A Campanha da Fraternidade 2020 tem o objetivo de estimular a pr\u00e1tica de a\u00e7\u00f5es de caridade em todas as par\u00f3quias, principal carisma da SSVP Por Marciley Salles A Igreja Cat\u00f3lica no Brasil vivendo a Campanha da Fraternidade (CF-2020), cujo tema deste ano \u00e9 \u201cFraternidade e vida: dom e compromisso\u201d, com\u2026","rel":"","context":"In &quot;Atualidade&quot;","block_context":{"text":"Atualidade","link":"https:\/\/correiodasemana.com\/site\/category\/atualidade\/"},"img":{"alt_text":"","src":"https:\/\/i0.wp.com\/correiodasemana.com\/site\/wp-content\/uploads\/2020\/03\/Cartaz-CF-2020-1.jpg?resize=350%2C200&ssl=1","width":350,"height":200,"srcset":"https:\/\/i0.wp.com\/correiodasemana.com\/site\/wp-content\/uploads\/2020\/03\/Cartaz-CF-2020-1.jpg?resize=350%2C200&ssl=1 1x, https:\/\/i0.wp.com\/correiodasemana.com\/site\/wp-content\/uploads\/2020\/03\/Cartaz-CF-2020-1.jpg?resize=525%2C300&ssl=1 1.5x, https:\/\/i0.wp.com\/correiodasemana.com\/site\/wp-content\/uploads\/2020\/03\/Cartaz-CF-2020-1.jpg?resize=700%2C400&ssl=1 2x, https:\/\/i0.wp.com\/correiodasemana.com\/site\/wp-content\/uploads\/2020\/03\/Cartaz-CF-2020-1.jpg?resize=1050%2C600&ssl=1 3x"},"classes":[]},{"id":11158,"url":"https:\/\/correiodasemana.com\/site\/a-vida-e-dom-e-compromisso-do-cristao\/","url_meta":{"origin":11080,"position":5},"title":"A vida \u00e9 dom e compromisso do crist\u00e3o","author":"","date":"Mar\u00e7o 9, 2020","format":false,"excerpt":"H\u00e1 mais de cinco d\u00e9cadas, a Igreja, a partir da Confer\u00eancia Nacional dos Bispos do Brasil, celebra a Campanha da Fraternidade, vivenciada no tempo quaresmal. O objetivo \u00e9 anunciar a cada ano, nesse tempo prop\u00edcio, a import\u00e2ncia de n\u00e3o separar a convers\u00e3o do servi\u00e7o aos irm\u00e3os e irm\u00e3s, sobretudo os\u2026","rel":"","context":"In &quot;Artigos&quot;","block_context":{"text":"Artigos","link":"https:\/\/correiodasemana.com\/site\/category\/artigos\/"},"img":{"alt_text":"","src":"https:\/\/i0.wp.com\/correiodasemana.com\/site\/wp-content\/uploads\/2018\/02\/editorial-cs.jpg?resize=350%2C200&ssl=1","width":350,"height":200,"srcset":"https:\/\/i0.wp.com\/correiodasemana.com\/site\/wp-content\/uploads\/2018\/02\/editorial-cs.jpg?resize=350%2C200&ssl=1 1x, https:\/\/i0.wp.com\/correiodasemana.com\/site\/wp-content\/uploads\/2018\/02\/editorial-cs.jpg?resize=525%2C300&ssl=1 1.5x"},"classes":[]}],"jetpack_sharing_enabled":true,"_links":{"self":[{"href":"https:\/\/correiodasemana.com\/site\/wp-json\/wp\/v2\/posts\/11080","targetHints":{"allow":["GET"]}}],"collection":[{"href":"https:\/\/correiodasemana.com\/site\/wp-json\/wp\/v2\/posts"}],"about":[{"href":"https:\/\/correiodasemana.com\/site\/wp-json\/wp\/v2\/types\/post"}],"author":[{"embeddable":true,"href":"https:\/\/correiodasemana.com\/site\/wp-json\/wp\/v2\/users\/1"}],"replies":[{"embeddable":true,"href":"https:\/\/correiodasemana.com\/site\/wp-json\/wp\/v2\/comments?post=11080"}],"version-history":[{"count":1,"href":"https:\/\/correiodasemana.com\/site\/wp-json\/wp\/v2\/posts\/11080\/revisions"}],"predecessor-version":[{"id":11092,"href":"https:\/\/correiodasemana.com\/site\/wp-json\/wp\/v2\/posts\/11080\/revisions\/11092"}],"wp:featuredmedia":[{"embeddable":true,"href":"https:\/\/correiodasemana.com\/site\/wp-json\/wp\/v2\/media\/11081"}],"wp:attachment":[{"href":"https:\/\/correiodasemana.com\/site\/wp-json\/wp\/v2\/media?parent=11080"}],"wp:term":[{"taxonomy":"category","embeddable":true,"href":"https:\/\/correiodasemana.com\/site\/wp-json\/wp\/v2\/categories?post=11080"},{"taxonomy":"post_tag","embeddable":true,"href":"https:\/\/correiodasemana.com\/site\/wp-json\/wp\/v2\/tags?post=11080"}],"curies":[{"name":"wp","href":"https:\/\/api.w.org\/{rel}","templated":true}]}}