{"id":11102,"date":"2020-03-09T04:37:57","date_gmt":"2020-03-09T04:37:57","guid":{"rendered":"https:\/\/correiodasemana.com\/site\/?p=11102"},"modified":"2020-03-09T04:37:57","modified_gmt":"2020-03-09T04:37:57","slug":"residentes-da-area-de-saude-participam-de-paralisacao","status":"publish","type":"post","link":"https:\/\/correiodasemana.com\/site\/residentes-da-area-de-saude-participam-de-paralisacao\/","title":{"rendered":"Residentes da \u00e1rea de sa\u00fade participam de paralisa\u00e7\u00e3o"},"content":{"rendered":"<p><strong>A paralisa\u00e7\u00e3o aconteceu em todo o pa\u00eds. Segundo os manifestantes, esse primeiro momento tem como objetivo dar visibilidade \u00e0s reivindica\u00e7\u00f5es<\/strong><\/p>\n<p>Residentes em Sa\u00fade se manifestaram na ter\u00e7a-feira (3) contra a precariza\u00e7\u00e3o do Sistema \u00danico de Sa\u00fade (SUS) a redu\u00e7\u00e3o da \u201cbolsa-sal\u00e1rio\u201d, e o aumento da carga hor\u00e1ria de 60 horas semanais. A principal cr\u00edtica \u00e9 contra a nova reforma da previd\u00eancia que resultou em um aumento para a categoria diante da bolsa, que n\u00e3o possui reajuste desde 2016. Se antes da norma a contribui\u00e7\u00e3o era de 11%, agora \u00e9 de 14%.<br \/>\nPara Fabiele Ara\u00fajo, enfermeira residente o excesso da carga hor\u00e1ria de trabalho gera transtornos f\u00edsicos e psicol\u00f3gicos. \u201cTem que ter uma reorganiza\u00e7\u00e3o desse hor\u00e1rio, pensando que uma carga hor\u00e1ria de 60 horas por semana \u00e9 bastante extensa, cansativa e desgastante\u201d, declara a residente.<br \/>\nA residente, Carla Dino, destaca a resid\u00eancia como uma contribui\u00e7\u00e3o importante para os servi\u00e7os de sa\u00fade. \u201cA gente atende nas unidades b\u00e1sicas de sa\u00fade contribuindo muito para o servi\u00e7o\u201d, disse.<br \/>\nDe acordo com o Victor Sousa, 19 anos, especialista em sa\u00fade mental, \u00e9 preciso estar atento ao ataque do Governo Federal aos direitos constitucionais, segundo o jovem, os meios de educa\u00e7\u00e3o e sa\u00fade est\u00e3o sendo afetados. \u201cAqui a gente est\u00e1 lutando pela pauta dos residentes em espec\u00edfico, mas de uma forma geral abrange a popula\u00e7\u00e3o. Sem esses profissionais para dar apoio a rede de sa\u00fade do munic\u00edpio de Sobral, vai haver uma defasagem\u201d, explica.<br \/>\nAinda na ter\u00e7a-feira, o grupo de manifestantes, residentes da Escola de Sa\u00fade P\u00fablica Visconde de Sab\u00f3ia realizou oficinas, organizou uma reuni\u00e3o no Sindicato dos Trabalhadores Rurais para discutir as pautas com movimentos sociais e conselhos locais de sa\u00fade e categoria. A paralisa\u00e7\u00e3o aconteceu em todo o pa\u00eds. Segundo os manifestantes, esse primeiro momento tem como objetivo dar visibilidade as reivindica\u00e7\u00f5es.<\/p>\n<p><img fetchpriority=\"high\" decoding=\"async\" class=\"aligncenter size-medium wp-image-11103\" src=\"https:\/\/correiodasemana.com\/site\/wp-content\/uploads\/2020\/03\/batch_greve-dos-residentes-da-sa\u00fade-1-300x225.jpg\" alt=\"\" width=\"300\" height=\"225\" srcset=\"https:\/\/correiodasemana.com\/site\/wp-content\/uploads\/2020\/03\/batch_greve-dos-residentes-da-sa\u00fade-1-300x225.jpg 300w, https:\/\/correiodasemana.com\/site\/wp-content\/uploads\/2020\/03\/batch_greve-dos-residentes-da-sa\u00fade-1-1024x768.jpg 1024w, https:\/\/correiodasemana.com\/site\/wp-content\/uploads\/2020\/03\/batch_greve-dos-residentes-da-sa\u00fade-1-768x576.jpg 768w, https:\/\/correiodasemana.com\/site\/wp-content\/uploads\/2020\/03\/batch_greve-dos-residentes-da-sa\u00fade-1-1536x1152.jpg 1536w, https:\/\/correiodasemana.com\/site\/wp-content\/uploads\/2020\/03\/batch_greve-dos-residentes-da-sa\u00fade-1-2048x1536.jpg 2048w\" sizes=\"(max-width: 300px) 100vw, 300px\" \/> <img decoding=\"async\" class=\"aligncenter size-medium wp-image-11104\" src=\"https:\/\/correiodasemana.com\/site\/wp-content\/uploads\/2020\/03\/batch_greve-dos-residentes-da-sa\u00fade-5-300x225.jpg\" alt=\"\" width=\"300\" height=\"225\" srcset=\"https:\/\/correiodasemana.com\/site\/wp-content\/uploads\/2020\/03\/batch_greve-dos-residentes-da-sa\u00fade-5-300x225.jpg 300w, https:\/\/correiodasemana.com\/site\/wp-content\/uploads\/2020\/03\/batch_greve-dos-residentes-da-sa\u00fade-5-1024x768.jpg 1024w, https:\/\/correiodasemana.com\/site\/wp-content\/uploads\/2020\/03\/batch_greve-dos-residentes-da-sa\u00fade-5-768x576.jpg 768w, https:\/\/correiodasemana.com\/site\/wp-content\/uploads\/2020\/03\/batch_greve-dos-residentes-da-sa\u00fade-5-1536x1152.jpg 1536w, https:\/\/correiodasemana.com\/site\/wp-content\/uploads\/2020\/03\/batch_greve-dos-residentes-da-sa\u00fade-5-2048x1536.jpg 2048w\" sizes=\"(max-width: 300px) 100vw, 300px\" \/> <img decoding=\"async\" class=\"aligncenter size-medium wp-image-11105\" src=\"https:\/\/correiodasemana.com\/site\/wp-content\/uploads\/2020\/03\/batch_greve-dos-residentes-da-sa\u00fade-7-300x225.jpg\" alt=\"\" width=\"300\" height=\"225\" srcset=\"https:\/\/correiodasemana.com\/site\/wp-content\/uploads\/2020\/03\/batch_greve-dos-residentes-da-sa\u00fade-7-300x225.jpg 300w, https:\/\/correiodasemana.com\/site\/wp-content\/uploads\/2020\/03\/batch_greve-dos-residentes-da-sa\u00fade-7-1024x768.jpg 1024w, https:\/\/correiodasemana.com\/site\/wp-content\/uploads\/2020\/03\/batch_greve-dos-residentes-da-sa\u00fade-7-768x576.jpg 768w, https:\/\/correiodasemana.com\/site\/wp-content\/uploads\/2020\/03\/batch_greve-dos-residentes-da-sa\u00fade-7-1536x1152.jpg 1536w, https:\/\/correiodasemana.com\/site\/wp-content\/uploads\/2020\/03\/batch_greve-dos-residentes-da-sa\u00fade-7-2048x1536.jpg 2048w\" sizes=\"(max-width: 300px) 100vw, 300px\" \/><\/p>\n","protected":false},"excerpt":{"rendered":"<p>A paralisa\u00e7\u00e3o aconteceu em todo o pa\u00eds. Segundo os manifestantes, esse primeiro momento tem como&#8230;<\/p>\n","protected":false},"author":1,"featured_media":11105,"comment_status":"open","ping_status":"open","sticky":false,"template":"","format":"standard","meta":{"_jetpack_memberships_contains_paid_content":false,"footnotes":"","jetpack_publicize_message":"","jetpack_publicize_feature_enabled":true,"jetpack_social_post_already_shared":true,"jetpack_social_options":{"image_generator_settings":{"template":"highway","default_image_id":0,"font":"","enabled":false},"version":2}},"categories":[1],"tags":[],"class_list":["post-11102","post","type-post","status-publish","format-standard","has-post-thumbnail","hentry","category-atualidade"],"jetpack_publicize_connections":[],"jetpack_featured_media_url":"https:\/\/correiodasemana.com\/site\/wp-content\/uploads\/2020\/03\/batch_greve-dos-residentes-da-sa\u00fade-7-scaled.jpg","jetpack-related-posts":[{"id":30207,"url":"https:\/\/correiodasemana.com\/site\/em-tempo-237\/","url_meta":{"origin":11102,"position":0},"title":"EM TEMPO \u2022","author":"adminredacao","date":"Agosto 3, 2024","format":false,"excerpt":"Inscri\u00e7\u00f5es do Programa MP Residente Minist\u00e9rio P\u00fablico do Cear\u00e1 recebe inscri\u00e7\u00f5es, at\u00e9 o dia 10 de agosto, para o Programa MP Residente, no endere\u00e7o www.iel-ce.org.br. Sele\u00e7\u00e3o p\u00fablica \u00e9 destinada a pessoas graduadas em diversos cursos, com bolsa de R$ 2.000,00 e aux\u00edlio-transporte de R$ 198,00 por m\u00eas. A carga hor\u00e1ria\u2026","rel":"","context":"In &quot;Artigos&quot;","block_context":{"text":"Artigos","link":"https:\/\/correiodasemana.com\/site\/category\/artigos\/"},"img":{"alt_text":"","src":"https:\/\/i0.wp.com\/correiodasemana.com\/site\/wp-content\/uploads\/2024\/08\/1_ator_emiliano_queiroz-150x150.jpg?resize=350%2C200&ssl=1","width":350,"height":200,"srcset":"https:\/\/i0.wp.com\/correiodasemana.com\/site\/wp-content\/uploads\/2024\/08\/1_ator_emiliano_queiroz-150x150.jpg?resize=350%2C200&ssl=1 1x, https:\/\/i0.wp.com\/correiodasemana.com\/site\/wp-content\/uploads\/2024\/08\/1_ator_emiliano_queiroz-150x150.jpg?resize=525%2C300&ssl=1 1.5x, https:\/\/i0.wp.com\/correiodasemana.com\/site\/wp-content\/uploads\/2024\/08\/1_ator_emiliano_queiroz-150x150.jpg?resize=700%2C400&ssl=1 2x"},"classes":[]},{"id":16287,"url":"https:\/\/correiodasemana.com\/site\/em-tempo-79\/","url_meta":{"origin":11102,"position":1},"title":"Em Tempo","author":"","date":"Abril 26, 2021","format":false,"excerpt":"Concurso IFCE no campus de Cedro As inscri\u00e7\u00f5es para o concurso de professores substitutos para o campus do Cedro do Instituto Federal do Cear\u00e1 (IFCE) seguem at\u00e9 27 de abril, no link\u00a0https:\/\/qselecao.ifce.edu.br. Ao todo, s\u00e3o tr\u00eas vagas, sendo duas para Ci\u00eancia da Computa\u00e7\u00e3o e outra para F\u00edsica. A taxa \u00e9\u2026","rel":"","context":"In &quot;Artigos&quot;","block_context":{"text":"Artigos","link":"https:\/\/correiodasemana.com\/site\/category\/artigos\/"},"img":{"alt_text":"","src":"https:\/\/i0.wp.com\/correiodasemana.com\/site\/wp-content\/uploads\/2019\/12\/FOTO-EDILSON-SILVA-2.jpg?resize=350%2C200&ssl=1","width":350,"height":200,"srcset":"https:\/\/i0.wp.com\/correiodasemana.com\/site\/wp-content\/uploads\/2019\/12\/FOTO-EDILSON-SILVA-2.jpg?resize=350%2C200&ssl=1 1x, https:\/\/i0.wp.com\/correiodasemana.com\/site\/wp-content\/uploads\/2019\/12\/FOTO-EDILSON-SILVA-2.jpg?resize=525%2C300&ssl=1 1.5x, https:\/\/i0.wp.com\/correiodasemana.com\/site\/wp-content\/uploads\/2019\/12\/FOTO-EDILSON-SILVA-2.jpg?resize=700%2C400&ssl=1 2x"},"classes":[]},{"id":22514,"url":"https:\/\/correiodasemana.com\/site\/profissionais-da-enfermagem-fazem-protesto-contra-decisao-do-stf-que-barra-piso-salarial\/","url_meta":{"origin":11102,"position":2},"title":"Profissionais da enfermagem fazem protesto contra decis\u00e3o do STF que barra piso salarial","author":"","date":"Janeiro 5, 2023","format":false,"excerpt":"No protesto, os profissionais foram vestidos de branco, com o intuito de sensibilizar o Judici\u00e1rio. Eles interromperam o tr\u00e2nsito durante curtos per\u00edodos de tempo Enfermeiros, t\u00e9cnicos de enfermagem, auxiliares de enfermagem e parteiras realizaram um protesto em frente ao pr\u00e9dio do Tribunal Regional do Trabalho (TRT), no bairro da Aldeota,\u2026","rel":"","context":"In &quot;Atualidade&quot;","block_context":{"text":"Atualidade","link":"https:\/\/correiodasemana.com\/site\/category\/atualidade\/"},"img":{"alt_text":"","src":"https:\/\/i0.wp.com\/correiodasemana.com\/site\/wp-content\/uploads\/2023\/01\/1_whatsapp_image_2023_01_04_at_10_57_42__1_-20719340-1.jpeg?resize=350%2C200&ssl=1","width":350,"height":200,"srcset":"https:\/\/i0.wp.com\/correiodasemana.com\/site\/wp-content\/uploads\/2023\/01\/1_whatsapp_image_2023_01_04_at_10_57_42__1_-20719340-1.jpeg?resize=350%2C200&ssl=1 1x, https:\/\/i0.wp.com\/correiodasemana.com\/site\/wp-content\/uploads\/2023\/01\/1_whatsapp_image_2023_01_04_at_10_57_42__1_-20719340-1.jpeg?resize=525%2C300&ssl=1 1.5x, https:\/\/i0.wp.com\/correiodasemana.com\/site\/wp-content\/uploads\/2023\/01\/1_whatsapp_image_2023_01_04_at_10_57_42__1_-20719340-1.jpeg?resize=700%2C400&ssl=1 2x"},"classes":[]},{"id":22588,"url":"https:\/\/correiodasemana.com\/site\/centec-abre-1050-vagas-para-cursos-profissionalizantes-gratuitos\/","url_meta":{"origin":11102,"position":3},"title":"Centec abre 1050 vagas para cursos profissionalizantes gratuitos","author":"","date":"Janeiro 10, 2023","format":false,"excerpt":"Inscri\u00e7\u00f5es acontecem atrav\u00e9s do Sistema de Gerenciamento de Redes de Extens\u00e3o Tecnol\u00f3gica e Inova\u00e7\u00e3o at\u00e9 12 de janeiro. O Instituto Centro de Ensino Tecnol\u00f3gico do Cear\u00e1 (Centec) tem 1.050 vagas abertas para sete cursos profissionalizantes gratuitos online. As inscri\u00e7\u00f5es podem ser feitas at\u00e9 12 de janeiro, pelo Sistema de Gerenciamento\u2026","rel":"","context":"In &quot;Atualidade&quot;","block_context":{"text":"Atualidade","link":"https:\/\/correiodasemana.com\/site\/category\/atualidade\/"},"img":{"alt_text":"","src":"https:\/\/i0.wp.com\/correiodasemana.com\/site\/wp-content\/uploads\/2023\/01\/0202.webp?resize=350%2C200&ssl=1","width":350,"height":200,"srcset":"https:\/\/i0.wp.com\/correiodasemana.com\/site\/wp-content\/uploads\/2023\/01\/0202.webp?resize=350%2C200&ssl=1 1x, https:\/\/i0.wp.com\/correiodasemana.com\/site\/wp-content\/uploads\/2023\/01\/0202.webp?resize=525%2C300&ssl=1 1.5x"},"classes":[]},{"id":28371,"url":"https:\/\/correiodasemana.com\/site\/vacinacao-contra-dengue-no-df-comeca-nesta-sexta-a-partir-das-7h\/","url_meta":{"origin":11102,"position":4},"title":"Vacina\u00e7\u00e3o contra dengue no DF come\u00e7a nesta sexta a partir das 7h","author":"adminredacao","date":"Fevereiro 15, 2024","format":false,"excerpt":"Ao todo, 36 unidades b\u00e1sicas de sa\u00fade v\u00e3o oferecer a imuniza\u00e7\u00e3o Por Paula Laboissi\u00e8re \u2013 Rep\u00f3rter da Ag\u00eancia Brasil - Bras\u00edlia O Distrito Federal come\u00e7a a vacina\u00e7\u00e3o contra a dengue na rede p\u00fablica a partir das 7h da manh\u00e3 desta sexta-feira (9). A expectativa \u00e9 que as doses sejam entregues\u2026","rel":"","context":"In &quot;Atualidade&quot;","block_context":{"text":"Atualidade","link":"https:\/\/correiodasemana.com\/site\/category\/atualidade\/"},"img":{"alt_text":"","src":"https:\/\/i0.wp.com\/correiodasemana.com\/site\/wp-content\/uploads\/2024\/02\/dengue_1.webp?resize=350%2C200&ssl=1","width":350,"height":200,"srcset":"https:\/\/i0.wp.com\/correiodasemana.com\/site\/wp-content\/uploads\/2024\/02\/dengue_1.webp?resize=350%2C200&ssl=1 1x, https:\/\/i0.wp.com\/correiodasemana.com\/site\/wp-content\/uploads\/2024\/02\/dengue_1.webp?resize=525%2C300&ssl=1 1.5x, https:\/\/i0.wp.com\/correiodasemana.com\/site\/wp-content\/uploads\/2024\/02\/dengue_1.webp?resize=700%2C400&ssl=1 2x"},"classes":[]},{"id":20492,"url":"https:\/\/correiodasemana.com\/site\/brasil-tem-quase-108-milhoes-de-pessoas-morando-sozinhas\/","url_meta":{"origin":11102,"position":5},"title":"Brasil tem quase 10,8 milh\u00f5es de pessoas morando sozinhas","author":"","date":"Julho 24, 2022","format":false,"excerpt":"Pa\u00eds tem 212,7 milh\u00f5es de habitantes, sendo 51,1% mulheres Por L\u00e9o Rodrigues \u2013 Rep\u00f3rter da Ag\u00eancia Brasil - Rio de Janeiro Em 2012, haviam no Brasil 7,5 milh\u00f5es domic\u00edlios com um \u00fanico morador. Em 2021, esse n\u00famero subiu 43,7%, chegando a quase 10,8 milh\u00f5es. O dado aparece na nova Pesquisa\u2026","rel":"","context":"In &quot;Atualidade&quot;","block_context":{"text":"Atualidade","link":"https:\/\/correiodasemana.com\/site\/category\/atualidade\/"},"img":{"alt_text":"","src":"https:\/\/i0.wp.com\/correiodasemana.com\/site\/wp-content\/uploads\/2022\/07\/iStock-936537340.jpg?resize=350%2C200&ssl=1","width":350,"height":200,"srcset":"https:\/\/i0.wp.com\/correiodasemana.com\/site\/wp-content\/uploads\/2022\/07\/iStock-936537340.jpg?resize=350%2C200&ssl=1 1x, https:\/\/i0.wp.com\/correiodasemana.com\/site\/wp-content\/uploads\/2022\/07\/iStock-936537340.jpg?resize=525%2C300&ssl=1 1.5x, https:\/\/i0.wp.com\/correiodasemana.com\/site\/wp-content\/uploads\/2022\/07\/iStock-936537340.jpg?resize=700%2C400&ssl=1 2x, https:\/\/i0.wp.com\/correiodasemana.com\/site\/wp-content\/uploads\/2022\/07\/iStock-936537340.jpg?resize=1050%2C600&ssl=1 3x"},"classes":[]}],"jetpack_sharing_enabled":true,"_links":{"self":[{"href":"https:\/\/correiodasemana.com\/site\/wp-json\/wp\/v2\/posts\/11102","targetHints":{"allow":["GET"]}}],"collection":[{"href":"https:\/\/correiodasemana.com\/site\/wp-json\/wp\/v2\/posts"}],"about":[{"href":"https:\/\/correiodasemana.com\/site\/wp-json\/wp\/v2\/types\/post"}],"author":[{"embeddable":true,"href":"https:\/\/correiodasemana.com\/site\/wp-json\/wp\/v2\/users\/1"}],"replies":[{"embeddable":true,"href":"https:\/\/correiodasemana.com\/site\/wp-json\/wp\/v2\/comments?post=11102"}],"version-history":[{"count":1,"href":"https:\/\/correiodasemana.com\/site\/wp-json\/wp\/v2\/posts\/11102\/revisions"}],"predecessor-version":[{"id":11106,"href":"https:\/\/correiodasemana.com\/site\/wp-json\/wp\/v2\/posts\/11102\/revisions\/11106"}],"wp:featuredmedia":[{"embeddable":true,"href":"https:\/\/correiodasemana.com\/site\/wp-json\/wp\/v2\/media\/11105"}],"wp:attachment":[{"href":"https:\/\/correiodasemana.com\/site\/wp-json\/wp\/v2\/media?parent=11102"}],"wp:term":[{"taxonomy":"category","embeddable":true,"href":"https:\/\/correiodasemana.com\/site\/wp-json\/wp\/v2\/categories?post=11102"},{"taxonomy":"post_tag","embeddable":true,"href":"https:\/\/correiodasemana.com\/site\/wp-json\/wp\/v2\/tags?post=11102"}],"curies":[{"name":"wp","href":"https:\/\/api.w.org\/{rel}","templated":true}]}}