{"id":11107,"date":"2020-03-09T04:41:37","date_gmt":"2020-03-09T04:41:37","guid":{"rendered":"https:\/\/correiodasemana.com\/site\/?p=11107"},"modified":"2020-03-09T04:41:37","modified_gmt":"2020-03-09T04:41:37","slug":"irmas-filhas-de-santana-meditam-via-sacra-com-enfermos-em-hospital-de-sobral","status":"publish","type":"post","link":"https:\/\/correiodasemana.com\/site\/irmas-filhas-de-santana-meditam-via-sacra-com-enfermos-em-hospital-de-sobral\/","title":{"rendered":"Irm\u00e3s Filhas de Sant\u2019Ana meditam Via-Sacra com enfermos em hospital de Sobral"},"content":{"rendered":"<p><strong>Medita\u00e7\u00e3o da Paix\u00e3o, Morte e Ressurrei\u00e7\u00e3o de Jesus acontece nos leitos dos diversos setores da Santa Casa de Miseric\u00f3rdia de Sobral e proporciona acolhimento e cuidado espiritual com os pacientes.<\/strong><\/p>\n<p>Sendo a Quaresma per\u00edodo que para os cat\u00f3licos simboliza intensifica\u00e7\u00e3o de ora\u00e7\u00f5es e a\u00e7\u00f5es de caridade, em busca de uma mudan\u00e7a de vida \u00e0 luz dos ensinamentos de Jesus Cristo, pacientes internados na Santa Casa de Miseric\u00f3rdia de Sobral (SCMS), mesmo diante das enfermidades, podem meditar a Ora\u00e7\u00e3o da Via-Sacra, comum por refazer os \u00faltimos passos de Cristo desde a trai\u00e7\u00e3o at\u00e9 a ressurrei\u00e7\u00e3o, com a ajuda das Irm\u00e3s Filhas de Sant\u2019Ana, que dedicam a vida no cuidado aos enfermos da institui\u00e7\u00e3o. Momento come\u00e7ou a ser realizado em todos os setores do Hospital na segunda (02\/03) e segue at\u00e9 a segunda (06\/04).<br \/>\nOs primeiros Setores do Hospital a realizarem a ora\u00e7\u00e3o na companhia das Irm\u00e3s foram a Enfermaria S\u00e3o Jos\u00e9 e, o primeiro andar do Hospital Dom Walfrido. Al\u00e9m da alegria estampada nos rostos dos pacientes que meditavam a Via-Sacra, os acompanhantes tamb\u00e9m puderam participar de forma mais ativa, seguindo as esta\u00e7\u00f5es por entre os leitos do Setor.<br \/>\nDe acordo com a Superiora, Irm\u00e3 Ana Expedita de Jesus Oliveira Lopes, meditar esses mist\u00e9rios da vida de Jesus \u00e9 uma tradi\u00e7\u00e3o na institui\u00e7\u00e3o, e proporciona acolhimento e conforto espiritual para os enfermos: \u201cN\u00f3s, Filhas de Sant\u2019Ana, que somos quatro atualmente aqui no Hospital, priorizamos uma assist\u00eancia religiosa e espiritual aos doentes nos leitos, buscando para os mesmo um tratamento mais humanizado junto \u00e0 equipe de enfermagem e m\u00e9dica\u201d, enfatiza.<br \/>\nAl\u00e9m da Ora\u00e7\u00e3o da Via-Sacra ser realizada nos setores da institui\u00e7\u00e3o, todas as sextas-feiras at\u00e9 o final da Quaresma, as Irm\u00e3s a meditam na Capela do Hospital dedicada a Nossa Senhora Auxiliadora \u00e0s 16 horas.<\/p>\n<p>Origem da medita\u00e7\u00e3o<br \/>\nDesde o in\u00edcio do Cristianismo, os fi\u00e9is dedicavam profunda venera\u00e7\u00e3o aos lugares santificados pela vida, morte e glorifica\u00e7\u00e3o de Jesus Cristo. Saiam de lugares distantes em dire\u00e7\u00e3o \u00e0 Palestina, com objetivo de orar. Assim, surgem suas narrativas de viagem, esses peregrinos procuravam reproduzir, por meio de quadros ou pequenos monumentos, os vener\u00e1veis locais que haviam visitado.<br \/>\nA tend\u00eancia em \u201creproduzir\u201d se acentuou por efeito das Cruzadas, que aconteceram entre os s\u00e9culos XI e XIII, e aflorou em muitos f\u00e9is o desejo de conhecer os lugares santos e de se nutrir da espiritualidade dos mesmos. \u201c\u00c9 com esse pensamento de se aproximar de Jesus, que devemos meditar a Via-Sacra, sentir Nosso Senhor pr\u00f3ximo e pedir por nossa sa\u00fade e pela dos outros, \u00e9 essencial em nossa vida. Por isso realizamos esses momentos com muito amor e carinho na SCMS\u201d, ressalta Irm\u00e3 Expedita.<\/p>\n<p><img fetchpriority=\"high\" decoding=\"async\" class=\"aligncenter size-medium wp-image-11108\" src=\"https:\/\/correiodasemana.com\/site\/wp-content\/uploads\/2020\/03\/batch_Via-sacra-1-300x234.jpeg\" alt=\"\" width=\"300\" height=\"234\" srcset=\"https:\/\/correiodasemana.com\/site\/wp-content\/uploads\/2020\/03\/batch_Via-sacra-1-300x234.jpeg 300w, https:\/\/correiodasemana.com\/site\/wp-content\/uploads\/2020\/03\/batch_Via-sacra-1-1024x800.jpeg 1024w, https:\/\/correiodasemana.com\/site\/wp-content\/uploads\/2020\/03\/batch_Via-sacra-1-768x600.jpeg 768w, https:\/\/correiodasemana.com\/site\/wp-content\/uploads\/2020\/03\/batch_Via-sacra-1-1536x1200.jpeg 1536w, https:\/\/correiodasemana.com\/site\/wp-content\/uploads\/2020\/03\/batch_Via-sacra-1-2048x1599.jpeg 2048w\" sizes=\"(max-width: 300px) 100vw, 300px\" \/> <img decoding=\"async\" class=\"aligncenter size-medium wp-image-11109\" src=\"https:\/\/correiodasemana.com\/site\/wp-content\/uploads\/2020\/03\/batch_Via-sacra-2-300x200.jpg\" alt=\"\" width=\"300\" height=\"200\" srcset=\"https:\/\/correiodasemana.com\/site\/wp-content\/uploads\/2020\/03\/batch_Via-sacra-2-300x200.jpg 300w, https:\/\/correiodasemana.com\/site\/wp-content\/uploads\/2020\/03\/batch_Via-sacra-2-1024x683.jpg 1024w, https:\/\/correiodasemana.com\/site\/wp-content\/uploads\/2020\/03\/batch_Via-sacra-2-768x512.jpg 768w, https:\/\/correiodasemana.com\/site\/wp-content\/uploads\/2020\/03\/batch_Via-sacra-2-1536x1024.jpg 1536w, https:\/\/correiodasemana.com\/site\/wp-content\/uploads\/2020\/03\/batch_Via-sacra-2-2048x1365.jpg 2048w\" sizes=\"(max-width: 300px) 100vw, 300px\" \/><\/p>\n","protected":false},"excerpt":{"rendered":"<p>Medita\u00e7\u00e3o da Paix\u00e3o, Morte e Ressurrei\u00e7\u00e3o de Jesus acontece nos leitos dos diversos setores da&#8230;<\/p>\n","protected":false},"author":1,"featured_media":11108,"comment_status":"open","ping_status":"open","sticky":false,"template":"","format":"standard","meta":{"_jetpack_memberships_contains_paid_content":false,"footnotes":"","jetpack_publicize_message":"","jetpack_publicize_feature_enabled":true,"jetpack_social_post_already_shared":true,"jetpack_social_options":{"image_generator_settings":{"template":"highway","default_image_id":0,"font":"","enabled":false},"version":2}},"categories":[1],"tags":[],"class_list":["post-11107","post","type-post","status-publish","format-standard","has-post-thumbnail","hentry","category-atualidade"],"jetpack_publicize_connections":[],"jetpack_featured_media_url":"https:\/\/correiodasemana.com\/site\/wp-content\/uploads\/2020\/03\/batch_Via-sacra-1-scaled.jpeg","jetpack-related-posts":[{"id":32392,"url":"https:\/\/correiodasemana.com\/site\/santa-casa-de-misericordia-de-sobral-celebra-100-anos-da-chegada-das-filhas-de-santana\/","url_meta":{"origin":11107,"position":0},"title":"Santa Casa de Miseric\u00f3rdia de Sobral celebra 100 anos da chegada das Filhas de Sant\u2019Ana","author":"adminredacao","date":"Fevereiro 4, 2025","format":false,"excerpt":"Missa, homenagens e descerramento de placa marcam celebra\u00e7\u00e3o hist\u00f3rica A Santa Casa de Miseric\u00f3rdia de Sobral celebrou, na quinta-feira (30\/01), o centen\u00e1rio da chegada das religiosas Filhas de Sant\u2019Ana ao hospital. A solenidade, realizada na Capela da institui\u00e7\u00e3o, contou com uma Missa em a\u00e7\u00e3o de gra\u00e7as, homenagens especiais e o\u2026","rel":"","context":"In &quot;Atualidade&quot;","block_context":{"text":"Atualidade","link":"https:\/\/correiodasemana.com\/site\/category\/atualidade\/"},"img":{"alt_text":"","src":"https:\/\/i0.wp.com\/correiodasemana.com\/site\/wp-content\/uploads\/2025\/02\/Santa-Casa-Principal-scaled.jpg?resize=350%2C200&ssl=1","width":350,"height":200,"srcset":"https:\/\/i0.wp.com\/correiodasemana.com\/site\/wp-content\/uploads\/2025\/02\/Santa-Casa-Principal-scaled.jpg?resize=350%2C200&ssl=1 1x, https:\/\/i0.wp.com\/correiodasemana.com\/site\/wp-content\/uploads\/2025\/02\/Santa-Casa-Principal-scaled.jpg?resize=525%2C300&ssl=1 1.5x, https:\/\/i0.wp.com\/correiodasemana.com\/site\/wp-content\/uploads\/2025\/02\/Santa-Casa-Principal-scaled.jpg?resize=700%2C400&ssl=1 2x, https:\/\/i0.wp.com\/correiodasemana.com\/site\/wp-content\/uploads\/2025\/02\/Santa-Casa-Principal-scaled.jpg?resize=1050%2C600&ssl=1 3x, https:\/\/i0.wp.com\/correiodasemana.com\/site\/wp-content\/uploads\/2025\/02\/Santa-Casa-Principal-scaled.jpg?resize=1400%2C800&ssl=1 4x"},"classes":[]},{"id":18312,"url":"https:\/\/correiodasemana.com\/site\/depois-de-oito-anos-na-santa-casa-de-sobral-religiosa-filha-de-santana-ganha-homenagem-ao-assumir-outra-missao\/","url_meta":{"origin":11107,"position":1},"title":"Depois de oito anos na Santa Casa de Sobral, religiosa Filha de Sant\u2019Ana ganha homenagem ao assumir outra miss\u00e3o","author":"","date":"Dezembro 12, 2021","format":false,"excerpt":"Irm\u00e3 Ana Expedita de Jesus Oliveira Lopes chegou no hospital no dia 10 de fevereiro de 2013. Atualmente era coordenadora do Grupo de Trabalho de Humaniza\u00e7\u00e3o (GTH) da institui\u00e7\u00e3o. Ascom Complexo SCMS Convidadas por Dom Jos\u00e9 Tupinamb\u00e1 da Frota a assumirem a administra\u00e7\u00e3o da Santa Casa de Miseric\u00f3rdia de Sobral\u2026","rel":"","context":"In &quot;Atualidade&quot;","block_context":{"text":"Atualidade","link":"https:\/\/correiodasemana.com\/site\/category\/atualidade\/"},"img":{"alt_text":"","src":"https:\/\/i0.wp.com\/correiodasemana.com\/site\/wp-content\/uploads\/2021\/12\/Foto-1-scaled.jpg?resize=350%2C200&ssl=1","width":350,"height":200,"srcset":"https:\/\/i0.wp.com\/correiodasemana.com\/site\/wp-content\/uploads\/2021\/12\/Foto-1-scaled.jpg?resize=350%2C200&ssl=1 1x, https:\/\/i0.wp.com\/correiodasemana.com\/site\/wp-content\/uploads\/2021\/12\/Foto-1-scaled.jpg?resize=525%2C300&ssl=1 1.5x, https:\/\/i0.wp.com\/correiodasemana.com\/site\/wp-content\/uploads\/2021\/12\/Foto-1-scaled.jpg?resize=700%2C400&ssl=1 2x, https:\/\/i0.wp.com\/correiodasemana.com\/site\/wp-content\/uploads\/2021\/12\/Foto-1-scaled.jpg?resize=1050%2C600&ssl=1 3x, https:\/\/i0.wp.com\/correiodasemana.com\/site\/wp-content\/uploads\/2021\/12\/Foto-1-scaled.jpg?resize=1400%2C800&ssl=1 4x"},"classes":[]},{"id":19895,"url":"https:\/\/correiodasemana.com\/site\/funcionarios-e-pacientes-da-santa-casa-de-misericordia-de-sobral-celebram-97-anos-do-hospital-em-missa-de-acao-de-gracas\/","url_meta":{"origin":11107,"position":2},"title":"Funcion\u00e1rios e pacientes da Santa Casa de Miseric\u00f3rdia de Sobral celebram 97 anos do hospital em missa de A\u00e7\u00e3o de Gra\u00e7as","author":"","date":"Maio 30, 2022","format":false,"excerpt":"V\u00e1rios momentos emocionantes marcaram a celebra\u00e7\u00e3o que foi presidida pelo bispo da Diocese de Sobral e provedor do hospital, Dom Jos\u00e9 Luiz Gomes de Vasconcelos. Ascom Complexo SCMS Em comemora\u00e7\u00e3o aos 97 anos da Santa Casa de Miseric\u00f3rdia de Sobral (SCMS), hospital refer\u00eancia em sa\u00fade para Sobral e outros 55\u2026","rel":"","context":"In &quot;Atualidade&quot;","block_context":{"text":"Atualidade","link":"https:\/\/correiodasemana.com\/site\/category\/atualidade\/"},"img":{"alt_text":"","src":"https:\/\/i0.wp.com\/correiodasemana.com\/site\/wp-content\/uploads\/2022\/05\/celebracao-sata-casa-1.jpg?resize=350%2C200&ssl=1","width":350,"height":200,"srcset":"https:\/\/i0.wp.com\/correiodasemana.com\/site\/wp-content\/uploads\/2022\/05\/celebracao-sata-casa-1.jpg?resize=350%2C200&ssl=1 1x, https:\/\/i0.wp.com\/correiodasemana.com\/site\/wp-content\/uploads\/2022\/05\/celebracao-sata-casa-1.jpg?resize=525%2C300&ssl=1 1.5x, https:\/\/i0.wp.com\/correiodasemana.com\/site\/wp-content\/uploads\/2022\/05\/celebracao-sata-casa-1.jpg?resize=700%2C400&ssl=1 2x"},"classes":[]},{"id":23857,"url":"https:\/\/correiodasemana.com\/site\/semana-santa-em-sobral-fieis-catolicos-participam-de-ritos-que-antecedem-o-triduo-pascal\/","url_meta":{"origin":11107,"position":3},"title":"Semana Santa: Em Sobral, fi\u00e9is cat\u00f3licos participam de ritos que antecedem o tr\u00edduo pascal","author":"adminredacao","date":"Abril 11, 2023","format":false,"excerpt":"VIA SACRA P\u00daBLICA VIA SACRA P\u00daBLICA Com uma programa\u00e7\u00e3o tradicional, a S\u00c9 Catedral recebeu in\u00fameros fi\u00e9is cat\u00f3licos de diversos lugares para participarem dos atos da semana santa. Na ter\u00e7a-feira santa, houve a Via Sacra P\u00fablica pelos arredores da igreja Catedral e na quarta-feira santa, o Of\u00edcio de Trevas. O bispo\u2026","rel":"","context":"In &quot;Atualidade&quot;","block_context":{"text":"Atualidade","link":"https:\/\/correiodasemana.com\/site\/category\/atualidade\/"},"img":{"alt_text":"","src":"https:\/\/i0.wp.com\/correiodasemana.com\/site\/wp-content\/uploads\/2023\/04\/trevas-3-scaled.jpg?resize=350%2C200&ssl=1","width":350,"height":200,"srcset":"https:\/\/i0.wp.com\/correiodasemana.com\/site\/wp-content\/uploads\/2023\/04\/trevas-3-scaled.jpg?resize=350%2C200&ssl=1 1x, https:\/\/i0.wp.com\/correiodasemana.com\/site\/wp-content\/uploads\/2023\/04\/trevas-3-scaled.jpg?resize=525%2C300&ssl=1 1.5x, https:\/\/i0.wp.com\/correiodasemana.com\/site\/wp-content\/uploads\/2023\/04\/trevas-3-scaled.jpg?resize=700%2C400&ssl=1 2x, https:\/\/i0.wp.com\/correiodasemana.com\/site\/wp-content\/uploads\/2023\/04\/trevas-3-scaled.jpg?resize=1050%2C600&ssl=1 3x, https:\/\/i0.wp.com\/correiodasemana.com\/site\/wp-content\/uploads\/2023\/04\/trevas-3-scaled.jpg?resize=1400%2C800&ssl=1 4x"},"classes":[]},{"id":15773,"url":"https:\/\/correiodasemana.com\/site\/pacientes-internados-na-santa-casa-de-misericordia-de-sobral-sao-surpreendidos-com-homenagens-de-aniversario\/","url_meta":{"origin":11107,"position":4},"title":"Pacientes internados na Santa Casa de Miseric\u00f3rdia de Sobral s\u00e3o surpreendidos com homenagens de anivers\u00e1rio","author":"","date":"Fevereiro 24, 2021","format":false,"excerpt":"Oito pacientes foram homenageados durante a primeira a\u00e7\u00e3o da equipe neste ano. Ascom Complexo SCMS Com o objetivo de proporcionar alegria aos pacientes internados na Santa Casa de Miseric\u00f3rdia de Sobral (SCMS), o Grupo de Humaniza\u00e7\u00e3o da institui\u00e7\u00e3o, por meio da Equipe de bem-estar do paciente e acompanhante \u2013 que\u2026","rel":"","context":"In &quot;Atualidade&quot;","block_context":{"text":"Atualidade","link":"https:\/\/correiodasemana.com\/site\/category\/atualidade\/"},"img":{"alt_text":"","src":"https:\/\/i0.wp.com\/correiodasemana.com\/site\/wp-content\/uploads\/2021\/02\/foto-1-2.jpg?resize=350%2C200&ssl=1","width":350,"height":200,"srcset":"https:\/\/i0.wp.com\/correiodasemana.com\/site\/wp-content\/uploads\/2021\/02\/foto-1-2.jpg?resize=350%2C200&ssl=1 1x, https:\/\/i0.wp.com\/correiodasemana.com\/site\/wp-content\/uploads\/2021\/02\/foto-1-2.jpg?resize=525%2C300&ssl=1 1.5x, https:\/\/i0.wp.com\/correiodasemana.com\/site\/wp-content\/uploads\/2021\/02\/foto-1-2.jpg?resize=700%2C400&ssl=1 2x"},"classes":[]},{"id":32602,"url":"https:\/\/correiodasemana.com\/site\/em-sobral-jubileu-dos-enfermos-e-realizado-na-santa-casa-de-misericordia-e-hospital-do-coracao\/","url_meta":{"origin":11107,"position":5},"title":"Em Sobral, Jubileu dos Enfermos \u00e9 realizado na Santa Casa de Miseric\u00f3rdia e Hospital do Cora\u00e7\u00e3o","author":"adminredacao","date":"Fevereiro 18, 2025","format":false,"excerpt":"A Diocese de Sobral realizou, na \u00faltima ter\u00e7a-feira, 11 de fevereiro, mem\u00f3ria lit\u00fargica de Nossa Senhora de Lourdes, uma a\u00e7\u00e3o jubilar em comemora\u00e7\u00e3o ao Jubileu dos Enfermos nos hospital Santa Casa de Miseric\u00f3rdia e Hospital do Cora\u00e7\u00e3o, em Sobral. A iniciativa, que faz parte das comemora\u00e7\u00f5es do Jubileu dos Enfermos,\u2026","rel":"","context":"In &quot;Atualidade&quot;","block_context":{"text":"Atualidade","link":"https:\/\/correiodasemana.com\/site\/category\/atualidade\/"},"img":{"alt_text":"","src":"https:\/\/i0.wp.com\/correiodasemana.com\/site\/wp-content\/uploads\/2025\/02\/JUBILEU-DOS-ENFERMOS-3.jpeg?resize=350%2C200&ssl=1","width":350,"height":200,"srcset":"https:\/\/i0.wp.com\/correiodasemana.com\/site\/wp-content\/uploads\/2025\/02\/JUBILEU-DOS-ENFERMOS-3.jpeg?resize=350%2C200&ssl=1 1x, https:\/\/i0.wp.com\/correiodasemana.com\/site\/wp-content\/uploads\/2025\/02\/JUBILEU-DOS-ENFERMOS-3.jpeg?resize=525%2C300&ssl=1 1.5x, https:\/\/i0.wp.com\/correiodasemana.com\/site\/wp-content\/uploads\/2025\/02\/JUBILEU-DOS-ENFERMOS-3.jpeg?resize=700%2C400&ssl=1 2x, https:\/\/i0.wp.com\/correiodasemana.com\/site\/wp-content\/uploads\/2025\/02\/JUBILEU-DOS-ENFERMOS-3.jpeg?resize=1050%2C600&ssl=1 3x"},"classes":[]}],"jetpack_sharing_enabled":true,"_links":{"self":[{"href":"https:\/\/correiodasemana.com\/site\/wp-json\/wp\/v2\/posts\/11107","targetHints":{"allow":["GET"]}}],"collection":[{"href":"https:\/\/correiodasemana.com\/site\/wp-json\/wp\/v2\/posts"}],"about":[{"href":"https:\/\/correiodasemana.com\/site\/wp-json\/wp\/v2\/types\/post"}],"author":[{"embeddable":true,"href":"https:\/\/correiodasemana.com\/site\/wp-json\/wp\/v2\/users\/1"}],"replies":[{"embeddable":true,"href":"https:\/\/correiodasemana.com\/site\/wp-json\/wp\/v2\/comments?post=11107"}],"version-history":[{"count":1,"href":"https:\/\/correiodasemana.com\/site\/wp-json\/wp\/v2\/posts\/11107\/revisions"}],"predecessor-version":[{"id":11110,"href":"https:\/\/correiodasemana.com\/site\/wp-json\/wp\/v2\/posts\/11107\/revisions\/11110"}],"wp:featuredmedia":[{"embeddable":true,"href":"https:\/\/correiodasemana.com\/site\/wp-json\/wp\/v2\/media\/11108"}],"wp:attachment":[{"href":"https:\/\/correiodasemana.com\/site\/wp-json\/wp\/v2\/media?parent=11107"}],"wp:term":[{"taxonomy":"category","embeddable":true,"href":"https:\/\/correiodasemana.com\/site\/wp-json\/wp\/v2\/categories?post=11107"},{"taxonomy":"post_tag","embeddable":true,"href":"https:\/\/correiodasemana.com\/site\/wp-json\/wp\/v2\/tags?post=11107"}],"curies":[{"name":"wp","href":"https:\/\/api.w.org\/{rel}","templated":true}]}}