{"id":11128,"date":"2020-03-09T04:49:03","date_gmt":"2020-03-09T04:49:03","guid":{"rendered":"https:\/\/correiodasemana.com\/site\/?p=11128"},"modified":"2020-03-09T04:49:03","modified_gmt":"2020-03-09T04:49:03","slug":"a-sociedade-de-sao-vicente-de-paulo-e-a-campanha-da-fraternidade-2020","status":"publish","type":"post","link":"https:\/\/correiodasemana.com\/site\/a-sociedade-de-sao-vicente-de-paulo-e-a-campanha-da-fraternidade-2020\/","title":{"rendered":"A Sociedade de S\u00e3o Vicente de Paulo e a Campanha da Fraternidade 2020"},"content":{"rendered":"<p><strong>A Campanha da Fraternidade 2020 tem o objetivo de estimular a pr\u00e1tica de a\u00e7\u00f5es de caridade em todas as par\u00f3quias, principal carisma da SSVP<\/strong><\/p>\n<p>Por Marciley Salles<br \/>\nA Igreja Cat\u00f3lica no Brasil vivendo a Campanha da Fraternidade (CF-2020), cujo tema deste ano \u00e9 \u201cFraternidade e vida: dom e compromisso\u201d, com o lema: \u201cViu, sentiu compaix\u00e3o e cuidou dele\u201d. O cartaz da Campanha mostra o povo de Deus na regi\u00e3o do Pelourinho, em Salvador (BA), ao redor da querida Santa Dulce dos Pobres, religiosa que \u00e9 um grande exemplo de caridade, de amor e de servi\u00e7o aos mais necessitados.<br \/>\nNo documento oficial da CF 2020, est\u00e1 escrito que o objetivo geral dessa importante iniciativa da Igreja \u00e9 conscientizar as pessoas, \u00e0 luz da Palavra de Deus, para reconhecer o sentido da vida como \u201cdom e compromisso\u201d, que se traduz em rela\u00e7\u00e3o de m\u00fatuo cuidado entre as pessoas, na fam\u00edlia, na comunidade, na sociedade e no planeta. Como objetivo espec\u00edfico: estimular a pr\u00e1tica de a\u00e7\u00f5es de caridade em todas as par\u00f3quias, principalmente durante o per\u00edodo da Quaresma.<br \/>\nA Campanha vai centrar-se na Par\u00e1bola do Bom Samaritano (Lucas 10, 25-37), na qual podemos perceber dois olhares: um olhar indiferente \u00e0 vida, que observa o sofrimento, mas segue adiante e n\u00e3o se compadece (como agiram o sacerdote e o levita); e outro olhar, que enxerga, permanece ao lado e se compromete com aquele que sofre (como agiu o samaritano). Al\u00e9m de sentir pena e sofrimento, o samaritano revestiu-se de ternura e de generosidade, reconhecendo a dignidade do ferido.<br \/>\n\u00c9 miss\u00e3o de todo batizado e disc\u00edpulo de Cristo, e tamb\u00e9m papel primordial de todos os Vicentinos, revelar ao mundo o olhar da ternura misericordiosa de Deus, que faz com que a caridade se transforme em verdadeira justi\u00e7a. A caridade, envolvida pelo cuidado misericordioso, torna-se instrumento de transforma\u00e7\u00e3o social, pois leva-nos a buscar o bem comum e a dignidade para a vida das pessoas. Assim, na tradi\u00e7\u00e3o crist\u00e3, a justi\u00e7a jamais estar\u00e1 desvinculada da caridade.<br \/>\nEm vigor desde 1962, a Campanha da Fraternidade \u00e9 uma oportunidade \u00edmpar para que as Confer\u00eancias Vicentinas, os Conselhos e especialmente as obras unidas possam promover campanhas de conscientiza\u00e7\u00e3o sobre a import\u00e2ncia da pr\u00e1tica da caridade, buscando que mais benfeitores possam se unir \u00e0 SSVP no cuidado aos mais humildes. A Igreja pede que, durante a Quaresma, os fi\u00e9is vivam, mais intensamente, o jejum, a ora\u00e7\u00e3o, a abstin\u00eancia de carne e generosidade. Portanto, \u00e9 o momento prop\u00edcio para falar da caridade.<br \/>\nE como diz a Ora\u00e7\u00e3o da CF-2020: \u201cSenhor, abri nossos olhos para ver as necessidades dos nossos irm\u00e3os e irm\u00e3s, sobretudo, dos mais pobres e marginalizados. Ensinai-nos a sentir a verdadeira compaix\u00e3o expressa no cuidado fraterno, pr\u00f3prio de quem reconhece no pr\u00f3ximo o rosto do vosso Filho. Inspirai-nos palavras e a\u00e7\u00f5es para sermos construtores de uma sociedade reconciliada no amor. Por Jesus, o Filho amado, no Esp\u00edrito, Senhor que d\u00e1 a vida. Am\u00e9m\u201d.<br \/>\nConhe\u00e7a a Sociedade de S\u00e3o Vicente de Paulo (SSVP) e fa\u00e7a parte desta grande rede de caridade.<br \/>\nFonte: famvin.org<\/p>\n","protected":false},"excerpt":{"rendered":"<p>A Campanha da Fraternidade 2020 tem o objetivo de estimular a pr\u00e1tica de a\u00e7\u00f5es de&#8230;<\/p>\n","protected":false},"author":1,"featured_media":11129,"comment_status":"open","ping_status":"open","sticky":false,"template":"","format":"standard","meta":{"_jetpack_memberships_contains_paid_content":false,"footnotes":"","jetpack_publicize_message":"","jetpack_publicize_feature_enabled":true,"jetpack_social_post_already_shared":true,"jetpack_social_options":{"image_generator_settings":{"template":"highway","default_image_id":0,"font":"","enabled":false},"version":2}},"categories":[1],"tags":[],"class_list":["post-11128","post","type-post","status-publish","format-standard","has-post-thumbnail","hentry","category-atualidade"],"jetpack_publicize_connections":[],"jetpack_featured_media_url":"https:\/\/correiodasemana.com\/site\/wp-content\/uploads\/2020\/03\/Cartaz-CF-2020-1.jpg","jetpack-related-posts":[{"id":8829,"url":"https:\/\/correiodasemana.com\/site\/consep-aprova-cartaz-da-campanha-da-fraternidade-de-2020-inspirado-em-irma-dulce\/","url_meta":{"origin":11128,"position":0},"title":"Consep aprova cartaz da Campanha da Fraternidade de 2020, inspirado em irm\u00e3 Dulce","author":"","date":"Agosto 27, 2019","format":false,"excerpt":"O cartaz remete \u00e0 figura de irm\u00e3 Dulce, que ser\u00e1 canonizada no pr\u00f3ximo m\u00eas de outubro CNBB O cartaz da Campanha da Fraternidade de 2020, cujo tema ser\u00e1 \u201cFraternidade e vida: dom e compromisso\u201d foi aprovado na manh\u00e3 da quarta-feira, 21 de agosto. Os bispos reunidos no Conselho Episcopal Pastoral\u2026","rel":"","context":"In &quot;Atualidade&quot;","block_context":{"text":"Atualidade","link":"https:\/\/correiodasemana.com\/site\/category\/atualidade\/"},"img":{"alt_text":"","src":"https:\/\/i0.wp.com\/correiodasemana.com\/site\/wp-content\/uploads\/2019\/08\/69124368_2467277513339444_7046642358808477696_n.jpg?resize=350%2C200&ssl=1","width":350,"height":200,"srcset":"https:\/\/i0.wp.com\/correiodasemana.com\/site\/wp-content\/uploads\/2019\/08\/69124368_2467277513339444_7046642358808477696_n.jpg?resize=350%2C200&ssl=1 1x, https:\/\/i0.wp.com\/correiodasemana.com\/site\/wp-content\/uploads\/2019\/08\/69124368_2467277513339444_7046642358808477696_n.jpg?resize=525%2C300&ssl=1 1.5x"},"classes":[]},{"id":11080,"url":"https:\/\/correiodasemana.com\/site\/santa-missa-de-abertura-da-campanha-da-fraternidade-2020\/","url_meta":{"origin":11128,"position":1},"title":"Santa Missa de abertura da Campanha da Fraternidade 2020","author":"","date":"Mar\u00e7o 9, 2020","format":false,"excerpt":"Neste ano, a campanha tem como tema: Fraternidade e Vida: Dom e Compromisso. Com \u00eanfase no lema b\u00edblico: \u201cViu, sentiu compaix\u00e3o e cuidou dele\u201d A missa de abertura da Campanha da Fraternidade 2020 aconteceu no domingo (29), na Igreja Catedral da S\u00e9. Presidida por Dom Vasconcelos, a celebra\u00e7\u00e3o teve a\u2026","rel":"","context":"In &quot;Atualidade&quot;","block_context":{"text":"Atualidade","link":"https:\/\/correiodasemana.com\/site\/category\/atualidade\/"},"img":{"alt_text":"","src":"https:\/\/i0.wp.com\/correiodasemana.com\/site\/wp-content\/uploads\/2020\/03\/batch_DSC00589-scaled.jpg?resize=350%2C200&ssl=1","width":350,"height":200,"srcset":"https:\/\/i0.wp.com\/correiodasemana.com\/site\/wp-content\/uploads\/2020\/03\/batch_DSC00589-scaled.jpg?resize=350%2C200&ssl=1 1x, https:\/\/i0.wp.com\/correiodasemana.com\/site\/wp-content\/uploads\/2020\/03\/batch_DSC00589-scaled.jpg?resize=525%2C300&ssl=1 1.5x, https:\/\/i0.wp.com\/correiodasemana.com\/site\/wp-content\/uploads\/2020\/03\/batch_DSC00589-scaled.jpg?resize=700%2C400&ssl=1 2x, https:\/\/i0.wp.com\/correiodasemana.com\/site\/wp-content\/uploads\/2020\/03\/batch_DSC00589-scaled.jpg?resize=1050%2C600&ssl=1 3x, https:\/\/i0.wp.com\/correiodasemana.com\/site\/wp-content\/uploads\/2020\/03\/batch_DSC00589-scaled.jpg?resize=1400%2C800&ssl=1 4x"},"classes":[]},{"id":11158,"url":"https:\/\/correiodasemana.com\/site\/a-vida-e-dom-e-compromisso-do-cristao\/","url_meta":{"origin":11128,"position":2},"title":"A vida \u00e9 dom e compromisso do crist\u00e3o","author":"","date":"Mar\u00e7o 9, 2020","format":false,"excerpt":"H\u00e1 mais de cinco d\u00e9cadas, a Igreja, a partir da Confer\u00eancia Nacional dos Bispos do Brasil, celebra a Campanha da Fraternidade, vivenciada no tempo quaresmal. O objetivo \u00e9 anunciar a cada ano, nesse tempo prop\u00edcio, a import\u00e2ncia de n\u00e3o separar a convers\u00e3o do servi\u00e7o aos irm\u00e3os e irm\u00e3s, sobretudo os\u2026","rel":"","context":"In &quot;Artigos&quot;","block_context":{"text":"Artigos","link":"https:\/\/correiodasemana.com\/site\/category\/artigos\/"},"img":{"alt_text":"","src":"https:\/\/i0.wp.com\/correiodasemana.com\/site\/wp-content\/uploads\/2018\/02\/editorial-cs.jpg?resize=350%2C200&ssl=1","width":350,"height":200,"srcset":"https:\/\/i0.wp.com\/correiodasemana.com\/site\/wp-content\/uploads\/2018\/02\/editorial-cs.jpg?resize=350%2C200&ssl=1 1x, https:\/\/i0.wp.com\/correiodasemana.com\/site\/wp-content\/uploads\/2018\/02\/editorial-cs.jpg?resize=525%2C300&ssl=1 1.5x"},"classes":[]},{"id":9908,"url":"https:\/\/correiodasemana.com\/site\/cnbb-apresenta-tema-da-campanha-da-fraternidade-2020\/","url_meta":{"origin":11128,"position":3},"title":"CNBB apresenta tema da Campanha da Fraternidade 2020","author":"","date":"Novembro 18, 2019","format":false,"excerpt":"A Confer\u00eancia Nacional dos Bispos do Brasil apresenta para os crist\u00e3os por ocasi\u00e3o da quaresma a Campanha da Fraternidade. No pr\u00f3ximo ano teremos como TEMA: \u201cFraternidade e Vida: Dom e Compromisso\u201d, e o Lema \u00e9 \u201cViu, sentiu compaix\u00e3o e cuidou dele\u201d (Lc 10, 33-34), extra\u00eddo da Par\u00e1bola do Bom Samaritano.\u2026","rel":"","context":"In &quot;Atualidade&quot;","block_context":{"text":"Atualidade","link":"https:\/\/correiodasemana.com\/site\/category\/atualidade\/"},"img":{"alt_text":"","src":"https:\/\/i0.wp.com\/correiodasemana.com\/site\/wp-content\/uploads\/2019\/11\/PHOTO-2019-11-10-10-57-28.jpg?resize=350%2C200&ssl=1","width":350,"height":200,"srcset":"https:\/\/i0.wp.com\/correiodasemana.com\/site\/wp-content\/uploads\/2019\/11\/PHOTO-2019-11-10-10-57-28.jpg?resize=350%2C200&ssl=1 1x, https:\/\/i0.wp.com\/correiodasemana.com\/site\/wp-content\/uploads\/2019\/11\/PHOTO-2019-11-10-10-57-28.jpg?resize=525%2C300&ssl=1 1.5x, https:\/\/i0.wp.com\/correiodasemana.com\/site\/wp-content\/uploads\/2019\/11\/PHOTO-2019-11-10-10-57-28.jpg?resize=700%2C400&ssl=1 2x"},"classes":[]},{"id":11004,"url":"https:\/\/correiodasemana.com\/site\/em-cerimonia-realizada-em-brasilia-df-igreja-no-brasil-lanca-a-campanha-da-fraternidade-2020\/","url_meta":{"origin":11128,"position":4},"title":"Em cerim\u00f4nia realizada em Bras\u00edlia (DF), igreja no Brasil lan\u00e7a a Campanha da Fraternidade 2020","author":"","date":"Mar\u00e7o 2, 2020","format":false,"excerpt":"Secret\u00e1rio-geral da CNBB chama a aten\u00e7\u00e3o para n\u00e3o naturaliza\u00e7\u00e3o das agress\u00f5es \u00e0 vida Dom Joel Portella Amado, secret\u00e1rio-geral da Conferencia Nacional dos Bispos do Brasil (CNBB) presidiu a cerim\u00f4nia de lan\u00e7amento da Campanha da Fraternidade 2020 na \u00faltima quarta-feira, dia 26 de fevereiro, na sede da CNBB em Bras\u00edlia (DF).\u2026","rel":"","context":"In &quot;Atualidade&quot;","block_context":{"text":"Atualidade","link":"https:\/\/correiodasemana.com\/site\/category\/atualidade\/"},"img":{"alt_text":"","src":"https:\/\/i0.wp.com\/correiodasemana.com\/site\/wp-content\/uploads\/2020\/03\/Cartaz-CF-2020.jpg?resize=350%2C200&ssl=1","width":350,"height":200,"srcset":"https:\/\/i0.wp.com\/correiodasemana.com\/site\/wp-content\/uploads\/2020\/03\/Cartaz-CF-2020.jpg?resize=350%2C200&ssl=1 1x, https:\/\/i0.wp.com\/correiodasemana.com\/site\/wp-content\/uploads\/2020\/03\/Cartaz-CF-2020.jpg?resize=525%2C300&ssl=1 1.5x, https:\/\/i0.wp.com\/correiodasemana.com\/site\/wp-content\/uploads\/2020\/03\/Cartaz-CF-2020.jpg?resize=700%2C400&ssl=1 2x, https:\/\/i0.wp.com\/correiodasemana.com\/site\/wp-content\/uploads\/2020\/03\/Cartaz-CF-2020.jpg?resize=1050%2C600&ssl=1 3x"},"classes":[]},{"id":22085,"url":"https:\/\/correiodasemana.com\/site\/cnbb-divulgou-o-hino-da-campanha-da-fraternidade-2023-na-segunda-feira-5-de-dezembro\/","url_meta":{"origin":11128,"position":5},"title":"CNBB DIVULGOU O HINO DA CAMPANHA DA FRATERNIDADE 2023 NA SEGUNDA-FEIRA, 5 DE DEZEMBRO","author":"","date":"Dezembro 6, 2022","format":false,"excerpt":"Campanha da Fraternidade \u00a0 A Campanha da Fraternidade nasceu por iniciativa de Dom Eug\u00eanio de Ara\u00fajo Sales, em N\u00edsia Floresta, Arquidiocese de Natal, RN, como express\u00e3o da caridade e da solidariedade em favor da dignidade da pessoa humana, dos filhos e filhas de Deus. Assumida pelas Igrejas Particulares da Igreja\u2026","rel":"","context":"In &quot;Atualidade&quot;","block_context":{"text":"Atualidade","link":"https:\/\/correiodasemana.com\/site\/category\/atualidade\/"},"img":{"alt_text":"","src":"https:\/\/i0.wp.com\/correiodasemana.com\/site\/wp-content\/uploads\/2022\/12\/Screenshot_20221206_090728_Drive.jpg?resize=350%2C200&ssl=1","width":350,"height":200,"srcset":"https:\/\/i0.wp.com\/correiodasemana.com\/site\/wp-content\/uploads\/2022\/12\/Screenshot_20221206_090728_Drive.jpg?resize=350%2C200&ssl=1 1x, https:\/\/i0.wp.com\/correiodasemana.com\/site\/wp-content\/uploads\/2022\/12\/Screenshot_20221206_090728_Drive.jpg?resize=525%2C300&ssl=1 1.5x, https:\/\/i0.wp.com\/correiodasemana.com\/site\/wp-content\/uploads\/2022\/12\/Screenshot_20221206_090728_Drive.jpg?resize=700%2C400&ssl=1 2x"},"classes":[]}],"jetpack_sharing_enabled":true,"_links":{"self":[{"href":"https:\/\/correiodasemana.com\/site\/wp-json\/wp\/v2\/posts\/11128","targetHints":{"allow":["GET"]}}],"collection":[{"href":"https:\/\/correiodasemana.com\/site\/wp-json\/wp\/v2\/posts"}],"about":[{"href":"https:\/\/correiodasemana.com\/site\/wp-json\/wp\/v2\/types\/post"}],"author":[{"embeddable":true,"href":"https:\/\/correiodasemana.com\/site\/wp-json\/wp\/v2\/users\/1"}],"replies":[{"embeddable":true,"href":"https:\/\/correiodasemana.com\/site\/wp-json\/wp\/v2\/comments?post=11128"}],"version-history":[{"count":1,"href":"https:\/\/correiodasemana.com\/site\/wp-json\/wp\/v2\/posts\/11128\/revisions"}],"predecessor-version":[{"id":11130,"href":"https:\/\/correiodasemana.com\/site\/wp-json\/wp\/v2\/posts\/11128\/revisions\/11130"}],"wp:featuredmedia":[{"embeddable":true,"href":"https:\/\/correiodasemana.com\/site\/wp-json\/wp\/v2\/media\/11129"}],"wp:attachment":[{"href":"https:\/\/correiodasemana.com\/site\/wp-json\/wp\/v2\/media?parent=11128"}],"wp:term":[{"taxonomy":"category","embeddable":true,"href":"https:\/\/correiodasemana.com\/site\/wp-json\/wp\/v2\/categories?post=11128"},{"taxonomy":"post_tag","embeddable":true,"href":"https:\/\/correiodasemana.com\/site\/wp-json\/wp\/v2\/tags?post=11128"}],"curies":[{"name":"wp","href":"https:\/\/api.w.org\/{rel}","templated":true}]}}