{"id":11131,"date":"2020-03-09T04:57:55","date_gmt":"2020-03-09T04:57:55","guid":{"rendered":"https:\/\/correiodasemana.com\/site\/?p=11131"},"modified":"2020-03-09T04:57:55","modified_gmt":"2020-03-09T04:57:55","slug":"entenda-o-que-muda-com-as-novas-aliquotas-da-previdencia-social","status":"publish","type":"post","link":"https:\/\/correiodasemana.com\/site\/entenda-o-que-muda-com-as-novas-aliquotas-da-previdencia-social\/","title":{"rendered":"Entenda o que muda com as novas al\u00edquotas da Previd\u00eancia Social"},"content":{"rendered":"<p><strong>N\u00e3o haver\u00e1 mudan\u00e7a, contudo, para os trabalhadores aut\u00f4nomos (contribuintes individuais), como prestadores de servi\u00e7os a empresas e para os segurados facultativos<\/strong><\/p>\n<p>Por Ag\u00eancia Brasil<br \/>\nAs novas al\u00edquotas aprovadas na reforma da Previd\u00eancia est\u00e3o em vigor desde o \u00faltimo domingo, 1\u00ba, e come\u00e7am a ser aplicadas sobre o sal\u00e1rio de mar\u00e7o, pago geralmente em abril. No Regime Geral de Previd\u00eancia Social (RGPS), as novas al\u00edquotas valer\u00e3o para contribuintes empregados, inclusive para empregados dom\u00e9sticos e para trabalhadores avulsos. N\u00e3o haver\u00e1 mudan\u00e7a, contudo, para os trabalhadores aut\u00f4nomos (contribuintes individuais), como prestadores de servi\u00e7os a empresas e para os segurados facultativos.<br \/>\nSegundo a Secretaria de Previd\u00eancia, as al\u00edquotas progressivas incidir\u00e3o sobre cada faixa de remunera\u00e7\u00e3o, de forma semelhante ao c\u00e1lculo do Imposto de Renda.\u00a0Como a incid\u00eancia da contribui\u00e7\u00e3o ser\u00e1 por faixas de renda, \u00e9 preciso fazer um c\u00e1lculo para saber qual ser\u00e1 a al\u00edquota efetiva.<br \/>\nQuem recebe um sal\u00e1rio m\u00ednimo por m\u00eas, por exemplo, ter\u00e1 al\u00edquota de 7,5%. J\u00e1 um trabalhador que ganha o teto do Regime Geral, tamb\u00e9m conhecido como o teto do INSS \u2013 atualmente R$ 6.101,06 \u2013, pagar\u00e1 uma al\u00edquota efetiva total de 11,69%, resultado da soma das diferentes al\u00edquotas que incidir\u00e3o sobre cada faixa da remunera\u00e7\u00e3o.<br \/>\nO governo disponibiliza na internet uma calculadora da al\u00edquota efetiva, que mostra quanto era descontado do sal\u00e1rio antes da reforma e quanto ser\u00e1 deduzido com a entrada em vigor das novas regras.<\/p>\n<p>Novas al\u00edquotas de contribui\u00e7\u00e3o &#8211; Minist\u00e9rio da Previd\u00eancia Sem mudan\u00e7as<br \/>\nDe acordo com a Secretaria de Previd\u00eancia, contribuintes individuais e facultativos continuar\u00e3o pagando as al\u00edquotas atualmente existentes, cuja al\u00edquota-base \u00e9 de 20%, para sal\u00e1rios de contribui\u00e7\u00e3o superiores ao sal\u00e1rio m\u00ednimo.<\/p>\n<p>Para sal\u00e1rios de contribui\u00e7\u00e3o igual ao valor do sal\u00e1rio m\u00ednimo, dever\u00e1 ser observado:<br \/>\nI \u2013 para o contribuinte individual que trabalhe por conta pr\u00f3pria, sem rela\u00e7\u00e3o de trabalho com empresa ou equiparado e o segurado facultativo, o recolhimento poder\u00e1 ser mediante aplica\u00e7\u00e3o de al\u00edquota de 11% sobre o valor do sal\u00e1rio m\u00ednimo;<br \/>\nII \u2013 para o microempreendedor individual e para o segurado facultativo sem renda pr\u00f3pria que se dedique exclusivamente ao trabalho dom\u00e9stico no \u00e2mbito de sua resid\u00eancia, desde que pertencente a fam\u00edlia de baixa renda inscrita no Cadastro \u00danico para Programas Sociais do Governo Federal (Cad\u00danico), o recolhimento dever\u00e1 ser feito mediante a aplica\u00e7\u00e3o de al\u00edquota de 5% sobre o valor do sal\u00e1rio m\u00ednimo;<br \/>\nIII \u2013 o contribuinte individual que presta servi\u00e7o a empresa ou equiparado ter\u00e1 retido pela empresa o percentual de 11% sobre o valor recebido pelo servi\u00e7o prestado e estar\u00e1 obrigado a complementar, diretamente, a contribui\u00e7\u00e3o at\u00e9 o valor m\u00ednimo mensal do sal\u00e1rio de contribui\u00e7\u00e3o, quando as remunera\u00e7\u00f5es recebidas no m\u00eas, por servi\u00e7os prestados a empresas, forem inferiores ao sal\u00e1rio m\u00ednimo.<br \/>\nA Secretaria destaca que o segurado, inclusive aquele com defici\u00eancia, que contribua mediante aplica\u00e7\u00e3o das al\u00edquotas de 11% ou 5% e pretenda contar o respectivo tempo de contribui\u00e7\u00e3o para fins da aposentadoria por tempo de contribui\u00e7\u00e3o transit\u00f3ria ou para contagem rec\u00edproca do tempo correspondente em outro regime, dever\u00e1 complementar a contribui\u00e7\u00e3o mensal sobre a diferen\u00e7a entre o percentual pago e o de 20%, com os devidos acr\u00e9scimos legais.<\/p>\n<p>Individuais e facultativos<br \/>\nO contribuinte individual \u00e9 aquele que trabalha por conta pr\u00f3pria (de forma aut\u00f4noma) ou que presta servi\u00e7os de natureza eventual a empresas, sem v\u00ednculo empregat\u00edcio. S\u00e3o considerados contribuintes individuais, dentre outros, os sacerdotes, os diretores que recebem remunera\u00e7\u00e3o decorrente de atividade em empresa urbana ou rural, os s\u00edndicos remunerados, os motoristas de t\u00e1xi e de aplicativos, os vendedores ambulantes, as diaristas, os pintores, os eletricistas e os associados de cooperativas de trabalho.<br \/>\nO contribuinte facultativo \u00e9 a pessoa com mais de 16 anos que n\u00e3o possui renda pr\u00f3pria, mas decide contribuir para a Previd\u00eancia Social. S\u00e3o donas de casa, s\u00edndicos de condom\u00ednio n\u00e3o-remunerados, desempregados, presidi\u00e1rios n\u00e3o-remunerados e estudantes bolsistas, por exemplo.<\/p>\n<p>Servidores da Uni\u00e3o<br \/>\nAs novas al\u00edquotas valer\u00e3o tamb\u00e9m para os servidores p\u00fablicos vinculados ao Regime Pr\u00f3prio da Previd\u00eancia Social (RPPS) da Uni\u00e3o. No RPPS da Uni\u00e3o, contudo, as al\u00edquotas progressivas n\u00e3o se limitar\u00e3o ao teto do RGPS, pois haver\u00e1 novas al\u00edquotas incidindo tamb\u00e9m sobre as faixas salariais que ultrapassem o teto.<\/p>\n<p><img decoding=\"async\" class=\"aligncenter size-medium wp-image-11133\" src=\"https:\/\/correiodasemana.com\/site\/wp-content\/uploads\/2020\/03\/Foto-da-Legenda-1-300x79.jpg\" alt=\"\" width=\"300\" height=\"79\" srcset=\"https:\/\/correiodasemana.com\/site\/wp-content\/uploads\/2020\/03\/Foto-da-Legenda-1-300x79.jpg 300w, https:\/\/correiodasemana.com\/site\/wp-content\/uploads\/2020\/03\/Foto-da-Legenda-1-1024x271.jpg 1024w, https:\/\/correiodasemana.com\/site\/wp-content\/uploads\/2020\/03\/Foto-da-Legenda-1-768x203.jpg 768w, https:\/\/correiodasemana.com\/site\/wp-content\/uploads\/2020\/03\/Foto-da-Legenda-1.jpg 1140w\" sizes=\"(max-width: 300px) 100vw, 300px\" \/> <img decoding=\"async\" class=\"aligncenter size-medium wp-image-11134\" src=\"https:\/\/correiodasemana.com\/site\/wp-content\/uploads\/2020\/03\/Foto-da-Legenda-2-1-300x142.jpg\" alt=\"\" width=\"300\" height=\"142\" srcset=\"https:\/\/correiodasemana.com\/site\/wp-content\/uploads\/2020\/03\/Foto-da-Legenda-2-1-300x142.jpg 300w, https:\/\/correiodasemana.com\/site\/wp-content\/uploads\/2020\/03\/Foto-da-Legenda-2-1-1024x483.jpg 1024w, https:\/\/correiodasemana.com\/site\/wp-content\/uploads\/2020\/03\/Foto-da-Legenda-2-1-768x362.jpg 768w, https:\/\/correiodasemana.com\/site\/wp-content\/uploads\/2020\/03\/Foto-da-Legenda-2-1.jpg 1140w\" sizes=\"(max-width: 300px) 100vw, 300px\" \/><\/p>\n","protected":false},"excerpt":{"rendered":"<p>N\u00e3o haver\u00e1 mudan\u00e7a, contudo, para os trabalhadores aut\u00f4nomos (contribuintes individuais), como prestadores de servi\u00e7os a&#8230;<\/p>\n","protected":false},"author":1,"featured_media":11132,"comment_status":"open","ping_status":"open","sticky":false,"template":"","format":"standard","meta":{"_jetpack_memberships_contains_paid_content":false,"footnotes":"","jetpack_publicize_message":"","jetpack_publicize_feature_enabled":true,"jetpack_social_post_already_shared":true,"jetpack_social_options":{"image_generator_settings":{"template":"highway","default_image_id":0,"font":"","enabled":false},"version":2}},"categories":[1],"tags":[],"class_list":["post-11131","post","type-post","status-publish","format-standard","has-post-thumbnail","hentry","category-atualidade"],"jetpack_publicize_connections":[],"jetpack_featured_media_url":"https:\/\/correiodasemana.com\/site\/wp-content\/uploads\/2020\/03\/Foto-da-Legenda-2.jpg","jetpack-related-posts":[{"id":15525,"url":"https:\/\/correiodasemana.com\/site\/agencia-brasil-explica-como-contribuir-para-o-inss-por-conta-propria\/","url_meta":{"origin":11131,"position":0},"title":"Ag\u00eancia Brasil explica: como contribuir para o INSS por conta pr\u00f3pria","author":"","date":"Janeiro 25, 2021","format":false,"excerpt":"Al\u00edquotas variam de 5% e 20%, conforme o perfil do segurado Os segurados que recolhem para a Previd\u00eancia Social por conta pr\u00f3pria precisam prestar aten\u00e7\u00e3o. Com o novo sal\u00e1rio m\u00ednimo de R$ 1,1 mil em vigor a partir do pagamento do pr\u00f3ximo m\u00eas, os valores das contribui\u00e7\u00f5es foram reajustados. Agora,\u00a0segurado\u00a0ter\u00e1\u2026","rel":"","context":"In &quot;Atualidade&quot;","block_context":{"text":"Atualidade","link":"https:\/\/correiodasemana.com\/site\/category\/atualidade\/"},"img":{"alt_text":"","src":"https:\/\/i0.wp.com\/correiodasemana.com\/site\/wp-content\/uploads\/2021\/01\/mc_previdencia_socialsantos_fc2108200888.jpg?resize=350%2C200&ssl=1","width":350,"height":200,"srcset":"https:\/\/i0.wp.com\/correiodasemana.com\/site\/wp-content\/uploads\/2021\/01\/mc_previdencia_socialsantos_fc2108200888.jpg?resize=350%2C200&ssl=1 1x, https:\/\/i0.wp.com\/correiodasemana.com\/site\/wp-content\/uploads\/2021\/01\/mc_previdencia_socialsantos_fc2108200888.jpg?resize=525%2C300&ssl=1 1.5x, https:\/\/i0.wp.com\/correiodasemana.com\/site\/wp-content\/uploads\/2021\/01\/mc_previdencia_socialsantos_fc2108200888.jpg?resize=700%2C400&ssl=1 2x, https:\/\/i0.wp.com\/correiodasemana.com\/site\/wp-content\/uploads\/2021\/01\/mc_previdencia_socialsantos_fc2108200888.jpg?resize=1050%2C600&ssl=1 3x"},"classes":[]},{"id":10989,"url":"https:\/\/correiodasemana.com\/site\/contrato-verde-e-amarelo-podera-empregar-pessoas-com-mais-de-55-anos\/","url_meta":{"origin":11131,"position":1},"title":"Contrato Verde e Amarelo poder\u00e1 empregar pessoas com mais de 55 anos","author":"","date":"Mar\u00e7o 2, 2020","format":false,"excerpt":"Relator tamb\u00e9m sugere que a cobran\u00e7a de contribui\u00e7\u00e3o previdenci\u00e1ria de desempregados que recebem o seguro-desemprego passe a ser opcional O relator da medida provis\u00f3ria do Contrato de Trabalho Verde e Amarelo (MP 905\/19), deputado\u00a0Christino Aureo (PP-RJ), prop\u00f4s na quarta-feira passada (19) que a nova modalidade de contrata\u00e7\u00e3o, originalmente focada em\u2026","rel":"","context":"In &quot;Atualidade&quot;","block_context":{"text":"Atualidade","link":"https:\/\/correiodasemana.com\/site\/category\/atualidade\/"},"img":{"alt_text":"","src":"https:\/\/i0.wp.com\/correiodasemana.com\/site\/wp-content\/uploads\/2020\/03\/contrato-verde-amarelo-destaque-post_783x515-696x458-1.jpg?resize=350%2C200&ssl=1","width":350,"height":200,"srcset":"https:\/\/i0.wp.com\/correiodasemana.com\/site\/wp-content\/uploads\/2020\/03\/contrato-verde-amarelo-destaque-post_783x515-696x458-1.jpg?resize=350%2C200&ssl=1 1x, https:\/\/i0.wp.com\/correiodasemana.com\/site\/wp-content\/uploads\/2020\/03\/contrato-verde-amarelo-destaque-post_783x515-696x458-1.jpg?resize=525%2C300&ssl=1 1.5x"},"classes":[]},{"id":9854,"url":"https:\/\/correiodasemana.com\/site\/saiba-como-fica-a-aposentadoria-com-as-novas-regras-aprovadas\/","url_meta":{"origin":11131,"position":2},"title":"Saiba como fica a aposentadoria com as novas regras aprovadas","author":"","date":"Novembro 18, 2019","format":false,"excerpt":"Fonte Ag\u00eancia Brasil As\u00a0novas regras para a aposentadoria\u00a0 j\u00e1 est\u00e3o valendo desde ter\u00e7a-feira (12). Com a promulga\u00e7\u00e3o da Nova Previd\u00eancia, marcada para \u00e0s 10h, em cerim\u00f4nia no Congresso Nacional, todas as mudan\u00e7as aprovadas na Emenda Constitucional entram em vigor. Segundo o\u00a0INSS (Instituto Nacional do Seguro Social), para a an\u00e1lise dos\u2026","rel":"","context":"In &quot;Atualidade&quot;","block_context":{"text":"Atualidade","link":"https:\/\/correiodasemana.com\/site\/category\/atualidade\/"},"img":{"alt_text":"","src":"https:\/\/i0.wp.com\/correiodasemana.com\/site\/wp-content\/uploads\/2019\/11\/img1-Como-fica-a-aposentadoria-para-quem-tem-21276.png?resize=350%2C200&ssl=1","width":350,"height":200,"srcset":"https:\/\/i0.wp.com\/correiodasemana.com\/site\/wp-content\/uploads\/2019\/11\/img1-Como-fica-a-aposentadoria-para-quem-tem-21276.png?resize=350%2C200&ssl=1 1x, https:\/\/i0.wp.com\/correiodasemana.com\/site\/wp-content\/uploads\/2019\/11\/img1-Como-fica-a-aposentadoria-para-quem-tem-21276.png?resize=525%2C300&ssl=1 1.5x, https:\/\/i0.wp.com\/correiodasemana.com\/site\/wp-content\/uploads\/2019\/11\/img1-Como-fica-a-aposentadoria-para-quem-tem-21276.png?resize=700%2C400&ssl=1 2x, https:\/\/i0.wp.com\/correiodasemana.com\/site\/wp-content\/uploads\/2019\/11\/img1-Como-fica-a-aposentadoria-para-quem-tem-21276.png?resize=1050%2C600&ssl=1 3x, https:\/\/i0.wp.com\/correiodasemana.com\/site\/wp-content\/uploads\/2019\/11\/img1-Como-fica-a-aposentadoria-para-quem-tem-21276.png?resize=1400%2C800&ssl=1 4x"},"classes":[]},{"id":17378,"url":"https:\/\/correiodasemana.com\/site\/camara-dos-deputados-aprova-texto-base-da-reforma-do-imposto-de-renda\/","url_meta":{"origin":11131,"position":3},"title":"C\u00e2mara dos Deputados aprova texto-base da reforma do Imposto de Renda","author":"","date":"Setembro 6, 2021","format":false,"excerpt":"Com apoio da oposi\u00e7\u00e3o, texto foi aprovado por 398 votos a 77; parlamentares ainda precisam analisar destaques. Em seguida, mat\u00e9ria ir\u00e1 ao Senado. Por Jamile Racanicci, Elisa Clavery e J\u00e9ssica Sant\u2019Ana, TV Globo e G1\u00a0\u2014 Bras\u00edlia Por 398 votos a 77, a\u00a0C\u00e2mara dos Deputados\u00a0aprovou nesta quarta-feira (1\u00ba) o texto-base da\u2026","rel":"","context":"In &quot;Atualidade&quot;","block_context":{"text":"Atualidade","link":"https:\/\/correiodasemana.com\/site\/category\/atualidade\/"},"img":{"alt_text":"","src":"https:\/\/i0.wp.com\/correiodasemana.com\/site\/wp-content\/uploads\/2020\/06\/foto-receita.jpg?resize=350%2C200&ssl=1","width":350,"height":200,"srcset":"https:\/\/i0.wp.com\/correiodasemana.com\/site\/wp-content\/uploads\/2020\/06\/foto-receita.jpg?resize=350%2C200&ssl=1 1x, https:\/\/i0.wp.com\/correiodasemana.com\/site\/wp-content\/uploads\/2020\/06\/foto-receita.jpg?resize=525%2C300&ssl=1 1.5x, https:\/\/i0.wp.com\/correiodasemana.com\/site\/wp-content\/uploads\/2020\/06\/foto-receita.jpg?resize=700%2C400&ssl=1 2x, https:\/\/i0.wp.com\/correiodasemana.com\/site\/wp-content\/uploads\/2020\/06\/foto-receita.jpg?resize=1050%2C600&ssl=1 3x"},"classes":[]},{"id":8686,"url":"https:\/\/correiodasemana.com\/site\/reforma-da-previdencia-entenda-ponto-a-ponto-a-proposta-aprovada-pela-camara\/","url_meta":{"origin":11131,"position":4},"title":"Reforma da Previd\u00eancia: entenda ponto a ponto a proposta aprovada pela C\u00e2mara","author":"","date":"Agosto 17, 2019","format":false,"excerpt":"Veja como podem ficar as novas regras para as aposentadorias e pens\u00f5es. Deputados conclu\u00edram vota\u00e7\u00e3o em 1\u00ba e 2\u00ba turno, e agora proposta segue para o Senado. Por G1 A C\u00e2mara dos Deputados\u00a0concluiu nesta quarta-feira (7) a vota\u00e7\u00e3o em 2\u00ba turno da reforma da Previd\u00eancia. Os deputados rejeitaram todos os\u2026","rel":"","context":"In &quot;Atualidade&quot;","block_context":{"text":"Atualidade","link":"https:\/\/correiodasemana.com\/site\/category\/atualidade\/"},"img":{"alt_text":"","src":"https:\/\/i0.wp.com\/correiodasemana.com\/site\/wp-content\/uploads\/2019\/07\/vac_abr_0879230719.jpg?resize=350%2C200&ssl=1","width":350,"height":200,"srcset":"https:\/\/i0.wp.com\/correiodasemana.com\/site\/wp-content\/uploads\/2019\/07\/vac_abr_0879230719.jpg?resize=350%2C200&ssl=1 1x, https:\/\/i0.wp.com\/correiodasemana.com\/site\/wp-content\/uploads\/2019\/07\/vac_abr_0879230719.jpg?resize=525%2C300&ssl=1 1.5x, https:\/\/i0.wp.com\/correiodasemana.com\/site\/wp-content\/uploads\/2019\/07\/vac_abr_0879230719.jpg?resize=700%2C400&ssl=1 2x, https:\/\/i0.wp.com\/correiodasemana.com\/site\/wp-content\/uploads\/2019\/07\/vac_abr_0879230719.jpg?resize=1050%2C600&ssl=1 3x"},"classes":[]},{"id":17195,"url":"https:\/\/correiodasemana.com\/site\/aprovado-projeto-que-regulamenta-cobranca-de-icms-no-comercio-interestadual\/","url_meta":{"origin":11131,"position":5},"title":"Aprovado projeto que regulamenta cobran\u00e7a de ICMS no com\u00e9rcio interestadual","author":"","date":"Agosto 9, 2021","format":false,"excerpt":"Fonte: Ag\u00eancia Senado Foi aprovado pelo Senado Federal o projeto de lei complementar (PLP 32\/2021), de autoria do senador Cid Gomes (PDT-CE), que regulamenta a cobran\u00e7a do Imposto sobre Circula\u00e7\u00e3o de Mercadorias e Servi\u00e7os (ICMS) sobre vendas de produtos e presta\u00e7\u00e3o de servi\u00e7os a consumidor final localizado em outro estado.\u2026","rel":"","context":"In &quot;Atualidade&quot;","block_context":{"text":"Atualidade","link":"https:\/\/correiodasemana.com\/site\/category\/atualidade\/"},"img":{"alt_text":"","src":"https:\/\/i0.wp.com\/correiodasemana.com\/site\/wp-content\/uploads\/2021\/08\/icms-estadual.jpg?resize=350%2C200&ssl=1","width":350,"height":200,"srcset":"https:\/\/i0.wp.com\/correiodasemana.com\/site\/wp-content\/uploads\/2021\/08\/icms-estadual.jpg?resize=350%2C200&ssl=1 1x, https:\/\/i0.wp.com\/correiodasemana.com\/site\/wp-content\/uploads\/2021\/08\/icms-estadual.jpg?resize=525%2C300&ssl=1 1.5x, https:\/\/i0.wp.com\/correiodasemana.com\/site\/wp-content\/uploads\/2021\/08\/icms-estadual.jpg?resize=700%2C400&ssl=1 2x"},"classes":[]}],"jetpack_sharing_enabled":true,"_links":{"self":[{"href":"https:\/\/correiodasemana.com\/site\/wp-json\/wp\/v2\/posts\/11131","targetHints":{"allow":["GET"]}}],"collection":[{"href":"https:\/\/correiodasemana.com\/site\/wp-json\/wp\/v2\/posts"}],"about":[{"href":"https:\/\/correiodasemana.com\/site\/wp-json\/wp\/v2\/types\/post"}],"author":[{"embeddable":true,"href":"https:\/\/correiodasemana.com\/site\/wp-json\/wp\/v2\/users\/1"}],"replies":[{"embeddable":true,"href":"https:\/\/correiodasemana.com\/site\/wp-json\/wp\/v2\/comments?post=11131"}],"version-history":[{"count":1,"href":"https:\/\/correiodasemana.com\/site\/wp-json\/wp\/v2\/posts\/11131\/revisions"}],"predecessor-version":[{"id":11135,"href":"https:\/\/correiodasemana.com\/site\/wp-json\/wp\/v2\/posts\/11131\/revisions\/11135"}],"wp:featuredmedia":[{"embeddable":true,"href":"https:\/\/correiodasemana.com\/site\/wp-json\/wp\/v2\/media\/11132"}],"wp:attachment":[{"href":"https:\/\/correiodasemana.com\/site\/wp-json\/wp\/v2\/media?parent=11131"}],"wp:term":[{"taxonomy":"category","embeddable":true,"href":"https:\/\/correiodasemana.com\/site\/wp-json\/wp\/v2\/categories?post=11131"},{"taxonomy":"post_tag","embeddable":true,"href":"https:\/\/correiodasemana.com\/site\/wp-json\/wp\/v2\/tags?post=11131"}],"curies":[{"name":"wp","href":"https:\/\/api.w.org\/{rel}","templated":true}]}}