{"id":11138,"date":"2020-03-09T05:00:49","date_gmt":"2020-03-09T05:00:49","guid":{"rendered":"https:\/\/correiodasemana.com\/site\/?p=11138"},"modified":"2020-03-09T05:00:49","modified_gmt":"2020-03-09T05:00:49","slug":"hospital-do-coracao-de-sobral-promove-planejamento-estrategico","status":"publish","type":"post","link":"https:\/\/correiodasemana.com\/site\/hospital-do-coracao-de-sobral-promove-planejamento-estrategico\/","title":{"rendered":"Hospital do Cora\u00e7\u00e3o de Sobral promove Planejamento Estrat\u00e9gico"},"content":{"rendered":"<p>A a\u00e7\u00e3o tem como objetivo viabilizar uma administra\u00e7\u00e3o sustent\u00e1vel, a qual garanta qualidade e efici\u00eancia no atendimento \u00e0 popula\u00e7\u00e3o.<\/p>\n<p>O Hospital do Cora\u00e7\u00e3o, unidade de sa\u00fade do Complexo Santa Casa de Miseric\u00f3rdia de Sobral (SCMS), promoveu na quarta-feira (04\/03), o Planejamento Estrat\u00e9gico para o ano de 2020. A a\u00e7\u00e3o tem como intuito estabelecer metas, mobilizar a\u00e7\u00f5es e definir as melhores condi\u00e7\u00f5es para concretiza\u00e7\u00e3o dos seus objetivos. O planejamento foi realizado no Centro de Treinamento de Sobral (Cetreso) e reuniu cerca de 50 colaboradores, entre diretores e coordenadores dos servi\u00e7os da unidade hospitalar.<br \/>\nA ocasi\u00e3o contou com a presen\u00e7a do Diretor-Geral do Complexo SCMS, Klebson Carvalho; do Diretor T\u00e9cnico da Santa Casa, Dr. S\u00e1vio Arcanjo; da Diretora de Enfermagem, Dra. Concei\u00e7\u00e3o Nunes; do Diretor T\u00e9cnico do Hospital do Cora\u00e7\u00e3o, Dr. Joaquim David Carneiro Neto; e do administrador hospitalar, Dr. Claudir Antonio Accadrolli. A programa\u00e7\u00e3o teve in\u00edcio com um momento de ora\u00e7\u00e3o e a apresenta\u00e7\u00e3o da Miss\u00e3o, Vis\u00e3o e Valores do Complexo hospitalar. Em seguida, o Diretor do Departamento de Ensino, Pesquisa e Extens\u00e3o (DEPE) da Santa Casa de Miseric\u00f3rdia de Sobral, Prof. Dr. Vicente Pinto, orientou os colaboradores quanto \u00e0 defini\u00e7\u00e3o e os objetivos do Planejamento Estrat\u00e9gico. Os dados financeiros do Hospital do Cora\u00e7\u00e3o tamb\u00e9m foram apresentados aos participantes presentes.<br \/>\nPara o Diretor-Geral do Complexo SCMS, Klebson Carvalho, o planejamento atende \u00e0 orienta\u00e7\u00e3o do comit\u00ea gestor do complexo SCMS de criar uma vis\u00e3o sist\u00eamica sobre todos os servi\u00e7os do Hospital. \u201cO importante tamb\u00e9m \u00e9 a integra\u00e7\u00e3o e a unicidade desta gest\u00e3o corporativa. Algo novo gera d\u00favida, incerteza e inseguran\u00e7a, mas se n\u00f3s acreditarmos e trabalharmos com todas essas ferramentas vamos superar e crescer cada vez mais\u201d, disse o gestor.<br \/>\nA programa\u00e7\u00e3o tamb\u00e9m contou com a palestra \u201cLideran\u00e7a Transformadora\u201d, ministrada pela psic\u00f3loga Adriana Goes. Na ocasi\u00e3o, colaboradores tamb\u00e9m participaram de din\u00e2micas de trabalho em grupo. Durante o planejamento, a matriz SWOT foi utilizada para auxiliar os colaboradores a identificarem for\u00e7as, fraquezas, oportunidades, e amea\u00e7as relacionadas ao ambiente interno e externo do Hospital. Em seguida, os participantes foram divididos em grupos, nos quais foram estabelecidas metas e a\u00e7\u00f5es que devem ser cumpridas durante os pr\u00f3ximos meses.<br \/>\n\u201cEsse planejamento permite que a gente coloque em foco uma necessidade que j\u00e1 foi diagnosticada e essa vis\u00e3o \u00e9 extremamente importante, pois assim temos tamb\u00e9m a oportunidade de praticar a unicidade\u201d, explicou o diretor t\u00e9cnico do Hospital do Cora\u00e7\u00e3o, Dr. David Carneiro Neto.<br \/>\nO Hospital do Cora\u00e7\u00e3o de Sobral (HC) \u00e9 refer\u00eancia no atendimento cardiol\u00f3gico, sendo o \u00fanico da regi\u00e3o Norte do Estado, prestando atendimento para pessoas de 55 munic\u00edpios. A unidade hospitalar atende todas as especialidades da cardiologia, como eletrofisiologia, cardiologia intervencionista, cirurgias valvulares, revasculariza\u00e7\u00e3o do mioc\u00e1rdio, implante de marcapasso e interna\u00e7\u00f5es cl\u00ednicas, al\u00e9m de realizar todos os exames ambulatoriais da cardiologia.<\/p>\n<p><img fetchpriority=\"high\" decoding=\"async\" class=\"aligncenter size-medium wp-image-11139\" src=\"https:\/\/correiodasemana.com\/site\/wp-content\/uploads\/2020\/03\/batch_santa-casa2-1-300x200.jpg\" alt=\"\" width=\"300\" height=\"200\" srcset=\"https:\/\/correiodasemana.com\/site\/wp-content\/uploads\/2020\/03\/batch_santa-casa2-1-300x200.jpg 300w, https:\/\/correiodasemana.com\/site\/wp-content\/uploads\/2020\/03\/batch_santa-casa2-1-1024x683.jpg 1024w, https:\/\/correiodasemana.com\/site\/wp-content\/uploads\/2020\/03\/batch_santa-casa2-1-768x512.jpg 768w, https:\/\/correiodasemana.com\/site\/wp-content\/uploads\/2020\/03\/batch_santa-casa2-1-1536x1024.jpg 1536w, https:\/\/correiodasemana.com\/site\/wp-content\/uploads\/2020\/03\/batch_santa-casa2-1-2048x1365.jpg 2048w\" sizes=\"(max-width: 300px) 100vw, 300px\" \/> <img decoding=\"async\" class=\"aligncenter size-medium wp-image-11140\" src=\"https:\/\/correiodasemana.com\/site\/wp-content\/uploads\/2020\/03\/batch_santa-casa2-2-300x200.jpg\" alt=\"\" width=\"300\" height=\"200\" srcset=\"https:\/\/correiodasemana.com\/site\/wp-content\/uploads\/2020\/03\/batch_santa-casa2-2-300x200.jpg 300w, https:\/\/correiodasemana.com\/site\/wp-content\/uploads\/2020\/03\/batch_santa-casa2-2-1024x683.jpg 1024w, https:\/\/correiodasemana.com\/site\/wp-content\/uploads\/2020\/03\/batch_santa-casa2-2-768x512.jpg 768w, https:\/\/correiodasemana.com\/site\/wp-content\/uploads\/2020\/03\/batch_santa-casa2-2-1536x1024.jpg 1536w, https:\/\/correiodasemana.com\/site\/wp-content\/uploads\/2020\/03\/batch_santa-casa2-2-2048x1365.jpg 2048w\" sizes=\"(max-width: 300px) 100vw, 300px\" \/><\/p>\n","protected":false},"excerpt":{"rendered":"<p>A a\u00e7\u00e3o tem como objetivo viabilizar uma administra\u00e7\u00e3o sustent\u00e1vel, a qual garanta qualidade e efici\u00eancia&#8230;<\/p>\n","protected":false},"author":1,"featured_media":11140,"comment_status":"open","ping_status":"open","sticky":false,"template":"","format":"standard","meta":{"_jetpack_memberships_contains_paid_content":false,"footnotes":"","jetpack_publicize_message":"","jetpack_publicize_feature_enabled":true,"jetpack_social_post_already_shared":true,"jetpack_social_options":{"image_generator_settings":{"template":"highway","default_image_id":0,"font":"","enabled":false},"version":2}},"categories":[3,52],"tags":[],"class_list":["post-11138","post","type-post","status-publish","format-standard","has-post-thumbnail","hentry","category-santa-casa","category-saude"],"jetpack_publicize_connections":[],"jetpack_featured_media_url":"https:\/\/correiodasemana.com\/site\/wp-content\/uploads\/2020\/03\/batch_santa-casa2-2-scaled.jpg","jetpack-related-posts":[{"id":10293,"url":"https:\/\/correiodasemana.com\/site\/diretores-e-coordenadores-do-complexo-santa-casa-de-misericordia-de-sobral-participam-de-planejamento-estrategico-para-o-ano-de-2020\/","url_meta":{"origin":11138,"position":0},"title":"Diretores e coordenadores do complexo Santa Casa de Miseric\u00f3rdia de Sobral participam de Planejamento Estrat\u00e9gico para o ano de 2020","author":"","date":"Dezembro 23, 2019","format":false,"excerpt":"Diretores e coordenadores dos servi\u00e7os e unidades que comp\u00f5em o Complexo Santa Casa de Miseric\u00f3rdia de Sobral participaram, nesta quinta-feira (19\/12), do Planejamento Estrat\u00e9gico para o ano de 2020. A a\u00e7\u00e3o foi realizada no Murm\u00fario da Natureza, localizado na Serra da Meruoca. O objetivo do encontro \u00e9 reunir estrat\u00e9gias com\u2026","rel":"","context":"In &quot;Santa Casa&quot;","block_context":{"text":"Santa Casa","link":"https:\/\/correiodasemana.com\/site\/category\/santa-casa\/"},"img":{"alt_text":"","src":"https:\/\/i0.wp.com\/correiodasemana.com\/site\/wp-content\/uploads\/2019\/12\/FOTO-11.png?resize=350%2C200&ssl=1","width":350,"height":200,"srcset":"https:\/\/i0.wp.com\/correiodasemana.com\/site\/wp-content\/uploads\/2019\/12\/FOTO-11.png?resize=350%2C200&ssl=1 1x, https:\/\/i0.wp.com\/correiodasemana.com\/site\/wp-content\/uploads\/2019\/12\/FOTO-11.png?resize=525%2C300&ssl=1 1.5x, https:\/\/i0.wp.com\/correiodasemana.com\/site\/wp-content\/uploads\/2019\/12\/FOTO-11.png?resize=700%2C400&ssl=1 2x, https:\/\/i0.wp.com\/correiodasemana.com\/site\/wp-content\/uploads\/2019\/12\/FOTO-11.png?resize=1050%2C600&ssl=1 3x"},"classes":[]},{"id":11209,"url":"https:\/\/correiodasemana.com\/site\/complexo-santa-casa-de-misericordia-de-sobral-promove-lancamento-de-projeto-que-beneficia-funcionarios-com-bolsas-de-estudo\/","url_meta":{"origin":11138,"position":1},"title":"Complexo Santa Casa de Miseric\u00f3rdia de Sobral promove lan\u00e7amento de projeto que beneficia funcion\u00e1rios com bolsas de estudo","author":"","date":"Mar\u00e7o 18, 2020","format":false,"excerpt":"Com o objetivo beneficiar funcion\u00e1rios e seus filhos que possuam potencial acad\u00eamico, oportunizando um ensino de qualidade, com bolsas de estudos em Escolas particulares e Institui\u00e7\u00f5es de Ensino Superior privadas, o Complexo Santa Casa de Miseric\u00f3rdia de Sobral (SCMS) lan\u00e7ou, nesta quinta-feira (12\/03), o Projeto Filhos da Miseric\u00f3rdia. Ser\u00e3o beneficiados\u2026","rel":"","context":"In &quot;Atualidade&quot;","block_context":{"text":"Atualidade","link":"https:\/\/correiodasemana.com\/site\/category\/atualidade\/"},"img":{"alt_text":"","src":"https:\/\/i0.wp.com\/correiodasemana.com\/site\/wp-content\/uploads\/2020\/03\/Foto-1-1-scaled-e1584506858418.jpg?resize=350%2C200&ssl=1","width":350,"height":200,"srcset":"https:\/\/i0.wp.com\/correiodasemana.com\/site\/wp-content\/uploads\/2020\/03\/Foto-1-1-scaled-e1584506858418.jpg?resize=350%2C200&ssl=1 1x, https:\/\/i0.wp.com\/correiodasemana.com\/site\/wp-content\/uploads\/2020\/03\/Foto-1-1-scaled-e1584506858418.jpg?resize=525%2C300&ssl=1 1.5x, https:\/\/i0.wp.com\/correiodasemana.com\/site\/wp-content\/uploads\/2020\/03\/Foto-1-1-scaled-e1584506858418.jpg?resize=700%2C400&ssl=1 2x, https:\/\/i0.wp.com\/correiodasemana.com\/site\/wp-content\/uploads\/2020\/03\/Foto-1-1-scaled-e1584506858418.jpg?resize=1050%2C600&ssl=1 3x"},"classes":[]},{"id":21037,"url":"https:\/\/correiodasemana.com\/site\/novo-diretor-tecnico-do-hospital-do-coracao-de-sobral-e-apresentado-oficialmente\/","url_meta":{"origin":11138,"position":2},"title":"Novo diretor t\u00e9cnico do Hospital do Cora\u00e7\u00e3o de Sobral \u00e9 apresentado oficialmente","author":"","date":"Setembro 18, 2022","format":false,"excerpt":"A institui\u00e7\u00e3o recebeu neste ano o certificado de acredita\u00e7\u00e3o ONA n\u00edvel 2, Acreditado Pleno. Ascom Complexo SCMS O Hospital do Cora\u00e7\u00e3o de Sobral, unidade do Complexo Santa Casa de Miseric\u00f3rdia de Sobral, apresentou oficialmente o novo diretor t\u00e9cnico da Institui\u00e7\u00e3o, Dr. Vicente Pontes Carvalho J\u00fanior nesta ter\u00e7a-feira (13\/09). Em agosto\u2026","rel":"","context":"In &quot;Atualidade&quot;","block_context":{"text":"Atualidade","link":"https:\/\/correiodasemana.com\/site\/category\/atualidade\/"},"img":{"alt_text":"","src":"https:\/\/i0.wp.com\/correiodasemana.com\/site\/wp-content\/uploads\/2022\/09\/Foto-1-300x220.jpeg?resize=350%2C200&ssl=1","width":350,"height":200},"classes":[]},{"id":13530,"url":"https:\/\/correiodasemana.com\/site\/hospital-do-coracao-de-sobral-passa-por-diagnostico-organizacional\/","url_meta":{"origin":11138,"position":3},"title":"Hospital do Cora\u00e7\u00e3o de Sobral passa por Diagn\u00f3stico Organizacional","author":"","date":"Setembro 15, 2020","format":false,"excerpt":"A unidade est\u00e1 buscando a certifica\u00e7\u00e3o da Organiza\u00e7\u00e3o Nacional de Acredita\u00e7\u00e3o (ONA). Com foco na qualidade e seguran\u00e7a do paciente, o Hospital do Cora\u00e7\u00e3o, unidade de assist\u00eancia \u00e0 sa\u00fade do Complexo Santa Casa de Miseric\u00f3rdia de Sobral (SCMS), recebeu a visita de avaliadoras da Funda\u00e7\u00e3o Carlos Alberto Vanzolini, nos dias\u2026","rel":"","context":"In &quot;Atualidade&quot;","block_context":{"text":"Atualidade","link":"https:\/\/correiodasemana.com\/site\/category\/atualidade\/"},"img":{"alt_text":"","src":"https:\/\/i0.wp.com\/correiodasemana.com\/site\/wp-content\/uploads\/2020\/09\/Foto-1-1.jpg?resize=350%2C200&ssl=1","width":350,"height":200,"srcset":"https:\/\/i0.wp.com\/correiodasemana.com\/site\/wp-content\/uploads\/2020\/09\/Foto-1-1.jpg?resize=350%2C200&ssl=1 1x, https:\/\/i0.wp.com\/correiodasemana.com\/site\/wp-content\/uploads\/2020\/09\/Foto-1-1.jpg?resize=525%2C300&ssl=1 1.5x, https:\/\/i0.wp.com\/correiodasemana.com\/site\/wp-content\/uploads\/2020\/09\/Foto-1-1.jpg?resize=700%2C400&ssl=1 2x"},"classes":[]},{"id":18814,"url":"https:\/\/correiodasemana.com\/site\/gestores-da-santa-casa-de-sobral-participam-de-aulas-e-oficinas-sobre-planejamento-estrategico-na-gestao-da-saude\/","url_meta":{"origin":11138,"position":4},"title":"Gestores da Santa Casa de Sobral participam de aulas e oficinas sobre Planejamento Estrat\u00e9gico na Gest\u00e3o da Sa\u00fade","author":"","date":"Fevereiro 7, 2022","format":false,"excerpt":"As aulas tiveram o objetivo de rever, melhorar e padronizar as opera\u00e7\u00f5es a fim de garantir efetividade e comprometimento da equipe com o Planejamento Estrat\u00e9gico da institui\u00e7\u00e3o. Ascom Complexo SCMS Durante o m\u00eas de janeiro, gestores dos servi\u00e7os assistenciais e administrativos da Santa Casa de Miseric\u00f3rdia de Sobral participaram de\u2026","rel":"","context":"In &quot;Atualidade&quot;","block_context":{"text":"Atualidade","link":"https:\/\/correiodasemana.com\/site\/category\/atualidade\/"},"img":{"alt_text":"","src":"https:\/\/i0.wp.com\/correiodasemana.com\/site\/wp-content\/uploads\/2022\/02\/foto-stacasa.png?resize=350%2C200&ssl=1","width":350,"height":200,"srcset":"https:\/\/i0.wp.com\/correiodasemana.com\/site\/wp-content\/uploads\/2022\/02\/foto-stacasa.png?resize=350%2C200&ssl=1 1x, https:\/\/i0.wp.com\/correiodasemana.com\/site\/wp-content\/uploads\/2022\/02\/foto-stacasa.png?resize=525%2C300&ssl=1 1.5x, https:\/\/i0.wp.com\/correiodasemana.com\/site\/wp-content\/uploads\/2022\/02\/foto-stacasa.png?resize=700%2C400&ssl=1 2x, https:\/\/i0.wp.com\/correiodasemana.com\/site\/wp-content\/uploads\/2022\/02\/foto-stacasa.png?resize=1050%2C600&ssl=1 3x, https:\/\/i0.wp.com\/correiodasemana.com\/site\/wp-content\/uploads\/2022\/02\/foto-stacasa.png?resize=1400%2C800&ssl=1 4x"},"classes":[]},{"id":8995,"url":"https:\/\/correiodasemana.com\/site\/diretores-do-complexo-santa-casa-de-sobral-sao-homenageados-em-evento-no-theatro-sao-joao\/","url_meta":{"origin":11138,"position":5},"title":"Diretores do Complexo Santa Casa de Sobral s\u00e3o homenageados em evento no Theatro S\u00e3o Jo\u00e3o","author":"","date":"Setembro 8, 2019","format":false,"excerpt":"Assessoria de Comunica\u00e7\u00e3o da Santa Casa de Sobral Sob nova dire\u00e7\u00e3o h\u00e1 sete meses, a Santa Casa de Miseric\u00f3rdia de Sobral (SCMS) vem sendo destaque dentro e fora da unidade hospitalar. Na sexta-feira (30\/08), o diretor-geral, Klebson Carvalho, o diretor t\u00e9cnico da Santa Casa, Dr. S\u00e1vio Arcanjo, e o diretor\u2026","rel":"","context":"In &quot;Atualidade&quot;","block_context":{"text":"Atualidade","link":"https:\/\/correiodasemana.com\/site\/category\/atualidade\/"},"img":{"alt_text":"","src":"https:\/\/i0.wp.com\/correiodasemana.com\/site\/wp-content\/uploads\/2019\/09\/Foto-4.jpg?resize=350%2C200&ssl=1","width":350,"height":200,"srcset":"https:\/\/i0.wp.com\/correiodasemana.com\/site\/wp-content\/uploads\/2019\/09\/Foto-4.jpg?resize=350%2C200&ssl=1 1x, https:\/\/i0.wp.com\/correiodasemana.com\/site\/wp-content\/uploads\/2019\/09\/Foto-4.jpg?resize=525%2C300&ssl=1 1.5x"},"classes":[]}],"jetpack_sharing_enabled":true,"_links":{"self":[{"href":"https:\/\/correiodasemana.com\/site\/wp-json\/wp\/v2\/posts\/11138","targetHints":{"allow":["GET"]}}],"collection":[{"href":"https:\/\/correiodasemana.com\/site\/wp-json\/wp\/v2\/posts"}],"about":[{"href":"https:\/\/correiodasemana.com\/site\/wp-json\/wp\/v2\/types\/post"}],"author":[{"embeddable":true,"href":"https:\/\/correiodasemana.com\/site\/wp-json\/wp\/v2\/users\/1"}],"replies":[{"embeddable":true,"href":"https:\/\/correiodasemana.com\/site\/wp-json\/wp\/v2\/comments?post=11138"}],"version-history":[{"count":1,"href":"https:\/\/correiodasemana.com\/site\/wp-json\/wp\/v2\/posts\/11138\/revisions"}],"predecessor-version":[{"id":11141,"href":"https:\/\/correiodasemana.com\/site\/wp-json\/wp\/v2\/posts\/11138\/revisions\/11141"}],"wp:featuredmedia":[{"embeddable":true,"href":"https:\/\/correiodasemana.com\/site\/wp-json\/wp\/v2\/media\/11140"}],"wp:attachment":[{"href":"https:\/\/correiodasemana.com\/site\/wp-json\/wp\/v2\/media?parent=11138"}],"wp:term":[{"taxonomy":"category","embeddable":true,"href":"https:\/\/correiodasemana.com\/site\/wp-json\/wp\/v2\/categories?post=11138"},{"taxonomy":"post_tag","embeddable":true,"href":"https:\/\/correiodasemana.com\/site\/wp-json\/wp\/v2\/tags?post=11138"}],"curies":[{"name":"wp","href":"https:\/\/api.w.org\/{rel}","templated":true}]}}