{"id":11147,"date":"2020-03-09T05:05:07","date_gmt":"2020-03-09T05:05:07","guid":{"rendered":"https:\/\/correiodasemana.com\/site\/?p=11147"},"modified":"2020-03-09T05:05:07","modified_gmt":"2020-03-09T05:05:07","slug":"renato-parente-centro-primeira-linha-de-transporte-coletivo-urbano-de-sobral-opera-em-fase-experimental","status":"publish","type":"post","link":"https:\/\/correiodasemana.com\/site\/renato-parente-centro-primeira-linha-de-transporte-coletivo-urbano-de-sobral-opera-em-fase-experimental\/","title":{"rendered":"Renato Parente \u2013 Centro: Primeira linha de transporte coletivo urbano de Sobral opera em fase experimental"},"content":{"rendered":"<p><strong>Os \u00f4nibus, com capacidade para 50 passageiros, rodar\u00e3o, inicialmente, de segunda a s\u00e1bado, de 6h at\u00e9 as 19h45min<\/strong><\/p>\n<p>Assessoria de Comunica\u00e7\u00e3o da Prefeitura<br \/>\nA linha Renato Parente &#8211; Centro ser\u00e1 a primeira linha de transporte coletivo urbano de Sobral a entrar em funcionamento. O in\u00edcio da opera\u00e7\u00e3o assistida (fase de testes, para acertar todos os detalhes operacionais da linha, at\u00e9 o seu funcionamento oficial e definitivo) est\u00e1 marcado para este s\u00e1bado, dia 7 de mar\u00e7o.<br \/>\nOs \u00f4nibus, com capacidade para 50 passageiros, rodar\u00e3o, inicialmente, de segunda a s\u00e1bado, de 6h at\u00e9 as 19h45min (hor\u00e1rio em que o \u00faltimo carro partir\u00e1 do in\u00edcio da rota, no bairro Renato Parente), com intervalos de 12 a 17 minutos.<br \/>\nOs ve\u00edculos possuem ar-condicionado, plataforma para cadeirantes, internet gr\u00e1tis e quatro c\u00e2meras de monitoramento interno. Al\u00e9m disso, toda a frota ser\u00e1 rastreada por sat\u00e9lite em tempo real, oferecendo mais conforto e seguran\u00e7a para os passageiros.<br \/>\nPara utilizar o servi\u00e7o, o usu\u00e1rio poder\u00e1 adquirir a passagem \u00fanica ou o cart\u00e3o mensal. Funciona assim: comprando a passagem \u00fanica no valor de R$ 1,00, o passageiro poder\u00e1 fazer uma viagem. Esse valor \u00e9 de meia passagem para todos os usu\u00e1rios nessa fase inicial de testes.<br \/>\nSe, em vez disso, optar pelo cart\u00e3o mensal no valor de R$ 30, que tamb\u00e9m corresponde \u00e0 meia passagem, o passageiro poder\u00e1 utilizar o transporte quantas vezes quiser, at\u00e9 o dia 10 do m\u00eas seguinte ao da compra. \u00c9 importante destacar que os valores da tarifa s\u00e3o tempor\u00e1rios e valer\u00e3o durante o per\u00edodo de testes. Os bilhetes poder\u00e3o ser adquiridos a partir desta sexta-feira (06\/03) nos pontos de venda credenciados (descritos abaixo) e identificados com adesivos do Trans Sol.<br \/>\nEm caso de d\u00favidas, contate a Secretaria dos Servi\u00e7os P\u00fablicos, por meio do aplicativo WhatsApp, atrav\u00e9s do n\u00famero (88) 9.8886.6699.<\/p>\n<p>Itiner\u00e1rio<br \/>\nNa ida, o coletivo sair\u00e1 da Avenida M\u00e3e Rainha, no Bairro Renato Parente, e percorrer\u00e1 as ruas e avenidas: Francisca Ximenes Azevedo, Maria da Concei\u00e7\u00e3o Azevedo, John Sanford, Ip\u00eas, Can\u00e1rio, Padre Osvaldo Chaves, Joaquim Alves Pereira, Ministro C\u00e9sar Cals, Paulo Franco Barbosa, John Sanford, Deputado Jo\u00e3o Frederico Gomes, 7 de Setembro, Doutor Carlos Rolim Martiniano, Arimat\u00e9ia Monte e Silva, Jornalista Deolindo Barreto, Coronel Diogo Gomes e Viriato de Medeiros.<br \/>\nNa volta, o trejeito ser\u00e1: Viriato de Medeiros, John Sanford, Manuel Marinho de Andrade, Ministro C\u00e9sar Cals, Raimundo Alves, Padre Osvaldo Chaves, Can\u00e1rio, Ip\u00eas, Resed\u00e1s, John Sanford, estrada para o Cachoeiro, Ipu, John Sanford, Cleto Ferreira da Ponte e M\u00e3e Rainha<\/p>\n<p>Pontos de venda<br \/>\nFarm\u00e1cia O Rodolfo (R. Viriato de Medeiros &#8211; Centro)<br \/>\nCaf\u00e9 Jaibaras (Beco do Cotovelo &#8211; Centro)<br \/>\nFarm\u00e1cia Princesa do Norte (Av. M\u00e3e Rainha &#8211; Renato Parente)<br \/>\nMercadinho Reis (Av. M\u00e3e Rainha &#8211; Renato Parente)<br \/>\nMercadinho Rubens (Av. M\u00e3e Rainha, Renato Parente)<br \/>\nMercadinho Pioneiro (Av. Rita Leite &#8211; Renato Parente)<br \/>\nDep\u00f3sito S\u00e3o Francisco (Rua Padre Osvaldo Chaves &#8211; Cidade Jos\u00e9 Euclides)<br \/>\nMercadinho Parente (Av. Ministro C\u00e9sar Cals, Cidade Jos\u00e9 Euclides)<br \/>\nEudes Constru\u00e7\u00f5es (Av. Ministro C\u00e9sar Cals, Cidade Jos\u00e9 Euclides)<br \/>\nPadaria e Confeitaria Uni\u00e3o (Av. Ministro C\u00e9sar Cals, Cidade Jos\u00e9 Euclides)<\/p>\n","protected":false},"excerpt":{"rendered":"<p>Os \u00f4nibus, com capacidade para 50 passageiros, rodar\u00e3o, inicialmente, de segunda a s\u00e1bado, de 6h&#8230;<\/p>\n","protected":false},"author":1,"featured_media":11148,"comment_status":"open","ping_status":"open","sticky":false,"template":"","format":"standard","meta":{"_jetpack_memberships_contains_paid_content":false,"footnotes":"","jetpack_publicize_message":"","jetpack_publicize_feature_enabled":true,"jetpack_social_post_already_shared":true,"jetpack_social_options":{"image_generator_settings":{"template":"highway","default_image_id":0,"font":"","enabled":false},"version":2}},"categories":[1],"tags":[],"class_list":["post-11147","post","type-post","status-publish","format-standard","has-post-thumbnail","hentry","category-atualidade"],"jetpack_publicize_connections":[],"jetpack_featured_media_url":"https:\/\/correiodasemana.com\/site\/wp-content\/uploads\/2020\/03\/Onibus-coletivo-de-Sobral-1.jpeg","jetpack-related-posts":[{"id":14235,"url":"https:\/\/correiodasemana.com\/site\/prefeitura-de-sobral-inicia-funcionamento-da-linha-sumare-centro\/","url_meta":{"origin":11147,"position":0},"title":"Prefeitura de Sobral inicia funcionamento da linha Sumar\u00e9-Centro","author":"","date":"Outubro 25, 2020","format":false,"excerpt":"Sobral iniciar\u00e1 funcionamento da terceira linha do Transsol que passar \u00e9 por linha Sumar\u00e9 \u2013 Parque Silvana. Por Joc\u00e9lio Tavares. Na \u00faltima ter\u00e7a-feira (13\/10), foi iniciada a opera\u00e7\u00e3o da terceira linha do Transporte Urbano de Sobral (Transsol). A linha Sumar\u00e9 \u2013 Parque Silvana \/via Centro funcionar\u00e1 de segunda a sexta-feira\u2026","rel":"","context":"In &quot;Atualidade&quot;","block_context":{"text":"Atualidade","link":"https:\/\/correiodasemana.com\/site\/category\/atualidade\/"},"img":{"alt_text":"","src":"https:\/\/i0.wp.com\/correiodasemana.com\/site\/wp-content\/uploads\/2020\/10\/transporte-publico.jpg?resize=350%2C200&ssl=1","width":350,"height":200},"classes":[]},{"id":12653,"url":"https:\/\/correiodasemana.com\/site\/transporte-urbano-de-sobral-volta-a-funcionar-nesta-quarta-feira-linha-sinha-saboia-centro-e-a-novidade\/","url_meta":{"origin":11147,"position":1},"title":"Transporte Urbano de Sobral volta a funcionar nesta quarta-feira; linha Sinh\u00e1 Sab\u00f3ia\/Centro \u00e9 a novidade","author":"","date":"Agosto 10, 2020","format":false,"excerpt":"Os ve\u00edculos do Transporte Urbano de Sobral (Transsol) voltar\u00e3o a circular a partir da pr\u00f3xima quarta-feira (12\/08). Al\u00e9m da linha Renato Parente\/Centro, que j\u00e1 havia sido implantada antes do in\u00edcio da pandemia do novo coronav\u00edrus, a Prefeitura p\u00f5e em opera\u00e7\u00e3o a linha Sinh\u00e1 Sab\u00f3ia\/Centro. O servi\u00e7o funcionar\u00e1 de segunda-feira a\u2026","rel":"","context":"In &quot;Atualidade&quot;","block_context":{"text":"Atualidade","link":"https:\/\/correiodasemana.com\/site\/category\/atualidade\/"},"img":{"alt_text":"","src":"https:\/\/i0.wp.com\/correiodasemana.com\/site\/wp-content\/uploads\/2020\/08\/transporte-urbabo-de-Sobral.jpeg?resize=350%2C200&ssl=1","width":350,"height":200,"srcset":"https:\/\/i0.wp.com\/correiodasemana.com\/site\/wp-content\/uploads\/2020\/08\/transporte-urbabo-de-Sobral.jpeg?resize=350%2C200&ssl=1 1x, https:\/\/i0.wp.com\/correiodasemana.com\/site\/wp-content\/uploads\/2020\/08\/transporte-urbabo-de-Sobral.jpeg?resize=525%2C300&ssl=1 1.5x, https:\/\/i0.wp.com\/correiodasemana.com\/site\/wp-content\/uploads\/2020\/08\/transporte-urbabo-de-Sobral.jpeg?resize=700%2C400&ssl=1 2x, https:\/\/i0.wp.com\/correiodasemana.com\/site\/wp-content\/uploads\/2020\/08\/transporte-urbabo-de-Sobral.jpeg?resize=1050%2C600&ssl=1 3x"},"classes":[]},{"id":12628,"url":"https:\/\/correiodasemana.com\/site\/em-tempo-43\/","url_meta":{"origin":11147,"position":2},"title":"Em Tempo","author":"","date":"Agosto 10, 2020","format":false,"excerpt":"Semana Mundial de Amamenta\u00e7\u00e3o O Hospital Regional Norte (HRN) realizou programa\u00e7\u00e3o especial no Agosto Dourado, na Semana Mundial de Amamenta\u00e7\u00e3o, celebrada at\u00e9 o dia 7, tendo como destaque lives no Youtube da Secretaria da Sa\u00fade e um \u201cmama\u00e7o virtual\u201d, com a postagem de fotografias. Especialistas debateram sobre diversos assuntos, como\u2026","rel":"","context":"In &quot;Artigos&quot;","block_context":{"text":"Artigos","link":"https:\/\/correiodasemana.com\/site\/category\/artigos\/"},"img":{"alt_text":"","src":"https:\/\/i0.wp.com\/correiodasemana.com\/site\/wp-content\/uploads\/2019\/12\/FOTO-EDILSON-SILVA-2.jpg?resize=350%2C200&ssl=1","width":350,"height":200,"srcset":"https:\/\/i0.wp.com\/correiodasemana.com\/site\/wp-content\/uploads\/2019\/12\/FOTO-EDILSON-SILVA-2.jpg?resize=350%2C200&ssl=1 1x, https:\/\/i0.wp.com\/correiodasemana.com\/site\/wp-content\/uploads\/2019\/12\/FOTO-EDILSON-SILVA-2.jpg?resize=525%2C300&ssl=1 1.5x, https:\/\/i0.wp.com\/correiodasemana.com\/site\/wp-content\/uploads\/2019\/12\/FOTO-EDILSON-SILVA-2.jpg?resize=700%2C400&ssl=1 2x"},"classes":[]},{"id":16313,"url":"https:\/\/correiodasemana.com\/site\/sobral-iniciou-reabertura-gradual-do-comercio-e-dos-transportes-essa-semana-saiba-o-que-voltou-a-funcionar\/","url_meta":{"origin":11147,"position":3},"title":"Sobral iniciou reabertura gradual do com\u00e9rcio e dos transportes essa semana; Saiba o que voltou a funcionar","author":"","date":"Maio 2, 2021","format":false,"excerpt":"Por Samuel Carvalho - Reda\u00e7\u00e3o Correio da Semana Sobral seguiu em isolamento r\u00edgido mesmo ap\u00f3s o in\u00edcio do decreto de flexibiliza\u00e7\u00e3o estadual que come\u00e7ou no dia 12 de Abril. Para os sobralenses o lockdown continuou at\u00e9 dia 21 de abril com a libera\u00e7\u00e3o das atividades econ\u00f4micas de menor impacto de\u2026","rel":"","context":"In &quot;Atualidade&quot;","block_context":{"text":"Atualidade","link":"https:\/\/correiodasemana.com\/site\/category\/atualidade\/"},"img":{"alt_text":"","src":"https:\/\/i0.wp.com\/correiodasemana.com\/site\/wp-content\/uploads\/2021\/05\/DSC0586.jpg?resize=350%2C200&ssl=1","width":350,"height":200,"srcset":"https:\/\/i0.wp.com\/correiodasemana.com\/site\/wp-content\/uploads\/2021\/05\/DSC0586.jpg?resize=350%2C200&ssl=1 1x, https:\/\/i0.wp.com\/correiodasemana.com\/site\/wp-content\/uploads\/2021\/05\/DSC0586.jpg?resize=525%2C300&ssl=1 1.5x"},"classes":[]},{"id":17167,"url":"https:\/\/correiodasemana.com\/site\/sobral-inicia-mais-uma-rodada-de-vacinacao-e-municipio-anuncia-implantacao-de-tres-novas-linhas-de-onibus-na-cidade\/","url_meta":{"origin":11147,"position":4},"title":"Sobral inicia mais uma rodada de vacina\u00e7\u00e3o e munic\u00edpio anuncia implanta\u00e7\u00e3o de tr\u00eas novas linhas de \u00f4nibus na cidade","author":"","date":"Agosto 9, 2021","format":false,"excerpt":"Por Samuel Carvalho - Reda\u00e7\u00e3o Correio da Semana Na \u00faltima quarta-feira (04), o governo municipal realizou uma reuni\u00e3o com a participa\u00e7\u00e3o da secret\u00e1ria da Sa\u00fade de Sobral, Regina Carvalho, e com sua equipe t\u00e9cnica e definiu a nova rodada de vacina\u00e7\u00e3o contra a Covid-19 no munic\u00edpio. Desde \u00faltim quinta-feira (5),\u2026","rel":"","context":"In &quot;Atualidade&quot;","block_context":{"text":"Atualidade","link":"https:\/\/correiodasemana.com\/site\/category\/atualidade\/"},"img":{"alt_text":"","src":"https:\/\/i0.wp.com\/correiodasemana.com\/site\/wp-content\/uploads\/2021\/08\/nova-frota-de-onibus-municipal-em-sobral-3.jpg?resize=350%2C200&ssl=1","width":350,"height":200,"srcset":"https:\/\/i0.wp.com\/correiodasemana.com\/site\/wp-content\/uploads\/2021\/08\/nova-frota-de-onibus-municipal-em-sobral-3.jpg?resize=350%2C200&ssl=1 1x, https:\/\/i0.wp.com\/correiodasemana.com\/site\/wp-content\/uploads\/2021\/08\/nova-frota-de-onibus-municipal-em-sobral-3.jpg?resize=525%2C300&ssl=1 1.5x"},"classes":[]},{"id":20508,"url":"https:\/\/correiodasemana.com\/site\/o-carro-adiante-dos-bois\/","url_meta":{"origin":11147,"position":5},"title":"O Carro adiante dos Bois","author":"","date":"Julho 24, 2022","format":false,"excerpt":"Quem me leu a semana passada vai lembrar que lhes prometi falar sobre a hist\u00f3ria do carro adiante dos bois em Sobral... ai eu me lembrei que nos de 2012 , antes do VLT , tinha postado um coment\u00e1rio longo sobre o assunto num blog eu mantinha na internet chamado\u2026","rel":"","context":"In &quot;Artigos&quot;","block_context":{"text":"Artigos","link":"https:\/\/correiodasemana.com\/site\/category\/artigos\/"},"img":{"alt_text":"","src":"https:\/\/i0.wp.com\/correiodasemana.com\/site\/wp-content\/uploads\/2022\/07\/dr_azevedo-web.jpg?resize=350%2C200&ssl=1","width":350,"height":200},"classes":[]}],"jetpack_sharing_enabled":true,"_links":{"self":[{"href":"https:\/\/correiodasemana.com\/site\/wp-json\/wp\/v2\/posts\/11147","targetHints":{"allow":["GET"]}}],"collection":[{"href":"https:\/\/correiodasemana.com\/site\/wp-json\/wp\/v2\/posts"}],"about":[{"href":"https:\/\/correiodasemana.com\/site\/wp-json\/wp\/v2\/types\/post"}],"author":[{"embeddable":true,"href":"https:\/\/correiodasemana.com\/site\/wp-json\/wp\/v2\/users\/1"}],"replies":[{"embeddable":true,"href":"https:\/\/correiodasemana.com\/site\/wp-json\/wp\/v2\/comments?post=11147"}],"version-history":[{"count":1,"href":"https:\/\/correiodasemana.com\/site\/wp-json\/wp\/v2\/posts\/11147\/revisions"}],"predecessor-version":[{"id":11149,"href":"https:\/\/correiodasemana.com\/site\/wp-json\/wp\/v2\/posts\/11147\/revisions\/11149"}],"wp:featuredmedia":[{"embeddable":true,"href":"https:\/\/correiodasemana.com\/site\/wp-json\/wp\/v2\/media\/11148"}],"wp:attachment":[{"href":"https:\/\/correiodasemana.com\/site\/wp-json\/wp\/v2\/media?parent=11147"}],"wp:term":[{"taxonomy":"category","embeddable":true,"href":"https:\/\/correiodasemana.com\/site\/wp-json\/wp\/v2\/categories?post=11147"},{"taxonomy":"post_tag","embeddable":true,"href":"https:\/\/correiodasemana.com\/site\/wp-json\/wp\/v2\/tags?post=11147"}],"curies":[{"name":"wp","href":"https:\/\/api.w.org\/{rel}","templated":true}]}}