{"id":11155,"date":"2020-03-09T05:08:45","date_gmt":"2020-03-09T05:08:45","guid":{"rendered":"https:\/\/correiodasemana.com\/site\/?p=11155"},"modified":"2020-03-09T05:08:45","modified_gmt":"2020-03-09T05:08:45","slug":"boletim-da-semana-12","status":"publish","type":"post","link":"https:\/\/correiodasemana.com\/site\/boletim-da-semana-12\/","title":{"rendered":"Boletim da Semana"},"content":{"rendered":"<p><strong>Programa de Resid\u00eancia Universit\u00e1ria da UVA recebe inscri\u00e7\u00f5es at\u00e9 18 de mar\u00e7o<\/strong><br \/>\nAs inscri\u00e7\u00f5es de estudantes interessados em ingressar no Programa de Resid\u00eancia Universit\u00e1ria da Universidade Estadual Vale do Acara\u00fa (PRU\/UVA) encerrar\u00e3o no dia 18 de mar\u00e7o de 2020. De acordo com o Edital n\u00ba 002\/2020, publicado em 18 de fevereiro desse ano, s\u00e3o ofertadas oferta 80 vagas para a forma\u00e7\u00e3o de Cadastro Reserva.\u00a0 Ainda de acordo com o Edital, os candidatos selecionados para compor o Cadastro Reserva s\u00f3 ser\u00e3o chamados para o preenchimento de vaga na Resid\u00eancia Universit\u00e1ria (ReU), ap\u00f3s convoca\u00e7\u00e3o pela Pr\u00f3-Reitoria de Assuntos Estudantis (PRAE), observado a disponibilidade de vaga.<br \/>\nO Programa de Resid\u00eancia Universit\u00e1ria (PRU\/UVA) \u00e9 parte das a\u00e7\u00f5es de apoio \u00e0 perman\u00eancia e desempenho acad\u00eamico do aluno, desenvolvidas pela UVA e que integram o Programa de Assist\u00eancia Estudantil do Governo do Cear\u00e1. O PRU assegura moradia a estudantes provenientes de fam\u00edlias de baixa renda, regularmente matriculados em um dos cursos de gradua\u00e7\u00e3o da UVA, selecionados mediante avalia\u00e7\u00e3o socioecon\u00f4mica, conforme normas estabelecidas no Edital de Sele\u00e7\u00e3o. Em caso de d\u00favidas relacionadas \u00e0 documenta\u00e7\u00e3o exigida e pr\u00e9-requisitos para concorrer a uma das vagas na Resid\u00eancia Universit\u00e1ria da UVA, os candidatos devem se encaminhar \u00e0 PRAE. O resultado final da sele\u00e7\u00e3o ser\u00e1 divulgado em 13 de abril de 2020. Saiba mais: (88)3677-4214.<\/p>\n<p><strong>C\u00e2mara Municipal de Sobral mant\u00e9m a Ouvidoria Municipal funcionando para reclama\u00e7\u00f5es, sugest\u00f5es e reivindica\u00e7\u00f5es da coletividade<\/strong><br \/>\nO presidente do legislativo de Sobral, Carlos do Calisto, informando aos sobralenses, que na C\u00e2mara Municipal os mun\u00edcipes contam com a Ouvidoria, que est\u00e1 pronta para ouvir seus reclamos, suas ideias e sugest\u00f5es. Ligue para a Ouvidoria pelo telefone 3677 7626, e aguarde o retorno das suas sugest\u00f5es, reivindica\u00e7\u00f5es ou reclamos.<\/p>\n<p><strong>Brasil chega a 8 casos confirmados de coronav\u00edrus; registra transmiss\u00e3o local<\/strong><br \/>\nO Brasil atingiu na \u00faltima quinta-feira a marca de oito casos confirmados de coronav\u00edrus, incluindo as primeiras confirma\u00e7\u00f5es no Rio de Janeiro e no Esp\u00edrito Santo, disse o Minist\u00e9rio da Sa\u00fade, acrescentando que o pa\u00eds registrou pela primeira vez uma transmiss\u00e3o local. Al\u00e9m disso, um nono caso est\u00e1 sob investiga\u00e7\u00e3o no Distrito Federal, aguardando contraprova ap\u00f3s um primeiro exame positivo ser realizado por um laborat\u00f3rio privado ainda n\u00e3o credenciado para testes oficiais.<br \/>\nS\u00e3o Paulo, que continua sendo o Estado com mais registros confirmados, verificou os dois primeiros casos de transmiss\u00e3o local no Brasil. As infec\u00e7\u00f5es s\u00e3o de pessoas que estiveram em contato com o homem que teve o primeiro caso confirmado no pa\u00eds. O outro novo caso confirmado em S\u00e3o Paulo \u00e9 o de uma adolescente de 13 anos, cujo primeiro teste positivo j\u00e1 havia sido revelado pelo minist\u00e9rio na v\u00e9spera e aguardava apenas a contraprova. De acordo com a assessoria de imprensa da pasta, que inicialmente n\u00e3o confirmou o caso pelo fato de a jovem estar assintom\u00e1tica, a decis\u00e3o pela ratifica\u00e7\u00e3o foi tomada ap\u00f3s ser constatado que a adolescente, que voltou da It\u00e1lia no domingo, est\u00e1 usando medicamentos que mascaram os sintomas. Outro dos novos casos da quinta-feira foi registrado no Rio de Janeiro, o primeiro no local. A infectada \u00e9 uma mulher 27 anos que viajou por pa\u00edses da Europa, entre eles a It\u00e1lia, e buscou atendimento na cidade de Barra Mansa, segundo informa\u00e7\u00f5es da Secretaria de Sa\u00fade do Estado. J\u00e1 o caso confirmado no Esp\u00edrito Santo, tamb\u00e9m o primeiro no Estado, \u00e9 o de uma mulher de 35 anos com hist\u00f3rico de viagem para a It\u00e1lia, disse o minist\u00e9rio, sem fornecer mais detalhes. O exame da paciente foi realizado pela Funda\u00e7\u00e3o Oswaldo Cruz, e portanto n\u00e3o \u00e9 necess\u00e1ria a contraprova. Por fim, a infec\u00e7\u00e3o no Distrito Federal \u00e9 a de uma mulher de 23 anos que esteve na Inglaterra e Su\u00ed\u00e7a. O caso aguarda contraprova. Al\u00e9m dos oito casos confirmados e do nono em investiga\u00e7\u00e3o, o Brasil tamb\u00e9m soma 636 casos suspeitos da doen\u00e7a. S\u00e3o Paulo (182 suspeitas), Rio Grande do Sul (104), Minas Gerais (80) e Rio de Janeiro (79) s\u00e3o os Estados com maior n\u00famero desses registros. Por outro lado, 378 casos antes tidos como suspeitos j\u00e1 foram descartados. O surto de coronav\u00edrus, que se iniciou na China, j\u00e1 atingiu cerca de 90 pa\u00edses e infectou mais de 95 mil pessoas, causando a morte de mais de 3.200.<\/p>\n<p><strong>Passaporte brasileiro de Ronaldinho Ga\u00facho est\u00e1 regularizado e situa\u00e7\u00e3o \u00e9 um \u201cequ\u00edvoco\u201d, diz advogado<\/strong><br \/>\nAp\u00f3s ser detido na noite dessa quarta-feira, 4, por suspeita de portar documentos falsos, o ex-jogador Ronaldinho Ga\u00facho passou a noite sob cust\u00f3dia em um hotel em Assun\u00e7\u00e3o, capital do Paraguai. De acordo com o advogado de defesa de Ronaldinho, S\u00e9rgio Queiroz, o ex-desportista tem passaportes brasileiro e espanhol regularizados desde o fim do ano passado e a situa\u00e7\u00e3o \u00e9 um \u201cequ\u00edvoco que ser\u00e1 esclarecido\u201d. Ronaldo de Assis Moreira, mais conhecido como Ronaldinho Ga\u00facho, havia chegado ao pa\u00eds na manh\u00e3 da quarta-feira, 4, para participar do lan\u00e7amento de um programa social organizado pela Funda\u00e7\u00e3o Fraternidade Angelical, nesta quinta-feira, 5. O ex-atleta tamb\u00e9m divulgaria no mercado paraguaio o seu livro bibliogr\u00e1fico \u201cG\u00eanio em la Vida\u201d. Junto ao seu irm\u00e3o, que tamb\u00e9m portava documentos falsos, Ronaldinho compareceu na manh\u00e3 desta quinta-feira, 5, \u00e0 unidade Contra o Crime Organizado do Minist\u00e9rio P\u00fablico paraguaio. O depoimento estaria marcado para as 9 horas, de acordo com o jornal La Naci\u00f3n. At\u00e9 a publica\u00e7\u00e3o desta mat\u00e9ria, n\u00e3o haviam informa\u00e7\u00f5es sobre o conte\u00fado das declara\u00e7\u00f5es. O astro do futebol j\u00e1 chegou a ter o seu passaporte suspenso e ser impedido de sair do Brasil devido ao andamento de processos na justi\u00e7a brasileira. As den\u00fancias dizem respeito a danos ambientais pela constru\u00e7\u00e3o irregular e sem licenciamento em uma \u00e1rea de preserva\u00e7\u00e3o ambiental no Rio Grande do Sul. O caso ocorreu em 2015, e tanto Ronaldinho quanto seu irm\u00e3o, Roberto de Assis Moreira, foram proibidos de emitir novos passaportes at\u00e9 a conclus\u00e3o do processo. Eles tamb\u00e9m estavam proibidos de sair do Pa\u00eds at\u00e9 pagarem a multa, que em setembro de 2019 estava em torno de R$ 8,5 milh\u00f5es.<\/p>\n<p><strong>Equipe m\u00e9dica comemora ap\u00f3s \u00faltima paciente com ebola ter alta no Congo<\/strong><br \/>\nA Organiza\u00e7\u00e3o Mundial da Sa\u00fade (OMS) informou que o \u00faltimo paciente de ebola &#8211; uma mulher da cidade de Beni, ma Rep\u00fablica do Congo &#8211; recebeu alta m\u00e9dica nesta ter\u00e7a-feira (4).<br \/>\nNa conta de rede social da OMS \u00c1frica foram publicados v\u00eddeos de profissionais de sa\u00fade dan\u00e7ando e cantando em comemora\u00e7\u00e3o. At\u00e9 o dia 29 de dezembro de 2019, um total de 3.373 casos de pessoas contagiados com o v\u00edrus do Ebola foram registrados na RDC, dos quais 2.231 morreram desde agosto de 2018. A epidemia afeta principalmente as prov\u00edncias de Kivu do Norte e Ituri, no leste do pa\u00eds. As a\u00e7\u00f5es de combate \u00e0 doen\u00e7a foram dif\u00edceis porque, periodicamente, a presen\u00e7a de diversas mil\u00edcias nas \u00e1reas afetadas atrapalhava. Membros das equipes de sa\u00fade foram mortos em ataques armados em Kivu do Norte e em Ituri, e os centros de sa\u00fade criados para tratar as v\u00edtimas tamb\u00e9m foram alvo de atentados. Essa epidemia de Ebola foi a d\u00e9cima em territ\u00f3rio congol\u00eas desde 1976 e a segunda epidemia mais grave da hist\u00f3ria depois da \u00c1frica Ocidental em 2014 (11 mil mortos na Lib\u00e9ria, em Serra Leoa e na Guin\u00e9).<br \/>\n(Com informa\u00e7\u00f5es do G1, Assessoria de Comunica\u00e7\u00e3o da UVA e Reuters)<\/p>\n","protected":false},"excerpt":{"rendered":"<p>Programa de Resid\u00eancia Universit\u00e1ria da UVA recebe inscri\u00e7\u00f5es at\u00e9 18 de mar\u00e7o As inscri\u00e7\u00f5es de&#8230;<\/p>\n","protected":false},"author":1,"featured_media":11156,"comment_status":"open","ping_status":"open","sticky":false,"template":"","format":"standard","meta":{"_jetpack_memberships_contains_paid_content":false,"footnotes":"","jetpack_publicize_message":"","jetpack_publicize_feature_enabled":true,"jetpack_social_post_already_shared":true,"jetpack_social_options":{"image_generator_settings":{"template":"highway","default_image_id":0,"font":"","enabled":false},"version":2}},"categories":[1],"tags":[],"class_list":["post-11155","post","type-post","status-publish","format-standard","has-post-thumbnail","hentry","category-atualidade"],"jetpack_publicize_connections":[],"jetpack_featured_media_url":"https:\/\/correiodasemana.com\/site\/wp-content\/uploads\/2020\/03\/GettyImages-476433472.jpg","jetpack-related-posts":[{"id":20782,"url":"https:\/\/correiodasemana.com\/site\/entregue-pela-governadora-izolda-cela-novo-restaurante-universitario-da-uva-em-sobral-oferta-quase-2-000-refeicoes-diarias\/","url_meta":{"origin":11155,"position":0},"title":"Entregue pela governadora Izolda Cela, novo restaurante universit\u00e1rio da UVA em Sobral oferta quase 2.000 refei\u00e7\u00f5es di\u00e1rias","author":"","date":"Agosto 29, 2022","format":false,"excerpt":"Isabella Campos- Ascom Casa Civil\u00a0Texto Na tarde desta quarta-feira, 24 de agosto de 2022, a governadora Izolda Cela esteve em Sobral para entregar o novo Restaurante Universit\u00e1rio (RU) do Campus Bet\u00e2nia da Universidade Estadual Vale do Acara\u00fa (UVA). Na ocasi\u00e3o, a governadora almo\u00e7ou ao lado dos estudantes e servidores da\u2026","rel":"","context":"In &quot;Atualidade&quot;","block_context":{"text":"Atualidade","link":"https:\/\/correiodasemana.com\/site\/category\/atualidade\/"},"img":{"alt_text":"","src":"https:\/\/i0.wp.com\/correiodasemana.com\/site\/wp-content\/uploads\/2022\/08\/visita-isolda-na-uva-2-scaled.jpg?resize=350%2C200&ssl=1","width":350,"height":200,"srcset":"https:\/\/i0.wp.com\/correiodasemana.com\/site\/wp-content\/uploads\/2022\/08\/visita-isolda-na-uva-2-scaled.jpg?resize=350%2C200&ssl=1 1x, https:\/\/i0.wp.com\/correiodasemana.com\/site\/wp-content\/uploads\/2022\/08\/visita-isolda-na-uva-2-scaled.jpg?resize=525%2C300&ssl=1 1.5x, https:\/\/i0.wp.com\/correiodasemana.com\/site\/wp-content\/uploads\/2022\/08\/visita-isolda-na-uva-2-scaled.jpg?resize=700%2C400&ssl=1 2x, https:\/\/i0.wp.com\/correiodasemana.com\/site\/wp-content\/uploads\/2022\/08\/visita-isolda-na-uva-2-scaled.jpg?resize=1050%2C600&ssl=1 3x, https:\/\/i0.wp.com\/correiodasemana.com\/site\/wp-content\/uploads\/2022\/08\/visita-isolda-na-uva-2-scaled.jpg?resize=1400%2C800&ssl=1 4x"},"classes":[]},{"id":26128,"url":"https:\/\/correiodasemana.com\/site\/em-tempo-188\/","url_meta":{"origin":11155,"position":1},"title":"Em Tempo","author":"adminredacao","date":"Agosto 14, 2023","format":false,"excerpt":"Mostra infantil de audiovisual Teve in\u00edcio, em 12 de agosto, a 5\u00aa edi\u00e7\u00e3o da Mostra Internacional Infantil de Audiovisual, com curtas nacionais e internacionais em Fortaleza, S\u00e3o Gon\u00e7alo do Amarante, Morada Nova e Sobral, com sess\u00f5es abertas e exibi\u00e7\u00e3o exclusiva para alunos de escolas p\u00fablicas. A programa\u00e7\u00e3o prossegue at\u00e9 3\u2026","rel":"","context":"In &quot;Artigos&quot;","block_context":{"text":"Artigos","link":"https:\/\/correiodasemana.com\/site\/category\/artigos\/"},"img":{"alt_text":"","src":"https:\/\/i0.wp.com\/correiodasemana.com\/site\/wp-content\/uploads\/2023\/08\/SEREIA-2023-300x169.jpeg?resize=350%2C200&ssl=1","width":350,"height":200},"classes":[]},{"id":38151,"url":"https:\/\/correiodasemana.com\/site\/em-tempo-321\/","url_meta":{"origin":11155,"position":2},"title":"Em Tempo","author":"adminredacao","date":"Abril 19, 2026","format":false,"excerpt":"Projeto da Escola de Gastronomia Social O Cear\u00e1 celebra mais um marco hist\u00f3rico na educa\u00e7\u00e3o e na valoriza\u00e7\u00e3o de suas ra\u00edzes. O projeto \u201cLaborat\u00f3rio de Cria\u00e7\u00e3o em Cultura Alimentar e Gastronomia Social: formando para transformar\u201d foi anunciado como um dos finalistas do Pr\u00eamio LED \u2013 Luz na Educa\u00e7\u00e3o 2026. A\u2026","rel":"","context":"In &quot;Em Tempo&quot;","block_context":{"text":"Em Tempo","link":"https:\/\/correiodasemana.com\/site\/category\/em-tempo\/"},"img":{"alt_text":"","src":"https:\/\/i0.wp.com\/correiodasemana.com\/site\/wp-content\/uploads\/2026\/04\/ok-Simone-Mendes-Alcione-Ze-Vaqueiro.jpg?resize=350%2C200&ssl=1","width":350,"height":200,"srcset":"https:\/\/i0.wp.com\/correiodasemana.com\/site\/wp-content\/uploads\/2026\/04\/ok-Simone-Mendes-Alcione-Ze-Vaqueiro.jpg?resize=350%2C200&ssl=1 1x, https:\/\/i0.wp.com\/correiodasemana.com\/site\/wp-content\/uploads\/2026\/04\/ok-Simone-Mendes-Alcione-Ze-Vaqueiro.jpg?resize=525%2C300&ssl=1 1.5x, https:\/\/i0.wp.com\/correiodasemana.com\/site\/wp-content\/uploads\/2026\/04\/ok-Simone-Mendes-Alcione-Ze-Vaqueiro.jpg?resize=700%2C400&ssl=1 2x, https:\/\/i0.wp.com\/correiodasemana.com\/site\/wp-content\/uploads\/2026\/04\/ok-Simone-Mendes-Alcione-Ze-Vaqueiro.jpg?resize=1050%2C600&ssl=1 3x"},"classes":[]},{"id":37955,"url":"https:\/\/correiodasemana.com\/site\/em-tempo-319\/","url_meta":{"origin":11155,"position":3},"title":"Em Tempo","author":"adminredacao","date":"Abril 11, 2026","format":false,"excerpt":"Inscri\u00e7\u00f5es para o Vestibular UVA 2026.2 Universidade Estadual Vale do Acara\u00fa (UVA) recebe inscri\u00e7\u00f5es, no per\u00edodo de 23 de mar\u00e7o a 5 de maio, para Vestibular 2026.2. Ser\u00e3o ofertadas 1.114 vagas para os diversos cursos de gradua\u00e7\u00e3o, sendo 834 em Sobral, 80 em Acara\u00fa, 80 em Camocim e 120 em\u2026","rel":"","context":"In &quot;Artigos&quot;","block_context":{"text":"Artigos","link":"https:\/\/correiodasemana.com\/site\/category\/artigos\/"},"img":{"alt_text":"","src":"https:\/\/i0.wp.com\/correiodasemana.com\/site\/wp-content\/uploads\/2026\/04\/Lenine_capa.jpg?resize=350%2C200&ssl=1","width":350,"height":200,"srcset":"https:\/\/i0.wp.com\/correiodasemana.com\/site\/wp-content\/uploads\/2026\/04\/Lenine_capa.jpg?resize=350%2C200&ssl=1 1x, https:\/\/i0.wp.com\/correiodasemana.com\/site\/wp-content\/uploads\/2026\/04\/Lenine_capa.jpg?resize=525%2C300&ssl=1 1.5x, https:\/\/i0.wp.com\/correiodasemana.com\/site\/wp-content\/uploads\/2026\/04\/Lenine_capa.jpg?resize=700%2C400&ssl=1 2x"},"classes":[]},{"id":37977,"url":"https:\/\/correiodasemana.com\/site\/em-tempo-320\/","url_meta":{"origin":11155,"position":4},"title":"Em Tempo","author":"adminredacao","date":"Abril 13, 2026","format":false,"excerpt":"Programa Jovem Aprendiz dos Correios As inscri\u00e7\u00f5es para o Programa Jovem Aprendiz dos Correios seguem at\u00e9 11 de abril. Ao todo, est\u00e3o dispon\u00edveis 548 vagas, al\u00e9m de cadastro reserva, para todo o Brasil. No Cear\u00e1, s\u00e3o ofertadas 20 vagas em Fortaleza, al\u00e9m de forma\u00e7\u00e3o de cadastro reserva em 28 munic\u00edpios.\u2026","rel":"","context":"In &quot;Em Tempo&quot;","block_context":{"text":"Em Tempo","link":"https:\/\/correiodasemana.com\/site\/category\/em-tempo\/"},"img":{"alt_text":"","src":"https:\/\/i0.wp.com\/correiodasemana.com\/site\/wp-content\/uploads\/2026\/04\/okRaymundo-Netto.jpg?resize=350%2C200&ssl=1","width":350,"height":200,"srcset":"https:\/\/i0.wp.com\/correiodasemana.com\/site\/wp-content\/uploads\/2026\/04\/okRaymundo-Netto.jpg?resize=350%2C200&ssl=1 1x, https:\/\/i0.wp.com\/correiodasemana.com\/site\/wp-content\/uploads\/2026\/04\/okRaymundo-Netto.jpg?resize=525%2C300&ssl=1 1.5x, https:\/\/i0.wp.com\/correiodasemana.com\/site\/wp-content\/uploads\/2026\/04\/okRaymundo-Netto.jpg?resize=700%2C400&ssl=1 2x"},"classes":[]},{"id":11224,"url":"https:\/\/correiodasemana.com\/site\/em-tempo-35\/","url_meta":{"origin":11155,"position":5},"title":"Em Tempo","author":"","date":"Mar\u00e7o 18, 2020","format":false,"excerpt":"MPCE abre vagas para estagi\u00e1rios O Minist\u00e9rio P\u00fablico do Cear\u00e1 (MPCE) divulgou edital de sele\u00e7\u00e3o de estagi\u00e1rios. Os estudantes universit\u00e1rios podem\u00a0submeter candidatura\u00a0at\u00e9 10 de abril. O valor da bolsa \u00e9 de R$ 937, mais aux\u00edlio-transporte de R$ 140,80, com carga hor\u00e1ria de 25 horas semanais. A prova est\u00e1 prevista para\u2026","rel":"","context":"In &quot;Artigos&quot;","block_context":{"text":"Artigos","link":"https:\/\/correiodasemana.com\/site\/category\/artigos\/"},"img":{"alt_text":"","src":"https:\/\/i0.wp.com\/correiodasemana.com\/site\/wp-content\/uploads\/2020\/03\/image-1.jpg?resize=350%2C200&ssl=1","width":350,"height":200,"srcset":"https:\/\/i0.wp.com\/correiodasemana.com\/site\/wp-content\/uploads\/2020\/03\/image-1.jpg?resize=350%2C200&ssl=1 1x, https:\/\/i0.wp.com\/correiodasemana.com\/site\/wp-content\/uploads\/2020\/03\/image-1.jpg?resize=525%2C300&ssl=1 1.5x, https:\/\/i0.wp.com\/correiodasemana.com\/site\/wp-content\/uploads\/2020\/03\/image-1.jpg?resize=700%2C400&ssl=1 2x, https:\/\/i0.wp.com\/correiodasemana.com\/site\/wp-content\/uploads\/2020\/03\/image-1.jpg?resize=1050%2C600&ssl=1 3x, https:\/\/i0.wp.com\/correiodasemana.com\/site\/wp-content\/uploads\/2020\/03\/image-1.jpg?resize=1400%2C800&ssl=1 4x"},"classes":[]}],"jetpack_sharing_enabled":true,"_links":{"self":[{"href":"https:\/\/correiodasemana.com\/site\/wp-json\/wp\/v2\/posts\/11155","targetHints":{"allow":["GET"]}}],"collection":[{"href":"https:\/\/correiodasemana.com\/site\/wp-json\/wp\/v2\/posts"}],"about":[{"href":"https:\/\/correiodasemana.com\/site\/wp-json\/wp\/v2\/types\/post"}],"author":[{"embeddable":true,"href":"https:\/\/correiodasemana.com\/site\/wp-json\/wp\/v2\/users\/1"}],"replies":[{"embeddable":true,"href":"https:\/\/correiodasemana.com\/site\/wp-json\/wp\/v2\/comments?post=11155"}],"version-history":[{"count":1,"href":"https:\/\/correiodasemana.com\/site\/wp-json\/wp\/v2\/posts\/11155\/revisions"}],"predecessor-version":[{"id":11157,"href":"https:\/\/correiodasemana.com\/site\/wp-json\/wp\/v2\/posts\/11155\/revisions\/11157"}],"wp:featuredmedia":[{"embeddable":true,"href":"https:\/\/correiodasemana.com\/site\/wp-json\/wp\/v2\/media\/11156"}],"wp:attachment":[{"href":"https:\/\/correiodasemana.com\/site\/wp-json\/wp\/v2\/media?parent=11155"}],"wp:term":[{"taxonomy":"category","embeddable":true,"href":"https:\/\/correiodasemana.com\/site\/wp-json\/wp\/v2\/categories?post=11155"},{"taxonomy":"post_tag","embeddable":true,"href":"https:\/\/correiodasemana.com\/site\/wp-json\/wp\/v2\/tags?post=11155"}],"curies":[{"name":"wp","href":"https:\/\/api.w.org\/{rel}","templated":true}]}}