{"id":11160,"date":"2020-03-09T05:11:26","date_gmt":"2020-03-09T05:11:26","guid":{"rendered":"https:\/\/correiodasemana.com\/site\/?p=11160"},"modified":"2020-03-09T05:11:26","modified_gmt":"2020-03-09T05:11:26","slug":"cuida-dele-o-remedio","status":"publish","type":"post","link":"https:\/\/correiodasemana.com\/site\/cuida-dele-o-remedio\/","title":{"rendered":"\u201cCuida dele\u201d &#8211; o rem\u00e9dio"},"content":{"rendered":"<p>O tempo da Quaresma, por seus quarenta dias, \u00e9 uma delicadeza de Deus. Profecia que ressoa no cora\u00e7\u00e3o da humanidade, pela voz da Igreja Cat\u00f3lica, com sua liturgia de rica tradi\u00e7\u00e3o e guardi\u00e3 de tesouros de sabedoria e interpela\u00e7\u00f5es. Desafia a sociedade, sensibilizando cora\u00e7\u00f5es a se empenhar por um tempo novo de justi\u00e7a e paz.<br \/>\nA Igreja Cat\u00f3lica no Brasil, h\u00e1 56 anos, a partir de sua Confer\u00eancia Nacional dos Bispos do Brasil (CNBB), enriquece o caminho quaresmal com interpela\u00e7\u00f5es prof\u00e9ticas e indispens\u00e1veis \u00e0 realidade brasileira,que geme de mortee clama por novas din\u00e2micas,pr\u00e1ticas solid\u00e1rias e urgentes rem\u00e9dios. A Campanha da Fraternidade convida os crist\u00e3os a caminhar, no tempo de seu viver, revestidos da cidadania do Reino de Deus.Isso exige marcar a cidadania civil com as fei\u00e7\u00f5es do Reino de Deus.\u00a0Compreende-se, assim, de onde vem a exig\u00eancia de convers\u00e3o pessoal e cidad\u00e3 comprometida com transforma\u00e7\u00f5es urgentes e inadi\u00e1veis, debelando os cen\u00e1rios vergonhosos de mis\u00e9ria, pobrezas, exterm\u00ednios, corrup\u00e7\u00f5es e manipula\u00e7\u00f5es pol\u00edticas.<br \/>\nA Igreja Cat\u00f3lica n\u00e3o se ilude com projetos de poder pol\u00edtico-partid\u00e1rio.N\u00e3o mistura o que requer distin\u00e7\u00f5es. Age por uma intr\u00ednseca exig\u00eancia prof\u00e9tica, pela luz e pela for\u00e7a doEvangelho de Jesus Cristo, para ajudar a sociedade, a partir da experi\u00eancia aut\u00eantica e comprometida de f\u00e9. Contribui para que todos reconhe\u00e7am o rem\u00e9dio capaz de curar males e enfermidades que adoecem a humanidade: a li\u00e7\u00e3o do cuidado. Aprendizado que arranca indiv\u00edduos, inst\u00e2ncias e institui\u00e7\u00f5es da mesmice egoc\u00eantrica, desdobrada em gan\u00e2ncia, nas indiferen\u00e7as e nas superficialidades de escolhas para o viver &#8211; frutos das relativiza\u00e7\u00f5es respons\u00e1veis pelo aumento das viol\u00eancias, dos suic\u00eddios, do esvaziamento da mente que atinge representantes do povo, governantes e l\u00edderes de diferentes segmentos, religiosos,culturais, educativos e tantos outros.<br \/>\nA interpela\u00e7\u00e3o, \u201cCuida dele, o rem\u00e9dio\u201d, vem da s\u00e1bia e magistral indica\u00e7\u00e3o do cora\u00e7\u00e3o de Jesus, na par\u00e1bola do Bom Samaritano, para responder, de modo assertivo e completo, \u00e0 pergunta que deve ecoar no cora\u00e7\u00e3o de cada pessoa: quem \u00e9 o seu pr\u00f3ximo?\u00a0 Respond\u00ea-la adequadamente \u00e9 o passo fundamental para que a sociedade brasileira consiga colocar a vida em primeiro lugar. Ainda que sejam reconhecidossinais de esperan\u00e7a em atitudes cidad\u00e3s, em projetos e programas envolvendo institui\u00e7\u00f5es e inst\u00e2ncias, diferentes cen\u00e1rios trazem exig\u00eancias e urg\u00eancias muito grandes e complexas. Pedem novas posturas e atitudes capazes de gerar transforma\u00e7\u00f5es urgentes -nenhum cidad\u00e3o pode se conformar, contentando-se com mediocridades.<br \/>\nH\u00e1 muito que fazer. Basta pensar que a desigualdade \u00e9 um distintivo inaceit\u00e1vel da sociedade brasileira, consequ\u00eancia de din\u00e2micas autodestrutivasqueatacam o meio ambiente, a exemplo do desarvoro e descontrole da minera\u00e7\u00e3o predat\u00f3ria.Faltam mais compreens\u00e3o e recursos human\u00edsticos aos grandes l\u00edderes para que possam pensar adequadamente e contribuir para o fortalecimento, para a qualifica\u00e7\u00e3odas institui\u00e7\u00f5es democr\u00e1ticas,ao inv\u00e9s de enfraquec\u00ea-las com ataques figadais. Sem lucidez, est\u00e3o em risco patrim\u00f4nios humanos, religiosos e culturais,necess\u00e1rios para que a sociedade avance e n\u00e3o se feche em estreitezas.Diferentes estat\u00edsticas mostram que a sociedade brasileira precisa mudar.Comprovam a necessidade urgente de um caminho espiritual renovador, diferente daquele que \u00e9 partid\u00e1rio e estreitado pelo fundamentalismo de um cristianismo torto.<br \/>\nO caminho espiritual renovador \u00e9 percorrido por uma op\u00e7\u00e3o que nasce da capacidade de cuidar dele, do pr\u00f3ximo, da Casa Comum e, sobretudo,dos mais pobres e dos indefesos. Assim, a Campanha da Fraternidade neste ano, no horizonte interpelante do tempo Quaresmal -convite \u00e0 convers\u00e3o e \u00e0s mudan\u00e7as de rumos, em favor da vida \u2013 interpela cada pessoa a acolher o chamado: \u201cCuida dele!\u201d. Trata-se de eficaz rem\u00e9dio para corrigir descompassos. A ado\u00e7\u00e3o das din\u00e2micas simples e ao mesmo tempo abrangentes dessa indica\u00e7\u00e3o evang\u00e9licacontribuir\u00e1 para que a sociedade supere viol\u00eancias e exterm\u00ednios, indiferen\u00e7as e gan\u00e2ncias, impulsionando os di\u00e1logos, os entendimentos cidad\u00e3os e a democracia, urg\u00eancias deste tempo.<br \/>\nCuidar do pr\u00f3ximo \u00e9 espiritualidade com for\u00e7a para qualificar a cidadania, no horizonte da compreens\u00e3o de que a vida \u00e9 dom e compromisso. Urge-se uma envergadura humana e espiritualem cada pessoa, para que o cuidado com o semelhante inspire a\u00e7\u00f5es, tarefas e atua\u00e7\u00e3o em todos os \u00e2mbitos. Projeta-se, nesse horizonte de interpela\u00e7\u00e3o, a figura admir\u00e1vel de Santa Dulce dos Pobres, mulher fisicamente fr\u00e1gil, gigante na envergadura moral, espiritual e humana, com for\u00e7a paracriar e perpetuar servi\u00e7os transformadores, por ser fiel disc\u00edpula de Jesus, por acolher, amorosamente, a m\u00edstica do rem\u00e9dio que est\u00e1 no convite-convoca\u00e7\u00e3o, ao olhar o meio ambiente, a comunidade de f\u00e9, a pr\u00f3pria fam\u00edlia, os pobres, o pr\u00f3ximo: \u201cCuida dele!\u201d.<\/p>\n<p>Dom Walmor Oliveira de Azevedo &#8211; Arcebispo metropolitano de Belo Horizonte<br \/>\n&#8211; Presidente da Confer\u00eancia Nacional dos Bispos do Brasil(CNBB)<\/p>\n","protected":false},"excerpt":{"rendered":"<p>O tempo da Quaresma, por seus quarenta dias, \u00e9 uma delicadeza de Deus. Profecia que&#8230;<\/p>\n","protected":false},"author":1,"featured_media":79,"comment_status":"open","ping_status":"open","sticky":false,"template":"","format":"standard","meta":{"_jetpack_memberships_contains_paid_content":false,"footnotes":"","jetpack_publicize_message":"","jetpack_publicize_feature_enabled":true,"jetpack_social_post_already_shared":true,"jetpack_social_options":{"image_generator_settings":{"template":"highway","default_image_id":0,"font":"","enabled":false},"version":2}},"categories":[24,11],"tags":[],"class_list":["post-11160","post","type-post","status-publish","format-standard","has-post-thumbnail","hentry","category-a-voz-do-pastor","category-artigos"],"jetpack_publicize_connections":[],"jetpack_featured_media_url":"https:\/\/correiodasemana.com\/site\/wp-content\/uploads\/2019\/07\/Dom-Vasconcelos-posses.jpg","jetpack-related-posts":[{"id":17861,"url":"https:\/\/correiodasemana.com\/site\/reconstroi-a-igreja\/","url_meta":{"origin":11160,"position":0},"title":"RECONSTR\u00d3I A IGREJA","author":"","date":"Outubro 24, 2021","format":false,"excerpt":"A Igreja Cat\u00f3lica,\u00a0nos\u00a0seus mais de\u00a0dois mil anos\u00a0de hist\u00f3ria,\u00a0inspirada e interpelada, em primeiro lugar,\u00a0pela\u00a0Palavra de Deus \u2013\u00a0luz\u00a0luzente no caminho e\u00a0l\u00e2mpada para os p\u00e9s -, e pelas riquezas de\u00a0sua\u00a0tradi\u00e7\u00e3o,\u00a0acolhe o desafio de\u00a0buscar respostas necess\u00e1rias a\u00a0um mundo que precisa\u00a0ter o\u00a0sabor do Evangelho de Jesus Cristo.\u00a0A fidelidade ao Evangelho e \u00e0 Tradi\u00e7\u00e3o\u00a0alicer\u00e7am\u00a0a escuta desta\u00a0convoca\u00e7\u00e3o\u2026","rel":"","context":"In &quot;A voz do Pastor&quot;","block_context":{"text":"A voz do Pastor","link":"https:\/\/correiodasemana.com\/site\/category\/a-voz-do-pastor\/"},"img":{"alt_text":"","src":"https:\/\/i0.wp.com\/correiodasemana.com\/site\/wp-content\/uploads\/2018\/02\/Dom-Vasconcelos-posses.jpg?resize=350%2C200&ssl=1","width":350,"height":200,"srcset":"https:\/\/i0.wp.com\/correiodasemana.com\/site\/wp-content\/uploads\/2018\/02\/Dom-Vasconcelos-posses.jpg?resize=350%2C200&ssl=1 1x, https:\/\/i0.wp.com\/correiodasemana.com\/site\/wp-content\/uploads\/2018\/02\/Dom-Vasconcelos-posses.jpg?resize=525%2C300&ssl=1 1.5x, https:\/\/i0.wp.com\/correiodasemana.com\/site\/wp-content\/uploads\/2018\/02\/Dom-Vasconcelos-posses.jpg?resize=700%2C400&ssl=1 2x"},"classes":[]},{"id":9648,"url":"https:\/\/correiodasemana.com\/site\/verdade-sobre-o-sinodo\/","url_meta":{"origin":11160,"position":1},"title":"Verdade sobre o S\u00ednodo","author":"","date":"Outubro 28, 2019","format":false,"excerpt":"O S\u00ednodo para a Amaz\u00f4nia, convocado pelo Papa Francisco h\u00e1 dois anos, em 17 de janeiro de 2017, e que est\u00e1 sendo realizado no Vaticano neste m\u00eas de outubro, movimentou internamente a Igreja Cat\u00f3lica, interpelou outras confiss\u00f5es religiosas, correu nas veias dos crist\u00e3os, encheu de esperan\u00e7a o cora\u00e7\u00e3o dos povos\u2026","rel":"","context":"In &quot;A voz do Pastor&quot;","block_context":{"text":"A voz do Pastor","link":"https:\/\/correiodasemana.com\/site\/category\/a-voz-do-pastor\/"},"img":{"alt_text":"","src":"https:\/\/i0.wp.com\/correiodasemana.com\/site\/wp-content\/uploads\/2019\/07\/Dom-Vasconcelos-posses.jpg?resize=350%2C200&ssl=1","width":350,"height":200,"srcset":"https:\/\/i0.wp.com\/correiodasemana.com\/site\/wp-content\/uploads\/2019\/07\/Dom-Vasconcelos-posses.jpg?resize=350%2C200&ssl=1 1x, https:\/\/i0.wp.com\/correiodasemana.com\/site\/wp-content\/uploads\/2019\/07\/Dom-Vasconcelos-posses.jpg?resize=525%2C300&ssl=1 1.5x, https:\/\/i0.wp.com\/correiodasemana.com\/site\/wp-content\/uploads\/2019\/07\/Dom-Vasconcelos-posses.jpg?resize=700%2C400&ssl=1 2x"},"classes":[]},{"id":11063,"url":"https:\/\/correiodasemana.com\/site\/sonhos-e-resistencias\/","url_meta":{"origin":11160,"position":2},"title":"Sonhos e resist\u00eancias","author":"","date":"Mar\u00e7o 2, 2020","format":false,"excerpt":"O Papa Francisco, ao compartilhar seus quatro sonhos \u2013 social, cultural, ecol\u00f3gico e eclesial -, convida todos - Igreja e sociedade - a sonharem juntos, embora haja quem permane\u00e7a entrincheirado nas resist\u00eancias. Alguns fazem parte da Igreja, sem se dar conta da viragem civilizat\u00f3ria que est\u00e1 ocorrendo em todo o\u2026","rel":"","context":"In &quot;A voz do Pastor&quot;","block_context":{"text":"A voz do Pastor","link":"https:\/\/correiodasemana.com\/site\/category\/a-voz-do-pastor\/"},"img":{"alt_text":"","src":"https:\/\/i0.wp.com\/correiodasemana.com\/site\/wp-content\/uploads\/2019\/12\/homilia-dom-vasconcelos.jpg?resize=350%2C200&ssl=1","width":350,"height":200,"srcset":"https:\/\/i0.wp.com\/correiodasemana.com\/site\/wp-content\/uploads\/2019\/12\/homilia-dom-vasconcelos.jpg?resize=350%2C200&ssl=1 1x, https:\/\/i0.wp.com\/correiodasemana.com\/site\/wp-content\/uploads\/2019\/12\/homilia-dom-vasconcelos.jpg?resize=525%2C300&ssl=1 1.5x, https:\/\/i0.wp.com\/correiodasemana.com\/site\/wp-content\/uploads\/2019\/12\/homilia-dom-vasconcelos.jpg?resize=700%2C400&ssl=1 2x"},"classes":[]},{"id":10976,"url":"https:\/\/correiodasemana.com\/site\/alinhados-com-os-sonhos-de-francisco\/","url_meta":{"origin":11160,"position":3},"title":"Alinhados com os sonhos de Francisco","author":"","date":"Fevereiro 25, 2020","format":false,"excerpt":"\u201cSonho com uma Amaz\u00f4nia que lute pelos direitos dos mais pobres, dos povos nativos, dos \u00faltimos, de modo que a sua voz seja ouvida e sua dignidade promovida. Sonho com uma Amaz\u00f4nia que preserve a riqueza cultural que a caracteriza e na qual brilha de maneira t\u00e3o variada a beleza\u2026","rel":"","context":"In &quot;A voz do Pastor&quot;","block_context":{"text":"A voz do Pastor","link":"https:\/\/correiodasemana.com\/site\/category\/a-voz-do-pastor\/"},"img":{"alt_text":"","src":"https:\/\/i0.wp.com\/correiodasemana.com\/site\/wp-content\/uploads\/2019\/12\/homilia-dom-vasconcelos.jpg?resize=350%2C200&ssl=1","width":350,"height":200,"srcset":"https:\/\/i0.wp.com\/correiodasemana.com\/site\/wp-content\/uploads\/2019\/12\/homilia-dom-vasconcelos.jpg?resize=350%2C200&ssl=1 1x, https:\/\/i0.wp.com\/correiodasemana.com\/site\/wp-content\/uploads\/2019\/12\/homilia-dom-vasconcelos.jpg?resize=525%2C300&ssl=1 1.5x, https:\/\/i0.wp.com\/correiodasemana.com\/site\/wp-content\/uploads\/2019\/12\/homilia-dom-vasconcelos.jpg?resize=700%2C400&ssl=1 2x"},"classes":[]},{"id":22451,"url":"https:\/\/correiodasemana.com\/site\/a-voz-e-a-palavra\/","url_meta":{"origin":11160,"position":4},"title":"A voz e a Palavra","author":"","date":"Dezembro 26, 2022","format":false,"excerpt":"Da intelig\u00eancia luminosa e m\u00edstica de Santo Agostinho, no 5\u00ba s\u00e9culo da hist\u00f3ria bimilenar da Igreja Cat\u00f3lica, brota rica narrativa sobre a voz e a Palavra. S\u00e3o ensinamentos que indicam um rem\u00e9dio para o vozerio, por vezes descompassado, do tempo presente, facilitado pelas redes sociais. Essa profus\u00e3o de falas nem\u2026","rel":"","context":"In &quot;A voz do Pastor&quot;","block_context":{"text":"A voz do Pastor","link":"https:\/\/correiodasemana.com\/site\/category\/a-voz-do-pastor\/"},"img":{"alt_text":"","src":"https:\/\/i0.wp.com\/correiodasemana.com\/site\/wp-content\/uploads\/2022\/12\/dom-vasconcelos-cidadao-sobralense-37.jpg?resize=350%2C200&ssl=1","width":350,"height":200,"srcset":"https:\/\/i0.wp.com\/correiodasemana.com\/site\/wp-content\/uploads\/2022\/12\/dom-vasconcelos-cidadao-sobralense-37.jpg?resize=350%2C200&ssl=1 1x, https:\/\/i0.wp.com\/correiodasemana.com\/site\/wp-content\/uploads\/2022\/12\/dom-vasconcelos-cidadao-sobralense-37.jpg?resize=525%2C300&ssl=1 1.5x, https:\/\/i0.wp.com\/correiodasemana.com\/site\/wp-content\/uploads\/2022\/12\/dom-vasconcelos-cidadao-sobralense-37.jpg?resize=700%2C400&ssl=1 2x"},"classes":[]},{"id":18123,"url":"https:\/\/correiodasemana.com\/site\/sentes-compaixao\/","url_meta":{"origin":11160,"position":5},"title":"SENTES COMPAIX\u00c3O?\u00a0","author":"","date":"Novembro 22, 2021","format":false,"excerpt":"\u201cSempre tereis pobres entre v\u00f3s\u201d\u00a0\u00e9\u00a0a\u00a0palavra de Jesus Mestre\u00a0que desenha um\u00a0horizonte existencial mais qualificado para\u00a0os\u00a0seus disc\u00edpulos,\u00a0inspirando\u00a0sensibilidade social\u00a0capaz de contribuir para uma nova\u00a0organiza\u00e7\u00e3o pol\u00edtica e humanit\u00e1ria.\u00a0A li\u00e7\u00e3o de Jesus emoldura a mensagem do\u00a0Papa Francisco para a celebra\u00e7\u00e3o do\u00a05\u00ba\u00a0Dia Mundial dos\u00a0Pobres, 14 de novembro. Uma convoca\u00e7\u00e3o para reconstruir urgentemente o\u00a0tecido social\u00a0da\u00a0humanidade. Trata-se de\u2026","rel":"","context":"In &quot;A voz do Pastor&quot;","block_context":{"text":"A voz do Pastor","link":"https:\/\/correiodasemana.com\/site\/category\/a-voz-do-pastor\/"},"img":{"alt_text":"","src":"https:\/\/i0.wp.com\/correiodasemana.com\/site\/wp-content\/uploads\/2018\/02\/Dom-Vasconcelos-posses.jpg?resize=350%2C200&ssl=1","width":350,"height":200,"srcset":"https:\/\/i0.wp.com\/correiodasemana.com\/site\/wp-content\/uploads\/2018\/02\/Dom-Vasconcelos-posses.jpg?resize=350%2C200&ssl=1 1x, https:\/\/i0.wp.com\/correiodasemana.com\/site\/wp-content\/uploads\/2018\/02\/Dom-Vasconcelos-posses.jpg?resize=525%2C300&ssl=1 1.5x, https:\/\/i0.wp.com\/correiodasemana.com\/site\/wp-content\/uploads\/2018\/02\/Dom-Vasconcelos-posses.jpg?resize=700%2C400&ssl=1 2x"},"classes":[]}],"jetpack_sharing_enabled":true,"_links":{"self":[{"href":"https:\/\/correiodasemana.com\/site\/wp-json\/wp\/v2\/posts\/11160","targetHints":{"allow":["GET"]}}],"collection":[{"href":"https:\/\/correiodasemana.com\/site\/wp-json\/wp\/v2\/posts"}],"about":[{"href":"https:\/\/correiodasemana.com\/site\/wp-json\/wp\/v2\/types\/post"}],"author":[{"embeddable":true,"href":"https:\/\/correiodasemana.com\/site\/wp-json\/wp\/v2\/users\/1"}],"replies":[{"embeddable":true,"href":"https:\/\/correiodasemana.com\/site\/wp-json\/wp\/v2\/comments?post=11160"}],"version-history":[{"count":1,"href":"https:\/\/correiodasemana.com\/site\/wp-json\/wp\/v2\/posts\/11160\/revisions"}],"predecessor-version":[{"id":11161,"href":"https:\/\/correiodasemana.com\/site\/wp-json\/wp\/v2\/posts\/11160\/revisions\/11161"}],"wp:featuredmedia":[{"embeddable":true,"href":"https:\/\/correiodasemana.com\/site\/wp-json\/wp\/v2\/media\/79"}],"wp:attachment":[{"href":"https:\/\/correiodasemana.com\/site\/wp-json\/wp\/v2\/media?parent=11160"}],"wp:term":[{"taxonomy":"category","embeddable":true,"href":"https:\/\/correiodasemana.com\/site\/wp-json\/wp\/v2\/categories?post=11160"},{"taxonomy":"post_tag","embeddable":true,"href":"https:\/\/correiodasemana.com\/site\/wp-json\/wp\/v2\/tags?post=11160"}],"curies":[{"name":"wp","href":"https:\/\/api.w.org\/{rel}","templated":true}]}}