{"id":11173,"date":"2020-03-18T04:15:03","date_gmt":"2020-03-18T04:15:03","guid":{"rendered":"https:\/\/correiodasemana.com\/site\/?p=11173"},"modified":"2020-03-18T04:15:20","modified_gmt":"2020-03-18T04:15:20","slug":"o-grao-de-trigo-precisa-morrer-para-dar-fruto","status":"publish","type":"post","link":"https:\/\/correiodasemana.com\/site\/o-grao-de-trigo-precisa-morrer-para-dar-fruto\/","title":{"rendered":"O gr\u00e3o de trigo precisa morrer para dar fruto"},"content":{"rendered":"<p>No \u00faltimo dia 11 de mar\u00e7o, feriado municipal em Meruoca, mais uma vez recordou-se a inesquec\u00edvel figura de Monsenhor Jos\u00e9 Furtado Cavalcanti, 22 anos ap\u00f3s sua partida para a eternidade. Durante 50 anos, Meruoca e Alc\u00e2ntaras foram o campo de sua miss\u00e3o. Para o povo dessa serra, ele foi o grande pai espiritual, que al\u00e9m de sacerdote era m\u00e9dico, juiz, conselheiro, professor e, acima de tudo, o maior referencial j\u00e1 pode existir.<br \/>\nExiste uma passagem que diz: \u201cSe o gr\u00e3o de trigo que cai na terra n\u00e3o morre, fica s\u00f3. Mas, se morre, produz muito fruto.\u201d (Jo 12, 24).Monsenhor Furtado, em seu sacerd\u00f3cio, produziu muitos frutos, e os frutos permaneceram. A caridade que impelia o seu cora\u00e7\u00e3o fez com que ele se assemelhasse a Jesus. Todos em Meruoca s\u00e3o capazes de testemunhar que ele n\u00e3o reservou nada para si, mas entregou-se, consumiu-se pelo Reino de Deus.<br \/>\nSemelhante a uma vela que se consome, ele foi se diluindo em luz. Exaurindo-se, mas iluminando a tudo e a todos. Abnegado de si mesmo, ele lutou para dar o p\u00e3o material e o p\u00e3o espiritual para seu povo. Sonhou em dar vida digna aos sofredores e com a inspira\u00e7\u00e3o divina, que sempre lhe acompanhou, foi isso o que ele fez em toda a sua vida, em toda a sua miss\u00e3o. Ali\u00e1s, sua vida era a sua miss\u00e3o.<br \/>\nVida e miss\u00e3o se misturavam na pessoa do Monsenhor de tal forma que era dif\u00edcil ele ter um tempo para si mesmo. A qualquer hora do dia ou da noite, no ver\u00e3o ou no inverno, ele estava sempre disposto para a miss\u00e3o. Queria socorrer a todos. N\u00e3o queria admitir que algum moribundo morresse sem os sacramentos nem que, para isso, tivesse que andar a p\u00e9 ou a cavalo nas madrugadas frias da Meruoca. Gastou-se, consumiu-se e n\u00e3o reservou nada para si!<br \/>\nFoi morrendo para si mesmo para que pudesse dar a vida ao seu povo. Era o gr\u00e3o de trigo que, ao morrer, transmitia vida. Transmitia vida no Santo Sacrif\u00edcio da Missa, em cada sacramento realizado, nos conselhos e ensinamentos que dava, nas consultas que realizava como m\u00e9dico do povo. Transmitia vida no amor que nutria por cada ovelha, especialmente \u00e0quelas mais abatidas e cansadas. Alma heroica, Monsenhor Furtado, lutou at\u00e9 o fim o bom combate pela Causa de Cristo, para manter acesa no cora\u00e7\u00e3o do povo a sagrada chama da f\u00e9.<br \/>\nHoje o Monsenhor se encontra na vida eterna. N\u00e3o morreu, entrou na vida. E agora, mais do que nunca, gozando da vida plena, ele transmite vida para o seu povo. Bendito seja Deus pela vida de Jos\u00e9 Furtado Cavalcanti, o Monsenhor: o gr\u00e3o de trigo que morreu para dar vida!<br \/>\nYgor Leonardo Sampaio<br \/>\nSeminarista Diocesano<\/p>\n","protected":false},"excerpt":{"rendered":"<p>No \u00faltimo dia 11 de mar\u00e7o, feriado municipal em Meruoca, mais uma vez recordou-se a&#8230;<\/p>\n","protected":false},"author":1,"featured_media":11174,"comment_status":"open","ping_status":"open","sticky":false,"template":"","format":"standard","meta":{"_jetpack_memberships_contains_paid_content":false,"footnotes":"","jetpack_publicize_message":"","jetpack_publicize_feature_enabled":true,"jetpack_social_post_already_shared":true,"jetpack_social_options":{"image_generator_settings":{"template":"highway","default_image_id":0,"font":"","enabled":false},"version":2}},"categories":[1],"tags":[],"class_list":["post-11173","post","type-post","status-publish","format-standard","has-post-thumbnail","hentry","category-atualidade"],"jetpack_publicize_connections":[],"jetpack_featured_media_url":"https:\/\/correiodasemana.com\/site\/wp-content\/uploads\/2020\/03\/Monsenhor-Furtado.bmp.jpg","jetpack-related-posts":[{"id":11184,"url":"https:\/\/correiodasemana.com\/site\/meruoca-e-alcantaras-relembram-22-anos-da-morte-de-monsenhor-jose-furtado-de-cavalcanti\/","url_meta":{"origin":11173,"position":0},"title":"Meruoca e Alc\u00e2ntaras relembram 22 anos da morte de Monsenhor Jos\u00e9 Furtado de Cavalcanti","author":"","date":"Mar\u00e7o 18, 2020","format":false,"excerpt":"O sacerdote viveu na par\u00f3quia de 1948 at\u00e9 sua morte, em 1998, e \u00e9 reconhecido como um dos homens mais importantes da Serra da Meruoca Por Marciley Salles Na quarta-feira, dia 11 de mar\u00e7o, os munic\u00edpios de Meruoca e Alc\u00e2ntaras relembraram os 22 anos de falecimento de Monsenhor Jos\u00e9 Furtado\u2026","rel":"","context":"In &quot;Diocese&quot;","block_context":{"text":"Diocese","link":"https:\/\/correiodasemana.com\/site\/category\/diocese\/"},"img":{"alt_text":"","src":"https:\/\/i0.wp.com\/correiodasemana.com\/site\/wp-content\/uploads\/2020\/03\/WhatsApp-Image-2020-03-12-at-15.19.24-1.jpeg?resize=350%2C200&ssl=1","width":350,"height":200,"srcset":"https:\/\/i0.wp.com\/correiodasemana.com\/site\/wp-content\/uploads\/2020\/03\/WhatsApp-Image-2020-03-12-at-15.19.24-1.jpeg?resize=350%2C200&ssl=1 1x, https:\/\/i0.wp.com\/correiodasemana.com\/site\/wp-content\/uploads\/2020\/03\/WhatsApp-Image-2020-03-12-at-15.19.24-1.jpeg?resize=525%2C300&ssl=1 1.5x, https:\/\/i0.wp.com\/correiodasemana.com\/site\/wp-content\/uploads\/2020\/03\/WhatsApp-Image-2020-03-12-at-15.19.24-1.jpeg?resize=700%2C400&ssl=1 2x"},"classes":[]},{"id":21493,"url":"https:\/\/correiodasemana.com\/site\/retiro-da-comunidade-de-vida-filhos-de-siao-2022\/","url_meta":{"origin":11173,"position":1},"title":"Retiro da Comunidade de Vida Filhos de Si\u00e3o \u2013 2022","author":"","date":"Novembro 6, 2022","format":false,"excerpt":"\u201cRicos apenas de uma promessa e de uma presen\u00e7a, a de Jesus.\u201d Este foi o tema do O Filho de Si\u00e3o torna-se alma esposa para viver a ora\u00e7\u00e3o contemplativa, a convers\u00e3o di\u00e1ria e a vida fraterna (EFS). Nesse sentido, falar de convers\u00e3o \u00e9 falar de nossa base, ressalta Lucinha ao\u2026","rel":"","context":"In &quot;Artigos&quot;","block_context":{"text":"Artigos","link":"https:\/\/correiodasemana.com\/site\/category\/artigos\/"},"img":{"alt_text":"","src":"https:\/\/i0.wp.com\/correiodasemana.com\/site\/wp-content\/uploads\/2019\/07\/cropped-Igreja_S%C3%A9.jpg?resize=350%2C200&ssl=1","width":350,"height":200,"srcset":"https:\/\/i0.wp.com\/correiodasemana.com\/site\/wp-content\/uploads\/2019\/07\/cropped-Igreja_S%C3%A9.jpg?resize=350%2C200&ssl=1 1x, https:\/\/i0.wp.com\/correiodasemana.com\/site\/wp-content\/uploads\/2019\/07\/cropped-Igreja_S%C3%A9.jpg?resize=525%2C300&ssl=1 1.5x, https:\/\/i0.wp.com\/correiodasemana.com\/site\/wp-content\/uploads\/2019\/07\/cropped-Igreja_S%C3%A9.jpg?resize=700%2C400&ssl=1 2x, https:\/\/i0.wp.com\/correiodasemana.com\/site\/wp-content\/uploads\/2019\/07\/cropped-Igreja_S%C3%A9.jpg?resize=1050%2C600&ssl=1 3x, https:\/\/i0.wp.com\/correiodasemana.com\/site\/wp-content\/uploads\/2019\/07\/cropped-Igreja_S%C3%A9.jpg?resize=1400%2C800&ssl=1 4x"},"classes":[]},{"id":38155,"url":"https:\/\/correiodasemana.com\/site\/domingo-da-pascoa-na-ressurreicao-do-senhor\/","url_meta":{"origin":11173,"position":2},"title":"Domingo da P\u00e1scoa na Ressurrei\u00e7\u00e3o do Senhor \u00a0","author":"adminredacao","date":"Abril 19, 2026","format":false,"excerpt":"Chegamos ao cume radioso da nossa f\u00e9! O pranto da Sexta-feira Santa secou, o sil\u00eancio angustiante do S\u00e1bado Santo foi rompido pelo canto do\u00a0Exsultet, e agora, banhados pela luz inextingu\u00edvel da manh\u00e3 de P\u00e1scoa, a Igreja inteira, em todos os cantos da terra, entoa a uma s\u00f3 voz:\u00a0\u201cEste \u00e9 o\u2026","rel":"","context":"In &quot;A voz do Pastor&quot;","block_context":{"text":"A voz do Pastor","link":"https:\/\/correiodasemana.com\/site\/category\/a-voz-do-pastor\/"},"img":{"alt_text":"","src":"https:\/\/i0.wp.com\/correiodasemana.com\/site\/wp-content\/uploads\/2024\/04\/Dom-Jose-Luiz-Gomes-Vasconcelos-bispo-diocesano-de-Sobral.jpeg?resize=350%2C200&ssl=1","width":350,"height":200,"srcset":"https:\/\/i0.wp.com\/correiodasemana.com\/site\/wp-content\/uploads\/2024\/04\/Dom-Jose-Luiz-Gomes-Vasconcelos-bispo-diocesano-de-Sobral.jpeg?resize=350%2C200&ssl=1 1x, https:\/\/i0.wp.com\/correiodasemana.com\/site\/wp-content\/uploads\/2024\/04\/Dom-Jose-Luiz-Gomes-Vasconcelos-bispo-diocesano-de-Sobral.jpeg?resize=525%2C300&ssl=1 1.5x, https:\/\/i0.wp.com\/correiodasemana.com\/site\/wp-content\/uploads\/2024\/04\/Dom-Jose-Luiz-Gomes-Vasconcelos-bispo-diocesano-de-Sobral.jpeg?resize=700%2C400&ssl=1 2x, https:\/\/i0.wp.com\/correiodasemana.com\/site\/wp-content\/uploads\/2024\/04\/Dom-Jose-Luiz-Gomes-Vasconcelos-bispo-diocesano-de-Sobral.jpeg?resize=1050%2C600&ssl=1 3x"},"classes":[]},{"id":15423,"url":"https:\/\/correiodasemana.com\/site\/tres-produtos-representaram-96-da-producao-total-de-graos-em-2020\/","url_meta":{"origin":11173,"position":3},"title":"Tr\u00eas produtos representaram 96% da produ\u00e7\u00e3o total de gr\u00e3os, em 2020","author":"","date":"Janeiro 18, 2021","format":false,"excerpt":"A produ\u00e7\u00e3o da safra de gr\u00e3os foi 794.480 toneladas em 2020, o que representou crescimento de 71,72%, em rela\u00e7\u00e3o \u00e0 primeira estimativa (462.673 t), e, em rela\u00e7\u00e3o \u00e0 safra obtida em 2019 (564.616 t), foi de 40,71%. Quanto \u00e0 participa\u00e7\u00e3o dos produtos na Safra de Gr\u00e3os Cearense, tr\u00eas produtos em\u2026","rel":"","context":"In &quot;Atualidade&quot;","block_context":{"text":"Atualidade","link":"https:\/\/correiodasemana.com\/site\/category\/atualidade\/"},"img":{"alt_text":"","src":"https:\/\/i0.wp.com\/correiodasemana.com\/site\/wp-content\/uploads\/2021\/01\/graos.jpg?resize=350%2C200&ssl=1","width":350,"height":200,"srcset":"https:\/\/i0.wp.com\/correiodasemana.com\/site\/wp-content\/uploads\/2021\/01\/graos.jpg?resize=350%2C200&ssl=1 1x, https:\/\/i0.wp.com\/correiodasemana.com\/site\/wp-content\/uploads\/2021\/01\/graos.jpg?resize=525%2C300&ssl=1 1.5x, https:\/\/i0.wp.com\/correiodasemana.com\/site\/wp-content\/uploads\/2021\/01\/graos.jpg?resize=700%2C400&ssl=1 2x"},"classes":[]},{"id":8699,"url":"https:\/\/correiodasemana.com\/site\/politica-em-evidencia-5\/","url_meta":{"origin":11173,"position":4},"title":"Pol\u00edtica em Evid\u00eancia","author":"","date":"Agosto 17, 2019","format":false,"excerpt":"O deputado federal, Le\u00f4nidas Cristino, participou na semana passada em Sobral, da inaugura\u00e7\u00e3o da Pra\u00e7a do Empreendedor Manoel Ribeiro Parente, no bairro Sumar\u00e9 em Sobral. O novo espa\u00e7o \u00e9 um centro comercial com boxes individuais para o desenvolvimento de novos neg\u00f3cios. Usando as redes sociais, o deputado federal, Le\u00f4nidas Cristino,\u2026","rel":"","context":"In &quot;Artigos&quot;","block_context":{"text":"Artigos","link":"https:\/\/correiodasemana.com\/site\/category\/artigos\/"},"img":{"alt_text":"","src":"https:\/\/i0.wp.com\/correiodasemana.com\/site\/wp-content\/uploads\/2019\/08\/urna_lecr-e1447217261594.jpg?resize=350%2C200&ssl=1","width":350,"height":200,"srcset":"https:\/\/i0.wp.com\/correiodasemana.com\/site\/wp-content\/uploads\/2019\/08\/urna_lecr-e1447217261594.jpg?resize=350%2C200&ssl=1 1x, https:\/\/i0.wp.com\/correiodasemana.com\/site\/wp-content\/uploads\/2019\/08\/urna_lecr-e1447217261594.jpg?resize=525%2C300&ssl=1 1.5x, https:\/\/i0.wp.com\/correiodasemana.com\/site\/wp-content\/uploads\/2019\/08\/urna_lecr-e1447217261594.jpg?resize=700%2C400&ssl=1 2x, https:\/\/i0.wp.com\/correiodasemana.com\/site\/wp-content\/uploads\/2019\/08\/urna_lecr-e1447217261594.jpg?resize=1050%2C600&ssl=1 3x, https:\/\/i0.wp.com\/correiodasemana.com\/site\/wp-content\/uploads\/2019\/08\/urna_lecr-e1447217261594.jpg?resize=1400%2C800&ssl=1 4x"},"classes":[]},{"id":29097,"url":"https:\/\/correiodasemana.com\/site\/cesta-basica-nacional-tera-15-alimentos-com-imposto-zerado\/","url_meta":{"origin":11173,"position":5},"title":"Cesta b\u00e1sica nacional ter\u00e1 15 alimentos com imposto zerado","author":"adminredacao","date":"Abril 29, 2024","format":false,"excerpt":"Reforma tribut\u00e1ria prop\u00f5e 14 alimentos com al\u00edquota reduzida em 60% Por Wellton M\u00e1ximo \u2013 Rep\u00f3rter da Ag\u00eancia Brasil - Bras\u00edlia Quinze alimentos\u00a0in natura\u00a0ou pouco industrializados v\u00e3o compor a cesta b\u00e1sica nacional e pagar imposto zero, com a reforma tribut\u00e1ria. O projeto de lei complementar que regulamenta o tema,\u00a0enviado na noite\u2026","rel":"","context":"In &quot;Atualidade&quot;","block_context":{"text":"Atualidade","link":"https:\/\/correiodasemana.com\/site\/category\/atualidade\/"},"img":{"alt_text":"","src":"https:\/\/i0.wp.com\/correiodasemana.com\/site\/wp-content\/uploads\/2020\/08\/Brasil-deve-ser-a-9a-maior-economia-do-mundo-no-fim-da-decada.jpg?resize=350%2C200&ssl=1","width":350,"height":200,"srcset":"https:\/\/i0.wp.com\/correiodasemana.com\/site\/wp-content\/uploads\/2020\/08\/Brasil-deve-ser-a-9a-maior-economia-do-mundo-no-fim-da-decada.jpg?resize=350%2C200&ssl=1 1x, https:\/\/i0.wp.com\/correiodasemana.com\/site\/wp-content\/uploads\/2020\/08\/Brasil-deve-ser-a-9a-maior-economia-do-mundo-no-fim-da-decada.jpg?resize=525%2C300&ssl=1 1.5x, https:\/\/i0.wp.com\/correiodasemana.com\/site\/wp-content\/uploads\/2020\/08\/Brasil-deve-ser-a-9a-maior-economia-do-mundo-no-fim-da-decada.jpg?resize=700%2C400&ssl=1 2x, https:\/\/i0.wp.com\/correiodasemana.com\/site\/wp-content\/uploads\/2020\/08\/Brasil-deve-ser-a-9a-maior-economia-do-mundo-no-fim-da-decada.jpg?resize=1050%2C600&ssl=1 3x"},"classes":[]}],"jetpack_sharing_enabled":true,"_links":{"self":[{"href":"https:\/\/correiodasemana.com\/site\/wp-json\/wp\/v2\/posts\/11173","targetHints":{"allow":["GET"]}}],"collection":[{"href":"https:\/\/correiodasemana.com\/site\/wp-json\/wp\/v2\/posts"}],"about":[{"href":"https:\/\/correiodasemana.com\/site\/wp-json\/wp\/v2\/types\/post"}],"author":[{"embeddable":true,"href":"https:\/\/correiodasemana.com\/site\/wp-json\/wp\/v2\/users\/1"}],"replies":[{"embeddable":true,"href":"https:\/\/correiodasemana.com\/site\/wp-json\/wp\/v2\/comments?post=11173"}],"version-history":[{"count":1,"href":"https:\/\/correiodasemana.com\/site\/wp-json\/wp\/v2\/posts\/11173\/revisions"}],"predecessor-version":[{"id":11175,"href":"https:\/\/correiodasemana.com\/site\/wp-json\/wp\/v2\/posts\/11173\/revisions\/11175"}],"wp:featuredmedia":[{"embeddable":true,"href":"https:\/\/correiodasemana.com\/site\/wp-json\/wp\/v2\/media\/11174"}],"wp:attachment":[{"href":"https:\/\/correiodasemana.com\/site\/wp-json\/wp\/v2\/media?parent=11173"}],"wp:term":[{"taxonomy":"category","embeddable":true,"href":"https:\/\/correiodasemana.com\/site\/wp-json\/wp\/v2\/categories?post=11173"},{"taxonomy":"post_tag","embeddable":true,"href":"https:\/\/correiodasemana.com\/site\/wp-json\/wp\/v2\/tags?post=11173"}],"curies":[{"name":"wp","href":"https:\/\/api.w.org\/{rel}","templated":true}]}}