{"id":11176,"date":"2020-03-18T04:26:45","date_gmt":"2020-03-18T04:26:45","guid":{"rendered":"https:\/\/correiodasemana.com\/site\/?p=11176"},"modified":"2020-03-18T04:26:45","modified_gmt":"2020-03-18T04:26:45","slug":"agenda-uninta-nova-geracao","status":"publish","type":"post","link":"https:\/\/correiodasemana.com\/site\/agenda-uninta-nova-geracao\/","title":{"rendered":"Agenda Uninta &#8211; Nova gera\u00e7\u00e3o"},"content":{"rendered":"<p><strong>Nova gera\u00e7\u00e3o<\/strong><\/p>\n<p><img fetchpriority=\"high\" decoding=\"async\" class=\"aligncenter size-medium wp-image-11178\" src=\"https:\/\/correiodasemana.com\/site\/wp-content\/uploads\/2020\/03\/NOVA-GERA\u00c7\u00c1O-300x200.jpeg\" alt=\"\" width=\"300\" height=\"200\" srcset=\"https:\/\/correiodasemana.com\/site\/wp-content\/uploads\/2020\/03\/NOVA-GERA\u00c7\u00c1O-300x200.jpeg 300w, https:\/\/correiodasemana.com\/site\/wp-content\/uploads\/2020\/03\/NOVA-GERA\u00c7\u00c1O-1024x682.jpeg 1024w, https:\/\/correiodasemana.com\/site\/wp-content\/uploads\/2020\/03\/NOVA-GERA\u00c7\u00c1O-768x512.jpeg 768w, https:\/\/correiodasemana.com\/site\/wp-content\/uploads\/2020\/03\/NOVA-GERA\u00c7\u00c1O.jpeg 1280w\" sizes=\"(max-width: 300px) 100vw, 300px\" \/><br \/>\nO r\u00e1dio sobralense e da regi\u00e3o possui uma nova gera\u00e7\u00e3o de vozes e locutores. Estudantes do curso de Jornalismo do UNINTA ocupam os microfones e elevam a qualidade das programa\u00e7\u00f5es. Dentre as mulheres, Rayla Kallyne (Jangadeiro), Tayra Taboza (Plus FM) e K\u00e1tia Janaina (Itapaj\u00e9). Pelo time dos homens, Thiago Rodrigues (Plus FM &#8211; Santa Quit\u00e9ria), Marciley Salles (Princesa \/ Educadora), Thales Menezes (Coqueiros FM) e Yago Brasil (R\u00e1dio ECOA).<\/p>\n<p><strong>Outro patamar<\/strong><br \/>\nNo dia 15 de maio temos o in\u00edcio da p\u00f3s-gradua\u00e7\u00e3o em Cl\u00ednica M\u00e9dica e Cirurgia de Pequenos Animais. Professores vindos de todo o pa\u00eds far\u00e3o parte desta oportunidade \u00fanica na regi\u00e3o. \u00daltimas vagas abertas: (88) 99795.3131<\/p>\n<p><strong>Guarany UNINTA<\/strong><\/p>\n<p><img decoding=\"async\" class=\"aligncenter size-medium wp-image-11177\" src=\"https:\/\/correiodasemana.com\/site\/wp-content\/uploads\/2020\/03\/Guarany--300x200.jpeg\" alt=\"\" width=\"300\" height=\"200\" srcset=\"https:\/\/correiodasemana.com\/site\/wp-content\/uploads\/2020\/03\/Guarany--300x200.jpeg 300w, https:\/\/correiodasemana.com\/site\/wp-content\/uploads\/2020\/03\/Guarany--1024x682.jpeg 1024w, https:\/\/correiodasemana.com\/site\/wp-content\/uploads\/2020\/03\/Guarany--768x512.jpeg 768w, https:\/\/correiodasemana.com\/site\/wp-content\/uploads\/2020\/03\/Guarany-.jpeg 1280w\" sizes=\"(max-width: 300px) 100vw, 300px\" \/><br \/>\nParceria que vem dando certo \u00e9 a do Guarany Sporting Club com o UNINTA. Al\u00e9m de sagrar-se Bi-Campe\u00e3o do Interior, o clube \u00e9 um campo de est\u00e1gio para os estudantes. Pela gradua\u00e7\u00e3o de jornalismo &#8211; Gabriel Lopes segue auxiliando o diretor Tiago dias e seu auxiliar Rean Siqueira no setor de Comunica\u00e7\u00e3o.<\/p>\n<p><strong>UNINTA Itapipoca<\/strong><\/p>\n<p><img decoding=\"async\" class=\"aligncenter size-medium wp-image-11179\" src=\"https:\/\/correiodasemana.com\/site\/wp-content\/uploads\/2020\/03\/UNINTA-ITAPIPOCA-300x200.jpg\" alt=\"\" width=\"300\" height=\"200\" srcset=\"https:\/\/correiodasemana.com\/site\/wp-content\/uploads\/2020\/03\/UNINTA-ITAPIPOCA-300x200.jpg 300w, https:\/\/correiodasemana.com\/site\/wp-content\/uploads\/2020\/03\/UNINTA-ITAPIPOCA-1024x683.jpg 1024w, https:\/\/correiodasemana.com\/site\/wp-content\/uploads\/2020\/03\/UNINTA-ITAPIPOCA-768x512.jpg 768w, https:\/\/correiodasemana.com\/site\/wp-content\/uploads\/2020\/03\/UNINTA-ITAPIPOCA-1536x1024.jpg 1536w, https:\/\/correiodasemana.com\/site\/wp-content\/uploads\/2020\/03\/UNINTA-ITAPIPOCA-2048x1365.jpg 2048w\" sizes=\"(max-width: 300px) 100vw, 300px\" \/><br \/>\nA m\u00fasica deu o tom das recep\u00e7\u00f5es dos calouros e veteranos na unidade de Itapipoca. A equipe est\u00e1 motivada para neste 2020, auxiliar o diretor, Filipe Ferro, no desafio de preparar a institui\u00e7\u00e3o para a abertura do curso de Medicina.<\/p>\n<p><strong>Conhecer Para Amar<\/strong><br \/>\nCriado em 2014 pela parceria entre os cursos de Direito e Servi\u00e7o Social e a Defensoria P\u00fablica, o \u201cProjeto La\u00e7os de Fam\u00edlia: Conhecer Para Amar\u201d, se mant\u00e9m nesses quase seis anos de atividades, como uma alternativa eficaz para media\u00e7\u00e3o e concilia\u00e7\u00e3o de conflitos que envolvem a Vara de Fam\u00edlia, em Sobral.<\/p>\n","protected":false},"excerpt":{"rendered":"<p>Nova gera\u00e7\u00e3o O r\u00e1dio sobralense e da regi\u00e3o possui uma nova gera\u00e7\u00e3o de vozes e&#8230;<\/p>\n","protected":false},"author":1,"featured_media":11179,"comment_status":"open","ping_status":"open","sticky":false,"template":"","format":"standard","meta":{"_jetpack_memberships_contains_paid_content":false,"footnotes":"","jetpack_publicize_message":"","jetpack_publicize_feature_enabled":true,"jetpack_social_post_already_shared":true,"jetpack_social_options":{"image_generator_settings":{"template":"highway","default_image_id":0,"font":"","enabled":false},"version":2}},"categories":[70],"tags":[],"class_list":["post-11176","post","type-post","status-publish","format-standard","has-post-thumbnail","hentry","category-agenda-uninta"],"jetpack_publicize_connections":[],"jetpack_featured_media_url":"https:\/\/correiodasemana.com\/site\/wp-content\/uploads\/2020\/03\/UNINTA-ITAPIPOCA-scaled.jpg","jetpack-related-posts":[{"id":13222,"url":"https:\/\/correiodasemana.com\/site\/agenda-uninta-8\/","url_meta":{"origin":11176,"position":0},"title":"Agenda UNINTA","author":"","date":"Agosto 31, 2020","format":false,"excerpt":"WebTV UNINTA O curso de jornalismo do Centro Universit\u00e1rio INTA (UNINTA) abriu vaga de est\u00e1gio no projeto de extens\u00e3o WebTV UNINTA. A oportunidade tem validade de 12 meses e conta com uma bolsa de meio sal\u00e1rio m\u00ednimo. Atualmente o projetoconta com 4 estagi\u00e1rios remunerados, que realizam pr\u00e1ticas relacionadas ao telejornalismo\u2026","rel":"","context":"In &quot;Atualidade&quot;","block_context":{"text":"Atualidade","link":"https:\/\/correiodasemana.com\/site\/category\/atualidade\/"},"img":{"alt_text":"","src":"https:\/\/i0.wp.com\/correiodasemana.com\/site\/wp-content\/uploads\/2020\/08\/imagem-fachada-uninta.jpg?resize=350%2C200&ssl=1","width":350,"height":200,"srcset":"https:\/\/i0.wp.com\/correiodasemana.com\/site\/wp-content\/uploads\/2020\/08\/imagem-fachada-uninta.jpg?resize=350%2C200&ssl=1 1x, https:\/\/i0.wp.com\/correiodasemana.com\/site\/wp-content\/uploads\/2020\/08\/imagem-fachada-uninta.jpg?resize=525%2C300&ssl=1 1.5x, https:\/\/i0.wp.com\/correiodasemana.com\/site\/wp-content\/uploads\/2020\/08\/imagem-fachada-uninta.jpg?resize=700%2C400&ssl=1 2x"},"classes":[]},{"id":11315,"url":"https:\/\/correiodasemana.com\/site\/agenda-uninta-4\/","url_meta":{"origin":11176,"position":1},"title":"Agenda Uninta","author":"","date":"Maio 7, 2020","format":false,"excerpt":"Informar \u00e9 preciso O curso de jornalismo do UNINTA n\u00e3o para. De forma remota os professores e estudantes continuam com os projetos de extens\u00e3o e quem segue o curso nas redes sociais pode acompanhar ciclos de palestras, podcasts, v\u00eddeos e lives com muitas informa\u00e7\u00f5es e ensinamentos. Celebrar \u00e9 vida O\u2026","rel":"","context":"In &quot;Agenda Uninta&quot;","block_context":{"text":"Agenda Uninta","link":"https:\/\/correiodasemana.com\/site\/category\/agenda-uninta\/"},"img":{"alt_text":"","src":"https:\/\/i0.wp.com\/correiodasemana.com\/site\/wp-content\/uploads\/2020\/05\/Turma-do-Alo-Universita-rio-09.jpg?resize=350%2C200&ssl=1","width":350,"height":200,"srcset":"https:\/\/i0.wp.com\/correiodasemana.com\/site\/wp-content\/uploads\/2020\/05\/Turma-do-Alo-Universita-rio-09.jpg?resize=350%2C200&ssl=1 1x, https:\/\/i0.wp.com\/correiodasemana.com\/site\/wp-content\/uploads\/2020\/05\/Turma-do-Alo-Universita-rio-09.jpg?resize=525%2C300&ssl=1 1.5x, https:\/\/i0.wp.com\/correiodasemana.com\/site\/wp-content\/uploads\/2020\/05\/Turma-do-Alo-Universita-rio-09.jpg?resize=700%2C400&ssl=1 2x, https:\/\/i0.wp.com\/correiodasemana.com\/site\/wp-content\/uploads\/2020\/05\/Turma-do-Alo-Universita-rio-09.jpg?resize=1050%2C600&ssl=1 3x"},"classes":[]},{"id":23257,"url":"https:\/\/correiodasemana.com\/site\/padre-lucas-do-nascimento-ficara-por-mais-tres-anos-a-frente-da-radio-educadora-e-jornal-correio-da-semana\/","url_meta":{"origin":11176,"position":2},"title":"Padre Lucas do Nascimento ficar\u00e1 por mais tr\u00eas anos \u00e0 frente da R\u00e1dio Educadora e Jornal Correio da Semana","author":"adminredacao","date":"Janeiro 31, 2023","format":false,"excerpt":"O bispo diocesano de Sobral, dom Jos\u00e9 Luiz Gomes, renovou por mais um tri\u00eanio as provis\u00f5es can\u00f4nicas do Pe. Lucas do Nascimento Moreira, respectivamente diretor do centen\u00e1rio jornal Correio da Semana e da R\u00e1dio Educadora do Nordeste FM 107,5. O jovem sacerdote assumiu a dire\u00e7\u00e3o do Jornal e da R\u00e1dio\u2026","rel":"","context":"In &quot;Atualidade&quot;","block_context":{"text":"Atualidade","link":"https:\/\/correiodasemana.com\/site\/category\/atualidade\/"},"img":{"alt_text":"","src":"https:\/\/i0.wp.com\/correiodasemana.com\/site\/wp-content\/uploads\/2023\/01\/PADRE-LUCAS-MOREIRA.jpg?resize=350%2C200&ssl=1","width":350,"height":200},"classes":[]},{"id":11017,"url":"https:\/\/correiodasemana.com\/site\/agenda-uninta\/","url_meta":{"origin":11176,"position":3},"title":"Agenda UNINTA","author":"","date":"Mar\u00e7o 2, 2020","format":false,"excerpt":"O aguardado est\u00e1gio Prevista para o pr\u00f3ximo dia 16\/03, a Cerim\u00f4nia do Blazer do curso de Jornalismo marca a entrada dos estudantes na disciplina de est\u00e1gio supervisionado. Empresas de Sobral acolhem os acad\u00e9micos, que podem exercitar a teoria aprendida em sala de aula. Importante momento para a fam\u00edlia e os\u2026","rel":"","context":"In &quot;Atualidade&quot;","block_context":{"text":"Atualidade","link":"https:\/\/correiodasemana.com\/site\/category\/atualidade\/"},"img":{"alt_text":"","src":"https:\/\/i0.wp.com\/correiodasemana.com\/site\/wp-content\/uploads\/2020\/03\/servi%C3%A7o-social.png?resize=350%2C200&ssl=1","width":350,"height":200},"classes":[]},{"id":11111,"url":"https:\/\/correiodasemana.com\/site\/agenda-uninta-2\/","url_meta":{"origin":11176,"position":4},"title":"Agenda Uninta","author":"","date":"Mar\u00e7o 9, 2020","format":false,"excerpt":"M\u00eas da Mulher O protagonismo das mulheres no Centro Universit\u00e1rio Inta - UNINTA \u00e9 uma m\u00e1xima. Das pr\u00f3-reitorias existentes, o total de seis s\u00e3o ocupadas por qualificadas gestoras. Na sala de aula n\u00e3o \u00e9 diferente. As professoras superam o n\u00famero total de professores e despontam como as principais respons\u00e1veis pela\u2026","rel":"","context":"In &quot;Agenda Uninta&quot;","block_context":{"text":"Agenda Uninta","link":"https:\/\/correiodasemana.com\/site\/category\/agenda-uninta\/"},"img":{"alt_text":"","src":"https:\/\/i0.wp.com\/correiodasemana.com\/site\/wp-content\/uploads\/2020\/03\/batch_image.png?resize=350%2C200&ssl=1","width":350,"height":200,"srcset":"https:\/\/i0.wp.com\/correiodasemana.com\/site\/wp-content\/uploads\/2020\/03\/batch_image.png?resize=350%2C200&ssl=1 1x, https:\/\/i0.wp.com\/correiodasemana.com\/site\/wp-content\/uploads\/2020\/03\/batch_image.png?resize=525%2C300&ssl=1 1.5x, https:\/\/i0.wp.com\/correiodasemana.com\/site\/wp-content\/uploads\/2020\/03\/batch_image.png?resize=700%2C400&ssl=1 2x, https:\/\/i0.wp.com\/correiodasemana.com\/site\/wp-content\/uploads\/2020\/03\/batch_image.png?resize=1050%2C600&ssl=1 3x, https:\/\/i0.wp.com\/correiodasemana.com\/site\/wp-content\/uploads\/2020\/03\/batch_image.png?resize=1400%2C800&ssl=1 4x"},"classes":[]},{"id":11558,"url":"https:\/\/correiodasemana.com\/site\/agenda-uninta-6\/","url_meta":{"origin":11176,"position":5},"title":"Agenda Uninta","author":"","date":"Julho 2, 2020","format":false,"excerpt":"Balan\u00e7o Geral Semestre chegando ao fim e \u00e9 chegada a hora de avaliar as atividades realizadas. Apesar da pandemia o curso de Jornalismo segue firme com seus projetos, eventos, palestras e bancas de TCC. Novos jornalistas formados e novos futuros jornalistas chegando. Parab\u00e9ns aos corpo docente e todos os estudantes\u2026","rel":"","context":"In &quot;Agenda Uninta&quot;","block_context":{"text":"Agenda Uninta","link":"https:\/\/correiodasemana.com\/site\/category\/agenda-uninta\/"},"img":{"alt_text":"","src":"https:\/\/i0.wp.com\/correiodasemana.com\/site\/wp-content\/uploads\/2020\/07\/OK-id-napsi-200x200-orhsai8nr33o1nv377n8ghchbhot7j8vcojghoxscw.jpg?resize=350%2C200&ssl=1","width":350,"height":200},"classes":[]}],"jetpack_sharing_enabled":true,"_links":{"self":[{"href":"https:\/\/correiodasemana.com\/site\/wp-json\/wp\/v2\/posts\/11176","targetHints":{"allow":["GET"]}}],"collection":[{"href":"https:\/\/correiodasemana.com\/site\/wp-json\/wp\/v2\/posts"}],"about":[{"href":"https:\/\/correiodasemana.com\/site\/wp-json\/wp\/v2\/types\/post"}],"author":[{"embeddable":true,"href":"https:\/\/correiodasemana.com\/site\/wp-json\/wp\/v2\/users\/1"}],"replies":[{"embeddable":true,"href":"https:\/\/correiodasemana.com\/site\/wp-json\/wp\/v2\/comments?post=11176"}],"version-history":[{"count":1,"href":"https:\/\/correiodasemana.com\/site\/wp-json\/wp\/v2\/posts\/11176\/revisions"}],"predecessor-version":[{"id":11183,"href":"https:\/\/correiodasemana.com\/site\/wp-json\/wp\/v2\/posts\/11176\/revisions\/11183"}],"wp:featuredmedia":[{"embeddable":true,"href":"https:\/\/correiodasemana.com\/site\/wp-json\/wp\/v2\/media\/11179"}],"wp:attachment":[{"href":"https:\/\/correiodasemana.com\/site\/wp-json\/wp\/v2\/media?parent=11176"}],"wp:term":[{"taxonomy":"category","embeddable":true,"href":"https:\/\/correiodasemana.com\/site\/wp-json\/wp\/v2\/categories?post=11176"},{"taxonomy":"post_tag","embeddable":true,"href":"https:\/\/correiodasemana.com\/site\/wp-json\/wp\/v2\/tags?post=11176"}],"curies":[{"name":"wp","href":"https:\/\/api.w.org\/{rel}","templated":true}]}}