{"id":11209,"date":"2020-03-18T04:48:22","date_gmt":"2020-03-18T04:48:22","guid":{"rendered":"https:\/\/correiodasemana.com\/site\/?p=11209"},"modified":"2020-03-18T04:48:22","modified_gmt":"2020-03-18T04:48:22","slug":"complexo-santa-casa-de-misericordia-de-sobral-promove-lancamento-de-projeto-que-beneficia-funcionarios-com-bolsas-de-estudo","status":"publish","type":"post","link":"https:\/\/correiodasemana.com\/site\/complexo-santa-casa-de-misericordia-de-sobral-promove-lancamento-de-projeto-que-beneficia-funcionarios-com-bolsas-de-estudo\/","title":{"rendered":"Complexo Santa Casa de Miseric\u00f3rdia de Sobral promove lan\u00e7amento de projeto que beneficia funcion\u00e1rios com bolsas de estudo"},"content":{"rendered":"<p>Com o objetivo beneficiar funcion\u00e1rios e seus filhos que possuam potencial acad\u00eamico, oportunizando um ensino de qualidade, com bolsas de estudos em Escolas particulares e Institui\u00e7\u00f5es de Ensino Superior privadas, o Complexo Santa Casa de Miseric\u00f3rdia de Sobral (SCMS) lan\u00e7ou, nesta quinta-feira (12\/03), o Projeto Filhos da Miseric\u00f3rdia. Ser\u00e3o beneficiados com este projeto, os funcion\u00e1rios de unidades do Complexo SCMS (Hospital Santa Casa de Miseric\u00f3rdia de Sobral, Hospital do Cora\u00e7\u00e3o, Hospital Dom Walfrido, Abrigo Sagrado Cora\u00e7\u00e3o de Jesus, Cl\u00ednica Dom Odelir e Visconde Hotel).<br \/>\nO lan\u00e7amento contou com a participa\u00e7\u00e3o do Provedor do Complexo e Bispo da Diocese de Sobral, Dom Jos\u00e9 Luiz Gomes de Vasconcelos. Ele destacou a import\u00e2ncia da valoriza\u00e7\u00e3o do funcion\u00e1rio para a melhoria da gest\u00e3o e do atendimento no Complexo. \u201cN\u00e3o adiantaria estruturas e aparelhos de \u00faltima gera\u00e7\u00e3o se n\u00e3o houvesse funcion\u00e1rios comprometidos na presta\u00e7\u00e3o de servi\u00e7o aos pacientes. Reconhecer o valor do funcion\u00e1rio \u00e9 uma forma de crescimento pessoal e organizacional, que repercute positivamente\u201d, disse Dom Vasconcelos.<br \/>\nTamb\u00e9m participaram do evento, o Diretor-geral do Complexo SCMS, Dr. Klebson Carvalho; o diretor t\u00e9cnico da Santa Casa, Dr. S\u00e1vio Arcanjo; a diretora de Enfermagem, Dra. Concei\u00e7\u00e3o Nunes; o diretor t\u00e9cnico do Hospital do Cora\u00e7\u00e3o, Dr. David Carneiro Neto; a diretora do Abrigo Sagrado Cora\u00e7\u00e3o de Jesus, Maria Eliane de Oliveira; o diretor administrativo do Visconde Hotel, Pe. Bosco; a secret\u00e1ria da sa\u00fade de Sobral, Dra. Regina C\u00e9lia Carvalho; e colaboradores de todas as unidades.<br \/>\nO Projeto Filhos da Miseric\u00f3rdia ofertar\u00e1 aos funcion\u00e1rios do Complexo SCMS anualmente, 33 bolsas integrais em cursos de gradua\u00e7\u00e3o de Institui\u00e7\u00f5es de Ensino Superior. A a\u00e7\u00e3o conta com a parceria do Centro Universit\u00e1rio Inta (UNINTA) e da Faculdade Luciano Feij\u00e3o (FLF). Al\u00e9m disso, o Projeto tamb\u00e9m beneficia os filhos dos funcion\u00e1rios. No in\u00edcio deste ano j\u00e1 foram entregues seis bolsas de estudo em col\u00e9gios particulares aos filhos dos colaboradores por meio da parceria entre Santa Casa de Miseric\u00f3rdia de Sobral e os Col\u00e9gios Luciano Feij\u00e3o, Jos\u00e9 Rom\u00e3o e S\u00e3o Francisco de Assis.<br \/>\nTamb\u00e9m participaram do lan\u00e7amento, a diretora do Col\u00e9gio Jos\u00e9 Rom\u00e3o, Maria Lourani Rom\u00e3o; a coordenadora administrativa da Escola S\u00e3o Francisco, Diana Ximenes; a Diretora-geral da Faculdade Luciano Feij\u00e3o, Isabel de Aguiar Pontes; e da Diretora do Centro de Ci\u00eancias Humanas e Exatas do UNINTA, Profa. Eliza Ang\u00e9lica Rodrigues. O momento contou com o depoimento da t\u00e9cnica de enfermagem da Santa Casa, Carla Andr\u00e9ia Bezerra Alves. Ela foi beneficiada com uma bolsa de estudos para a filha. \u201cO projeto faz com que o funcion\u00e1rio trabalhe satisfeito. Me sinto valorizada, pois minha filha est\u00e1 feliz com essa oportunidade\u201d, disse a funcion\u00e1ria.<br \/>\nPara o Diretor-geral, valorizar os colaboradores tamb\u00e9m \u00e9 miss\u00e3o da gest\u00e3o. \u201cN\u00e3o basta termos vontade, \u00e9 preciso termos metodologia e planejamento para atingir as metas, e para que nossas lideran\u00e7as possam cada vez mais materializar com \u00eaxito, com efici\u00eancia e com qualidade os ideais de Dom Jos\u00e9 Tupinamb\u00e1, fundador de nossa Institui\u00e7\u00e3o\u201d, destacou, Klebson Carvalho.<\/p>\n<p><img fetchpriority=\"high\" decoding=\"async\" class=\"aligncenter size-medium wp-image-11210\" src=\"https:\/\/correiodasemana.com\/site\/wp-content\/uploads\/2020\/03\/Foto-1-1-300x171.jpg\" alt=\"\" width=\"300\" height=\"171\" \/> <img decoding=\"async\" class=\"aligncenter size-medium wp-image-11211\" src=\"https:\/\/correiodasemana.com\/site\/wp-content\/uploads\/2020\/03\/Foto-2-300x194.jpg\" alt=\"\" width=\"300\" height=\"194\" \/><\/p>\n","protected":false},"excerpt":{"rendered":"<p>Com o objetivo beneficiar funcion\u00e1rios e seus filhos que possuam potencial acad\u00eamico, oportunizando um ensino&#8230;<\/p>\n","protected":false},"author":1,"featured_media":11210,"comment_status":"open","ping_status":"open","sticky":false,"template":"","format":"standard","meta":{"_jetpack_memberships_contains_paid_content":false,"footnotes":"","jetpack_publicize_message":"","jetpack_publicize_feature_enabled":true,"jetpack_social_post_already_shared":true,"jetpack_social_options":{"image_generator_settings":{"template":"highway","default_image_id":0,"font":"","enabled":false},"version":2}},"categories":[1],"tags":[],"class_list":["post-11209","post","type-post","status-publish","format-standard","has-post-thumbnail","hentry","category-atualidade"],"jetpack_publicize_connections":[],"jetpack_featured_media_url":"https:\/\/correiodasemana.com\/site\/wp-content\/uploads\/2020\/03\/Foto-1-1-scaled-e1584506858418.jpg","jetpack-related-posts":[{"id":10694,"url":"https:\/\/correiodasemana.com\/site\/santa-casa-de-misericordia-de-sobral-oficializa-parceria-com-colegios-particulares-e-lanca-projeto-filhos-da-misericordia\/","url_meta":{"origin":11209,"position":0},"title":"Santa Casa de Miseric\u00f3rdia de Sobral oficializa parceria com col\u00e9gios particulares e lan\u00e7a Projeto Filhos da Miseric\u00f3rdia","author":"","date":"Fevereiro 3, 2020","format":false,"excerpt":"Representantes do\u00a0Col\u00e9gio Luciano Feij\u00e3o,\u00a0Col\u00e9gio Jos\u00e9 Rom\u00e3o\u00a0e\u00a0Escola S\u00e3o Francisco de Assis\u00a0participaram de cerim\u00f4nia de entrega de bolsas de estudos integrais para filhos de funcion\u00e1rios. Assessoria de Comunica\u00e7\u00e3o do Complexo SCMS A Santa Casa de Miseric\u00f3rdia de Sobral (SCMS) realizou na sexta-feira (24\/01) o lan\u00e7amento do\u00a0Projeto Filhos da Miseric\u00f3rdia, com a entrega\u2026","rel":"","context":"In &quot;Atualidade&quot;","block_context":{"text":"Atualidade","link":"https:\/\/correiodasemana.com\/site\/category\/atualidade\/"},"img":{"alt_text":"","src":"https:\/\/i0.wp.com\/correiodasemana.com\/site\/wp-content\/uploads\/2020\/02\/Foto-principal.jpg?resize=350%2C200&ssl=1","width":350,"height":200,"srcset":"https:\/\/i0.wp.com\/correiodasemana.com\/site\/wp-content\/uploads\/2020\/02\/Foto-principal.jpg?resize=350%2C200&ssl=1 1x, https:\/\/i0.wp.com\/correiodasemana.com\/site\/wp-content\/uploads\/2020\/02\/Foto-principal.jpg?resize=525%2C300&ssl=1 1.5x, https:\/\/i0.wp.com\/correiodasemana.com\/site\/wp-content\/uploads\/2020\/02\/Foto-principal.jpg?resize=700%2C400&ssl=1 2x"},"classes":[]},{"id":17342,"url":"https:\/\/correiodasemana.com\/site\/santa-casa-de-sobral-entrega-bolsas-de-estudos-aos-funcionarios-e-filhos-de-colaboradores\/","url_meta":{"origin":11209,"position":1},"title":"Santa Casa de Sobral entrega bolsas de estudos aos funcion\u00e1rios e filhos de colaboradores","author":"","date":"Agosto 30, 2021","format":false,"excerpt":"O Programa acontece com a parceria do Centro Universit\u00e1rio Inta (UNINTA) e nesta edi\u00e7\u00e3o contemplou nove pessoas. Ascom Complexo SCMS O Complexo Santa Casa de Miseric\u00f3rdia de Sobral entregou, na quarta-feira (18\/08), bolsas de estudos aos colaboradores e filhos de funcion\u00e1rios que participaram da sele\u00e7\u00e3o 2021.2 do Programa Filhos da\u2026","rel":"","context":"In &quot;Atualidade&quot;","block_context":{"text":"Atualidade","link":"https:\/\/correiodasemana.com\/site\/category\/atualidade\/"},"img":{"alt_text":"","src":"https:\/\/i0.wp.com\/correiodasemana.com\/site\/wp-content\/uploads\/2021\/08\/Foto-1-4-scaled.jpg?resize=350%2C200&ssl=1","width":350,"height":200,"srcset":"https:\/\/i0.wp.com\/correiodasemana.com\/site\/wp-content\/uploads\/2021\/08\/Foto-1-4-scaled.jpg?resize=350%2C200&ssl=1 1x, https:\/\/i0.wp.com\/correiodasemana.com\/site\/wp-content\/uploads\/2021\/08\/Foto-1-4-scaled.jpg?resize=525%2C300&ssl=1 1.5x, https:\/\/i0.wp.com\/correiodasemana.com\/site\/wp-content\/uploads\/2021\/08\/Foto-1-4-scaled.jpg?resize=700%2C400&ssl=1 2x, https:\/\/i0.wp.com\/correiodasemana.com\/site\/wp-content\/uploads\/2021\/08\/Foto-1-4-scaled.jpg?resize=1050%2C600&ssl=1 3x, https:\/\/i0.wp.com\/correiodasemana.com\/site\/wp-content\/uploads\/2021\/08\/Foto-1-4-scaled.jpg?resize=1400%2C800&ssl=1 4x"},"classes":[]},{"id":10518,"url":"https:\/\/correiodasemana.com\/site\/complexo-santa-casa-de-misericordia-de-sobral-lanca-projeto-gestao-por-competencias-visando-melhoria-dos-processos-internos-do-hospital\/","url_meta":{"origin":11209,"position":2},"title":"Complexo Santa Casa de Miseric\u00f3rdia de Sobral lan\u00e7a projeto Gest\u00e3o por Compet\u00eancias visando melhoria dos processos internos do hospital","author":"","date":"Janeiro 22, 2020","format":false,"excerpt":"Assessoria de Comunica\u00e7\u00e3o do Complexo Santa Casa de Miseric\u00f3rdia de Sobral O Complexo Santa Casa de Miseric\u00f3rdia de Sobral (SCMS) lan\u00e7ou, na ter\u00e7a-feira (14\/01), o projeto Gest\u00e3o por Compet\u00eancias. O objetivo da a\u00e7\u00e3o \u00e9 possibilitar ao hospital uma melhor gest\u00e3o de seus Recursos Humanos, bem como possibilitar o desenvolvimento de\u2026","rel":"","context":"In &quot;Santa Casa&quot;","block_context":{"text":"Santa Casa","link":"https:\/\/correiodasemana.com\/site\/category\/santa-casa\/"},"img":{"alt_text":"","src":"https:\/\/i0.wp.com\/correiodasemana.com\/site\/wp-content\/uploads\/2020\/01\/IMG_9397-scaled.jpg?resize=350%2C200&ssl=1","width":350,"height":200,"srcset":"https:\/\/i0.wp.com\/correiodasemana.com\/site\/wp-content\/uploads\/2020\/01\/IMG_9397-scaled.jpg?resize=350%2C200&ssl=1 1x, https:\/\/i0.wp.com\/correiodasemana.com\/site\/wp-content\/uploads\/2020\/01\/IMG_9397-scaled.jpg?resize=525%2C300&ssl=1 1.5x, https:\/\/i0.wp.com\/correiodasemana.com\/site\/wp-content\/uploads\/2020\/01\/IMG_9397-scaled.jpg?resize=700%2C400&ssl=1 2x, https:\/\/i0.wp.com\/correiodasemana.com\/site\/wp-content\/uploads\/2020\/01\/IMG_9397-scaled.jpg?resize=1050%2C600&ssl=1 3x, https:\/\/i0.wp.com\/correiodasemana.com\/site\/wp-content\/uploads\/2020\/01\/IMG_9397-scaled.jpg?resize=1400%2C800&ssl=1 4x"},"classes":[]},{"id":10755,"url":"https:\/\/correiodasemana.com\/site\/campanha-de-doacao-em-hospital-de-sobral-arrecada-195-bolsas-de-sangue-e-beneficiara-cerca-de-800-pessoas\/","url_meta":{"origin":11209,"position":3},"title":"Campanha de doa\u00e7\u00e3o em Hospital de Sobral arrecada 195 bolsas de sangue e beneficiar\u00e1 cerca de 800 pessoas","author":"","date":"Fevereiro 10, 2020","format":false,"excerpt":"Campanha de dois dias foi uma parceria entre a Santa Casa de Miseric\u00f3rdia de Sobral (SCMS) e o Hemoce (Centro de Hematologia e Hemoterapia do Cear\u00e1) e ajudar\u00e1 cerca de 780 pessoas Com a proximidade de grandes feriados nacionais, como o Carnaval que se aproxima, e pensando em salvar vidas,\u2026","rel":"","context":"In &quot;Atualidade&quot;","block_context":{"text":"Atualidade","link":"https:\/\/correiodasemana.com\/site\/category\/atualidade\/"},"img":{"alt_text":"","src":"https:\/\/i0.wp.com\/correiodasemana.com\/site\/wp-content\/uploads\/2020\/02\/Campanha-doa%C3%A7%C3%A3o-1.jpg?resize=350%2C200&ssl=1","width":350,"height":200,"srcset":"https:\/\/i0.wp.com\/correiodasemana.com\/site\/wp-content\/uploads\/2020\/02\/Campanha-doa%C3%A7%C3%A3o-1.jpg?resize=350%2C200&ssl=1 1x, https:\/\/i0.wp.com\/correiodasemana.com\/site\/wp-content\/uploads\/2020\/02\/Campanha-doa%C3%A7%C3%A3o-1.jpg?resize=525%2C300&ssl=1 1.5x, https:\/\/i0.wp.com\/correiodasemana.com\/site\/wp-content\/uploads\/2020\/02\/Campanha-doa%C3%A7%C3%A3o-1.jpg?resize=700%2C400&ssl=1 2x, https:\/\/i0.wp.com\/correiodasemana.com\/site\/wp-content\/uploads\/2020\/02\/Campanha-doa%C3%A7%C3%A3o-1.jpg?resize=1050%2C600&ssl=1 3x, https:\/\/i0.wp.com\/correiodasemana.com\/site\/wp-content\/uploads\/2020\/02\/Campanha-doa%C3%A7%C3%A3o-1.jpg?resize=1400%2C800&ssl=1 4x"},"classes":[]},{"id":15213,"url":"https:\/\/correiodasemana.com\/site\/complexo-santa-casa-de-misericordia-de-sobral-emociona-pacientes-e-funcionarios-com-semana-natalina\/","url_meta":{"origin":11209,"position":4},"title":"Complexo Santa Casa de Miseric\u00f3rdia de Sobral emociona pacientes e funcion\u00e1rios com semana natalina","author":"","date":"Dezembro 27, 2020","format":false,"excerpt":"A\u00e7\u00f5es aconteceram simultaneamente em todas as unidades do Complexo SCMS. Ascom Complexo SCMS Visando levar mensagens de for\u00e7a, alegria e esperan\u00e7a \u00e0 pacientes e funcion\u00e1rios, o esp\u00edrito natalino invadiu todas as unidades do Complexo Santa Casa de Miseric\u00f3rdia de Sobral na semana de 14 a 18 de dezembro. A emo\u00e7\u00e3o\u2026","rel":"","context":"In &quot;Atualidade&quot;","block_context":{"text":"Atualidade","link":"https:\/\/correiodasemana.com\/site\/category\/atualidade\/"},"img":{"alt_text":"","src":"https:\/\/i0.wp.com\/correiodasemana.com\/site\/wp-content\/uploads\/2020\/12\/Foto-2-2.jpg?resize=350%2C200&ssl=1","width":350,"height":200,"srcset":"https:\/\/i0.wp.com\/correiodasemana.com\/site\/wp-content\/uploads\/2020\/12\/Foto-2-2.jpg?resize=350%2C200&ssl=1 1x, https:\/\/i0.wp.com\/correiodasemana.com\/site\/wp-content\/uploads\/2020\/12\/Foto-2-2.jpg?resize=525%2C300&ssl=1 1.5x, https:\/\/i0.wp.com\/correiodasemana.com\/site\/wp-content\/uploads\/2020\/12\/Foto-2-2.jpg?resize=700%2C400&ssl=1 2x"},"classes":[]},{"id":19895,"url":"https:\/\/correiodasemana.com\/site\/funcionarios-e-pacientes-da-santa-casa-de-misericordia-de-sobral-celebram-97-anos-do-hospital-em-missa-de-acao-de-gracas\/","url_meta":{"origin":11209,"position":5},"title":"Funcion\u00e1rios e pacientes da Santa Casa de Miseric\u00f3rdia de Sobral celebram 97 anos do hospital em missa de A\u00e7\u00e3o de Gra\u00e7as","author":"","date":"Maio 30, 2022","format":false,"excerpt":"V\u00e1rios momentos emocionantes marcaram a celebra\u00e7\u00e3o que foi presidida pelo bispo da Diocese de Sobral e provedor do hospital, Dom Jos\u00e9 Luiz Gomes de Vasconcelos. Ascom Complexo SCMS Em comemora\u00e7\u00e3o aos 97 anos da Santa Casa de Miseric\u00f3rdia de Sobral (SCMS), hospital refer\u00eancia em sa\u00fade para Sobral e outros 55\u2026","rel":"","context":"In &quot;Atualidade&quot;","block_context":{"text":"Atualidade","link":"https:\/\/correiodasemana.com\/site\/category\/atualidade\/"},"img":{"alt_text":"","src":"https:\/\/i0.wp.com\/correiodasemana.com\/site\/wp-content\/uploads\/2022\/05\/celebracao-sata-casa-1.jpg?resize=350%2C200&ssl=1","width":350,"height":200,"srcset":"https:\/\/i0.wp.com\/correiodasemana.com\/site\/wp-content\/uploads\/2022\/05\/celebracao-sata-casa-1.jpg?resize=350%2C200&ssl=1 1x, https:\/\/i0.wp.com\/correiodasemana.com\/site\/wp-content\/uploads\/2022\/05\/celebracao-sata-casa-1.jpg?resize=525%2C300&ssl=1 1.5x, https:\/\/i0.wp.com\/correiodasemana.com\/site\/wp-content\/uploads\/2022\/05\/celebracao-sata-casa-1.jpg?resize=700%2C400&ssl=1 2x"},"classes":[]}],"jetpack_sharing_enabled":true,"_links":{"self":[{"href":"https:\/\/correiodasemana.com\/site\/wp-json\/wp\/v2\/posts\/11209","targetHints":{"allow":["GET"]}}],"collection":[{"href":"https:\/\/correiodasemana.com\/site\/wp-json\/wp\/v2\/posts"}],"about":[{"href":"https:\/\/correiodasemana.com\/site\/wp-json\/wp\/v2\/types\/post"}],"author":[{"embeddable":true,"href":"https:\/\/correiodasemana.com\/site\/wp-json\/wp\/v2\/users\/1"}],"replies":[{"embeddable":true,"href":"https:\/\/correiodasemana.com\/site\/wp-json\/wp\/v2\/comments?post=11209"}],"version-history":[{"count":1,"href":"https:\/\/correiodasemana.com\/site\/wp-json\/wp\/v2\/posts\/11209\/revisions"}],"predecessor-version":[{"id":11213,"href":"https:\/\/correiodasemana.com\/site\/wp-json\/wp\/v2\/posts\/11209\/revisions\/11213"}],"wp:featuredmedia":[{"embeddable":true,"href":"https:\/\/correiodasemana.com\/site\/wp-json\/wp\/v2\/media\/11210"}],"wp:attachment":[{"href":"https:\/\/correiodasemana.com\/site\/wp-json\/wp\/v2\/media?parent=11209"}],"wp:term":[{"taxonomy":"category","embeddable":true,"href":"https:\/\/correiodasemana.com\/site\/wp-json\/wp\/v2\/categories?post=11209"},{"taxonomy":"post_tag","embeddable":true,"href":"https:\/\/correiodasemana.com\/site\/wp-json\/wp\/v2\/tags?post=11209"}],"curies":[{"name":"wp","href":"https:\/\/api.w.org\/{rel}","templated":true}]}}