{"id":11214,"date":"2020-03-18T04:50:13","date_gmt":"2020-03-18T04:50:13","guid":{"rendered":"https:\/\/correiodasemana.com\/site\/?p=11214"},"modified":"2020-03-18T04:50:13","modified_gmt":"2020-03-18T04:50:13","slug":"panorama-politico-34","status":"publish","type":"post","link":"https:\/\/correiodasemana.com\/site\/panorama-politico-34\/","title":{"rendered":"Panorama Pol\u00edtico"},"content":{"rendered":"<p><strong>Vereadora Socorrinha Brasileiro, outorga t\u00edtulo Mulher Admir\u00e1vel Thomaz Ramos<\/strong><br \/>\nA vereadora Socorrinha Brasileiro (PDT), apresentou no Plen\u00e1rio da C\u00e2mara Municipal projeto de decreto legislativo outorgando o titulo de Mulher Admir\u00e1vel Dinorah Thomaz Ramos a Senhora Ada Pimentel Gomes Fernandes Vieira. Socorrinha apresentou tamb\u00e9m mo\u00e7\u00e3o de congratula\u00e7\u00f5es a celebra\u00e7\u00e3o do ano do centen\u00e1rio do ex-deputado federal e ex-prefeito de Sobral, C\u00e9s\u00e1rio Barreto Lima (in memoriam). Atrav\u00e9s de requerimento, a vereadora do PDT, indica com urg\u00eancia a reforma do estacionamento da pol\u00edcia militar do distrito de Taperuaba. Indica ainda o recapeamento asf\u00e1ltico na Av. Nossa Senhora do Carmo, distrito de Taperuaba. Socorrinha, requer a constru\u00e7\u00e3o de uma Areninha no distrito de Bilheira, no munic\u00edpio de Sobral. Finalmente indica a vistoria e reforma da parede e sangradouro do A\u00e7ude Dr. Camilo Calazans, popularmente conhecido como A\u00e7ude Sonrisal em Taperuaba.<\/p>\n<p><strong>Vereador Joaquim Feij\u00e3o apresenta mo\u00e7\u00e3o de congratula\u00e7\u00f5es a mestra Jacira Pimentel Gomes pela passagem dos seus 100 anos<\/strong><br \/>\nO vereador Joaquim Feij\u00e3o apresentou no Plen\u00e1rio da C\u00e2mara Municipal mo\u00e7\u00e3o de Congratula\u00e7\u00f5es a mestra Jacira Pimentel Gomes, pela passagem dos seus 100 anos. Joaquim pede as autoridades competentes a constru\u00e7\u00e3o no assentamento das casinhas de um anexo do posto de sa\u00fade do distrito de Caracar\u00e1. Indica ainda a constru\u00e7\u00e3o de uma pra\u00e7a com parque infantil e academia de sa\u00fade na Rua Calbir Vasconcelos (ao lado do SAAE no Bairro Dom Expedito). O vereador do PDT indica a constru\u00e7\u00e3o de uma pra\u00e7a na Rua Eduardo de Almeida Sanford com a Rua Paulo Sexto no Bairro Domingos Ol\u00edmpio ao lado do Galp\u00e3o da Agricultura Familiar. Solicita com urg\u00eancia a implanta\u00e7\u00e3o de um Centro de Educa\u00e7\u00e3o Infantil (CEI) no Bairro Dom Expedito. Joaquim solicita pavimenta\u00e7\u00e3o em pedra-tosca na Rua Otac\u00edlio Cunha no Bairro Jocelir Dantas de Andrade.<\/p>\n<p><strong>Vereador Junior Balreira solicita saneamento b\u00e1sico para diversas comunidades<\/strong><br \/>\nO vereador Junior Balreira (MDB), preocupado com o bem-estar da popula\u00e7\u00e3o de Sobral e distritos apresentou no Plen\u00e1rio da C\u00e2mara Municipal diversos requerimentos e indica\u00e7\u00f5es solicitando benfeitoria para a popula\u00e7\u00e3o de Sobral e distritos. Tendo indicado com urg\u00eancia saneamento b\u00e1sico para a Travessa Margarida Quinto Guilherme no Bairro Antonio Carlos Belchior (antigo Corte Oito). Solicitou ainda saneamento b\u00e1sico para a Trav. Luiz Batista dos Santos, tamb\u00e9m no Bairro Antonio Carlos Belchior. O vereador do MDB, solicitou com urg\u00eancia pavimenta\u00e7\u00e3o em pedra-tosca para a Rua Diogo Duarte no Bairro Antonio Carlos Belchior. Pede ainda a implanta\u00e7\u00e3o de saneamento b\u00e1sico para as ruas Luiz Batista dos Santos e Marlene Diogo Duarte no Bairro Antonio Belchior.<\/p>\n<p><strong>Vereadora Fransquinha do Povo solicita a constru\u00e7\u00e3o de um PSF em S\u00e3o Jos\u00e9 do Torto<\/strong><br \/>\nA vereadora Fransquinha do Povo apresentou no Plen\u00e1rio 05 de Julho diversos requerimentos e indica\u00e7\u00f5es solicitando a constru\u00e7\u00e3o de uma Academia Popular na Pra\u00e7a que fica pr\u00f3ximo a igreja do distrito de S\u00e3o Jos\u00e9 do Torto. Indica tamb\u00e9m pavimenta\u00e7\u00e3o em Pedra Tosca na Rua Parente de Aguiar. A constru\u00e7\u00e3o de um cal\u00e7ad\u00e3o com postes de ilumina\u00e7\u00e3o e com l\u00e2mpadas de led na Av. Agenor Ribeiro no distrito de Torto. Solicita a constru\u00e7\u00e3o de um PSF de Sa\u00fade no distrito de S\u00e3o Jos\u00e9 do Torto. A vereadora do MDB Vereadora Fransquinha do Povo indica a implanta\u00e7\u00e3o de equipamentos de gin\u00e1sticas (Academia Popular) na Pra\u00e7a pr\u00f3ximo a Igreja Matriz. Solicita o pi\u00e7arramento das estradas das localidades de Recreio, Ouro Branco situadas nas proximidades do distrito de Rafael Arruda.<\/p>\n","protected":false},"excerpt":{"rendered":"<p>Vereadora Socorrinha Brasileiro, outorga t\u00edtulo Mulher Admir\u00e1vel Thomaz Ramos A vereadora Socorrinha Brasileiro (PDT), apresentou&#8230;<\/p>\n","protected":false},"author":1,"featured_media":9285,"comment_status":"open","ping_status":"open","sticky":false,"template":"","format":"standard","meta":{"_jetpack_memberships_contains_paid_content":false,"footnotes":"","jetpack_publicize_message":"","jetpack_publicize_feature_enabled":true,"jetpack_social_post_already_shared":true,"jetpack_social_options":{"image_generator_settings":{"template":"highway","default_image_id":0,"font":"","enabled":false},"version":2}},"categories":[11,46],"tags":[],"class_list":["post-11214","post","type-post","status-publish","format-standard","has-post-thumbnail","hentry","category-artigos","category-panorama-politico"],"jetpack_publicize_connections":[],"jetpack_featured_media_url":"https:\/\/correiodasemana.com\/site\/wp-content\/uploads\/2019\/09\/camara-de-sobral.jpeg","jetpack-related-posts":[{"id":9623,"url":"https:\/\/correiodasemana.com\/site\/panorama-politico-17\/","url_meta":{"origin":11214,"position":0},"title":"Panorama Pol\u00edtico","author":"","date":"Outubro 28, 2019","format":false,"excerpt":"Adutora da Serra do Ros\u00e1rio est\u00e1 em plena execu\u00e7\u00e3o e vai beneficiar 2.300 habitantes O t\u00e3o esperado sistema de abastecimento de \u00e1gua da Serra do Ros\u00e1rio est\u00e1 em dias de ser conclu\u00eddo. Desde fevereiro as obras da adutora daquela regi\u00e3o est\u00e3o em pleno execu\u00e7\u00e3o. Com previs\u00e3o de ser conclu\u00edda at\u00e9\u2026","rel":"","context":"In &quot;Artigos&quot;","block_context":{"text":"Artigos","link":"https:\/\/correiodasemana.com\/site\/category\/artigos\/"},"img":{"alt_text":"","src":"https:\/\/i0.wp.com\/correiodasemana.com\/site\/wp-content\/uploads\/2019\/09\/camara-de-sobral.jpeg?resize=350%2C200&ssl=1","width":350,"height":200,"srcset":"https:\/\/i0.wp.com\/correiodasemana.com\/site\/wp-content\/uploads\/2019\/09\/camara-de-sobral.jpeg?resize=350%2C200&ssl=1 1x, https:\/\/i0.wp.com\/correiodasemana.com\/site\/wp-content\/uploads\/2019\/09\/camara-de-sobral.jpeg?resize=525%2C300&ssl=1 1.5x, https:\/\/i0.wp.com\/correiodasemana.com\/site\/wp-content\/uploads\/2019\/09\/camara-de-sobral.jpeg?resize=700%2C400&ssl=1 2x"},"classes":[]},{"id":10875,"url":"https:\/\/correiodasemana.com\/site\/panorama-politica-2\/","url_meta":{"origin":11214,"position":1},"title":"Panorama Pol\u00edtica","author":"","date":"Fevereiro 17, 2020","format":false,"excerpt":"Prefeito Ivo Gomes apresentou novo projeto do Aeroporto de Sobral O prefeito Ivo Gomes recebeu o secret\u00e1rio da Infraestrutura do Estado, L\u00facio Gomes, para discutir sobre o novo aeroporto de Sobral. O projeto foi apresentado em uma audi\u00eancia p\u00fablica realizada pela secretaria do Detran. \u201cEnxergamos que esse empreendimento vai de\u2026","rel":"","context":"In &quot;Artigos&quot;","block_context":{"text":"Artigos","link":"https:\/\/correiodasemana.com\/site\/category\/artigos\/"},"img":{"alt_text":"","src":"https:\/\/i0.wp.com\/correiodasemana.com\/site\/wp-content\/uploads\/2019\/09\/camara-de-sobral.jpeg?resize=350%2C200&ssl=1","width":350,"height":200,"srcset":"https:\/\/i0.wp.com\/correiodasemana.com\/site\/wp-content\/uploads\/2019\/09\/camara-de-sobral.jpeg?resize=350%2C200&ssl=1 1x, https:\/\/i0.wp.com\/correiodasemana.com\/site\/wp-content\/uploads\/2019\/09\/camara-de-sobral.jpeg?resize=525%2C300&ssl=1 1.5x, https:\/\/i0.wp.com\/correiodasemana.com\/site\/wp-content\/uploads\/2019\/09\/camara-de-sobral.jpeg?resize=700%2C400&ssl=1 2x"},"classes":[]},{"id":10022,"url":"https:\/\/correiodasemana.com\/site\/panorama-politico-22\/","url_meta":{"origin":11214,"position":2},"title":"Panorama Pol\u00edtico","author":"","date":"Dezembro 2, 2019","format":false,"excerpt":"Sobral conquista 1\u00ba lugar da Educa\u00e7\u00e3o Brasileira Sobral, conquistou, pela terceira vez consecutiva, a maior nota do Brasil, no \u00edndice de Oportunidades da Educa\u00e7\u00e3o Brasileira (IOB-2019), com nota 6,6, Sobral supera as m\u00e9dias nacionais (4,7) e cearense (5,1) e apresentou um crescimento (0,5 pontos). Desde quando o indicador foi divulgado\u2026","rel":"","context":"In &quot;Artigos&quot;","block_context":{"text":"Artigos","link":"https:\/\/correiodasemana.com\/site\/category\/artigos\/"},"img":{"alt_text":"","src":"https:\/\/i0.wp.com\/correiodasemana.com\/site\/wp-content\/uploads\/2019\/09\/camara-de-sobral.jpeg?resize=350%2C200&ssl=1","width":350,"height":200,"srcset":"https:\/\/i0.wp.com\/correiodasemana.com\/site\/wp-content\/uploads\/2019\/09\/camara-de-sobral.jpeg?resize=350%2C200&ssl=1 1x, https:\/\/i0.wp.com\/correiodasemana.com\/site\/wp-content\/uploads\/2019\/09\/camara-de-sobral.jpeg?resize=525%2C300&ssl=1 1.5x, https:\/\/i0.wp.com\/correiodasemana.com\/site\/wp-content\/uploads\/2019\/09\/camara-de-sobral.jpeg?resize=700%2C400&ssl=1 2x"},"classes":[]},{"id":10951,"url":"https:\/\/correiodasemana.com\/site\/panorama-politico-31\/","url_meta":{"origin":11214,"position":3},"title":"Panorama Pol\u00edtico","author":"","date":"Fevereiro 25, 2020","format":false,"excerpt":"Banco Mundial destaca educa\u00e7\u00e3o em Sobral como exemplo de boas pr\u00e1ticas para outros pa\u00edses Agora, internacionalmente conhecida como \u201cCase de sucesso no Brasil\u201d, a educa\u00e7\u00e3o de Sobral foi tema de reuni\u00e3o da comitiva do Banco Mundial no Centro de Conven\u00e7\u00f5es com o prefeito Ivo Gomes. O objetivo do encontro foi\u2026","rel":"","context":"In &quot;Artigos&quot;","block_context":{"text":"Artigos","link":"https:\/\/correiodasemana.com\/site\/category\/artigos\/"},"img":{"alt_text":"","src":"https:\/\/i0.wp.com\/correiodasemana.com\/site\/wp-content\/uploads\/2019\/09\/camara-de-sobral.jpeg?resize=350%2C200&ssl=1","width":350,"height":200,"srcset":"https:\/\/i0.wp.com\/correiodasemana.com\/site\/wp-content\/uploads\/2019\/09\/camara-de-sobral.jpeg?resize=350%2C200&ssl=1 1x, https:\/\/i0.wp.com\/correiodasemana.com\/site\/wp-content\/uploads\/2019\/09\/camara-de-sobral.jpeg?resize=525%2C300&ssl=1 1.5x, https:\/\/i0.wp.com\/correiodasemana.com\/site\/wp-content\/uploads\/2019\/09\/camara-de-sobral.jpeg?resize=700%2C400&ssl=1 2x"},"classes":[]},{"id":8688,"url":"https:\/\/correiodasemana.com\/site\/panorama-politico-6\/","url_meta":{"origin":11214,"position":4},"title":"Panorama Pol\u00edtico","author":"","date":"Agosto 17, 2019","format":false,"excerpt":"Prefeito Gerl\u00e1sio Loiola faz grande administra\u00e7\u00e3o O prefeito de Forquilha, Gerl\u00e1sio Loiola, a cada dia que passa tem melhorado seu desempenho administrativo. Agora mesmo, as ruas receberam asfaltamento dando um brilho todo especial nas ruas do munic\u00edpio. A nova rodovi\u00e1ria est\u00e1 sendo constru\u00edda para dar melhor qualidade de vida ao\u2026","rel":"","context":"In &quot;Artigos&quot;","block_context":{"text":"Artigos","link":"https:\/\/correiodasemana.com\/site\/category\/artigos\/"},"img":{"alt_text":"","src":"https:\/\/i0.wp.com\/correiodasemana.com\/site\/wp-content\/uploads\/2019\/08\/urna_lecr-e1447217261594.jpg?resize=350%2C200&ssl=1","width":350,"height":200,"srcset":"https:\/\/i0.wp.com\/correiodasemana.com\/site\/wp-content\/uploads\/2019\/08\/urna_lecr-e1447217261594.jpg?resize=350%2C200&ssl=1 1x, https:\/\/i0.wp.com\/correiodasemana.com\/site\/wp-content\/uploads\/2019\/08\/urna_lecr-e1447217261594.jpg?resize=525%2C300&ssl=1 1.5x, https:\/\/i0.wp.com\/correiodasemana.com\/site\/wp-content\/uploads\/2019\/08\/urna_lecr-e1447217261594.jpg?resize=700%2C400&ssl=1 2x, https:\/\/i0.wp.com\/correiodasemana.com\/site\/wp-content\/uploads\/2019\/08\/urna_lecr-e1447217261594.jpg?resize=1050%2C600&ssl=1 3x, https:\/\/i0.wp.com\/correiodasemana.com\/site\/wp-content\/uploads\/2019\/08\/urna_lecr-e1447217261594.jpg?resize=1400%2C800&ssl=1 4x"},"classes":[]},{"id":9526,"url":"https:\/\/correiodasemana.com\/site\/panorama-politico-16\/","url_meta":{"origin":11214,"position":5},"title":"Panorama Pol\u00edtico","author":"","date":"Outubro 22, 2019","format":false,"excerpt":"Prefeito Elmo Aguiar amplia sistema de abastecimento d\u2019\u00e1gua em Muquem e Santo Antonio O prefeito de Carir\u00e9, Elmo Aguiar, visando a melhoria de vida da popula\u00e7\u00e3o carireense, atrav\u00e9s da secretaria de infraestrutura e desenvolvimento e meio ambiente, vem lutando muito pela amplia\u00e7\u00e3o e melhoria dos sistemas de abastecimento d\u2019\u00e1gua das\u2026","rel":"","context":"In &quot;Artigos&quot;","block_context":{"text":"Artigos","link":"https:\/\/correiodasemana.com\/site\/category\/artigos\/"},"img":{"alt_text":"","src":"https:\/\/i0.wp.com\/correiodasemana.com\/site\/wp-content\/uploads\/2019\/09\/camara-de-sobral.jpeg?resize=350%2C200&ssl=1","width":350,"height":200,"srcset":"https:\/\/i0.wp.com\/correiodasemana.com\/site\/wp-content\/uploads\/2019\/09\/camara-de-sobral.jpeg?resize=350%2C200&ssl=1 1x, https:\/\/i0.wp.com\/correiodasemana.com\/site\/wp-content\/uploads\/2019\/09\/camara-de-sobral.jpeg?resize=525%2C300&ssl=1 1.5x, https:\/\/i0.wp.com\/correiodasemana.com\/site\/wp-content\/uploads\/2019\/09\/camara-de-sobral.jpeg?resize=700%2C400&ssl=1 2x"},"classes":[]}],"jetpack_sharing_enabled":true,"_links":{"self":[{"href":"https:\/\/correiodasemana.com\/site\/wp-json\/wp\/v2\/posts\/11214","targetHints":{"allow":["GET"]}}],"collection":[{"href":"https:\/\/correiodasemana.com\/site\/wp-json\/wp\/v2\/posts"}],"about":[{"href":"https:\/\/correiodasemana.com\/site\/wp-json\/wp\/v2\/types\/post"}],"author":[{"embeddable":true,"href":"https:\/\/correiodasemana.com\/site\/wp-json\/wp\/v2\/users\/1"}],"replies":[{"embeddable":true,"href":"https:\/\/correiodasemana.com\/site\/wp-json\/wp\/v2\/comments?post=11214"}],"version-history":[{"count":1,"href":"https:\/\/correiodasemana.com\/site\/wp-json\/wp\/v2\/posts\/11214\/revisions"}],"predecessor-version":[{"id":11215,"href":"https:\/\/correiodasemana.com\/site\/wp-json\/wp\/v2\/posts\/11214\/revisions\/11215"}],"wp:featuredmedia":[{"embeddable":true,"href":"https:\/\/correiodasemana.com\/site\/wp-json\/wp\/v2\/media\/9285"}],"wp:attachment":[{"href":"https:\/\/correiodasemana.com\/site\/wp-json\/wp\/v2\/media?parent=11214"}],"wp:term":[{"taxonomy":"category","embeddable":true,"href":"https:\/\/correiodasemana.com\/site\/wp-json\/wp\/v2\/categories?post=11214"},{"taxonomy":"post_tag","embeddable":true,"href":"https:\/\/correiodasemana.com\/site\/wp-json\/wp\/v2\/tags?post=11214"}],"curies":[{"name":"wp","href":"https:\/\/api.w.org\/{rel}","templated":true}]}}