{"id":11221,"date":"2020-03-18T04:54:14","date_gmt":"2020-03-18T04:54:14","guid":{"rendered":"https:\/\/correiodasemana.com\/site\/?p=11221"},"modified":"2020-03-18T04:54:14","modified_gmt":"2020-03-18T04:54:14","slug":"saae-de-sobral-comemora-o-dia-internacional-da-mulher","status":"publish","type":"post","link":"https:\/\/correiodasemana.com\/site\/saae-de-sobral-comemora-o-dia-internacional-da-mulher\/","title":{"rendered":"SAAE de Sobral comemora o Dia Internacional da Mulher"},"content":{"rendered":"<p>O Dia Internacional da Mulher (8 de mar\u00e7o) foi comemorado pelo Servi\u00e7o Aut\u00f4nomo de \u00c1gua e Esgoto de Sobral (SAAE), nesta sexta-feira (06\/03), com uma programa\u00e7\u00e3o especial. Na Casa da Cultura, as colaboradoras participaram de uma palestra seguida de debate sobre a tem\u00e1tica \u201cMulheres para al\u00e9m do m\u00eas de mar\u00e7o, empoderamento e cuidados de si no dia a dia\u201d, com participa\u00e7\u00e3o dos psic\u00f3logos Paulo Roberto Mendes J\u00fanior, Danielle Maria de Ara\u00fajo Barbosa e Amanda de Oliveira Falc\u00e3o Medeiros. Tamb\u00e9m houve distribui\u00e7\u00e3o de brindes e coquetel.<br \/>\nO momento festivo teve como principal objetivo valorizar o trabalho, a luta, perseveran\u00e7a, for\u00e7a, compromisso, dedica\u00e7\u00e3o e responsabilidade de todas, com m\u00faltiplas compet\u00eancias, lotadas em diversas fun\u00e7\u00f5es. A organiza\u00e7\u00e3o foi da Diretoria Administrativa, atrav\u00e9s da Ger\u00eancia de Gest\u00e3o de Pessoas, do Servi\u00e7o Social e da Comiss\u00e3o de Eventos do SAAE.<br \/>\nSobral (CE), 06 de mar\u00e7o de 2020 &#8211; Assessoria de Comunica\u00e7\u00e3o do SAAE Sobral<\/p>\n","protected":false},"excerpt":{"rendered":"<p>O Dia Internacional da Mulher (8 de mar\u00e7o) foi comemorado pelo Servi\u00e7o Aut\u00f4nomo de \u00c1gua&#8230;<\/p>\n","protected":false},"author":1,"featured_media":11222,"comment_status":"open","ping_status":"open","sticky":false,"template":"","format":"standard","meta":{"_jetpack_memberships_contains_paid_content":false,"footnotes":"","jetpack_publicize_message":"","jetpack_publicize_feature_enabled":true,"jetpack_social_post_already_shared":true,"jetpack_social_options":{"image_generator_settings":{"template":"highway","default_image_id":0,"font":"","enabled":false},"version":2}},"categories":[1],"tags":[],"class_list":["post-11221","post","type-post","status-publish","format-standard","has-post-thumbnail","hentry","category-atualidade"],"jetpack_publicize_connections":[],"jetpack_featured_media_url":"https:\/\/correiodasemana.com\/site\/wp-content\/uploads\/2020\/03\/IMG_4628-scaled-e1584507239945.jpg","jetpack-related-posts":[{"id":9871,"url":"https:\/\/correiodasemana.com\/site\/saae-festeja-aniversario-de-seus-colaboradores-e-comemora-dia-do-servidor-publico\/","url_meta":{"origin":11221,"position":0},"title":"SAAE festeja anivers\u00e1rio de seus colaboradores e comemora Dia do Servidor P\u00fablico","author":"","date":"Novembro 18, 2019","format":false,"excerpt":"O Servi\u00e7o Aut\u00f4nomo de \u00c1gua e Esgoto de Sobral (SAAE) realizou, no dia 8 de novembro, um encontro para parabenizar os aniversariantes dos meses de setembro e outubro e comemorar o Dia do Servidor P\u00fablico (28 de outubro). Tamb\u00e9m houve a divulga\u00e7\u00e3o dos resultados da elei\u00e7\u00e3o do Servidor Destaque 2019.\u2026","rel":"","context":"In &quot;Atualidade&quot;","block_context":{"text":"Atualidade","link":"https:\/\/correiodasemana.com\/site\/category\/atualidade\/"},"img":{"alt_text":"","src":"https:\/\/i0.wp.com\/correiodasemana.com\/site\/wp-content\/uploads\/2019\/11\/02-WhatsApp-Image-2019-11-08-at-10.07.26.jpeg?resize=350%2C200&ssl=1","width":350,"height":200,"srcset":"https:\/\/i0.wp.com\/correiodasemana.com\/site\/wp-content\/uploads\/2019\/11\/02-WhatsApp-Image-2019-11-08-at-10.07.26.jpeg?resize=350%2C200&ssl=1 1x, https:\/\/i0.wp.com\/correiodasemana.com\/site\/wp-content\/uploads\/2019\/11\/02-WhatsApp-Image-2019-11-08-at-10.07.26.jpeg?resize=525%2C300&ssl=1 1.5x, https:\/\/i0.wp.com\/correiodasemana.com\/site\/wp-content\/uploads\/2019\/11\/02-WhatsApp-Image-2019-11-08-at-10.07.26.jpeg?resize=700%2C400&ssl=1 2x"},"classes":[]},{"id":28660,"url":"https:\/\/correiodasemana.com\/site\/curia-diocesana-de-sobral-comemora-o-dia-internacional-da-mulher\/","url_meta":{"origin":11221,"position":1},"title":"C\u00faria Diocesana de Sobral comemora o Dia Internacional da Mulher","author":"adminredacao","date":"Mar\u00e7o 11, 2024","format":false,"excerpt":"Durante a manh\u00e3 desta sexta-feira (08), Dia Internacional da Mulher, as mulheres funcion\u00e1rias da C\u00faria Diocesana receberam uma singela homenagem pelo dia. Cada funcion\u00e1ria recebeu um bot\u00e3o de rosa, escolhidas por serem um s\u00edmbolo de perseveran\u00e7a. O momento contou com a presen\u00e7a de Dom Jos\u00e9 Luiz Gomes de Vasconcelos, bispo\u2026","rel":"","context":"In &quot;Atualidade&quot;","block_context":{"text":"Atualidade","link":"https:\/\/correiodasemana.com\/site\/category\/atualidade\/"},"img":{"alt_text":"","src":"https:\/\/i0.wp.com\/correiodasemana.com\/site\/wp-content\/uploads\/2024\/03\/WhatsApp-Image-2024-03-08-at-15.36.47.jpeg?resize=350%2C200&ssl=1","width":350,"height":200,"srcset":"https:\/\/i0.wp.com\/correiodasemana.com\/site\/wp-content\/uploads\/2024\/03\/WhatsApp-Image-2024-03-08-at-15.36.47.jpeg?resize=350%2C200&ssl=1 1x, https:\/\/i0.wp.com\/correiodasemana.com\/site\/wp-content\/uploads\/2024\/03\/WhatsApp-Image-2024-03-08-at-15.36.47.jpeg?resize=525%2C300&ssl=1 1.5x, https:\/\/i0.wp.com\/correiodasemana.com\/site\/wp-content\/uploads\/2024\/03\/WhatsApp-Image-2024-03-08-at-15.36.47.jpeg?resize=700%2C400&ssl=1 2x, https:\/\/i0.wp.com\/correiodasemana.com\/site\/wp-content\/uploads\/2024\/03\/WhatsApp-Image-2024-03-08-at-15.36.47.jpeg?resize=1050%2C600&ssl=1 3x"},"classes":[]},{"id":38040,"url":"https:\/\/correiodasemana.com\/site\/a-academia-sobralense-de-estudos-e-letras-asel-comemora-o-dia-internacional-da-mulher\/","url_meta":{"origin":11221,"position":2},"title":"A ACADEMIA SOBRALENSE DE ESTUDOS E LETRAS-ASEL, COMEMORA O DIA INTERNACIONAL DA MULHER","author":"adminredacao","date":"Abril 13, 2026","format":false,"excerpt":"No dia, 31 de mar\u00e7o de 2026, a Academia Sobralense de Estudos e Letras-ASEL, festejou o DIA INTERNACIONAL DA MULHER homenageando cinco personalidades sobralenses: Dra. Andrea Gifoni Siebra de Holanda (Oftalmologista); Dra. F\u00e1bia Albuquerque Saboia (Advogada); Empres\u00e1ria Maria de Lourdes Pontes de Vasconcelos; Dra. Margleicia Maria Vasconcelos Coutinho (M\u00e9dica) e\u2026","rel":"","context":"In &quot;Atualidade&quot;","block_context":{"text":"Atualidade","link":"https:\/\/correiodasemana.com\/site\/category\/atualidade\/"},"img":{"alt_text":"","src":"https:\/\/i0.wp.com\/correiodasemana.com\/site\/wp-content\/uploads\/2026\/04\/homenagem-ao-dia-das-mulheres-2.jpeg?resize=350%2C200&ssl=1","width":350,"height":200,"srcset":"https:\/\/i0.wp.com\/correiodasemana.com\/site\/wp-content\/uploads\/2026\/04\/homenagem-ao-dia-das-mulheres-2.jpeg?resize=350%2C200&ssl=1 1x, https:\/\/i0.wp.com\/correiodasemana.com\/site\/wp-content\/uploads\/2026\/04\/homenagem-ao-dia-das-mulheres-2.jpeg?resize=525%2C300&ssl=1 1.5x, https:\/\/i0.wp.com\/correiodasemana.com\/site\/wp-content\/uploads\/2026\/04\/homenagem-ao-dia-das-mulheres-2.jpeg?resize=700%2C400&ssl=1 2x"},"classes":[]},{"id":10233,"url":"https:\/\/correiodasemana.com\/site\/grupo-de-ciclismo-feminino-bike-fit-realiza-natal-solidario-lar-de-ester\/","url_meta":{"origin":11221,"position":3},"title":"Grupo de ciclismo feminino Bike Fit realiza Natal solid\u00e1rio Lar de \u00c9ster","author":"","date":"Dezembro 23, 2019","format":false,"excerpt":"Colabora\u00e7\u00e3o do jornalista F. Edilson Silva para o Correio da Semana As mulheres est\u00e3o cada dia mais movimentando as ruas de diversas cidades e usando a bike para se empoderarem. Os grupos de pedal feminino j\u00e1 se espalham por todo o Brasil. Em Sobral, no Cear\u00e1, foi criado em setembro\u2026","rel":"","context":"In &quot;Atualidade&quot;","block_context":{"text":"Atualidade","link":"https:\/\/correiodasemana.com\/site\/category\/atualidade\/"},"img":{"alt_text":"","src":"https:\/\/i0.wp.com\/correiodasemana.com\/site\/wp-content\/uploads\/2019\/12\/BIKEW.png?resize=350%2C200&ssl=1","width":350,"height":200,"srcset":"https:\/\/i0.wp.com\/correiodasemana.com\/site\/wp-content\/uploads\/2019\/12\/BIKEW.png?resize=350%2C200&ssl=1 1x, https:\/\/i0.wp.com\/correiodasemana.com\/site\/wp-content\/uploads\/2019\/12\/BIKEW.png?resize=525%2C300&ssl=1 1.5x, https:\/\/i0.wp.com\/correiodasemana.com\/site\/wp-content\/uploads\/2019\/12\/BIKEW.png?resize=700%2C400&ssl=1 2x"},"classes":[]},{"id":12625,"url":"https:\/\/correiodasemana.com\/site\/saae-inicia-retomada-de-atendimento-presencial-no-dia-10-de-agosto\/","url_meta":{"origin":11221,"position":4},"title":"SAAE inicia retomada de atendimento presencial no dia 10 de agosto","author":"","date":"Agosto 10, 2020","format":false,"excerpt":"Para evitar aglomera\u00e7\u00f5es e conter a prolifera\u00e7\u00e3o do coronav\u00edrus, os atendimentos acontecer\u00e3o com o agendamento pr\u00e9vio O Servi\u00e7o Aut\u00f4nomo de \u00c1gua e Esgoto de Sobral (SAAE) retoma, a partir de segunda-feira (10\/08), o atendimento presencial aos usu\u00e1rios, no hor\u00e1rio de 8h \u00e0s 12h e de 14h \u00e0s 18h, com o\u2026","rel":"","context":"In &quot;Atualidade&quot;","block_context":{"text":"Atualidade","link":"https:\/\/correiodasemana.com\/site\/category\/atualidade\/"},"img":{"alt_text":"","src":"https:\/\/i0.wp.com\/correiodasemana.com\/site\/wp-content\/uploads\/2020\/03\/okSAAE-fachada_n.jpg?resize=350%2C200&ssl=1","width":350,"height":200,"srcset":"https:\/\/i0.wp.com\/correiodasemana.com\/site\/wp-content\/uploads\/2020\/03\/okSAAE-fachada_n.jpg?resize=350%2C200&ssl=1 1x, https:\/\/i0.wp.com\/correiodasemana.com\/site\/wp-content\/uploads\/2020\/03\/okSAAE-fachada_n.jpg?resize=525%2C300&ssl=1 1.5x, https:\/\/i0.wp.com\/correiodasemana.com\/site\/wp-content\/uploads\/2020\/03\/okSAAE-fachada_n.jpg?resize=700%2C400&ssl=1 2x"},"classes":[]},{"id":9997,"url":"https:\/\/correiodasemana.com\/site\/em-tempo-21\/","url_meta":{"origin":11221,"position":5},"title":"Em Tempo","author":"","date":"Novembro 27, 2019","format":false,"excerpt":"3\u00ba Festival Acordes do Amanh\u00e3 O 3\u00ba Festival Acordes do Amanh\u00e3chegou a Sobral, no dia 19 de novembro, com a Banda Maestro Jos\u00e9 Pedro, no Abrigo Sagrado Cora\u00e7\u00e3o de Jesus. Houve tamb\u00e9m programa\u00e7\u00e3o no dia 21, com o Grupo de Flautas da Escola de M\u00fasica, na Escola Maria do Carmo\u2026","rel":"","context":"In &quot;Artigos&quot;","block_context":{"text":"Artigos","link":"https:\/\/correiodasemana.com\/site\/category\/artigos\/"},"img":{"alt_text":"","src":"https:\/\/i0.wp.com\/correiodasemana.com\/site\/wp-content\/uploads\/2019\/11\/DSC_9877-1024x684.jpg?resize=350%2C200&ssl=1","width":350,"height":200,"srcset":"https:\/\/i0.wp.com\/correiodasemana.com\/site\/wp-content\/uploads\/2019\/11\/DSC_9877-1024x684.jpg?resize=350%2C200&ssl=1 1x, https:\/\/i0.wp.com\/correiodasemana.com\/site\/wp-content\/uploads\/2019\/11\/DSC_9877-1024x684.jpg?resize=525%2C300&ssl=1 1.5x, https:\/\/i0.wp.com\/correiodasemana.com\/site\/wp-content\/uploads\/2019\/11\/DSC_9877-1024x684.jpg?resize=700%2C400&ssl=1 2x"},"classes":[]}],"jetpack_sharing_enabled":true,"_links":{"self":[{"href":"https:\/\/correiodasemana.com\/site\/wp-json\/wp\/v2\/posts\/11221","targetHints":{"allow":["GET"]}}],"collection":[{"href":"https:\/\/correiodasemana.com\/site\/wp-json\/wp\/v2\/posts"}],"about":[{"href":"https:\/\/correiodasemana.com\/site\/wp-json\/wp\/v2\/types\/post"}],"author":[{"embeddable":true,"href":"https:\/\/correiodasemana.com\/site\/wp-json\/wp\/v2\/users\/1"}],"replies":[{"embeddable":true,"href":"https:\/\/correiodasemana.com\/site\/wp-json\/wp\/v2\/comments?post=11221"}],"version-history":[{"count":1,"href":"https:\/\/correiodasemana.com\/site\/wp-json\/wp\/v2\/posts\/11221\/revisions"}],"predecessor-version":[{"id":11223,"href":"https:\/\/correiodasemana.com\/site\/wp-json\/wp\/v2\/posts\/11221\/revisions\/11223"}],"wp:featuredmedia":[{"embeddable":true,"href":"https:\/\/correiodasemana.com\/site\/wp-json\/wp\/v2\/media\/11222"}],"wp:attachment":[{"href":"https:\/\/correiodasemana.com\/site\/wp-json\/wp\/v2\/media?parent=11221"}],"wp:term":[{"taxonomy":"category","embeddable":true,"href":"https:\/\/correiodasemana.com\/site\/wp-json\/wp\/v2\/categories?post=11221"},{"taxonomy":"post_tag","embeddable":true,"href":"https:\/\/correiodasemana.com\/site\/wp-json\/wp\/v2\/tags?post=11221"}],"curies":[{"name":"wp","href":"https:\/\/api.w.org\/{rel}","templated":true}]}}