{"id":11224,"date":"2020-03-18T04:55:49","date_gmt":"2020-03-18T04:55:49","guid":{"rendered":"https:\/\/correiodasemana.com\/site\/?p=11224"},"modified":"2020-03-18T04:56:59","modified_gmt":"2020-03-18T04:56:59","slug":"em-tempo-35","status":"publish","type":"post","link":"https:\/\/correiodasemana.com\/site\/em-tempo-35\/","title":{"rendered":"Em Tempo"},"content":{"rendered":"<p><strong>MPCE abre vagas para estagi\u00e1rios<\/strong><br \/>\nO Minist\u00e9rio P\u00fablico do Cear\u00e1 (MPCE) divulgou edital de sele\u00e7\u00e3o de estagi\u00e1rios. Os estudantes universit\u00e1rios podem\u00a0submeter candidatura\u00a0at\u00e9 10 de abril. O valor da bolsa \u00e9 de R$ 937, mais aux\u00edlio-transporte de R$ 140,80, com carga hor\u00e1ria de 25 horas semanais.<br \/>\nA prova est\u00e1 prevista para 24 de abril. Podem concorrer estudantes de administra\u00e7\u00e3o, arquitetura, biblioteconomia, ci\u00eancias cont\u00e1beis, desenvolvimento de sistemas, direito, jornalismo, infraestrutura e tecnologia da informa\u00e7\u00e3o, psicologia e servi\u00e7o social.<\/p>\n<p><strong>Pr\u00e9-IFCE para Enem e vestibulares<\/strong><br \/>\nO campus de Sobral do Instituto Federal do Cear\u00e1 (IFCE) lan\u00e7ou edital de inscri\u00e7\u00f5es para o Pr\u00e9-IFCE,preparat\u00f3rio para o Enem e vestibulares, com inscri\u00e7\u00f5es at\u00e9 31 de mar\u00e7o. Ao todo, s\u00e3o 40 vagas para a comunidade externa. As aulas t\u00eam in\u00edcio no dia 4 de maio,<br \/>\nNa inscri\u00e7\u00e3o, o candidato precisa apresentar a c\u00f3pia do hist\u00f3rico escolar do terceiro ano do ensino m\u00e9dio, documento oficial com foto, CPF e comprovante de resid\u00eancia. A sele\u00e7\u00e3o ser\u00e1 por ordem de inscri\u00e7\u00e3o. O resultado das inscri\u00e7\u00f5es ser\u00e1 divulgado no dia 13 de abril<\/p>\n<p><strong>Patativa do Assar\u00e9 Arte e Cultura<\/strong><br \/>\nFoto- Natinho Rodrigues<br \/>\nLan\u00e7ado o livro \u201cO Melhor do Patativa do Assar\u00e9\u201d, do pesquisador Gilmar de Carvalho<br \/>\nDurante o XVI Patativa do Assar\u00e9 em Arte e Cultura foi lan\u00e7ado o livro \u201cO Melhor do Patativa do Assar\u00e9\u201d, de organiza\u00e7\u00e3o do pesquisador Gilmar de Carvalho. Com mais de 50 poemas, a obra ter\u00e1 distribui\u00e7\u00e3o gratuita nas escolas e bibliotecas p\u00fablicas do Estado.<br \/>\nA publica\u00e7\u00e3o \u00e9 uma iniciativa da Secretaria da Cultura(Secult) e da Secretaria de Educa\u00e7\u00e3o do Cear\u00e1 (Seduc), com apoio da Funda\u00e7\u00e3o Memorial Patativa do Assar\u00e9. O evento ocorreu de 3 a 5 de mar\u00e7o, com uma extensa programa\u00e7\u00e3o cultural na cidade de Assar\u00e9.<\/p>\n<p><strong>19\u00ba Festival de Humor Cearense<\/strong><br \/>\nTra\u00e7o bastante marcante na nossa cultura, o humor vai do cotidiano at\u00e9 os palcos. Um evento que nasceu para celebrar isso e levar a diversas cidades espet\u00e1culos \u00e9 o Festival de Humor Cearense. A 19\u00aa edi\u00e7\u00e3o do festival acontece de 11 a 14 de mar\u00e7o em Sobral.<br \/>\nShows acontecem sempre a partir das 20h no clube Sesc Junco, com figuras reconhecidas do humor: Dona Irene e Kek\u00e9 Dent\u00e3o, Pa\u00e7oca e Fub\u00e1, Tom Leite e Alex Nogueira. Al\u00e9m deles, o humorista Zebrinha (Jader Soares) participa apresentando o evento.<\/p>\n<p><strong>Processos seletivos para o IBGE<\/strong><br \/>\nO Instituto Brasileiro de Geografia e Estat\u00edstica (IBGE) abriu mais de oito mil vagas no Cear\u00e1 para a realiza\u00e7\u00e3o do Censo Demogr\u00e1fico 2020. Ao todo, s\u00e3o ofertadas 178 vagas para Sobral. Inscri\u00e7\u00f5es at\u00e9 24 de mar\u00e7o, no sitehttps:\/\/www.cebraspe.org.br\/concursos.<br \/>\nSer\u00e3o dois processos seletivos: um para Agente Censit\u00e1rio Municipal e para Agente Censit\u00e1rio Supervisor (Ensino M\u00e9dio), com 21 vagas; e outro para Recenseador (Ensino Fundamental), com 157 vagas. Os contratos ter\u00e3o dura\u00e7\u00e3o prevista de tr\u00eas meses.<\/p>\n<p>Dica da Coluna<br \/>\nLeia o Blog do Edilson (www.blogdoedilson.com.br). Cultura, educa\u00e7\u00e3o, pol\u00edtica e utilidade p\u00fablica.<\/p>\n","protected":false},"excerpt":{"rendered":"<p>MPCE abre vagas para estagi\u00e1rios O Minist\u00e9rio P\u00fablico do Cear\u00e1 (MPCE) divulgou edital de sele\u00e7\u00e3o&#8230;<\/p>\n","protected":false},"author":1,"featured_media":11225,"comment_status":"open","ping_status":"open","sticky":false,"template":"","format":"standard","meta":{"_jetpack_memberships_contains_paid_content":false,"footnotes":"","jetpack_publicize_message":"","jetpack_publicize_feature_enabled":true,"jetpack_social_post_already_shared":true,"jetpack_social_options":{"image_generator_settings":{"template":"highway","default_image_id":0,"font":"","enabled":false},"version":2}},"categories":[11,36],"tags":[],"class_list":["post-11224","post","type-post","status-publish","format-standard","has-post-thumbnail","hentry","category-artigos","category-em-tempo"],"jetpack_publicize_connections":[],"jetpack_featured_media_url":"https:\/\/correiodasemana.com\/site\/wp-content\/uploads\/2020\/03\/image-1.jpg","jetpack-related-posts":[{"id":37977,"url":"https:\/\/correiodasemana.com\/site\/em-tempo-320\/","url_meta":{"origin":11224,"position":0},"title":"Em Tempo","author":"adminredacao","date":"Abril 13, 2026","format":false,"excerpt":"Programa Jovem Aprendiz dos Correios As inscri\u00e7\u00f5es para o Programa Jovem Aprendiz dos Correios seguem at\u00e9 11 de abril. Ao todo, est\u00e3o dispon\u00edveis 548 vagas, al\u00e9m de cadastro reserva, para todo o Brasil. No Cear\u00e1, s\u00e3o ofertadas 20 vagas em Fortaleza, al\u00e9m de forma\u00e7\u00e3o de cadastro reserva em 28 munic\u00edpios.\u2026","rel":"","context":"In &quot;Em Tempo&quot;","block_context":{"text":"Em Tempo","link":"https:\/\/correiodasemana.com\/site\/category\/em-tempo\/"},"img":{"alt_text":"","src":"https:\/\/i0.wp.com\/correiodasemana.com\/site\/wp-content\/uploads\/2026\/04\/okRaymundo-Netto.jpg?resize=350%2C200&ssl=1","width":350,"height":200,"srcset":"https:\/\/i0.wp.com\/correiodasemana.com\/site\/wp-content\/uploads\/2026\/04\/okRaymundo-Netto.jpg?resize=350%2C200&ssl=1 1x, https:\/\/i0.wp.com\/correiodasemana.com\/site\/wp-content\/uploads\/2026\/04\/okRaymundo-Netto.jpg?resize=525%2C300&ssl=1 1.5x, https:\/\/i0.wp.com\/correiodasemana.com\/site\/wp-content\/uploads\/2026\/04\/okRaymundo-Netto.jpg?resize=700%2C400&ssl=1 2x"},"classes":[]},{"id":10301,"url":"https:\/\/correiodasemana.com\/site\/em-tempo-24\/","url_meta":{"origin":11224,"position":1},"title":"Em Tempo","author":"","date":"Dezembro 23, 2019","format":false,"excerpt":"Concurso do Minist\u00e9rio P\u00fablico Minist\u00e9rio P\u00fablico do Cear\u00e1 (MPCE) publicou no Di\u00e1rio Oficial, no dia 17 de dezembro, o edital de\u00a0concurso p\u00fablico para 30 vagas e forma\u00e7\u00e3o de cadastro de reserva para os cargos de analista e t\u00e9cnicos ministeriais. A\u00a0data prevista para realiza\u00e7\u00e3o da prova \u00e9 dia 8 de mar\u00e7o.\u2026","rel":"","context":"In &quot;Artigos&quot;","block_context":{"text":"Artigos","link":"https:\/\/correiodasemana.com\/site\/category\/artigos\/"},"img":{"alt_text":"","src":"https:\/\/i0.wp.com\/correiodasemana.com\/site\/wp-content\/uploads\/2019\/12\/Hemoce-no-gabinete.jpeg?resize=350%2C200&ssl=1","width":350,"height":200,"srcset":"https:\/\/i0.wp.com\/correiodasemana.com\/site\/wp-content\/uploads\/2019\/12\/Hemoce-no-gabinete.jpeg?resize=350%2C200&ssl=1 1x, https:\/\/i0.wp.com\/correiodasemana.com\/site\/wp-content\/uploads\/2019\/12\/Hemoce-no-gabinete.jpeg?resize=525%2C300&ssl=1 1.5x, https:\/\/i0.wp.com\/correiodasemana.com\/site\/wp-content\/uploads\/2019\/12\/Hemoce-no-gabinete.jpeg?resize=700%2C400&ssl=1 2x, https:\/\/i0.wp.com\/correiodasemana.com\/site\/wp-content\/uploads\/2019\/12\/Hemoce-no-gabinete.jpeg?resize=1050%2C600&ssl=1 3x"},"classes":[]},{"id":37955,"url":"https:\/\/correiodasemana.com\/site\/em-tempo-319\/","url_meta":{"origin":11224,"position":2},"title":"Em Tempo","author":"adminredacao","date":"Abril 11, 2026","format":false,"excerpt":"Inscri\u00e7\u00f5es para o Vestibular UVA 2026.2 Universidade Estadual Vale do Acara\u00fa (UVA) recebe inscri\u00e7\u00f5es, no per\u00edodo de 23 de mar\u00e7o a 5 de maio, para Vestibular 2026.2. Ser\u00e3o ofertadas 1.114 vagas para os diversos cursos de gradua\u00e7\u00e3o, sendo 834 em Sobral, 80 em Acara\u00fa, 80 em Camocim e 120 em\u2026","rel":"","context":"In &quot;Artigos&quot;","block_context":{"text":"Artigos","link":"https:\/\/correiodasemana.com\/site\/category\/artigos\/"},"img":{"alt_text":"","src":"https:\/\/i0.wp.com\/correiodasemana.com\/site\/wp-content\/uploads\/2026\/04\/Lenine_capa.jpg?resize=350%2C200&ssl=1","width":350,"height":200,"srcset":"https:\/\/i0.wp.com\/correiodasemana.com\/site\/wp-content\/uploads\/2026\/04\/Lenine_capa.jpg?resize=350%2C200&ssl=1 1x, https:\/\/i0.wp.com\/correiodasemana.com\/site\/wp-content\/uploads\/2026\/04\/Lenine_capa.jpg?resize=525%2C300&ssl=1 1.5x, https:\/\/i0.wp.com\/correiodasemana.com\/site\/wp-content\/uploads\/2026\/04\/Lenine_capa.jpg?resize=700%2C400&ssl=1 2x"},"classes":[]},{"id":26305,"url":"https:\/\/correiodasemana.com\/site\/em-tempo-190\/","url_meta":{"origin":11224,"position":3},"title":"Em Tempo","author":"adminredacao","date":"Agosto 27, 2023","format":false,"excerpt":"IFCE lan\u00e7a vestibular com 84 vagas Instituto Federal do Cear\u00e1 (IFCE) lan\u00e7ou Vestibular Complementar com 84 vagas em cursos de gradua\u00e7\u00e3o no campus de Sobral: Agronomia, Engenharia de Controle e Automa\u00e7\u00e3o, F\u00edsica, Matem\u00e1tica, Tecnologia em Alimentos e Tecnologia em Saneamento Ambiental. O Vestibular levar\u00e1 em conta as notas obtidas em\u2026","rel":"","context":"In &quot;Artigos&quot;","block_context":{"text":"Artigos","link":"https:\/\/correiodasemana.com\/site\/category\/artigos\/"},"img":{"alt_text":"","src":"https:\/\/i0.wp.com\/correiodasemana.com\/site\/wp-content\/uploads\/2023\/08\/okPetrus-Cariry-300x200.jpg?resize=350%2C200&ssl=1","width":350,"height":200},"classes":[]},{"id":11301,"url":"https:\/\/correiodasemana.com\/site\/em-tempo-36\/","url_meta":{"origin":11224,"position":4},"title":"Em Tempo","author":"","date":"Mar\u00e7o 24, 2020","format":false,"excerpt":"DETRAN suspende exames no Cear\u00e1 Em preven\u00e7\u00e3o contra a transmiss\u00e3o do\u00a0Coronav\u00edrus, o Departamento de Tr\u00e2nsito do Cear\u00e1 adotou um conjunto de medidas e suspendeu, no per\u00edodo de 18 a 31 de mar\u00e7o, todos os exames pr\u00e1ticos e de legisla\u00e7\u00e3o.\u00a0A fiscaliza\u00e7\u00e3o tamb\u00e9m passar\u00e1 por altera\u00e7\u00f5es. A suspens\u00e3o abrange todos os cursos,\u2026","rel":"","context":"In &quot;Artigos&quot;","block_context":{"text":"Artigos","link":"https:\/\/correiodasemana.com\/site\/category\/artigos\/"},"img":{"alt_text":"","src":"https:\/\/i0.wp.com\/correiodasemana.com\/site\/wp-content\/uploads\/2020\/03\/Inaugura_Jaibaras_2.jpeg?resize=350%2C200&ssl=1","width":350,"height":200,"srcset":"https:\/\/i0.wp.com\/correiodasemana.com\/site\/wp-content\/uploads\/2020\/03\/Inaugura_Jaibaras_2.jpeg?resize=350%2C200&ssl=1 1x, https:\/\/i0.wp.com\/correiodasemana.com\/site\/wp-content\/uploads\/2020\/03\/Inaugura_Jaibaras_2.jpeg?resize=525%2C300&ssl=1 1.5x, https:\/\/i0.wp.com\/correiodasemana.com\/site\/wp-content\/uploads\/2020\/03\/Inaugura_Jaibaras_2.jpeg?resize=700%2C400&ssl=1 2x, https:\/\/i0.wp.com\/correiodasemana.com\/site\/wp-content\/uploads\/2020\/03\/Inaugura_Jaibaras_2.jpeg?resize=1050%2C600&ssl=1 3x"},"classes":[]},{"id":34409,"url":"https:\/\/correiodasemana.com\/site\/em-tempo-283\/","url_meta":{"origin":11224,"position":5},"title":"EM TEMPO \u2022","author":"adminredacao","date":"Julho 1, 2025","format":false,"excerpt":"Sele\u00e7\u00e3o do IFCE Sobral com notas do Enem Instituto Federal de Educa\u00e7\u00e3o, Ci\u00eancia e Tecnologia do Cear\u00e1 (IFCE) recebe inscri\u00e7\u00f5es, at\u00e9 6 de julho, para o processo seletivo complementar 2025.2 para cursos superiores em Sobral, pelo site qselecao.ifce.edu.br. O processo \u00e9 gratuito e os cursos n\u00e3o possuem mensalidade. S\u00e3o ofertadas\u2026","rel":"","context":"In &quot;Artigos&quot;","block_context":{"text":"Artigos","link":"https:\/\/correiodasemana.com\/site\/category\/artigos\/"},"img":{"alt_text":"","src":"https:\/\/i0.wp.com\/correiodasemana.com\/site\/wp-content\/uploads\/2025\/07\/Marilia-Garcia-150x150.png?resize=350%2C200&ssl=1","width":350,"height":200,"srcset":"https:\/\/i0.wp.com\/correiodasemana.com\/site\/wp-content\/uploads\/2025\/07\/Marilia-Garcia-150x150.png?resize=350%2C200&ssl=1 1x, https:\/\/i0.wp.com\/correiodasemana.com\/site\/wp-content\/uploads\/2025\/07\/Marilia-Garcia-150x150.png?resize=525%2C300&ssl=1 1.5x, https:\/\/i0.wp.com\/correiodasemana.com\/site\/wp-content\/uploads\/2025\/07\/Marilia-Garcia-150x150.png?resize=700%2C400&ssl=1 2x, https:\/\/i0.wp.com\/correiodasemana.com\/site\/wp-content\/uploads\/2025\/07\/Marilia-Garcia-150x150.png?resize=1050%2C600&ssl=1 3x"},"classes":[]}],"jetpack_sharing_enabled":true,"_links":{"self":[{"href":"https:\/\/correiodasemana.com\/site\/wp-json\/wp\/v2\/posts\/11224","targetHints":{"allow":["GET"]}}],"collection":[{"href":"https:\/\/correiodasemana.com\/site\/wp-json\/wp\/v2\/posts"}],"about":[{"href":"https:\/\/correiodasemana.com\/site\/wp-json\/wp\/v2\/types\/post"}],"author":[{"embeddable":true,"href":"https:\/\/correiodasemana.com\/site\/wp-json\/wp\/v2\/users\/1"}],"replies":[{"embeddable":true,"href":"https:\/\/correiodasemana.com\/site\/wp-json\/wp\/v2\/comments?post=11224"}],"version-history":[{"count":1,"href":"https:\/\/correiodasemana.com\/site\/wp-json\/wp\/v2\/posts\/11224\/revisions"}],"predecessor-version":[{"id":11226,"href":"https:\/\/correiodasemana.com\/site\/wp-json\/wp\/v2\/posts\/11224\/revisions\/11226"}],"wp:featuredmedia":[{"embeddable":true,"href":"https:\/\/correiodasemana.com\/site\/wp-json\/wp\/v2\/media\/11225"}],"wp:attachment":[{"href":"https:\/\/correiodasemana.com\/site\/wp-json\/wp\/v2\/media?parent=11224"}],"wp:term":[{"taxonomy":"category","embeddable":true,"href":"https:\/\/correiodasemana.com\/site\/wp-json\/wp\/v2\/categories?post=11224"},{"taxonomy":"post_tag","embeddable":true,"href":"https:\/\/correiodasemana.com\/site\/wp-json\/wp\/v2\/tags?post=11224"}],"curies":[{"name":"wp","href":"https:\/\/api.w.org\/{rel}","templated":true}]}}