{"id":11229,"date":"2020-03-18T05:02:08","date_gmt":"2020-03-18T05:02:08","guid":{"rendered":"https:\/\/correiodasemana.com\/site\/?p=11229"},"modified":"2020-03-18T05:03:26","modified_gmt":"2020-03-18T05:03:26","slug":"boletim-da-semana-13","status":"publish","type":"post","link":"https:\/\/correiodasemana.com\/site\/boletim-da-semana-13\/","title":{"rendered":"Boletim da Semana"},"content":{"rendered":"<p><strong>Organiza\u00e7\u00e3o Mundial da Sa\u00fade declara pandemia de coronav\u00edrus<\/strong><br \/>\nA mudan\u00e7a de classifica\u00e7\u00e3o n\u00e3o se deve \u00e0 gravidade da doen\u00e7a, e sim \u00e0 dissemina\u00e7\u00e3o geogr\u00e1fica r\u00e1pida que o Covid-19 tem apresentado. \u201cA OMS tem tratado da dissemina\u00e7\u00e3o [do Covid-19] em uma escala de tempo muito curta, e estamos muito preocupados com os n\u00edveis alarmantes de contamina\u00e7\u00e3o e, tamb\u00e9m, de falta de a\u00e7\u00e3o [dos governos]\u201d, afirmou Adhanom no painel que trata das atualiza\u00e7\u00f5es di\u00e1rias sobre a doen\u00e7a. \u201cPor essa raz\u00e3o, consideramos que o Covid-19 pode ser caracterizado como uma pandemia\u201d, explicou durante a confer\u00eancia de imprensa em Genebra. Adhanom\u00a0 disse que mudan\u00e7a ocorre depois que, nas \u00faltimas duas semanas, o n\u00famero de casos fora da China se multiplicou por 13. Para evitar criar o p\u00e2nico, ele acrescentou, \u201cn\u00e3o podemos dizer isto de forma mais clara ou contundente. Todos os pa\u00edses podem mudar o curso desta pandemia. Estamos nisto juntos e precisamos de fazer com calma aquilo que \u00e9 necess\u00e1rio\u201d, frisou o respons\u00e1vel da OMS. O diretor-geral para situa\u00e7\u00f5es de emerg\u00eancia, Mike Ryan, sublinhou por sua vez que a utiliza\u00e7\u00e3o da palavra \u201cpandemia\u201d \u00e9 meramente descritiva da situa\u00e7\u00e3o e \u201cn\u00e3o altera em nada aquilo que estamos fazendo. Com informa\u00e7\u00f5es de Reuters, Di\u00e1rio do Nordeste Ag\u00eancia Brasil<\/p>\n<p><strong>Trump restringe viagens da Europa para os EUA como medida de combate ao coronav\u00edrus<\/strong><br \/>\nO presidente dos Estados Unidos, Donald Trump, imp\u00f4s restri\u00e7\u00f5es abrangentes a viagens da Europa para o pa\u00eds, obrigando passageiros a remarcar voos e levando os mercados globais a recuaram novamente nesta quinta-feira, com impacto sobre companhias a\u00e9reas que j\u00e1 enfrentam dificuldades. Trump determinou que as viagens da Europa para os Estados Unidos sejam restringidas por 30 dias, respondendo \u00e0 crescente press\u00e3o para tomar medidas contra um surto de coronav\u00edrus que se espalha rapidamente, afetando a vida cotidiana em praticamente todo pa\u00eds.\u201cEstamos reunindo todo o poder do governo federal e do setor privado para proteger o povo americano\u201d, disse Trump em um discurso televisionado no hor\u00e1rio nobre feito no Sal\u00e3o Oval da Casa Branca, na quarta-feira. \u201cEste \u00e9 o esfor\u00e7o mais agressivo e abrangente para enfrentar um v\u00edrus estrangeiro na hist\u00f3ria moderna\u201d. A restri\u00e7\u00e3o de viagens, que entra em vigor \u00e0 meia-noite da sexta-feira, n\u00e3o se aplica \u00e0 Gr\u00e3-Bretanha e a norte-americanos que passarem por \u201cexames apropriados\u201d, disse Trump. Depois de provocar confus\u00e3o ao sugerir que o com\u00e9rcio com a Europa tamb\u00e9m seria suspenso, Trump esclareceu que \u201co com\u00e9rcio n\u00e3o ser\u00e1 afetado de forma alguma\u201d. As restri\u00e7\u00f5es derrubaram mercados financeiros, com os futuros do \u00edndice Euro Stoxx 50 afundando 8,3% para os n\u00edveis mais baixos desde meados de 2016. O mercado futuro de a\u00e7\u00f5es dos EUA caiu mais de 4%. Trump disse que seu governo est\u00e1 em contato frequente com aliados dos EUA sobre a restri\u00e7\u00e3o, mas autoridades da Uni\u00e3o Europeia n\u00e3o foram notificadas sobre a medida com anteced\u00eancia, disse um diplomata. \u201cN\u00e3o houve alerta, nem coordena\u00e7\u00e3o, como afirmou o presidente\u201d, disse o diplomata, que n\u00e3o estava autorizado a falar publicamente. As restri\u00e7\u00f5es aumentar\u00e3o a press\u00e3o sobre companhias a\u00e9reas que j\u00e1 est\u00e3o sofrendo com a pandemia de coronav\u00edrus, atingindo empresas europeias com mais for\u00e7a, disseram analistas.<\/p>\n<p><strong>Argentina suspende vistos devido ao coronav\u00edrus,capital proibir\u00e1 p\u00fablico em eventos esportivos<\/strong><br \/>\nA Argentina suspendeu nesta quinta-feira, de maneira tempor\u00e1ria, a emiss\u00e3o de vistos para pessoas provenientes de China, Estados Unidos, Coreia do Sul, Jap\u00e3o, Ir\u00e3, Reino Unido, Uni\u00e3o Europeia e os pa\u00edses do \u00e1rea Schengen para evitar o avan\u00e7o dos casos de coronav\u00edrus no pa\u00eds sul-americano. A decis\u00e3o do governo argentino, publicada no Di\u00e1rio Oficial, veio um dia depois da Organiza\u00e7\u00e3o Mundial da Sa\u00fade (OMS) qualificar o coronav\u00edrus como pandemia. \u201cA propaga\u00e7\u00e3o r\u00e1pida do novo coronav\u00edrus (Covid-19) em n\u00edvel mundial motivou a Dire\u00e7\u00e3o Nacional de Migra\u00e7\u00f5es a tomar medidas vinculadas \u00e0 preven\u00e7\u00e3o do cont\u00e1gio do v\u00edrus na Rep\u00fablica Argentina\u201d, explicou o organismo migrat\u00f3rio na publica\u00e7\u00e3o. Por sua vez, o governo da cidade de Buenos Aires, a capital argentina, anunciou tamb\u00e9m nesta quinta-feira que proibir\u00e1 a presen\u00e7a do p\u00fablico em eventos esportivos, assim como a realiza\u00e7\u00e3o de atividades que concentrem pessoas, para evitar cont\u00e1gios de coronav\u00edrus, segundo a ag\u00eancia estatal local T\u00e9lam. Segundo dados do Minist\u00e9rio da Sa\u00fade argentino atualizados at\u00e9 quarta-feira, foram registrados 21 casos de coronav\u00edrus no pa\u00eds, todos em pessoas que viajaram ao exterior nas \u00faltimas semanas, em particular \u00e0 Europa. Entre elas, uma pessoa faleceu. Na v\u00e9spera, o Minist\u00e9rio do Turismo e dos Esportes argentino suspendeu quatro eventos esportivos internacionais como medida preventiva contra a doen\u00e7a. Mais de 119.100 pessoas j\u00e1 foram infectadas pelo coronav\u00edrus em todo o mundo e 4.298 morreram, a grande maioria na China, segundo uma contagem de quarta-feira da Reuters.<\/p>\n<p><strong>It\u00e1lia fecha lojas e bares para conter novo coronav\u00edrus<\/strong><br \/>\nA\u00a0It\u00e1lia\u00a0ter\u00e1 novas medidas para conter o\u00a0novo coronav\u00edrus, anunciou o primeiro-ministro Giuseppe Conte nesta quarta-feira (11). Entre elas, est\u00e3o o\u00a0fechamento de servi\u00e7os considerados n\u00e3o essenciais. O governo italiano estabeleceu as seguintes medidas, que entram em vigor nesta quinta (12) at\u00e9 25 de mar\u00e7o: odo o com\u00e9rcio, exceto farm\u00e1cias e mercados que vendem alimentos, deve ficar fechado. Estabelecimentos que n\u00e3o puderem garantir um metro de dist\u00e2ncia entre clientes n\u00e3o poder\u00e3o abrir. Com isso, bares e sal\u00f5es de beleza ficar\u00e3o fechados, entregas de refei\u00e7\u00f5es em domic\u00edlio est\u00e3o mantidas, desde que passem por regras sanit\u00e1rias muito r\u00edgidas, servi\u00e7o de transporte continua em funcionamento, assim como bancos, correios e seguradoras, f\u00e1bricas podem funcionar, desde que garantam condi\u00e7\u00f5es de seguran\u00e7a, setor agropecu\u00e1rio manter\u00e1 atividades. Conte afirmou, ainda, que os italianos n\u00e3o precisar\u00e3o correr aos supermercados para comprar alimentos \u2014 estabelecimentos do tipo continuar\u00e3o abertos. Ao anunciar as medidas, Conte afirmou que os efeitos das medidas de conten\u00e7\u00e3o devem aparecer nas pr\u00f3ximas duas semanas. O premi\u00ea italiano ressaltou que o aumento no total de casos n\u00e3o necessariamente levar\u00e1 a tomada de decis\u00f5es ainda mais duras.<\/p>\n<p><strong>Secret\u00e1rio que esteve com Bolsonaro nos EUA testa positivo para coronav\u00edrus<\/strong><br \/>\nO secret\u00e1rio de Comunica\u00e7\u00e3o da Presid\u00eancia,\u00a0F\u00e1bio Wajngarten, recebeu um resultado positivo em um primeiro exame para coronav\u00edrus na quinta-feira (12). Agora, ele aguarda uma contraprova. Ele integrou a comitiva de\u00a0Jair Bolsonaro\u00a0em\u00a0Miami, nos Estados Unidos.\u00a0O presidente e outras pessoas que estavam na\u00a0comitiva s\u00e3o monitorados\u00a0desde a quarta-feira (11), logo que Wajngarten apresentou\u00a0sintomas de gripe.<\/p>\n","protected":false},"excerpt":{"rendered":"<p>Organiza\u00e7\u00e3o Mundial da Sa\u00fade declara pandemia de coronav\u00edrus A mudan\u00e7a de classifica\u00e7\u00e3o n\u00e3o se deve&#8230;<\/p>\n","protected":false},"author":1,"featured_media":11230,"comment_status":"open","ping_status":"open","sticky":false,"template":"","format":"standard","meta":{"_jetpack_memberships_contains_paid_content":false,"footnotes":"","jetpack_publicize_message":"","jetpack_publicize_feature_enabled":true,"jetpack_social_post_already_shared":true,"jetpack_social_options":{"image_generator_settings":{"template":"highway","default_image_id":0,"font":"","enabled":false},"version":2}},"categories":[1],"tags":[],"class_list":["post-11229","post","type-post","status-publish","format-standard","has-post-thumbnail","hentry","category-atualidade"],"jetpack_publicize_connections":[],"jetpack_featured_media_url":"https:\/\/correiodasemana.com\/site\/wp-content\/uploads\/2020\/03\/200130165125-corona-virus-cdc-image-exlarge-tease.jpg","jetpack-related-posts":[{"id":23164,"url":"https:\/\/correiodasemana.com\/site\/oms-devera-definir-nesta-sexta-27-se-a-covid-19-ainda-e-emergencia-global\/","url_meta":{"origin":11229,"position":0},"title":"OMS dever\u00e1 definir nesta sexta (27) se a Covid-19 ainda \u00e9 emerg\u00eancia global","author":"","date":"Janeiro 27, 2023","format":false,"excerpt":"Cientistas e consultores importantes da entidade argumentam que pode ser muito cedo para declarar o fim da fase. Um comit\u00ea da Organiza\u00e7\u00e3o Mundial da Sa\u00fade (OMS) se re\u00fane nesta sexta-feira, 27, para avaliar se a pandemia da Covid-19 ainda representa uma Emerg\u00eancia de Sa\u00fade P\u00fablica de \u00c2mbito Internacional. A data\u2026","rel":"","context":"In &quot;Atualidade&quot;","block_context":{"text":"Atualidade","link":"https:\/\/correiodasemana.com\/site\/category\/atualidade\/"},"img":{"alt_text":"","src":"https:\/\/i0.wp.com\/correiodasemana.com\/site\/wp-content\/uploads\/2023\/01\/2020-03-23t212646z_1_lynxmpeg2m24l_rtroptp_4_china-health-who-usa.jpg?resize=350%2C200&ssl=1","width":350,"height":200,"srcset":"https:\/\/i0.wp.com\/correiodasemana.com\/site\/wp-content\/uploads\/2023\/01\/2020-03-23t212646z_1_lynxmpeg2m24l_rtroptp_4_china-health-who-usa.jpg?resize=350%2C200&ssl=1 1x, https:\/\/i0.wp.com\/correiodasemana.com\/site\/wp-content\/uploads\/2023\/01\/2020-03-23t212646z_1_lynxmpeg2m24l_rtroptp_4_china-health-who-usa.jpg?resize=525%2C300&ssl=1 1.5x, https:\/\/i0.wp.com\/correiodasemana.com\/site\/wp-content\/uploads\/2023\/01\/2020-03-23t212646z_1_lynxmpeg2m24l_rtroptp_4_china-health-who-usa.jpg?resize=700%2C400&ssl=1 2x, https:\/\/i0.wp.com\/correiodasemana.com\/site\/wp-content\/uploads\/2023\/01\/2020-03-23t212646z_1_lynxmpeg2m24l_rtroptp_4_china-health-who-usa.jpg?resize=1050%2C600&ssl=1 3x"},"classes":[]},{"id":11241,"url":"https:\/\/correiodasemana.com\/site\/mais-de-10-sacerdotes-mortos-pelo-covid-19-na-italia\/","url_meta":{"origin":11229,"position":1},"title":"Mais de 10 sacerdotes mortos pelo Covid-19 na It\u00e1lia","author":"","date":"Mar\u00e7o 24, 2020","format":false,"excerpt":"At\u00e9 o dia 17 de mar\u00e7o, eram esses os sacerdotes que partiram para o Pai. Muitos eram capel\u00e3os em hospitais ou p\u00e1rocos nas \u00e1reas mais infectadas. O mais novo tinha 55 anos e o mais idoso 104. Por Andressa Collet \u2013 Cidade do Vaticano Pela primeira vez, o n\u00famero de\u2026","rel":"","context":"In &quot;Atualidade&quot;","block_context":{"text":"Atualidade","link":"https:\/\/correiodasemana.com\/site\/category\/atualidade\/"},"img":{"alt_text":"","src":"https:\/\/i0.wp.com\/correiodasemana.com\/site\/wp-content\/uploads\/2020\/03\/WhatsApp-Image-2020-03-19-at-10.09.35-1.jpeg?resize=350%2C200&ssl=1","width":350,"height":200,"srcset":"https:\/\/i0.wp.com\/correiodasemana.com\/site\/wp-content\/uploads\/2020\/03\/WhatsApp-Image-2020-03-19-at-10.09.35-1.jpeg?resize=350%2C200&ssl=1 1x, https:\/\/i0.wp.com\/correiodasemana.com\/site\/wp-content\/uploads\/2020\/03\/WhatsApp-Image-2020-03-19-at-10.09.35-1.jpeg?resize=525%2C300&ssl=1 1.5x"},"classes":[]},{"id":23294,"url":"https:\/\/correiodasemana.com\/site\/oms-decide-manter-covid-19-como-emergencia-global\/","url_meta":{"origin":11229,"position":2},"title":"OMS decide manter covid-19 como emerg\u00eancia global","author":"","date":"Janeiro 31, 2023","format":false,"excerpt":"Tr\u00eas anos ap\u00f3s decretar a covid-19 como emerg\u00eancia global em sa\u00fade p\u00fablica, a Organiza\u00e7\u00e3o Mundial da Sa\u00fade (OMS) informou hoje (30) que ainda n\u00e3o vai declarar o fim da pandemia e do estado de alerta causado pelo v\u00edrus. Em pronunciamento, o diretor-geral da organiza\u00e7\u00e3o, Tedros Adhanom Ghebreyesus, disse que vai\u2026","rel":"","context":"In &quot;Atualidade&quot;","block_context":{"text":"Atualidade","link":"https:\/\/correiodasemana.com\/site\/category\/atualidade\/"},"img":{"alt_text":"","src":"https:\/\/i0.wp.com\/correiodasemana.com\/site\/wp-content\/uploads\/2023\/01\/oms_estabelece_plano_para_saida-890844.jpg?resize=350%2C200&ssl=1","width":350,"height":200,"srcset":"https:\/\/i0.wp.com\/correiodasemana.com\/site\/wp-content\/uploads\/2023\/01\/oms_estabelece_plano_para_saida-890844.jpg?resize=350%2C200&ssl=1 1x, https:\/\/i0.wp.com\/correiodasemana.com\/site\/wp-content\/uploads\/2023\/01\/oms_estabelece_plano_para_saida-890844.jpg?resize=525%2C300&ssl=1 1.5x, https:\/\/i0.wp.com\/correiodasemana.com\/site\/wp-content\/uploads\/2023\/01\/oms_estabelece_plano_para_saida-890844.jpg?resize=700%2C400&ssl=1 2x, https:\/\/i0.wp.com\/correiodasemana.com\/site\/wp-content\/uploads\/2023\/01\/oms_estabelece_plano_para_saida-890844.jpg?resize=1050%2C600&ssl=1 3x, https:\/\/i0.wp.com\/correiodasemana.com\/site\/wp-content\/uploads\/2023\/01\/oms_estabelece_plano_para_saida-890844.jpg?resize=1400%2C800&ssl=1 4x"},"classes":[]},{"id":11488,"url":"https:\/\/correiodasemana.com\/site\/sobral-realiza-mais-testes-para-o-coronavirus\/","url_meta":{"origin":11229,"position":3},"title":"Sobral realiza mais testes para o coronav\u00edrus","author":"","date":"Maio 30, 2020","format":false,"excerpt":"A Secret\u00e1ria de Sa\u00fade atribui o crescimento dos n\u00fameros ao avan\u00e7o da pandemia e a maior aquisi\u00e7\u00e3o de testes nas \u00faltimas semanas em Sobral Por Correio da Semana Em um dos pa\u00edses que menos realiza testes para Covid-19 como o Brasil, a cidade de Sobral supera quatro estados na realiza\u00e7\u00e3o\u2026","rel":"","context":"In &quot;Atualidade&quot;","block_context":{"text":"Atualidade","link":"https:\/\/correiodasemana.com\/site\/category\/atualidade\/"},"img":{"alt_text":"","src":"https:\/\/i0.wp.com\/correiodasemana.com\/site\/wp-content\/uploads\/2020\/05\/WhatsApp-Image-2020-05-28-at-22.30.01.jpeg?resize=350%2C200&ssl=1","width":350,"height":200,"srcset":"https:\/\/i0.wp.com\/correiodasemana.com\/site\/wp-content\/uploads\/2020\/05\/WhatsApp-Image-2020-05-28-at-22.30.01.jpeg?resize=350%2C200&ssl=1 1x, https:\/\/i0.wp.com\/correiodasemana.com\/site\/wp-content\/uploads\/2020\/05\/WhatsApp-Image-2020-05-28-at-22.30.01.jpeg?resize=525%2C300&ssl=1 1.5x"},"classes":[]},{"id":14765,"url":"https:\/\/correiodasemana.com\/site\/oms-milhoes-de-mortes-por-ano-podem-ser-evitadas-com-atividade-fisica\/","url_meta":{"origin":11229,"position":4},"title":"OMS: milh\u00f5es de mortes por ano podem ser evitadas com atividade f\u00edsica","author":"","date":"Novembro 26, 2020","format":false,"excerpt":"Combate ao sedentarismo deve ser praticado em todas as idades At\u00e9 5\u00a0milh\u00f5es de mortes por ano poderiam ser evitadas no mundo\u00a0com um aumento da atividade f\u00edsica, estimou a Organiza\u00e7\u00e3o Mundial da\u00a0Sa\u00fade (OMS), ao lan\u00e7ar\u00a0linhas orientadoras para a\u00a0\u00e1rea. O combate ao sedentarismo deve ser praticado em todas as idades e mesmo\u2026","rel":"","context":"In &quot;Atualidade&quot;","block_context":{"text":"Atualidade","link":"https:\/\/correiodasemana.com\/site\/category\/atualidade\/"},"img":{"alt_text":"","src":"https:\/\/i0.wp.com\/correiodasemana.com\/site\/wp-content\/uploads\/2020\/11\/ginastica_em_casa_covid_-_192003200055_0.jpg?resize=350%2C200&ssl=1","width":350,"height":200,"srcset":"https:\/\/i0.wp.com\/correiodasemana.com\/site\/wp-content\/uploads\/2020\/11\/ginastica_em_casa_covid_-_192003200055_0.jpg?resize=350%2C200&ssl=1 1x, https:\/\/i0.wp.com\/correiodasemana.com\/site\/wp-content\/uploads\/2020\/11\/ginastica_em_casa_covid_-_192003200055_0.jpg?resize=525%2C300&ssl=1 1.5x, https:\/\/i0.wp.com\/correiodasemana.com\/site\/wp-content\/uploads\/2020\/11\/ginastica_em_casa_covid_-_192003200055_0.jpg?resize=700%2C400&ssl=1 2x, https:\/\/i0.wp.com\/correiodasemana.com\/site\/wp-content\/uploads\/2020\/11\/ginastica_em_casa_covid_-_192003200055_0.jpg?resize=1050%2C600&ssl=1 3x"},"classes":[]},{"id":13029,"url":"https:\/\/correiodasemana.com\/site\/papa-defende-vacina-anti-covid-acessivel-a-todos\/","url_meta":{"origin":11229,"position":5},"title":"Papa defende vacina anti-Covid acess\u00edvel a todos","author":"","date":"Agosto 24, 2020","format":false,"excerpt":"Palavras do Papa encontram resson\u00e2ncia em v\u00e1rios organismos e iniciativas, a come\u00e7ar pela Organiza\u00e7\u00e3o Mundial da Sa\u00fade Na terceira Audi\u00eancia Geral dedicada \u00e0 pandemia, o Papa Francisco afirmou que seria triste se uma vacina contra a Covi-19 fosse dada a prioridade aos ricos e que a assist\u00eancia econ\u00f4mica com dinheiro\u2026","rel":"","context":"In &quot;Atualidade&quot;","block_context":{"text":"Atualidade","link":"https:\/\/correiodasemana.com\/site\/category\/atualidade\/"},"img":{"alt_text":"","src":"https:\/\/i0.wp.com\/correiodasemana.com\/site\/wp-content\/uploads\/2020\/08\/vacinacovid.png?resize=350%2C200&ssl=1","width":350,"height":200,"srcset":"https:\/\/i0.wp.com\/correiodasemana.com\/site\/wp-content\/uploads\/2020\/08\/vacinacovid.png?resize=350%2C200&ssl=1 1x, https:\/\/i0.wp.com\/correiodasemana.com\/site\/wp-content\/uploads\/2020\/08\/vacinacovid.png?resize=525%2C300&ssl=1 1.5x"},"classes":[]}],"jetpack_sharing_enabled":true,"_links":{"self":[{"href":"https:\/\/correiodasemana.com\/site\/wp-json\/wp\/v2\/posts\/11229","targetHints":{"allow":["GET"]}}],"collection":[{"href":"https:\/\/correiodasemana.com\/site\/wp-json\/wp\/v2\/posts"}],"about":[{"href":"https:\/\/correiodasemana.com\/site\/wp-json\/wp\/v2\/types\/post"}],"author":[{"embeddable":true,"href":"https:\/\/correiodasemana.com\/site\/wp-json\/wp\/v2\/users\/1"}],"replies":[{"embeddable":true,"href":"https:\/\/correiodasemana.com\/site\/wp-json\/wp\/v2\/comments?post=11229"}],"version-history":[{"count":1,"href":"https:\/\/correiodasemana.com\/site\/wp-json\/wp\/v2\/posts\/11229\/revisions"}],"predecessor-version":[{"id":11231,"href":"https:\/\/correiodasemana.com\/site\/wp-json\/wp\/v2\/posts\/11229\/revisions\/11231"}],"wp:featuredmedia":[{"embeddable":true,"href":"https:\/\/correiodasemana.com\/site\/wp-json\/wp\/v2\/media\/11230"}],"wp:attachment":[{"href":"https:\/\/correiodasemana.com\/site\/wp-json\/wp\/v2\/media?parent=11229"}],"wp:term":[{"taxonomy":"category","embeddable":true,"href":"https:\/\/correiodasemana.com\/site\/wp-json\/wp\/v2\/categories?post=11229"},{"taxonomy":"post_tag","embeddable":true,"href":"https:\/\/correiodasemana.com\/site\/wp-json\/wp\/v2\/tags?post=11229"}],"curies":[{"name":"wp","href":"https:\/\/api.w.org\/{rel}","templated":true}]}}