{"id":11232,"date":"2020-03-18T05:04:41","date_gmt":"2020-03-18T05:04:41","guid":{"rendered":"https:\/\/correiodasemana.com\/site\/?p=11232"},"modified":"2020-03-18T05:04:41","modified_gmt":"2020-03-18T05:04:41","slug":"vozes-e-profecias","status":"publish","type":"post","link":"https:\/\/correiodasemana.com\/site\/vozes-e-profecias\/","title":{"rendered":"Vozes e profecias"},"content":{"rendered":"<p>Vozes e profecias contracenam nos cen\u00e1rios que marcam circunst\u00e2ncias da sociedade contempor\u00e2nea. As vozes s\u00e3o muitas. N\u00e3o poderia ser diferente, pois acontemporaneidade tamb\u00e9m se caracteriza pelo direito irrestrito de se expressar \u2013 uma necessidade e tamb\u00e9m um dever. Os di\u00e1logos s\u00e3o tecidos com os elos do que sediz. E as vozes s\u00e3o muitas, ante a autonomia, a necessidade e o dever de se expressar. Dessa realidade, surgem desafios para enunciar falas coerentes, sens\u00edveis \u00e0s muitas vozes que precisam se fazer ouvir. A escuta se torna, pois, uma exig\u00eancia. Condi\u00e7\u00e3o indispens\u00e1velpara o di\u00e1logo. H\u00e1, assim, a dicotomia entre os direitos de poder, de dever dizer, e a exig\u00eancia de tamb\u00e9m saber escutar. Sem escuta, n\u00e3o h\u00e1 di\u00e1logo e, consequentemente, rela\u00e7\u00f5es ficam prejudicadas, crescem radicalismos, polariza\u00e7\u00f5es, preconceitos e ju\u00edzos inadequados.<br \/>\nInteressante \u00e9 recordar o dito popular: \u201cQuem diz o que quer ouve o que n\u00e3o quer\u201d. Sublinha-se, pois, o aspecto de que a liberdade de dizer n\u00e3o dispensa o compromisso \u00e9tico com a verdade. N\u00e3o \u00e9 tarefa f\u00e1cil. O ato de falardepende de determinada interpreta\u00e7\u00e3o, pois h\u00e1 certa parcialidade que se evidencia com um olhar hermen\u00eautico. S\u00e3o vozes e vozes que buscam se fundamentar na verdade, ao menos na verdade de seu territ\u00f3rio. A partirdessa premissa, quando se observa diferentes enunciados na contemporaneidade, constata-se que est\u00e1 em curso a consolida\u00e7\u00e3o de uma Babel, acirrada pelas estreitezas de diferentes interpreta\u00e7\u00f5es dos que pensam possuir a verdade, quando, em vez disso, falam a partir de interesses dos lugares que ocupam.<br \/>\nNesta Babel de vozes est\u00e1 o enfraquecimento da capacidade prof\u00e9tica do ser humano,seja pelo sil\u00eancio permissivo peranteas injusti\u00e7asou pela incapacidade de escutar os diferentes clamores. As profecias gradativamente perdem espa\u00e7o para as coniv\u00eancias e o ser humanotorna-se incapaz de cultivar o sentimento deindigna\u00e7\u00e3o frente a situa\u00e7\u00f5es que precisam ser mudadas. Trata-se de um sinal da crise do compromisso comunit\u00e1rio. O que passa a valer hegemonicamente \u00e9 o que est\u00e1 garantido no horizonte sedutor do consumismo, advindo da l\u00f3gica do mercantilismo e da sedu\u00e7\u00e3o de um bem-viver ego\u00edsta, mesquinho. Essas l\u00f3gicas e din\u00e2micas s\u00e3o t\u00e3o trai\u00e7oeiras e cegam a tal ponto que n\u00e3o se consegue revestir discursos com a coer\u00eancia de um testemunho revelado na pr\u00f3pria conduta. Isso faz lembrar Jesus numa invectiva forte, contundente e atual, a respeito de seus conterr\u00e2neos: eles falam, mas n\u00e3o praticam o que pregam.<br \/>\nSem profecias, o mundo se perde. A voz prof\u00e9tica incomoda, por tocar o \u00e2mago de feridas, com a assertividade sustentada pela indigna\u00e7\u00e3o, aspecto que n\u00e3o pode faltar, sob pena de alimentar a indiferen\u00e7a e incapacitar para aquele olharque gera a compaix\u00e3o edisposi\u00e7\u00e3o de cuidar. Por isso mesmo, as vozes m\u00faltiplas do tempo atual, quando \u00e9 necess\u00e1rio construir novos entendimentos e formatar novos sistemas, s\u00e3o desafiadas a retomar e fazer renascer as profecias. Existem medos, desconfian\u00e7as, titubeios, rigidez, disputas cegas contracenando com a demanda reprimida de vozes prof\u00e9ticas capazes de abrir caminhos, com lucidez, no horizonte dosanseios da humanidade.<br \/>\nOs cidad\u00e3osest\u00e3o desafiadosaunir suas vozes, nos seus diferentes tons, por uma sinfonia human\u00edstica que emoldure a caminhada da sociedade. Importante \u00e9 deixar-se interpelar, esperan\u00e7osamente, pelos sonhos do Papa Francisco, na sua recente Exorta\u00e7\u00e3o P\u00f3s-Sinodal, \u201cQuerida Amaz\u00f4nia\u201d, nos largos horizontes dos sonhos social, cultural, ecol\u00f3gico e eclesial. O primeiro passo da profecia ser\u00e1 sempre reconhecer a pr\u00f3pria condi\u00e7\u00e3o de aprendiz, aberto a remodela\u00e7\u00f5es, corre\u00e7\u00f5es e a novas pr\u00e1ticas, particularmente pelo convencimento de que a hora exige um falar com for\u00e7a para desencadear transforma\u00e7\u00f5es.<br \/>\nAssim, a Igreja Cat\u00f3lica, intrinsecamente fundamentada na profecia, pelas exig\u00eancias irrenunci\u00e1veis do Evangelho de Jesus, vive agora interpelante desafio, com sua voz pr\u00f3pria &#8211; sem empr\u00e9stimo de outras vozes, mas contracenando,para que haja harmonia:contribuir para que osmuitos \u201cdizeres\u201d constituam um coro prof\u00e9tico, na contram\u00e3o clara e corajosa de desmandos do conservadorismo pol\u00edtico, de atentados insanos contra a democracia, de sandices contra a Constitui\u00e7\u00e3o, cultivando indigna\u00e7\u00e3o diante de qualquer amea\u00e7a \u00e0s pessoas e aos direitos. Dessa forma, ajudar na consolida\u00e7\u00e3o de uma sociedade cada vez mais democr\u00e1tica, balizada emmarcos civilizat\u00f3rios que possibilitem a supera\u00e7\u00e3o de atrasos e de descompassos, produzidos por l\u00f3gicas perversas, alicer\u00e7adas na idolatria do dinheiro. Continuem as vozes, renas\u00e7am as profecias.<\/p>\n<p>Dom Walmor Oliveira de Azevedo &#8211; Arcebispo metropolitano de Belo Horizonte &#8211; Presidente da Confer\u00eancia Nacional dos Bispos do Brasil(CNBB)<\/p>\n","protected":false},"excerpt":{"rendered":"<p>Vozes e profecias contracenam nos cen\u00e1rios que marcam circunst\u00e2ncias da sociedade contempor\u00e2nea. As vozes s\u00e3o&#8230;<\/p>\n","protected":false},"author":1,"featured_media":7687,"comment_status":"open","ping_status":"open","sticky":false,"template":"","format":"standard","meta":{"_jetpack_memberships_contains_paid_content":false,"footnotes":"","jetpack_publicize_message":"","jetpack_publicize_feature_enabled":true,"jetpack_social_post_already_shared":true,"jetpack_social_options":{"image_generator_settings":{"template":"highway","default_image_id":0,"font":"","enabled":false},"version":2}},"categories":[24,4,39],"tags":[],"class_list":["post-11232","post","type-post","status-publish","format-standard","has-post-thumbnail","hentry","category-a-voz-do-pastor","category-diocese","category-igreja"],"jetpack_publicize_connections":[],"jetpack_featured_media_url":"https:\/\/correiodasemana.com\/site\/wp-content\/uploads\/2018\/02\/Dom-Vasconcelos-posses.jpg","jetpack-related-posts":[{"id":16371,"url":"https:\/\/correiodasemana.com\/site\/mais-escuta-melhor-juizo\/","url_meta":{"origin":11232,"position":0},"title":"Mais escuta, melhor ju\u00edzo","author":"","date":"Maio 3, 2021","format":false,"excerpt":"A manifesta\u00e7\u00e3o de ju\u00edzos no horizonte da autonomia e da liberdade \u00e9 um direito e um dever, exerc\u00edcio que envolve responsabilidades e riscos. \u00c9 poss\u00edvel perceber as consequ\u00eancias de uma opini\u00e3o formulada ao serem considerados o alcance e a incid\u00eancia de um ju\u00edzo de valor a respeito de uma situa\u00e7\u00e3o\u2026","rel":"","context":"In &quot;A voz do Pastor&quot;","block_context":{"text":"A voz do Pastor","link":"https:\/\/correiodasemana.com\/site\/category\/a-voz-do-pastor\/"},"img":{"alt_text":"","src":"https:\/\/i0.wp.com\/correiodasemana.com\/site\/wp-content\/uploads\/2019\/07\/Dom-Vasconcelos-posses.jpg?resize=350%2C200&ssl=1","width":350,"height":200,"srcset":"https:\/\/i0.wp.com\/correiodasemana.com\/site\/wp-content\/uploads\/2019\/07\/Dom-Vasconcelos-posses.jpg?resize=350%2C200&ssl=1 1x, https:\/\/i0.wp.com\/correiodasemana.com\/site\/wp-content\/uploads\/2019\/07\/Dom-Vasconcelos-posses.jpg?resize=525%2C300&ssl=1 1.5x, https:\/\/i0.wp.com\/correiodasemana.com\/site\/wp-content\/uploads\/2019\/07\/Dom-Vasconcelos-posses.jpg?resize=700%2C400&ssl=1 2x"},"classes":[]},{"id":10631,"url":"https:\/\/correiodasemana.com\/site\/sociedade-sem-profecias\/","url_meta":{"origin":11232,"position":1},"title":"Sociedade sem profecias","author":"","date":"Janeiro 27, 2020","format":false,"excerpt":"As profecias s\u00e3o indispens\u00e1veis na qualifica\u00e7\u00e3o do tecido antropol\u00f3gico-cultural que sustenta a vida de uma sociedade. Trata-se da necess\u00e1ria clarivid\u00eancia que deve ser a estrela-guia de todos os processos sociopol\u00edticos e econ\u00f4micos. Compreende-se que a aus\u00eancia da profecia pode contribuir na perda de rumos, na cristaliza\u00e7\u00e3o de posicionamentos e din\u00e2micas\u2026","rel":"","context":"In &quot;A voz do Pastor&quot;","block_context":{"text":"A voz do Pastor","link":"https:\/\/correiodasemana.com\/site\/category\/a-voz-do-pastor\/"},"img":{"alt_text":"","src":"https:\/\/i0.wp.com\/correiodasemana.com\/site\/wp-content\/uploads\/2019\/07\/Dom-Vasconcelos-Em-entrevista-concedida-%C3%A0-Pascom-Diocesana-Foto-Jo%C3%A3o-Pauloo.jpg?resize=350%2C200&ssl=1","width":350,"height":200,"srcset":"https:\/\/i0.wp.com\/correiodasemana.com\/site\/wp-content\/uploads\/2019\/07\/Dom-Vasconcelos-Em-entrevista-concedida-%C3%A0-Pascom-Diocesana-Foto-Jo%C3%A3o-Pauloo.jpg?resize=350%2C200&ssl=1 1x, https:\/\/i0.wp.com\/correiodasemana.com\/site\/wp-content\/uploads\/2019\/07\/Dom-Vasconcelos-Em-entrevista-concedida-%C3%A0-Pascom-Diocesana-Foto-Jo%C3%A3o-Pauloo.jpg?resize=525%2C300&ssl=1 1.5x, https:\/\/i0.wp.com\/correiodasemana.com\/site\/wp-content\/uploads\/2019\/07\/Dom-Vasconcelos-Em-entrevista-concedida-%C3%A0-Pascom-Diocesana-Foto-Jo%C3%A3o-Pauloo.jpg?resize=700%2C400&ssl=1 2x, https:\/\/i0.wp.com\/correiodasemana.com\/site\/wp-content\/uploads\/2019\/07\/Dom-Vasconcelos-Em-entrevista-concedida-%C3%A0-Pascom-Diocesana-Foto-Jo%C3%A3o-Pauloo.jpg?resize=1050%2C600&ssl=1 3x, https:\/\/i0.wp.com\/correiodasemana.com\/site\/wp-content\/uploads\/2019\/07\/Dom-Vasconcelos-Em-entrevista-concedida-%C3%A0-Pascom-Diocesana-Foto-Jo%C3%A3o-Pauloo.jpg?resize=1400%2C800&ssl=1 4x"},"classes":[]},{"id":17740,"url":"https:\/\/correiodasemana.com\/site\/voz-de-profecia\/","url_meta":{"origin":11232,"position":2},"title":"VOZ DE PROFECIA\u00a0","author":"","date":"Outubro 11, 2021","format":false,"excerpt":"Dom Walmor Oliveira de Azevedo - Arcebispo de Belo Horizonte (MG) Revisitar\u00a0epis\u00f3dios da hist\u00f3ria\u00a0\u00e9 oportunidade para\u00a0o aprendizado de li\u00e7\u00f5es valiosas\u00a0que\u00a0reavivam o sentido adequado de entendimentos\u00a0e mostram a import\u00e2ncia\u00a0insubstitu\u00edvel da mem\u00f3ria de um povo, do grupo familiar e de toda institui\u00e7\u00e3o. Como assevera o entendimento popular,\u00a0\u201ca hist\u00f3ria n\u00e3o come\u00e7a agora\u201d. Muitos\u2026","rel":"","context":"In &quot;A voz do Pastor&quot;","block_context":{"text":"A voz do Pastor","link":"https:\/\/correiodasemana.com\/site\/category\/a-voz-do-pastor\/"},"img":{"alt_text":"","src":"https:\/\/i0.wp.com\/correiodasemana.com\/site\/wp-content\/uploads\/2019\/07\/Dom-Vasconcelos-Em-entrevista-concedida-%C3%A0-Pascom-Diocesana-Foto-Jo%C3%A3o-Pauloo.jpg?resize=350%2C200&ssl=1","width":350,"height":200,"srcset":"https:\/\/i0.wp.com\/correiodasemana.com\/site\/wp-content\/uploads\/2019\/07\/Dom-Vasconcelos-Em-entrevista-concedida-%C3%A0-Pascom-Diocesana-Foto-Jo%C3%A3o-Pauloo.jpg?resize=350%2C200&ssl=1 1x, https:\/\/i0.wp.com\/correiodasemana.com\/site\/wp-content\/uploads\/2019\/07\/Dom-Vasconcelos-Em-entrevista-concedida-%C3%A0-Pascom-Diocesana-Foto-Jo%C3%A3o-Pauloo.jpg?resize=525%2C300&ssl=1 1.5x, https:\/\/i0.wp.com\/correiodasemana.com\/site\/wp-content\/uploads\/2019\/07\/Dom-Vasconcelos-Em-entrevista-concedida-%C3%A0-Pascom-Diocesana-Foto-Jo%C3%A3o-Pauloo.jpg?resize=700%2C400&ssl=1 2x, https:\/\/i0.wp.com\/correiodasemana.com\/site\/wp-content\/uploads\/2019\/07\/Dom-Vasconcelos-Em-entrevista-concedida-%C3%A0-Pascom-Diocesana-Foto-Jo%C3%A3o-Pauloo.jpg?resize=1050%2C600&ssl=1 3x, https:\/\/i0.wp.com\/correiodasemana.com\/site\/wp-content\/uploads\/2019\/07\/Dom-Vasconcelos-Em-entrevista-concedida-%C3%A0-Pascom-Diocesana-Foto-Jo%C3%A3o-Pauloo.jpg?resize=1400%2C800&ssl=1 4x"},"classes":[]},{"id":17560,"url":"https:\/\/correiodasemana.com\/site\/efata-isto-e-abre-te\/","url_meta":{"origin":11232,"position":3},"title":"EFAT\u00c1, ISTO \u00c9, ABRE-TE","author":"","date":"Setembro 19, 2021","format":false,"excerpt":"Jesus, em travessia mission\u00e1ria, passa pela regi\u00e3o de Tiro, Sid\u00f4nia, indo at\u00e9 o mar da Galileia e a regi\u00e3o da Dec\u00e1pole, narra o Evangelista Marcos. Nessa travessia mission\u00e1ria, o Mestre realiza o milagre da cura de um surdo-gago. Antes, Jesus havia acolhido o pedido de uma m\u00e3e que, com seu\u2026","rel":"","context":"In &quot;A voz do Pastor&quot;","block_context":{"text":"A voz do Pastor","link":"https:\/\/correiodasemana.com\/site\/category\/a-voz-do-pastor\/"},"img":{"alt_text":"","src":"https:\/\/i0.wp.com\/correiodasemana.com\/site\/wp-content\/uploads\/2019\/07\/Dom-Vasconcelos-Em-entrevista-concedida-%C3%A0-Pascom-Diocesana-Foto-Jo%C3%A3o-Pauloo.jpg?resize=350%2C200&ssl=1","width":350,"height":200,"srcset":"https:\/\/i0.wp.com\/correiodasemana.com\/site\/wp-content\/uploads\/2019\/07\/Dom-Vasconcelos-Em-entrevista-concedida-%C3%A0-Pascom-Diocesana-Foto-Jo%C3%A3o-Pauloo.jpg?resize=350%2C200&ssl=1 1x, https:\/\/i0.wp.com\/correiodasemana.com\/site\/wp-content\/uploads\/2019\/07\/Dom-Vasconcelos-Em-entrevista-concedida-%C3%A0-Pascom-Diocesana-Foto-Jo%C3%A3o-Pauloo.jpg?resize=525%2C300&ssl=1 1.5x, https:\/\/i0.wp.com\/correiodasemana.com\/site\/wp-content\/uploads\/2019\/07\/Dom-Vasconcelos-Em-entrevista-concedida-%C3%A0-Pascom-Diocesana-Foto-Jo%C3%A3o-Pauloo.jpg?resize=700%2C400&ssl=1 2x, https:\/\/i0.wp.com\/correiodasemana.com\/site\/wp-content\/uploads\/2019\/07\/Dom-Vasconcelos-Em-entrevista-concedida-%C3%A0-Pascom-Diocesana-Foto-Jo%C3%A3o-Pauloo.jpg?resize=1050%2C600&ssl=1 3x, https:\/\/i0.wp.com\/correiodasemana.com\/site\/wp-content\/uploads\/2019\/07\/Dom-Vasconcelos-Em-entrevista-concedida-%C3%A0-Pascom-Diocesana-Foto-Jo%C3%A3o-Pauloo.jpg?resize=1400%2C800&ssl=1 4x"},"classes":[]},{"id":22451,"url":"https:\/\/correiodasemana.com\/site\/a-voz-e-a-palavra\/","url_meta":{"origin":11232,"position":4},"title":"A voz e a Palavra","author":"","date":"Dezembro 26, 2022","format":false,"excerpt":"Da intelig\u00eancia luminosa e m\u00edstica de Santo Agostinho, no 5\u00ba s\u00e9culo da hist\u00f3ria bimilenar da Igreja Cat\u00f3lica, brota rica narrativa sobre a voz e a Palavra. S\u00e3o ensinamentos que indicam um rem\u00e9dio para o vozerio, por vezes descompassado, do tempo presente, facilitado pelas redes sociais. Essa profus\u00e3o de falas nem\u2026","rel":"","context":"In &quot;A voz do Pastor&quot;","block_context":{"text":"A voz do Pastor","link":"https:\/\/correiodasemana.com\/site\/category\/a-voz-do-pastor\/"},"img":{"alt_text":"","src":"https:\/\/i0.wp.com\/correiodasemana.com\/site\/wp-content\/uploads\/2022\/12\/dom-vasconcelos-cidadao-sobralense-37.jpg?resize=350%2C200&ssl=1","width":350,"height":200,"srcset":"https:\/\/i0.wp.com\/correiodasemana.com\/site\/wp-content\/uploads\/2022\/12\/dom-vasconcelos-cidadao-sobralense-37.jpg?resize=350%2C200&ssl=1 1x, https:\/\/i0.wp.com\/correiodasemana.com\/site\/wp-content\/uploads\/2022\/12\/dom-vasconcelos-cidadao-sobralense-37.jpg?resize=525%2C300&ssl=1 1.5x, https:\/\/i0.wp.com\/correiodasemana.com\/site\/wp-content\/uploads\/2022\/12\/dom-vasconcelos-cidadao-sobralense-37.jpg?resize=700%2C400&ssl=1 2x"},"classes":[]},{"id":18609,"url":"https:\/\/correiodasemana.com\/site\/caminhos-da-paz\/","url_meta":{"origin":11232,"position":5},"title":"CAMINHOS DA PAZ\u00a0","author":"","date":"Janeiro 16, 2022","format":false,"excerpt":"Paz remete a bens indispens\u00e1veis em respeito e gratuidade \u00e0 dignidade de toda pessoa. Compreende-se a dramaticidade dos tempos atuais quando grande parte da humanidade se encontra privada desses bens. Os cen\u00e1rios de mis\u00e9ria, fome, migra\u00e7\u00f5es de popula\u00e7\u00f5es inteiras \u2013 situa\u00e7\u00f5es que configuram o clamor dos pobres desta terra \u2013\u2026","rel":"","context":"In &quot;A voz do Pastor&quot;","block_context":{"text":"A voz do Pastor","link":"https:\/\/correiodasemana.com\/site\/category\/a-voz-do-pastor\/"},"img":{"alt_text":"","src":"https:\/\/i0.wp.com\/correiodasemana.com\/site\/wp-content\/uploads\/2019\/07\/Dom-Vasconcelos-posses.jpg?resize=350%2C200&ssl=1","width":350,"height":200,"srcset":"https:\/\/i0.wp.com\/correiodasemana.com\/site\/wp-content\/uploads\/2019\/07\/Dom-Vasconcelos-posses.jpg?resize=350%2C200&ssl=1 1x, https:\/\/i0.wp.com\/correiodasemana.com\/site\/wp-content\/uploads\/2019\/07\/Dom-Vasconcelos-posses.jpg?resize=525%2C300&ssl=1 1.5x, https:\/\/i0.wp.com\/correiodasemana.com\/site\/wp-content\/uploads\/2019\/07\/Dom-Vasconcelos-posses.jpg?resize=700%2C400&ssl=1 2x"},"classes":[]}],"jetpack_sharing_enabled":true,"_links":{"self":[{"href":"https:\/\/correiodasemana.com\/site\/wp-json\/wp\/v2\/posts\/11232","targetHints":{"allow":["GET"]}}],"collection":[{"href":"https:\/\/correiodasemana.com\/site\/wp-json\/wp\/v2\/posts"}],"about":[{"href":"https:\/\/correiodasemana.com\/site\/wp-json\/wp\/v2\/types\/post"}],"author":[{"embeddable":true,"href":"https:\/\/correiodasemana.com\/site\/wp-json\/wp\/v2\/users\/1"}],"replies":[{"embeddable":true,"href":"https:\/\/correiodasemana.com\/site\/wp-json\/wp\/v2\/comments?post=11232"}],"version-history":[{"count":1,"href":"https:\/\/correiodasemana.com\/site\/wp-json\/wp\/v2\/posts\/11232\/revisions"}],"predecessor-version":[{"id":11233,"href":"https:\/\/correiodasemana.com\/site\/wp-json\/wp\/v2\/posts\/11232\/revisions\/11233"}],"wp:featuredmedia":[{"embeddable":true,"href":"https:\/\/correiodasemana.com\/site\/wp-json\/wp\/v2\/media\/7687"}],"wp:attachment":[{"href":"https:\/\/correiodasemana.com\/site\/wp-json\/wp\/v2\/media?parent=11232"}],"wp:term":[{"taxonomy":"category","embeddable":true,"href":"https:\/\/correiodasemana.com\/site\/wp-json\/wp\/v2\/categories?post=11232"},{"taxonomy":"post_tag","embeddable":true,"href":"https:\/\/correiodasemana.com\/site\/wp-json\/wp\/v2\/tags?post=11232"}],"curies":[{"name":"wp","href":"https:\/\/api.w.org\/{rel}","templated":true}]}}