{"id":11241,"date":"2020-03-24T04:23:06","date_gmt":"2020-03-24T04:23:06","guid":{"rendered":"https:\/\/correiodasemana.com\/site\/?p=11241"},"modified":"2020-03-24T04:23:06","modified_gmt":"2020-03-24T04:23:06","slug":"mais-de-10-sacerdotes-mortos-pelo-covid-19-na-italia","status":"publish","type":"post","link":"https:\/\/correiodasemana.com\/site\/mais-de-10-sacerdotes-mortos-pelo-covid-19-na-italia\/","title":{"rendered":"Mais de 10 sacerdotes mortos pelo Covid-19 na It\u00e1lia"},"content":{"rendered":"<p><strong>At\u00e9 o dia 17 de mar\u00e7o, eram esses os sacerdotes que partiram para o Pai. Muitos eram capel\u00e3os em hospitais ou p\u00e1rocos nas \u00e1reas mais infectadas. O mais novo tinha 55 anos e o mais idoso 104.<\/strong><\/p>\n<p>Por Andressa Collet \u2013 Cidade do Vaticano<br \/>\nPela primeira vez, o n\u00famero de mortes pelo coronav\u00edrus no mundo superou aquele da China. Na It\u00e1lia, mesmo com as medidas de restri\u00e7\u00e3o para conter o Covid-19, 11 padres morreram devido \u00e0 doen\u00e7a, e outros seguem infectados e se recuperando. Como o bispo de Cremona, Dom Antonio Napolioni, de quarentena, que convida a viver este per\u00edodo de Quaresma \u201cdramaticamente dura, mas precisamente, por isso, perfeita\u201d.<br \/>\nO diretor-geral da Organiza\u00e7\u00e3o Mundial de Sa\u00fade (OMS), Tedros Adhanom Ghebreyesus, afirmou nesta segunda-feira (16), que a pandemia do Covid-19 \u00e9 \u201ca grande crise sanit\u00e1ria global dos nossos tempos\u201d. Pela primeira vez, o n\u00famero de mortes pelo coronav\u00edrus no mundo superou aquele da China e s\u00e3o mais de 85 mil cont\u00e1gios.<br \/>\nAs medidas de restri\u00e7\u00e3o para conter a dissemina\u00e7\u00e3o da doen\u00e7a est\u00e3o sendo adotadas, inclusive, dentro da Igreja cat\u00f3lica para preservar fi\u00e9is e consagrados. Na It\u00e1lia, um comunicado oficial da Confer\u00eancia Episcopal lembrou que o per\u00edodo \u00e9 \u201cde grande responsabilidade\u201d e \u201cproximidade ao pa\u00eds\u201d. A pandemia, por\u00e9m, mesmo com as disposi\u00e7\u00f5es, atingiu os respons\u00e1veis pela aten\u00e7\u00e3o pastoral aos fi\u00e9is. Segundo reporta a ag\u00eancia de not\u00edcias ACI, onze sacerdotes j\u00e1 morreram na It\u00e1lia, v\u00edtimas do Covid-19. A maioria estava na regi\u00e3o da Lombardia, de onde se originou a dissemina\u00e7\u00e3o do coronav\u00edrus no pa\u00eds: 6 morreram na cidade de B\u00e9rgamo, tr\u00eas em Br\u00e9scia e um em Cremona. O outro padre falecido estava na regi\u00e3o da Emilia-Romagna.<br \/>\nOs infectados pelo Covid-19<br \/>\nNo caso de B\u00e9rgamo, os dois \u00faltimos sacerdotes falecidos s\u00e3o Pe. Silvano Sirtoli, de 59 anos, e Pe. Giancarlo Nava, de 70 anos. Outros 20 padres testaram positivo e alguns, inclusive, j\u00e1 se recuperaram. Entre os infectados pelo Covid-19 est\u00e1 o bispo de B\u00e9rgamo, Dom Francesco Beschi, que segue se recuperando bem. J\u00e1 o bispo de Cremona, Dom Antonio Napolioni, recuperado, retornou \u00e0 resid\u00eancia episcopal nesta segunda-feira (16) para o per\u00edodo de convalescen\u00e7a e 14 dias de quarentena. Depois, o prelado dever\u00e1 refazer os exames para confirmar que j\u00e1 n\u00e3o tem a doen\u00e7a.<\/p>\n<p><img fetchpriority=\"high\" decoding=\"async\" class=\"aligncenter size-medium wp-image-11242\" src=\"https:\/\/correiodasemana.com\/site\/wp-content\/uploads\/2020\/03\/WhatsApp-Image-2020-03-19-at-10.09.35-1-298x300.jpeg\" alt=\"\" width=\"298\" height=\"300\" srcset=\"https:\/\/correiodasemana.com\/site\/wp-content\/uploads\/2020\/03\/WhatsApp-Image-2020-03-19-at-10.09.35-1-298x300.jpeg 298w, https:\/\/correiodasemana.com\/site\/wp-content\/uploads\/2020\/03\/WhatsApp-Image-2020-03-19-at-10.09.35-1-150x150.jpeg 150w, https:\/\/correiodasemana.com\/site\/wp-content\/uploads\/2020\/03\/WhatsApp-Image-2020-03-19-at-10.09.35-1.jpeg 640w\" sizes=\"(max-width: 298px) 100vw, 298px\" \/> <img decoding=\"async\" class=\"aligncenter size-medium wp-image-11243\" src=\"https:\/\/correiodasemana.com\/site\/wp-content\/uploads\/2020\/03\/WhatsApp-Image-2020-03-19-at-10.09.36-2-279x300.jpeg\" alt=\"\" width=\"279\" height=\"300\" srcset=\"https:\/\/correiodasemana.com\/site\/wp-content\/uploads\/2020\/03\/WhatsApp-Image-2020-03-19-at-10.09.36-2-279x300.jpeg 279w, https:\/\/correiodasemana.com\/site\/wp-content\/uploads\/2020\/03\/WhatsApp-Image-2020-03-19-at-10.09.36-2.jpeg 597w\" sizes=\"(max-width: 279px) 100vw, 279px\" \/> <img decoding=\"async\" class=\"aligncenter size-medium wp-image-11244\" src=\"https:\/\/correiodasemana.com\/site\/wp-content\/uploads\/2020\/03\/WhatsApp-Image-2020-03-19-at-10.09.36-289x300.jpeg\" alt=\"\" width=\"289\" height=\"300\" srcset=\"https:\/\/correiodasemana.com\/site\/wp-content\/uploads\/2020\/03\/WhatsApp-Image-2020-03-19-at-10.09.36-289x300.jpeg 289w, https:\/\/correiodasemana.com\/site\/wp-content\/uploads\/2020\/03\/WhatsApp-Image-2020-03-19-at-10.09.36.jpeg 614w\" sizes=\"(max-width: 289px) 100vw, 289px\" \/><\/p>\n","protected":false},"excerpt":{"rendered":"<p>At\u00e9 o dia 17 de mar\u00e7o, eram esses os sacerdotes que partiram para o Pai&#8230;.<\/p>\n","protected":false},"author":1,"featured_media":11242,"comment_status":"open","ping_status":"open","sticky":false,"template":"","format":"standard","meta":{"_jetpack_memberships_contains_paid_content":false,"footnotes":"","jetpack_publicize_message":"","jetpack_publicize_feature_enabled":true,"jetpack_social_post_already_shared":true,"jetpack_social_options":{"image_generator_settings":{"template":"highway","default_image_id":0,"font":"","enabled":false},"version":2}},"categories":[1],"tags":[],"class_list":["post-11241","post","type-post","status-publish","format-standard","has-post-thumbnail","hentry","category-atualidade"],"jetpack_publicize_connections":[],"jetpack_featured_media_url":"https:\/\/correiodasemana.com\/site\/wp-content\/uploads\/2020\/03\/WhatsApp-Image-2020-03-19-at-10.09.35-1.jpeg","jetpack-related-posts":[{"id":12859,"url":"https:\/\/correiodasemana.com\/site\/covid-19-brasil-registra-mais-23-101-casos-confirmados\/","url_meta":{"origin":11241,"position":0},"title":"Covid-19: Brasil registra mais 23.101 casos confirmados","author":"","date":"Agosto 17, 2020","format":false,"excerpt":"Do total de infectados, 72,8% conseguiu se recuperar da doen\u00e7a O balan\u00e7o divulgado\u00a0hoje\u00a0(16) pelo Minist\u00e9rio da Sa\u00fade mostra 620 novas mortes por covid-19 nas \u00faltimas 24 horas, totalizando 107.852 vidas perdidas para o v\u00edrus desde o come\u00e7o da pandemia. Al\u00e9m disso, foram registrados 23.101 novos casos, totalizando 3.340.197 casos acumulados,\u2026","rel":"","context":"In &quot;Atualidade&quot;","block_context":{"text":"Atualidade","link":"https:\/\/correiodasemana.com\/site\/category\/atualidade\/"},"img":{"alt_text":"","src":"https:\/\/i0.wp.com\/correiodasemana.com\/site\/wp-content\/uploads\/2020\/08\/2020-06-16t191636z_1_lynxmpeg5f1th_rtroptp_4_saude-coronavirus-curevac-alemanha.jpg?resize=350%2C200&ssl=1","width":350,"height":200,"srcset":"https:\/\/i0.wp.com\/correiodasemana.com\/site\/wp-content\/uploads\/2020\/08\/2020-06-16t191636z_1_lynxmpeg5f1th_rtroptp_4_saude-coronavirus-curevac-alemanha.jpg?resize=350%2C200&ssl=1 1x, https:\/\/i0.wp.com\/correiodasemana.com\/site\/wp-content\/uploads\/2020\/08\/2020-06-16t191636z_1_lynxmpeg5f1th_rtroptp_4_saude-coronavirus-curevac-alemanha.jpg?resize=525%2C300&ssl=1 1.5x, https:\/\/i0.wp.com\/correiodasemana.com\/site\/wp-content\/uploads\/2020\/08\/2020-06-16t191636z_1_lynxmpeg5f1th_rtroptp_4_saude-coronavirus-curevac-alemanha.jpg?resize=700%2C400&ssl=1 2x, https:\/\/i0.wp.com\/correiodasemana.com\/site\/wp-content\/uploads\/2020\/08\/2020-06-16t191636z_1_lynxmpeg5f1th_rtroptp_4_saude-coronavirus-curevac-alemanha.jpg?resize=1050%2C600&ssl=1 3x"},"classes":[]},{"id":14773,"url":"https:\/\/correiodasemana.com\/site\/taxa-de-transmissao-da-covid-19-no-pais-e-a-maior-desde-maio-sobral-passa-de-doze-mil-curados\/","url_meta":{"origin":11241,"position":1},"title":"Taxa de transmiss\u00e3o da Covid-19 no pa\u00eds \u00e9 a maior desde maio; Sobral passa de doze mil curados","author":"","date":"Novembro 30, 2020","format":false,"excerpt":"Por Joc\u00e9lio Tavares. A taxa de transmiss\u00e3o do novo coronav\u00edrus voltou a subir no Brasil e j\u00e1 \u00e9 a maior desde maio, de acordo com os dados divulgados nesta ter\u00e7a-feira (24) pelo Centro de Controle de Epidemias do Imperial College, de Londres. A taxa passou de 1,10 no \u00faltimo balan\u00e7o\u2026","rel":"","context":"In &quot;Atualidade&quot;","block_context":{"text":"Atualidade","link":"https:\/\/correiodasemana.com\/site\/category\/atualidade\/"},"img":{"alt_text":"","src":"https:\/\/i0.wp.com\/correiodasemana.com\/site\/wp-content\/uploads\/2020\/11\/covid-em-sobral-scaled.jpg?resize=350%2C200&ssl=1","width":350,"height":200,"srcset":"https:\/\/i0.wp.com\/correiodasemana.com\/site\/wp-content\/uploads\/2020\/11\/covid-em-sobral-scaled.jpg?resize=350%2C200&ssl=1 1x, https:\/\/i0.wp.com\/correiodasemana.com\/site\/wp-content\/uploads\/2020\/11\/covid-em-sobral-scaled.jpg?resize=525%2C300&ssl=1 1.5x, https:\/\/i0.wp.com\/correiodasemana.com\/site\/wp-content\/uploads\/2020\/11\/covid-em-sobral-scaled.jpg?resize=700%2C400&ssl=1 2x, https:\/\/i0.wp.com\/correiodasemana.com\/site\/wp-content\/uploads\/2020\/11\/covid-em-sobral-scaled.jpg?resize=1050%2C600&ssl=1 3x, https:\/\/i0.wp.com\/correiodasemana.com\/site\/wp-content\/uploads\/2020\/11\/covid-em-sobral-scaled.jpg?resize=1400%2C800&ssl=1 4x"},"classes":[]},{"id":14591,"url":"https:\/\/correiodasemana.com\/site\/tres-fatores-chave-que-aumentam-o-risco-de-morte-por-covid-19\/","url_meta":{"origin":11241,"position":2},"title":"Tr\u00eas fatores chave que aumentam o risco de morte por Covid-19","author":"","date":"Novembro 17, 2020","format":false,"excerpt":"O novo coronav\u00edrus SARS-CoV-2, causador da Covid-19, afeta as pessoas de forma diferente - matando uns, enquanto outros permanecem sem sintomas e desconhecem sequer que est\u00e3o ou estiveram infectados Desde o in\u00edcio da pandemia que se tornou claro que os indiv\u00edduos mais velhos e com problemas pr\u00e9vios de sa\u00fade est\u00e3o\u2026","rel":"","context":"In &quot;Atualidade&quot;","block_context":{"text":"Atualidade","link":"https:\/\/correiodasemana.com\/site\/category\/atualidade\/"},"img":{"alt_text":"","src":"https:\/\/i0.wp.com\/correiodasemana.com\/site\/wp-content\/uploads\/2020\/11\/naom_5fb2265324b22-1.jpg?resize=350%2C200&ssl=1","width":350,"height":200,"srcset":"https:\/\/i0.wp.com\/correiodasemana.com\/site\/wp-content\/uploads\/2020\/11\/naom_5fb2265324b22-1.jpg?resize=350%2C200&ssl=1 1x, https:\/\/i0.wp.com\/correiodasemana.com\/site\/wp-content\/uploads\/2020\/11\/naom_5fb2265324b22-1.jpg?resize=525%2C300&ssl=1 1.5x, https:\/\/i0.wp.com\/correiodasemana.com\/site\/wp-content\/uploads\/2020\/11\/naom_5fb2265324b22-1.jpg?resize=700%2C400&ssl=1 2x, https:\/\/i0.wp.com\/correiodasemana.com\/site\/wp-content\/uploads\/2020\/11\/naom_5fb2265324b22-1.jpg?resize=1050%2C600&ssl=1 3x, https:\/\/i0.wp.com\/correiodasemana.com\/site\/wp-content\/uploads\/2020\/11\/naom_5fb2265324b22-1.jpg?resize=1400%2C800&ssl=1 4x"},"classes":[]},{"id":15076,"url":"https:\/\/correiodasemana.com\/site\/camara-de-sobral-fecha-as-portas-apos-constatar-funcionarios-infectados-com-a-covid-19\/","url_meta":{"origin":11241,"position":3},"title":"C\u00e2mara de Sobral fecha as portas ap\u00f3s constatar funcion\u00e1rios infectados com a Covid-19","author":"","date":"Dezembro 20, 2020","format":false,"excerpt":"As portas da C\u00e2mara Municipal de Sobral amanheceram fechadas na \u00faltima quinta-feira (10\/12), ap\u00f3s a constata\u00e7\u00e3o de que tr\u00eas servidores estariam infectados com o v\u00edrus da Covid-19. Um comunicado da presid\u00eancia foi posto na porta de entrada com a seguinte informa\u00e7\u00e3o: \u201cA Presid\u00eancia da C\u00e2mara Municipal de Sobral, no sentido\u2026","rel":"","context":"In &quot;Atualidade&quot;","block_context":{"text":"Atualidade","link":"https:\/\/correiodasemana.com\/site\/category\/atualidade\/"},"img":{"alt_text":"","src":"https:\/\/i0.wp.com\/correiodasemana.com\/site\/wp-content\/uploads\/2020\/12\/noticia_3e975e3195559f6.jpeg?resize=350%2C200&ssl=1","width":350,"height":200,"srcset":"https:\/\/i0.wp.com\/correiodasemana.com\/site\/wp-content\/uploads\/2020\/12\/noticia_3e975e3195559f6.jpeg?resize=350%2C200&ssl=1 1x, https:\/\/i0.wp.com\/correiodasemana.com\/site\/wp-content\/uploads\/2020\/12\/noticia_3e975e3195559f6.jpeg?resize=525%2C300&ssl=1 1.5x"},"classes":[]},{"id":18598,"url":"https:\/\/correiodasemana.com\/site\/mais-de-5-mil-casos-de-covid-19-sao-confirmados-no-ceara-em-2022-sobral-ja-registra-2-obitos-para-a-doenca\/","url_meta":{"origin":11241,"position":4},"title":"Mais de 5 mil casos de Covid-19 s\u00e3o confirmados no Cear\u00e1 em 2022; Sobral j\u00e1 registra 2 \u00f3bitos para a doen\u00e7a","author":"","date":"Janeiro 16, 2022","format":false,"excerpt":"Por Samuel Carvalho Reda\u00e7\u00e3o Correio da Semana Segundo com dados da plataforma IntegraSUS, de 1\u00ba a 11 de janeiro de 2022, 5.263 cearenses tiveram diagn\u00f3stico confirmado para Covid-19. A plataforma foi atualizada \u00e0s 10h36 desta quinta-feira, 13. Ainda de acordo com a plataforma, Sobral est\u00e1 entre as cinco cidades com\u2026","rel":"","context":"In &quot;Atualidade&quot;","block_context":{"text":"Atualidade","link":"https:\/\/correiodasemana.com\/site\/category\/atualidade\/"},"img":{"alt_text":"","src":"https:\/\/i0.wp.com\/correiodasemana.com\/site\/wp-content\/uploads\/2022\/01\/000-1r0382-easy-resize.com_.jpg?resize=350%2C200&ssl=1","width":350,"height":200,"srcset":"https:\/\/i0.wp.com\/correiodasemana.com\/site\/wp-content\/uploads\/2022\/01\/000-1r0382-easy-resize.com_.jpg?resize=350%2C200&ssl=1 1x, https:\/\/i0.wp.com\/correiodasemana.com\/site\/wp-content\/uploads\/2022\/01\/000-1r0382-easy-resize.com_.jpg?resize=525%2C300&ssl=1 1.5x, https:\/\/i0.wp.com\/correiodasemana.com\/site\/wp-content\/uploads\/2022\/01\/000-1r0382-easy-resize.com_.jpg?resize=700%2C400&ssl=1 2x"},"classes":[]},{"id":13173,"url":"https:\/\/correiodasemana.com\/site\/ms-cria-estrategias-para-reabastecimento-de-medicamentos-contra-covid-19\/","url_meta":{"origin":11241,"position":5},"title":"MS cria estrat\u00e9gias para reabastecimento de medicamentos contra Covid-19","author":"","date":"Agosto 26, 2020","format":false,"excerpt":"Foram divulgadas iniciativas para equilibrar os estoques em que fazem parte a compra dos rem\u00e9dios entre outras medidas Nesta ter\u00e7a-feira (25\/08\/20), o Minist\u00e9rio da Sa\u00fade anunciou estrat\u00e9gias de reabastecimento de medicamentos de intuba\u00e7\u00e3o para estados e munic\u00edpios como forma de enfrentamento \u00e0 Covid-19 por todo pa\u00eds. Foram divulgadas iniciativas para\u2026","rel":"","context":"In &quot;Atualidade&quot;","block_context":{"text":"Atualidade","link":"https:\/\/correiodasemana.com\/site\/category\/atualidade\/"},"img":{"alt_text":"","src":"https:\/\/i0.wp.com\/correiodasemana.com\/site\/wp-content\/uploads\/2020\/08\/COMISSAO.jpg?resize=350%2C200&ssl=1","width":350,"height":200},"classes":[]}],"jetpack_sharing_enabled":true,"_links":{"self":[{"href":"https:\/\/correiodasemana.com\/site\/wp-json\/wp\/v2\/posts\/11241","targetHints":{"allow":["GET"]}}],"collection":[{"href":"https:\/\/correiodasemana.com\/site\/wp-json\/wp\/v2\/posts"}],"about":[{"href":"https:\/\/correiodasemana.com\/site\/wp-json\/wp\/v2\/types\/post"}],"author":[{"embeddable":true,"href":"https:\/\/correiodasemana.com\/site\/wp-json\/wp\/v2\/users\/1"}],"replies":[{"embeddable":true,"href":"https:\/\/correiodasemana.com\/site\/wp-json\/wp\/v2\/comments?post=11241"}],"version-history":[{"count":1,"href":"https:\/\/correiodasemana.com\/site\/wp-json\/wp\/v2\/posts\/11241\/revisions"}],"predecessor-version":[{"id":11245,"href":"https:\/\/correiodasemana.com\/site\/wp-json\/wp\/v2\/posts\/11241\/revisions\/11245"}],"wp:featuredmedia":[{"embeddable":true,"href":"https:\/\/correiodasemana.com\/site\/wp-json\/wp\/v2\/media\/11242"}],"wp:attachment":[{"href":"https:\/\/correiodasemana.com\/site\/wp-json\/wp\/v2\/media?parent=11241"}],"wp:term":[{"taxonomy":"category","embeddable":true,"href":"https:\/\/correiodasemana.com\/site\/wp-json\/wp\/v2\/categories?post=11241"},{"taxonomy":"post_tag","embeddable":true,"href":"https:\/\/correiodasemana.com\/site\/wp-json\/wp\/v2\/tags?post=11241"}],"curies":[{"name":"wp","href":"https:\/\/api.w.org\/{rel}","templated":true}]}}