{"id":11249,"date":"2020-03-24T04:26:21","date_gmt":"2020-03-24T04:26:21","guid":{"rendered":"https:\/\/correiodasemana.com\/site\/?p=11249"},"modified":"2020-03-24T04:26:21","modified_gmt":"2020-03-24T04:26:21","slug":"posse-do-novo-diretor-do-foro-da-comarca-de-sobral","status":"publish","type":"post","link":"https:\/\/correiodasemana.com\/site\/posse-do-novo-diretor-do-foro-da-comarca-de-sobral\/","title":{"rendered":"Posse do novo diretor do Foro da Comarca de Sobral"},"content":{"rendered":"<p>Tomou posse o Excelent\u00edssimo Senhor Juiz de Direito Ant\u00f4nio Washington Frota na nobre fun\u00e7\u00e3o de Diretor do Foro, cujo mandato se estender\u00e1 at\u00e9 mar\u00e7o de 2021<\/p>\n<p>Na manh\u00e3 da segunda-feira (16) de 2020, \u00e0s 10 horas, no audit\u00f3rio do Tribunal do J\u00fari da Comarca de Sobral, tomou posse o Excelent\u00edssimo Senhor Juiz de Direito Ant\u00f4nio Washington Frota na nobre fun\u00e7\u00e3o de Diretor do Foro, cujo mandato se estender\u00e1 at\u00e9 mar\u00e7o de 2021.<br \/>\nA solenidade foi prestigiada por diversas autoridades, entre as quais: o Exmo. Dr. Ant\u00f4nio Carneiro Roberto (ex-Diretor do Foro de Sobral); o Procurador-Geral do Munic\u00edpio de Sobral, Dr. Rodrigo Mesquita Ara\u00fajo; o Presidente da C\u00e2mara Legislativa do Munic\u00edpio de Sobral, Carlos Evanilson Oliveira Vasconcelos; o Promotor de Justi\u00e7a da Comarca de Sobral, Dr. Alexandre Pinto Moreira; a Defensora P\u00fablica da Comarca de Sobral, Dra. Emanuela Vasconcelos Leite Costa; o Presidente da OAB-CE, Subseccional de Sobral, Dr. Rafael Pereira Ponte; os Ju\u00edzes de Direito: Dr. Aldenor Sombra de Oliveira, Dra. Janayna Marques de Oliveira e Silva, Dr. Wyrllenson Fl\u00e1vio Barbosa Soares e o Dr. Paulo Santiago de Andrade Silva e Castro; a Vice-Reitora da Universidade Estadual Vale do Acara\u00fa \u2013 UVA, Izabelle Mont\u2019Alverne Napole\u00e3o Albuquerque.<br \/>\nOs Cartor\u00e1rios da Comarca de Sobral, Promotores de Justi\u00e7a, Defensores P\u00fablicos, Advogados, Servidores, Estagi\u00e1rios e Terceirizados do Poder Judici\u00e1rio prestigiaram a solenidade.<br \/>\nO evento foi abrilhantado pela interpreta\u00e7\u00e3o do hino nacional brasileiro e do hino do Munic\u00edpio de Sobral pelo Coral Sementes do Amanh\u00e3, sob a reg\u00eancia da Professora Cristina Morena, com o acompanhamento do violonista Professor St\u00eanio Sales.<\/p>\n<p><img fetchpriority=\"high\" decoding=\"async\" class=\"aligncenter size-medium wp-image-11250\" src=\"https:\/\/correiodasemana.com\/site\/wp-content\/uploads\/2020\/03\/WhatsApp-Image-2020-03-19-at-11.42.40-169x300.jpeg\" alt=\"\" width=\"169\" height=\"300\" srcset=\"https:\/\/correiodasemana.com\/site\/wp-content\/uploads\/2020\/03\/WhatsApp-Image-2020-03-19-at-11.42.40-169x300.jpeg 169w, https:\/\/correiodasemana.com\/site\/wp-content\/uploads\/2020\/03\/WhatsApp-Image-2020-03-19-at-11.42.40-576x1024.jpeg 576w, https:\/\/correiodasemana.com\/site\/wp-content\/uploads\/2020\/03\/WhatsApp-Image-2020-03-19-at-11.42.40.jpeg 720w\" sizes=\"(max-width: 169px) 100vw, 169px\" \/> <img decoding=\"async\" class=\"aligncenter size-medium wp-image-11251\" src=\"https:\/\/correiodasemana.com\/site\/wp-content\/uploads\/2020\/03\/WhatsApp-Image-2020-03-19-at-11.42.41-2-300x156.jpeg\" alt=\"\" width=\"300\" height=\"156\" srcset=\"https:\/\/correiodasemana.com\/site\/wp-content\/uploads\/2020\/03\/WhatsApp-Image-2020-03-19-at-11.42.41-2-300x156.jpeg 300w, https:\/\/correiodasemana.com\/site\/wp-content\/uploads\/2020\/03\/WhatsApp-Image-2020-03-19-at-11.42.41-2-1024x531.jpeg 1024w, https:\/\/correiodasemana.com\/site\/wp-content\/uploads\/2020\/03\/WhatsApp-Image-2020-03-19-at-11.42.41-2-768x399.jpeg 768w, https:\/\/correiodasemana.com\/site\/wp-content\/uploads\/2020\/03\/WhatsApp-Image-2020-03-19-at-11.42.41-2.jpeg 1029w\" sizes=\"(max-width: 300px) 100vw, 300px\" \/> <img decoding=\"async\" class=\"aligncenter size-medium wp-image-11252\" src=\"https:\/\/correiodasemana.com\/site\/wp-content\/uploads\/2020\/03\/WhatsApp-Image-2020-03-19-at-11.42.41-300x225.jpeg\" alt=\"\" width=\"300\" height=\"225\" srcset=\"https:\/\/correiodasemana.com\/site\/wp-content\/uploads\/2020\/03\/WhatsApp-Image-2020-03-19-at-11.42.41-300x225.jpeg 300w, https:\/\/correiodasemana.com\/site\/wp-content\/uploads\/2020\/03\/WhatsApp-Image-2020-03-19-at-11.42.41-1024x768.jpeg 1024w, https:\/\/correiodasemana.com\/site\/wp-content\/uploads\/2020\/03\/WhatsApp-Image-2020-03-19-at-11.42.41-768x576.jpeg 768w, https:\/\/correiodasemana.com\/site\/wp-content\/uploads\/2020\/03\/WhatsApp-Image-2020-03-19-at-11.42.41.jpeg 1280w\" sizes=\"(max-width: 300px) 100vw, 300px\" \/><\/p>\n","protected":false},"excerpt":{"rendered":"<p>Tomou posse o Excelent\u00edssimo Senhor Juiz de Direito Ant\u00f4nio Washington Frota na nobre fun\u00e7\u00e3o de&#8230;<\/p>\n","protected":false},"author":1,"featured_media":11252,"comment_status":"open","ping_status":"open","sticky":false,"template":"","format":"standard","meta":{"_jetpack_memberships_contains_paid_content":false,"footnotes":"","jetpack_publicize_message":"","jetpack_publicize_feature_enabled":true,"jetpack_social_post_already_shared":true,"jetpack_social_options":{"image_generator_settings":{"template":"highway","default_image_id":0,"font":"","enabled":false},"version":2}},"categories":[1],"tags":[],"class_list":["post-11249","post","type-post","status-publish","format-standard","has-post-thumbnail","hentry","category-atualidade"],"jetpack_publicize_connections":[],"jetpack_featured_media_url":"https:\/\/correiodasemana.com\/site\/wp-content\/uploads\/2020\/03\/WhatsApp-Image-2020-03-19-at-11.42.41.jpeg","jetpack-related-posts":[{"id":28251,"url":"https:\/\/correiodasemana.com\/site\/sobral-ganha-2o-juizado-especial-civel-e-criminal-e-amplia-atendimento-a-populacao\/","url_meta":{"origin":11249,"position":0},"title":"Sobral ganha 2\u00ba Juizado Especial C\u00edvel e Criminal e amplia atendimento \u00e0 popula\u00e7\u00e3o","author":"adminredacao","date":"Fevereiro 6, 2024","format":false,"excerpt":"Fonte: Tribunal de Justi\u00e7a do Estado do Cear\u00e1 - TJCE A Comarca de Sobral passa a contar com o 2\u00ba Juizado Especial C\u00edvel e Criminal (JECC). A solenidade de instala\u00e7\u00e3o ocorreu na manh\u00e3 desta segunda-feira (29\/01), no Campus Bet\u00e2nia da Universidade Estadual Vale do Acara\u00fa (UVA), onde a nova unidade\u2026","rel":"","context":"In &quot;Atualidade&quot;","block_context":{"text":"Atualidade","link":"https:\/\/correiodasemana.com\/site\/category\/atualidade\/"},"img":{"alt_text":"","src":"https:\/\/i0.wp.com\/correiodasemana.com\/site\/wp-content\/uploads\/2024\/02\/dad.jpg?resize=350%2C200&ssl=1","width":350,"height":200,"srcset":"https:\/\/i0.wp.com\/correiodasemana.com\/site\/wp-content\/uploads\/2024\/02\/dad.jpg?resize=350%2C200&ssl=1 1x, https:\/\/i0.wp.com\/correiodasemana.com\/site\/wp-content\/uploads\/2024\/02\/dad.jpg?resize=525%2C300&ssl=1 1.5x"},"classes":[]},{"id":11626,"url":"https:\/\/correiodasemana.com\/site\/sobral-247-ano\/","url_meta":{"origin":11249,"position":1},"title":"Sobral: 247\u00b0 ano!","author":"","date":"Julho 2, 2020","format":false,"excerpt":"Este ano \u00e9 at\u00edpico, j\u00e1 dissemos muitas vezes desde mar\u00e7o \u00faltimo. Mas, existem eventos que mesmo em momentos dif\u00edceis merecem ser lembrados. E de uma coisa n\u00e3o podem nos acusar: de que n\u00e3o amamos esta terra, a Princesa do Norte, a capital e metr\u00f3pole dessa regi\u00e3o: Sobral. Dia 5 daremos\u2026","rel":"","context":"In &quot;Artigos&quot;","block_context":{"text":"Artigos","link":"https:\/\/correiodasemana.com\/site\/category\/artigos\/"},"img":{"alt_text":"","src":"https:\/\/i0.wp.com\/correiodasemana.com\/site\/wp-content\/uploads\/2019\/07\/Jose%CC%81-1.jpg?resize=350%2C200&ssl=1","width":350,"height":200,"srcset":"https:\/\/i0.wp.com\/correiodasemana.com\/site\/wp-content\/uploads\/2019\/07\/Jose%CC%81-1.jpg?resize=350%2C200&ssl=1 1x, https:\/\/i0.wp.com\/correiodasemana.com\/site\/wp-content\/uploads\/2019\/07\/Jose%CC%81-1.jpg?resize=525%2C300&ssl=1 1.5x, https:\/\/i0.wp.com\/correiodasemana.com\/site\/wp-content\/uploads\/2019\/07\/Jose%CC%81-1.jpg?resize=700%2C400&ssl=1 2x"},"classes":[]},{"id":34983,"url":"https:\/\/correiodasemana.com\/site\/positio-da-causa-de-beatificacao-do-mons-arnobio-de-andrade-foi-entregue-ao-bispo-diocesano-de-sobral-dom-vasconcelos\/","url_meta":{"origin":11249,"position":2},"title":"Positio\u00a0da Causa de Beatifica\u00e7\u00e3o do Mons. Arn\u00f3bio de Andrade foi entregue ao Bispo Diocesano de Sobral, Dom Vasconcelos","author":"adminredacao","date":"Agosto 4, 2025","format":false,"excerpt":"Reda\u00e7\u00e3o Correio da Semana Na manh\u00e3 de quarta-feira, dia 30\/07, sete anos ap\u00f3s reuni\u00e3o pr\u00e9via com Dom Vasconcelos e a Congrega\u00e7\u00e3o das Mission\u00e1rias Reparadoras do Cora\u00e7\u00e3o de Jesus, ent\u00e3o representada pela Madre Em\u00e9rita Irm\u00e3 Antonieta Portela, contando com a participa\u00e7\u00e3o da atual Madre, Irm\u00e3 Maria de Jesus e do ent\u00e3o\u2026","rel":"","context":"In &quot;Atualidade&quot;","block_context":{"text":"Atualidade","link":"https:\/\/correiodasemana.com\/site\/category\/atualidade\/"},"img":{"alt_text":"","src":"https:\/\/i0.wp.com\/correiodasemana.com\/site\/wp-content\/uploads\/2025\/08\/principal-1.jpeg?resize=350%2C200&ssl=1","width":350,"height":200,"srcset":"https:\/\/i0.wp.com\/correiodasemana.com\/site\/wp-content\/uploads\/2025\/08\/principal-1.jpeg?resize=350%2C200&ssl=1 1x, https:\/\/i0.wp.com\/correiodasemana.com\/site\/wp-content\/uploads\/2025\/08\/principal-1.jpeg?resize=525%2C300&ssl=1 1.5x, https:\/\/i0.wp.com\/correiodasemana.com\/site\/wp-content\/uploads\/2025\/08\/principal-1.jpeg?resize=700%2C400&ssl=1 2x, https:\/\/i0.wp.com\/correiodasemana.com\/site\/wp-content\/uploads\/2025\/08\/principal-1.jpeg?resize=1050%2C600&ssl=1 3x, https:\/\/i0.wp.com\/correiodasemana.com\/site\/wp-content\/uploads\/2025\/08\/principal-1.jpeg?resize=1400%2C800&ssl=1 4x"},"classes":[]},{"id":18161,"url":"https:\/\/correiodasemana.com\/site\/instalacao-e-posse-da-primeira-diretoria-da-academia-massapeense-de-letras-e-artes\/","url_meta":{"origin":11249,"position":3},"title":"Instala\u00e7\u00e3o e posse da primeira Diretoria da Academia Massapeense de Letras e Artes\u00a0","author":"","date":"Novembro 28, 2021","format":false,"excerpt":"Por Prof. Luis Lira Correio da Semana Na noite quinta-feira, 25, no Centro de Conven\u00e7\u00f5es Jarbas Aguiar, em Massap\u00ea, aconteceu a instala\u00e7\u00e3o da Academia Massapeense de Letras e Artes, fundada por iniciativa do Acad\u00eamico Francisco Eudes de Sousa, presidente da Entidade. Presentes, autoridades c\u00edveis e eclesi\u00e1sticas e a sociedade massapeense.\u2026","rel":"","context":"In &quot;Atualidade&quot;","block_context":{"text":"Atualidade","link":"https:\/\/correiodasemana.com\/site\/category\/atualidade\/"},"img":{"alt_text":"","src":"https:\/\/i0.wp.com\/correiodasemana.com\/site\/wp-content\/uploads\/2021\/11\/DSC_4892.jpg?resize=350%2C200&ssl=1","width":350,"height":200,"srcset":"https:\/\/i0.wp.com\/correiodasemana.com\/site\/wp-content\/uploads\/2021\/11\/DSC_4892.jpg?resize=350%2C200&ssl=1 1x, https:\/\/i0.wp.com\/correiodasemana.com\/site\/wp-content\/uploads\/2021\/11\/DSC_4892.jpg?resize=525%2C300&ssl=1 1.5x, https:\/\/i0.wp.com\/correiodasemana.com\/site\/wp-content\/uploads\/2021\/11\/DSC_4892.jpg?resize=700%2C400&ssl=1 2x"},"classes":[]},{"id":8232,"url":"https:\/\/correiodasemana.com\/site\/nova-sede-da-defensoria-publica-e-inaugurada-em-sobral\/","url_meta":{"origin":11249,"position":4},"title":"Nova sede da Defensoria P\u00fablica \u00e9 inaugurada em Sobral","author":"","date":"Julho 8, 2019","format":false,"excerpt":"A Defensoria P\u00fablica do Estado do Cear\u00e1 inaugurou na quinta-feira (4) uma sede pr\u00f3pria na cidade, o edif\u00edcio Moacir Gomes Sobreira, com objetivo de ofertar melhor estrutura e mais comodidade \u00e0 popula\u00e7\u00e3o. Na ocasi\u00e3o, tamb\u00e9m foi inaugurado a nova sede da Coordenadoria Municipal de Direitos Humanos, por meio de conv\u00eanio\u2026","rel":"","context":"In &quot;Atualidade&quot;","block_context":{"text":"Atualidade","link":"https:\/\/correiodasemana.com\/site\/category\/atualidade\/"},"img":{"alt_text":"","src":"https:\/\/i0.wp.com\/correiodasemana.com\/site\/wp-content\/uploads\/2019\/07\/WhatsApp-Image-2019-07-04-at-12.22.20.jpeg?resize=350%2C200&ssl=1","width":350,"height":200,"srcset":"https:\/\/i0.wp.com\/correiodasemana.com\/site\/wp-content\/uploads\/2019\/07\/WhatsApp-Image-2019-07-04-at-12.22.20.jpeg?resize=350%2C200&ssl=1 1x, https:\/\/i0.wp.com\/correiodasemana.com\/site\/wp-content\/uploads\/2019\/07\/WhatsApp-Image-2019-07-04-at-12.22.20.jpeg?resize=525%2C300&ssl=1 1.5x, https:\/\/i0.wp.com\/correiodasemana.com\/site\/wp-content\/uploads\/2019\/07\/WhatsApp-Image-2019-07-04-at-12.22.20.jpeg?resize=700%2C400&ssl=1 2x, https:\/\/i0.wp.com\/correiodasemana.com\/site\/wp-content\/uploads\/2019\/07\/WhatsApp-Image-2019-07-04-at-12.22.20.jpeg?resize=1050%2C600&ssl=1 3x"},"classes":[]},{"id":20936,"url":"https:\/\/correiodasemana.com\/site\/em-tempo-149\/","url_meta":{"origin":11249,"position":5},"title":"Em Tempo","author":"","date":"Setembro 5, 2022","format":false,"excerpt":"Sa\u00fade da mulher e da crian\u00e7a Universidade Federal do Cear\u00e1 (UFC) lan\u00e7ou edital que disp\u00f5e sobre sele\u00e7\u00e3o do\u00a0Mestrado Profissional em Sa\u00fade da Mulher e da Crian\u00e7a, para ingresso no semestre 2023.1. S\u00e3o ofertadas 20 vagas. As inscri\u00e7\u00f5es ser\u00e3orecebidas at\u00e9 o dia 15 de setembro, em formato on-line. Podem inscrever-se profissionais\u2026","rel":"","context":"In &quot;Artigos&quot;","block_context":{"text":"Artigos","link":"https:\/\/correiodasemana.com\/site\/category\/artigos\/"},"img":{"alt_text":"","src":"https:\/\/i0.wp.com\/correiodasemana.com\/site\/wp-content\/uploads\/2022\/09\/juiz-300x191.jpg?resize=350%2C200&ssl=1","width":350,"height":200},"classes":[]}],"jetpack_sharing_enabled":true,"_links":{"self":[{"href":"https:\/\/correiodasemana.com\/site\/wp-json\/wp\/v2\/posts\/11249","targetHints":{"allow":["GET"]}}],"collection":[{"href":"https:\/\/correiodasemana.com\/site\/wp-json\/wp\/v2\/posts"}],"about":[{"href":"https:\/\/correiodasemana.com\/site\/wp-json\/wp\/v2\/types\/post"}],"author":[{"embeddable":true,"href":"https:\/\/correiodasemana.com\/site\/wp-json\/wp\/v2\/users\/1"}],"replies":[{"embeddable":true,"href":"https:\/\/correiodasemana.com\/site\/wp-json\/wp\/v2\/comments?post=11249"}],"version-history":[{"count":1,"href":"https:\/\/correiodasemana.com\/site\/wp-json\/wp\/v2\/posts\/11249\/revisions"}],"predecessor-version":[{"id":11253,"href":"https:\/\/correiodasemana.com\/site\/wp-json\/wp\/v2\/posts\/11249\/revisions\/11253"}],"wp:featuredmedia":[{"embeddable":true,"href":"https:\/\/correiodasemana.com\/site\/wp-json\/wp\/v2\/media\/11252"}],"wp:attachment":[{"href":"https:\/\/correiodasemana.com\/site\/wp-json\/wp\/v2\/media?parent=11249"}],"wp:term":[{"taxonomy":"category","embeddable":true,"href":"https:\/\/correiodasemana.com\/site\/wp-json\/wp\/v2\/categories?post=11249"},{"taxonomy":"post_tag","embeddable":true,"href":"https:\/\/correiodasemana.com\/site\/wp-json\/wp\/v2\/tags?post=11249"}],"curies":[{"name":"wp","href":"https:\/\/api.w.org\/{rel}","templated":true}]}}