{"id":11257,"date":"2020-03-24T04:31:02","date_gmt":"2020-03-24T04:31:02","guid":{"rendered":"https:\/\/correiodasemana.com\/site\/?p=11257"},"modified":"2020-03-24T04:31:02","modified_gmt":"2020-03-24T04:31:02","slug":"bencao-concedida-por-dom-orani-no-cristo-redentor-e-noticia-no-prestigiado-diario-de-noticias-de-portugal","status":"publish","type":"post","link":"https:\/\/correiodasemana.com\/site\/bencao-concedida-por-dom-orani-no-cristo-redentor-e-noticia-no-prestigiado-diario-de-noticias-de-portugal\/","title":{"rendered":"B\u00caN\u00c7\u00c3O CONCEDIDA POR DOM ORANI NO CRISTO REDENTOR \u00c9 NOT\u00cdCIA NO PRESTIGIADO DI\u00c1RIO DE NOT\u00cdCIAS, DE PORTUGAL"},"content":{"rendered":"<p style=\"text-align: left;\">Jos\u00e9 Lu\u00eds Lira<br \/>\nO jornal Di\u00e1rio de Not\u00edcias, de Funchal, Portugal, publicou mat\u00e9ria acerca da B\u00ean\u00e7\u00e3o com o Sant\u00edssimo Sacramento da Eucaristia concedida por Sua Emin\u00eancia o Cardeal Tempesta, Dom Orani, Arcebispo de S\u00e3o Sebasti\u00e3o do Rio de Janeiro e Gr\u00e3o-Prior da Ordem Equestre do Santo Sepulcro de Jerusal\u00e9m, no Cristo Redentor, na noite de 18 de mar\u00e7o. Com este ato t\u00e3o belo, consideramos que Dom Orani aben\u00e7oou o mundo e nos une todos em torno da Sagrada Eucaristia, o Corpo de Jesus Cristo.<br \/>\n\u201c\u00c9 um momento de ora\u00e7\u00e3o e de uni\u00e3o entre os povos. Oramos e pedimos a Deus que as autoridades encontrem os caminhos e que todos colaborem para que possamos superar esse momento dif\u00edcil o mais r\u00e1pido poss\u00edvel\u201d, declarou o Cardeal Tempesta.<br \/>\nSegue, na \u00edntegra, em portugu\u00eas de Portugal, a mat\u00e9ria:<br \/>\n\u201cBandeiras dos pa\u00edses com infectados projectadas no Cristo Redentor no Brasil<br \/>\nAG\u00caNCIA LUSA \/BRASIL \/19 MAR 2020 \/ 01:04 H.<br \/>\nAs bandeiras dos pa\u00edses onde foram registados casos do novo coronav\u00edrus foram projetadas na quarta-feira num ato religioso sem p\u00fablico, que visou a ora\u00e7\u00e3o pelos doentes no Santu\u00e1rio do Cristo Redentor, no estado brasileiro do Rio de Janeiro.<br \/>\nA iniciativa, que ocorreu naquela que \u00e9 uma das atra\u00e7\u00f5es tur\u00edsticas mais emblem\u00e1ticas do Brasil, foi liderada pelo bispo do Rio de Janeiro, Cardeal Orani Jo\u00e3o Tempesta, e apenas teve como espetadores diretos fot\u00f3grafos e rep\u00f3rteres de imagem com credenciais, uma vez que o Santu\u00e1rio do Cristo Redentor est\u00e1 fechado ao p\u00fablico desde ter\u00e7a-feira.<br \/>\nO governo estadual do Rio de Janeiro anunciou na segunda-feira o encerramento das atra\u00e7\u00f5es tur\u00edsticas da cidade como uma medida para impedir que multid\u00f5es ajudem a disseminar o v\u00edrus que transmite a doen\u00e7a.<br \/>\nO Presidente brasileiro, Jair Bolsonaro, tamb\u00e9m ordenou o encerramento de todos os parques naturais do pa\u00eds, incluindo o Parque Nacional da Tijuca, que inclui a maior floresta urbana do mundo e o morro do Corcovado.<br \/>\nA proje\u00e7\u00e3o das bandeiras na est\u00e1tua de Cristo Redentor, de 30 metros de altura, ocorreu imediatamente ap\u00f3s o Cardeal rezar uma ora\u00e7\u00e3o para interceder pelos doentes infetados com a Covid-19 em todo o mundo.<br \/>\n\u201c\u00c9 um momento de ora\u00e7\u00e3o e de uni\u00e3o entre os povos. Oramos e pedimos a Deus que as autoridades encontrem os caminhos e que todos colaborem para que possamos superar esse momento dif\u00edcil o mais r\u00e1pido poss\u00edvel\u201d, declarou Tempesta.<br \/>\nO Cardeal recordou ainda que o Papa Francisco lan\u00e7ou uma campanha, nas redes sociais, para que cat\u00f3licos de todos os pa\u00edses, e em todos os idiomas, rezem pelos doentes.<br \/>\nO n\u00famero de mortes pelo novo coronav\u00edrus no Brasil aumentou na quarta-feira para quatro, com o pa\u00eds a registar 428 casos confirmados e 11.278 casos suspeitos, informou o Minist\u00e9rio da Sa\u00fade brasileiro.<br \/>\nAt\u00e9 ao momento, o pa\u00eds sul-americano j\u00e1 descartou 1.841 casos suspeitos.<br \/>\nApesar de o executivo n\u00e3o divulgar em que estado as mortes foram registadas, a imprensa local indica que os quatro \u00f3bitos ocorreram em S\u00e3o Paulo, a regi\u00e3o mais afetada pelo v\u00edrus.<br \/>\nO novo coronav\u00edrus, respons\u00e1vel pela pandemia da Covid-19, infetou mais de 210 mil pessoas em todo o mundo, das quais mais de 8.750 morreram.<br \/>\nA China registou nas \u00faltimas 24 horas 11 mortos e 13 novos casos infe\u00e7\u00e3o pela Covid-19, mas s\u00f3 um \u00e9 de Wuhan, todos os outros 12 s\u00e3o importados.<br \/>\nO surto come\u00e7ou na China, em dezembro, e espalhou-se j\u00e1 por 170 pa\u00edses e territ\u00f3rios, o que levou a Organiza\u00e7\u00e3o Mundial da Sa\u00fade a declarar uma situa\u00e7\u00e3o de pandemia\u201d.<br \/>\nCNBB PROMOVEU A ORA\u00c7\u00c3O DO TER\u00c7O DA ESPERAN\u00c7A E DA SOLIDARIEDADE<br \/>\nNa mesma quarta-feira, 18 de mar\u00e7o, \u00e0s 15h30, todos os brasileiros foram convidados a rezar o Ter\u00e7o da Esperan\u00e7a e da Solidariedade. O ter\u00e7o foi transmitido por todas as redes de TV Cat\u00f3licas e teve seu primeiro mist\u00e9rio rezado pelo Presidente da CNBB, Dom Walmor de Azevedo, e os demais, por bispos, padres e religiosas. Abaixo, mat\u00e9ria publicada na p\u00e1gina do Vaticano:<br \/>\n\u201cEm comunh\u00e3o com o Papa Francisco, a Confer\u00eancia Nacional dos Bispos do Brasil (CNBB) convoca a todos para um momento de ora\u00e7\u00e3o diante da pandemia do Covid-19.<br \/>\nA data \u00e9 quarta-feira, \u00e0s 15h30. Nesta ocasi\u00e3o, a presid\u00eancia da CNBB, na companhia de religiosos e leigos convidados rezar\u00e3o o Ter\u00e7o da Esperan\u00e7a e da Solidariedade, que ser\u00e1 transmitido em todas as televis\u00f5es de inspira\u00e7\u00e3o cat\u00f3lica do pa\u00eds, em emissoras de r\u00e1dio e pela p\u00e1gina da Confer\u00eancia no Facebook.<br \/>\nA iniciativa, principalmente em momentos delicados e dif\u00edceis como este, busca elevar os cora\u00e7\u00f5es ao Deus da Vida, no acolhimento de sua Palavra, fortalecendo a f\u00e9, a esperan\u00e7a e a uni\u00e3o. \u2018Conscientes de que as restri\u00e7\u00f5es ao conv\u00edvio n\u00e3o durar\u00e3o para sempre, aprendamos, a valorizar a fraternidade, tornando-nos ainda mais desejosos de, passada a pandemia, podermos estar juntos, celebrando a vida, a sa\u00fade, a conc\u00f3rdia e a paz\u201d (trecho da nota \u201cTempos de Esperan\u00e7a e Solidariedade\u2019 da CNBB).<br \/>\nA convocat\u00f3ria da CNBB cita tamb\u00e9m o tema da Campanha da Fraternidade deste ano, \u2018Dom e Compromisso\u2019, a inten\u00e7\u00e3o de ora\u00e7\u00e3o do ter\u00e7o \u00e9 dedicada tamb\u00e9m, al\u00e9m das v\u00edtimas, aos profissionais que incansavelmente trabalham por uma solu\u00e7\u00e3o da pandemia.<br \/>\n\u2018Sejamos disciplinados, obede\u00e7amos \u00e0s orienta\u00e7\u00f5es e decis\u00f5es para nosso bem e n\u00e3o nos falte o discernimento s\u00e1bio para cancelamentos e orienta\u00e7\u00f5es que preservem a vida como compromisso com nosso dom mais precioso\u2019 (trecho da nota \u2018Tempos de Esperan\u00e7a e Solidariedade\u2019 da CNBB)\u201d.<\/p>\n<p><img fetchpriority=\"high\" decoding=\"async\" class=\"aligncenter size-medium wp-image-11258\" src=\"https:\/\/correiodasemana.com\/site\/wp-content\/uploads\/2020\/03\/18811d10-2837-497e-a35b-a4a8027568b0-225x300.jpg\" alt=\"\" width=\"225\" height=\"300\" srcset=\"https:\/\/correiodasemana.com\/site\/wp-content\/uploads\/2020\/03\/18811d10-2837-497e-a35b-a4a8027568b0-225x300.jpg 225w, https:\/\/correiodasemana.com\/site\/wp-content\/uploads\/2020\/03\/18811d10-2837-497e-a35b-a4a8027568b0-768x1024.jpg 768w, https:\/\/correiodasemana.com\/site\/wp-content\/uploads\/2020\/03\/18811d10-2837-497e-a35b-a4a8027568b0.jpg 960w\" sizes=\"(max-width: 225px) 100vw, 225px\" \/> <img decoding=\"async\" class=\"aligncenter size-medium wp-image-11259\" src=\"https:\/\/correiodasemana.com\/site\/wp-content\/uploads\/2020\/03\/b8067fbc-a61f-435f-868c-4416b2230fa9-225x300.jpg\" alt=\"\" width=\"225\" height=\"300\" srcset=\"https:\/\/correiodasemana.com\/site\/wp-content\/uploads\/2020\/03\/b8067fbc-a61f-435f-868c-4416b2230fa9-225x300.jpg 225w, https:\/\/correiodasemana.com\/site\/wp-content\/uploads\/2020\/03\/b8067fbc-a61f-435f-868c-4416b2230fa9-768x1024.jpg 768w, https:\/\/correiodasemana.com\/site\/wp-content\/uploads\/2020\/03\/b8067fbc-a61f-435f-868c-4416b2230fa9.jpg 960w\" sizes=\"(max-width: 225px) 100vw, 225px\" \/> <img decoding=\"async\" class=\"aligncenter size-medium wp-image-11260\" src=\"https:\/\/correiodasemana.com\/site\/wp-content\/uploads\/2020\/03\/fd11fd06-2b60-4b76-a6f3-b0c6098f14ed-300x268.jpg\" alt=\"\" width=\"300\" height=\"268\" srcset=\"https:\/\/correiodasemana.com\/site\/wp-content\/uploads\/2020\/03\/fd11fd06-2b60-4b76-a6f3-b0c6098f14ed-300x268.jpg 300w, https:\/\/correiodasemana.com\/site\/wp-content\/uploads\/2020\/03\/fd11fd06-2b60-4b76-a6f3-b0c6098f14ed.jpg 510w\" sizes=\"(max-width: 300px) 100vw, 300px\" \/><\/p>\n","protected":false},"excerpt":{"rendered":"<p>Jos\u00e9 Lu\u00eds Lira O jornal Di\u00e1rio de Not\u00edcias, de Funchal, Portugal, publicou mat\u00e9ria acerca da&#8230;<\/p>\n","protected":false},"author":1,"featured_media":11260,"comment_status":"open","ping_status":"open","sticky":false,"template":"","format":"standard","meta":{"_jetpack_memberships_contains_paid_content":false,"footnotes":"","jetpack_publicize_message":"","jetpack_publicize_feature_enabled":true,"jetpack_social_post_already_shared":true,"jetpack_social_options":{"image_generator_settings":{"template":"highway","default_image_id":0,"font":"","enabled":false},"version":2}},"categories":[1],"tags":[],"class_list":["post-11257","post","type-post","status-publish","format-standard","has-post-thumbnail","hentry","category-atualidade"],"jetpack_publicize_connections":[],"jetpack_featured_media_url":"https:\/\/correiodasemana.com\/site\/wp-content\/uploads\/2020\/03\/fd11fd06-2b60-4b76-a6f3-b0c6098f14ed.jpg","jetpack-related-posts":[{"id":21580,"url":"https:\/\/correiodasemana.com\/site\/18-congresso-eucaristico-nacional\/","url_meta":{"origin":11257,"position":0},"title":"18\u00b0 Congresso Eucar\u00edstico Nacional","author":"","date":"Novembro 10, 2022","format":false,"excerpt":"RELAN\u00c7AMENTO DO 18\u00ba CONGRESSO EUCAR\u00cdSTICO NACIONAL, NO RECIFE Os Congressos Eucar\u00edsticos s\u00e3o realizados pela Igreja Cat\u00f3lica em todo o mundo, e visam professar e dar testemunho p\u00fablico da f\u00e9 em Jesus Eucar\u00edstico, para adorar o Senhor em Esp\u00edrito e Verdade. (cf. Jo 4, 23) A primeira edi\u00e7\u00e3o ocorreu em Lille,\u2026","rel":"","context":"In &quot;Atualidade&quot;","block_context":{"text":"Atualidade","link":"https:\/\/correiodasemana.com\/site\/category\/atualidade\/"},"img":{"alt_text":"","src":"https:\/\/i0.wp.com\/correiodasemana.com\/site\/wp-content\/uploads\/2022\/11\/Cartaz_CEN-2022-01-1-768x1086-1.jpg?resize=350%2C200&ssl=1","width":350,"height":200,"srcset":"https:\/\/i0.wp.com\/correiodasemana.com\/site\/wp-content\/uploads\/2022\/11\/Cartaz_CEN-2022-01-1-768x1086-1.jpg?resize=350%2C200&ssl=1 1x, https:\/\/i0.wp.com\/correiodasemana.com\/site\/wp-content\/uploads\/2022\/11\/Cartaz_CEN-2022-01-1-768x1086-1.jpg?resize=525%2C300&ssl=1 1.5x, https:\/\/i0.wp.com\/correiodasemana.com\/site\/wp-content\/uploads\/2022\/11\/Cartaz_CEN-2022-01-1-768x1086-1.jpg?resize=700%2C400&ssl=1 2x"},"classes":[]},{"id":23731,"url":"https:\/\/correiodasemana.com\/site\/comendador-lira-recebe-insignias-no-rio-de-janeiro\/","url_meta":{"origin":11257,"position":1},"title":"Comendador Lira recebe ins\u00edgnias no Rio de Janeiro","author":"adminredacao","date":"Abril 3, 2023","format":false,"excerpt":"O Prof. Dr. Jos\u00e9 Lu\u00eds Lira, diretor do Museu Diocesano Dom Jos\u00e9 de Sobral, professor da Universidade Estadual Vale do Acara\u00fa, presidente do Instituto Hist\u00f3rico e Geogr\u00e1fico de Sobral e integrante de diversas entidades cient\u00edficas e culturais, al\u00e9m de participar de causas de Beatifica\u00e7\u00e3o e de Canoniza\u00e7\u00e3o nesta e em\u2026","rel":"","context":"In &quot;Atualidade&quot;","block_context":{"text":"Atualidade","link":"https:\/\/correiodasemana.com\/site\/category\/atualidade\/"},"img":{"alt_text":"","src":"https:\/\/i0.wp.com\/correiodasemana.com\/site\/wp-content\/uploads\/2023\/04\/Dama-de-Comenda-com-Placa-Isis-Penido-Cardeal-Orani-Tempesta-e-Comendador-Lira.jpg?resize=350%2C200&ssl=1","width":350,"height":200,"srcset":"https:\/\/i0.wp.com\/correiodasemana.com\/site\/wp-content\/uploads\/2023\/04\/Dama-de-Comenda-com-Placa-Isis-Penido-Cardeal-Orani-Tempesta-e-Comendador-Lira.jpg?resize=350%2C200&ssl=1 1x, https:\/\/i0.wp.com\/correiodasemana.com\/site\/wp-content\/uploads\/2023\/04\/Dama-de-Comenda-com-Placa-Isis-Penido-Cardeal-Orani-Tempesta-e-Comendador-Lira.jpg?resize=525%2C300&ssl=1 1.5x, https:\/\/i0.wp.com\/correiodasemana.com\/site\/wp-content\/uploads\/2023\/04\/Dama-de-Comenda-com-Placa-Isis-Penido-Cardeal-Orani-Tempesta-e-Comendador-Lira.jpg?resize=700%2C400&ssl=1 2x, https:\/\/i0.wp.com\/correiodasemana.com\/site\/wp-content\/uploads\/2023\/04\/Dama-de-Comenda-com-Placa-Isis-Penido-Cardeal-Orani-Tempesta-e-Comendador-Lira.jpg?resize=1050%2C600&ssl=1 3x, https:\/\/i0.wp.com\/correiodasemana.com\/site\/wp-content\/uploads\/2023\/04\/Dama-de-Comenda-com-Placa-Isis-Penido-Cardeal-Orani-Tempesta-e-Comendador-Lira.jpg?resize=1400%2C800&ssl=1 4x"},"classes":[]},{"id":35097,"url":"https:\/\/correiodasemana.com\/site\/papa-leao-xiv-confirma-cardeal-orani-tempesta-a-frente-da-arquidiocese-do-rio-de-janeiro-por-mais-dois-anos\/","url_meta":{"origin":11257,"position":2},"title":"Papa Le\u00e3o XIV confirma cardeal Orani Tempesta \u00e0 frente da arquidiocese do Rio de Janeiro por mais dois anos","author":"adminredacao","date":"Agosto 17, 2025","format":false,"excerpt":"Fonte: CNBB A\u00a0arquidiocese de S\u00e3o Sebasti\u00e3o do Rio de Janeiro comunicou\u00a0que, no dia 7 de agosto de 2025, o Papa Le\u00e3o XIV, acolheu o pedido de ren\u00fancia apresentado por seu arcebispo, o Cardeal Orani Jo\u00e3o Tempesta, O.Cist., ao governo pastoral daquela Igreja Particular, conforme as normas do Direito Can\u00f4nico. Ao\u2026","rel":"","context":"In &quot;Atualidade&quot;","block_context":{"text":"Atualidade","link":"https:\/\/correiodasemana.com\/site\/category\/atualidade\/"},"img":{"alt_text":"","src":"https:\/\/i0.wp.com\/correiodasemana.com\/site\/wp-content\/uploads\/2025\/08\/dom-orani-rj_arquivo-cn.jpg?resize=350%2C200&ssl=1","width":350,"height":200,"srcset":"https:\/\/i0.wp.com\/correiodasemana.com\/site\/wp-content\/uploads\/2025\/08\/dom-orani-rj_arquivo-cn.jpg?resize=350%2C200&ssl=1 1x, https:\/\/i0.wp.com\/correiodasemana.com\/site\/wp-content\/uploads\/2025\/08\/dom-orani-rj_arquivo-cn.jpg?resize=525%2C300&ssl=1 1.5x, https:\/\/i0.wp.com\/correiodasemana.com\/site\/wp-content\/uploads\/2025\/08\/dom-orani-rj_arquivo-cn.jpg?resize=700%2C400&ssl=1 2x"},"classes":[]},{"id":9022,"url":"https:\/\/correiodasemana.com\/site\/dom-orani-tempesta-e-primeiro-cardeal-a-integrar-a-academia-carioca-de-letras\/","url_meta":{"origin":11257,"position":3},"title":"Dom Orani Tempesta \u00e9 primeiro cardeal a integrar a Academia Carioca de Letras","author":"","date":"Setembro 8, 2019","format":false,"excerpt":"Dom Orani Jo\u00e3o Cardeal Tempesta, O. Cirst., Cardeal-Arcebispo de S\u00e3o Sebasti\u00e3o do Rio de Janeiro, desde quarta-feira, 28\/08, \u00e9 o novo ocupante da cadeira de N\u00b0 10 da Academia Carioca de Letras, patron\u00edmica de Joaquim Noberto, historiador e poeta, se constituindo o primeiro bispo e cardeal a integrar a Academia.\u2026","rel":"","context":"In &quot;Diocese&quot;","block_context":{"text":"Diocese","link":"https:\/\/correiodasemana.com\/site\/category\/diocese\/"},"img":{"alt_text":"","src":"https:\/\/i0.wp.com\/correiodasemana.com\/site\/wp-content\/uploads\/2019\/09\/IMG-20190828-WA0156.jpg?resize=350%2C200&ssl=1","width":350,"height":200,"srcset":"https:\/\/i0.wp.com\/correiodasemana.com\/site\/wp-content\/uploads\/2019\/09\/IMG-20190828-WA0156.jpg?resize=350%2C200&ssl=1 1x, https:\/\/i0.wp.com\/correiodasemana.com\/site\/wp-content\/uploads\/2019\/09\/IMG-20190828-WA0156.jpg?resize=525%2C300&ssl=1 1.5x, https:\/\/i0.wp.com\/correiodasemana.com\/site\/wp-content\/uploads\/2019\/09\/IMG-20190828-WA0156.jpg?resize=700%2C400&ssl=1 2x, https:\/\/i0.wp.com\/correiodasemana.com\/site\/wp-content\/uploads\/2019\/09\/IMG-20190828-WA0156.jpg?resize=1050%2C600&ssl=1 3x"},"classes":[]},{"id":32417,"url":"https:\/\/correiodasemana.com\/site\/arquidiocese-do-rio-de-janeiro-realiza-34o-curso-para-os-bispos-do-brasil\/","url_meta":{"origin":11257,"position":4},"title":"Arquidiocese do Rio de Janeiro realiza 34\u00ba curso para os Bispos do Brasil","author":"adminredacao","date":"Fevereiro 4, 2025","format":false,"excerpt":"De 27 a 31 de janeiro, a Arquidiocese do Rio de Janeiro realizou o 34\u00ba Curso para o Episcopado Brasileiro no Centro de Estudos do Sumar\u00e9. Teve como tema: \u201cO kerigma e os desafios pastorais como fonte de esperan\u00e7a\u201d. Dom Jos\u00e9 Luiz Gomes de Vasconcelos, bispo diocesano de Sobral e\u2026","rel":"","context":"In &quot;Atualidade&quot;","block_context":{"text":"Atualidade","link":"https:\/\/correiodasemana.com\/site\/category\/atualidade\/"},"img":{"alt_text":"","src":"https:\/\/i0.wp.com\/correiodasemana.com\/site\/wp-content\/uploads\/2025\/02\/WhatsApp-Image-2025-02-03-at-16.53.52.jpeg?resize=350%2C200&ssl=1","width":350,"height":200,"srcset":"https:\/\/i0.wp.com\/correiodasemana.com\/site\/wp-content\/uploads\/2025\/02\/WhatsApp-Image-2025-02-03-at-16.53.52.jpeg?resize=350%2C200&ssl=1 1x, https:\/\/i0.wp.com\/correiodasemana.com\/site\/wp-content\/uploads\/2025\/02\/WhatsApp-Image-2025-02-03-at-16.53.52.jpeg?resize=525%2C300&ssl=1 1.5x, https:\/\/i0.wp.com\/correiodasemana.com\/site\/wp-content\/uploads\/2025\/02\/WhatsApp-Image-2025-02-03-at-16.53.52.jpeg?resize=700%2C400&ssl=1 2x"},"classes":[]},{"id":11342,"url":"https:\/\/correiodasemana.com\/site\/esperanca\/","url_meta":{"origin":11257,"position":5},"title":"ESPERAN\u00c7A","author":"","date":"Maio 7, 2020","format":false,"excerpt":"O Correio da Semana fez parada de um m\u00eas. O momento nos obrigou a isso. Hoje, retomamos. Timidamente. Esperan\u00e7osos. Confiantes em Deus e em sua M\u00e3e, Maria Sant\u00edssima. Parafraseando o Pe. Zezinho digo que \u00e9 necess\u00e1rio esperar contra toda desesperan\u00e7a. Ainda n\u00e3o se tem a cura da covid-19 ainda n\u00e3o\u2026","rel":"","context":"In &quot;Artigos&quot;","block_context":{"text":"Artigos","link":"https:\/\/correiodasemana.com\/site\/category\/artigos\/"},"img":{"alt_text":"","src":"https:\/\/i0.wp.com\/correiodasemana.com\/site\/wp-content\/uploads\/2019\/07\/Jose%CC%81-1.jpg?resize=350%2C200&ssl=1","width":350,"height":200,"srcset":"https:\/\/i0.wp.com\/correiodasemana.com\/site\/wp-content\/uploads\/2019\/07\/Jose%CC%81-1.jpg?resize=350%2C200&ssl=1 1x, https:\/\/i0.wp.com\/correiodasemana.com\/site\/wp-content\/uploads\/2019\/07\/Jose%CC%81-1.jpg?resize=525%2C300&ssl=1 1.5x, https:\/\/i0.wp.com\/correiodasemana.com\/site\/wp-content\/uploads\/2019\/07\/Jose%CC%81-1.jpg?resize=700%2C400&ssl=1 2x"},"classes":[]}],"jetpack_sharing_enabled":true,"_links":{"self":[{"href":"https:\/\/correiodasemana.com\/site\/wp-json\/wp\/v2\/posts\/11257","targetHints":{"allow":["GET"]}}],"collection":[{"href":"https:\/\/correiodasemana.com\/site\/wp-json\/wp\/v2\/posts"}],"about":[{"href":"https:\/\/correiodasemana.com\/site\/wp-json\/wp\/v2\/types\/post"}],"author":[{"embeddable":true,"href":"https:\/\/correiodasemana.com\/site\/wp-json\/wp\/v2\/users\/1"}],"replies":[{"embeddable":true,"href":"https:\/\/correiodasemana.com\/site\/wp-json\/wp\/v2\/comments?post=11257"}],"version-history":[{"count":1,"href":"https:\/\/correiodasemana.com\/site\/wp-json\/wp\/v2\/posts\/11257\/revisions"}],"predecessor-version":[{"id":11261,"href":"https:\/\/correiodasemana.com\/site\/wp-json\/wp\/v2\/posts\/11257\/revisions\/11261"}],"wp:featuredmedia":[{"embeddable":true,"href":"https:\/\/correiodasemana.com\/site\/wp-json\/wp\/v2\/media\/11260"}],"wp:attachment":[{"href":"https:\/\/correiodasemana.com\/site\/wp-json\/wp\/v2\/media?parent=11257"}],"wp:term":[{"taxonomy":"category","embeddable":true,"href":"https:\/\/correiodasemana.com\/site\/wp-json\/wp\/v2\/categories?post=11257"},{"taxonomy":"post_tag","embeddable":true,"href":"https:\/\/correiodasemana.com\/site\/wp-json\/wp\/v2\/tags?post=11257"}],"curies":[{"name":"wp","href":"https:\/\/api.w.org\/{rel}","templated":true}]}}