{"id":11264,"date":"2020-03-24T04:33:13","date_gmt":"2020-03-24T04:33:13","guid":{"rendered":"https:\/\/correiodasemana.com\/site\/?p=11264"},"modified":"2020-03-24T04:33:13","modified_gmt":"2020-03-24T04:33:13","slug":"agenda-uninta-3","status":"publish","type":"post","link":"https:\/\/correiodasemana.com\/site\/agenda-uninta-3\/","title":{"rendered":"Agenda Uninta"},"content":{"rendered":"<p><strong>Timming<\/strong><br \/>\nAcertada decis\u00e3o do magn\u00edfico Reitor Dr Oscar Spindola Rodrigues J\u00fanior de tomar a dianteira das institui\u00e7\u00f5es de ensino superior e na manh\u00e3 de segunda-feira (16), suspender as atividades acad\u00eamicas presenciais do UNINTA, como forma de preven\u00e7\u00e3o ao novo CORONAV\u00cdRUS \/ COVID -19.<\/p>\n<p><strong>A decis\u00e3o<\/strong><br \/>\nAl\u00e9m das atividades acad\u00eamicas presenciais, a medida tamb\u00e9m interrompe at\u00e9 o dia 05 de abril, as atividades na Cl\u00ednica Escola de Fisioterapia, Odontologia e Psicopedagogia, bem como do N\u00facleo de Pr\u00e1ticas Integradas \u2013 NAPI, os est\u00e1gios e projetos de extens\u00e3o.<\/p>\n<p><strong>Colegiado<\/strong><br \/>\nA importante decis\u00e3o foi tomada ap\u00f3s uma reuni\u00e3o com a presen\u00e7a de todos os coordenadores (as) de curso, diretores (as) de Centro e pr\u00f3-reitores (as). A metodologia fortalece o debate institucional. A dire\u00e7\u00e3o do UNINTA est\u00e1 de parab\u00e9ns.<\/p>\n<p><strong>Responsabilidade Social<\/strong><br \/>\nDesde segunda-feira (16), o UNINTA disponibiliza m\u00e1scaras e \u00e1lcool em gel para os colaboradores da institui\u00e7\u00e3o. As palavras-chave do momento s\u00e3o: Preven\u00e7\u00e3o e Informa\u00e7\u00e3o.<\/p>\n<p><strong>A\u00e7\u00f5es Pedag\u00f3gicas<\/strong><br \/>\nPensando em tirar todas as d\u00favidas sobre a nova rotina do UNINTA, o coordenador do curso de jornalismo, Prof Me Thiago Mena Barreto Viana, produziu um v\u00eddeo explicativo para os estudantes. Tire suas d\u00favidas acessando: youtube.com\/webtvuninta<\/p>\n<p><strong>Celebrar \u00e9 preciso<\/strong><br \/>\nSempre bom ver artigos acad\u00eamicos dos nossos egressos conquistando espa\u00e7os em revistas cientificas de relev\u00e2ncia. O jornalista Francisco Sidney Souza de Almeida, celebra a publica\u00e7\u00e3o na Revista Multidisciplinar em Educa\u00e7\u00e3o. Acesso em: periodicos.unir.br\/index.php\/EDUCA\/article\/view\/4022<\/p>\n","protected":false},"excerpt":{"rendered":"<p>Timming Acertada decis\u00e3o do magn\u00edfico Reitor Dr Oscar Spindola Rodrigues J\u00fanior de tomar a dianteira&#8230;<\/p>\n","protected":false},"author":1,"featured_media":11265,"comment_status":"open","ping_status":"open","sticky":false,"template":"","format":"standard","meta":{"_jetpack_memberships_contains_paid_content":false,"footnotes":"","jetpack_publicize_message":"","jetpack_publicize_feature_enabled":true,"jetpack_social_post_already_shared":true,"jetpack_social_options":{"image_generator_settings":{"template":"highway","default_image_id":0,"font":"","enabled":false},"version":2}},"categories":[1],"tags":[],"class_list":["post-11264","post","type-post","status-publish","format-standard","has-post-thumbnail","hentry","category-atualidade"],"jetpack_publicize_connections":[],"jetpack_featured_media_url":"https:\/\/correiodasemana.com\/site\/wp-content\/uploads\/2020\/03\/WhatsApp-Image-2020-03-18-at-18.50.49.jpeg","jetpack-related-posts":[{"id":11450,"url":"https:\/\/correiodasemana.com\/site\/agenda-uninta-5\/","url_meta":{"origin":11264,"position":0},"title":"Agenda Uninta","author":"","date":"Maio 30, 2020","format":false,"excerpt":"Ciclos Al\u00e9m das aulas s\u00edncronas em dia, o curso de jornalismo do UNINTA vem realizando ciclos de palestras para os estudantes da institui\u00e7\u00e3o. As palestras contam com a media\u00e7\u00e3o dos professores do curso e de renomados nomes da \u00e1rea. Estiveram nas telinhas dos gadgets nomes de peso como Salom\u00e3o de\u2026","rel":"","context":"In &quot;Agenda Uninta&quot;","block_context":{"text":"Agenda Uninta","link":"https:\/\/correiodasemana.com\/site\/category\/agenda-uninta\/"},"img":{"alt_text":"","src":"https:\/\/i0.wp.com\/correiodasemana.com\/site\/wp-content\/uploads\/2020\/05\/unita-2.jpg?resize=350%2C200&ssl=1","width":350,"height":200,"srcset":"https:\/\/i0.wp.com\/correiodasemana.com\/site\/wp-content\/uploads\/2020\/05\/unita-2.jpg?resize=350%2C200&ssl=1 1x, https:\/\/i0.wp.com\/correiodasemana.com\/site\/wp-content\/uploads\/2020\/05\/unita-2.jpg?resize=525%2C300&ssl=1 1.5x, https:\/\/i0.wp.com\/correiodasemana.com\/site\/wp-content\/uploads\/2020\/05\/unita-2.jpg?resize=700%2C400&ssl=1 2x, https:\/\/i0.wp.com\/correiodasemana.com\/site\/wp-content\/uploads\/2020\/05\/unita-2.jpg?resize=1050%2C600&ssl=1 3x"},"classes":[]},{"id":13866,"url":"https:\/\/correiodasemana.com\/site\/agenda-uninta-10\/","url_meta":{"origin":11264,"position":1},"title":"Agenda UNINTA","author":"","date":"Outubro 4, 2020","format":false,"excerpt":"Jornalismo em Pauta O projeto Conversa Livre, que \u00e9 idealizado por Sarah Braga, estudante do \u00faltimo per\u00edodo de jornalismo do Centro Universit\u00e1rio Inta (UNINTA) e vem se destacando nas redes sociais por trazer debates importantes para juventude. Para conferir \u00e9 s\u00f3 acessar o instagram @conversalivree e seguir a turma. Novos\u2026","rel":"","context":"In &quot;Agenda Uninta&quot;","block_context":{"text":"Agenda Uninta","link":"https:\/\/correiodasemana.com\/site\/category\/agenda-uninta\/"},"img":{"alt_text":"","src":"https:\/\/i0.wp.com\/correiodasemana.com\/site\/wp-content\/uploads\/2020\/10\/Captura-de-Tela-2020-10-01-a-s-14.47.59.png?resize=350%2C200&ssl=1","width":350,"height":200},"classes":[]},{"id":13518,"url":"https:\/\/correiodasemana.com\/site\/agenda-uninta-9\/","url_meta":{"origin":11264,"position":2},"title":"Agenda Uninta","author":"","date":"Setembro 15, 2020","format":false,"excerpt":"Esta coluna \u00e9 produzida por estudantes do curso de jornalismo do Centro Universit\u00e1rio INTA (UNINTA), que fazem parte do projeto Ag\u00eancia J\u00fanir de Jornalismo, coordenado pelo prof Me Matheus Salvany. \u00c9 campe\u00e3o! Na segunda edi\u00e7\u00e3o do Pr\u00eamio de Inova\u00e7\u00e3o Pedag\u00f3gica do Centro Universit\u00e1rio INTA (UNINTA), o professor Me Augustiano Xavier,\u2026","rel":"","context":"In &quot;Agenda Uninta&quot;","block_context":{"text":"Agenda Uninta","link":"https:\/\/correiodasemana.com\/site\/category\/agenda-uninta\/"},"img":{"alt_text":"","src":"https:\/\/i0.wp.com\/correiodasemana.com\/site\/wp-content\/uploads\/2020\/09\/THIAGO-RODRIGUE-S.jpeg?resize=350%2C200&ssl=1","width":350,"height":200,"srcset":"https:\/\/i0.wp.com\/correiodasemana.com\/site\/wp-content\/uploads\/2020\/09\/THIAGO-RODRIGUE-S.jpeg?resize=350%2C200&ssl=1 1x, https:\/\/i0.wp.com\/correiodasemana.com\/site\/wp-content\/uploads\/2020\/09\/THIAGO-RODRIGUE-S.jpeg?resize=525%2C300&ssl=1 1.5x, https:\/\/i0.wp.com\/correiodasemana.com\/site\/wp-content\/uploads\/2020\/09\/THIAGO-RODRIGUE-S.jpeg?resize=700%2C400&ssl=1 2x, https:\/\/i0.wp.com\/correiodasemana.com\/site\/wp-content\/uploads\/2020\/09\/THIAGO-RODRIGUE-S.jpeg?resize=1050%2C600&ssl=1 3x"},"classes":[]},{"id":11558,"url":"https:\/\/correiodasemana.com\/site\/agenda-uninta-6\/","url_meta":{"origin":11264,"position":3},"title":"Agenda Uninta","author":"","date":"Julho 2, 2020","format":false,"excerpt":"Balan\u00e7o Geral Semestre chegando ao fim e \u00e9 chegada a hora de avaliar as atividades realizadas. Apesar da pandemia o curso de Jornalismo segue firme com seus projetos, eventos, palestras e bancas de TCC. Novos jornalistas formados e novos futuros jornalistas chegando. Parab\u00e9ns aos corpo docente e todos os estudantes\u2026","rel":"","context":"In &quot;Agenda Uninta&quot;","block_context":{"text":"Agenda Uninta","link":"https:\/\/correiodasemana.com\/site\/category\/agenda-uninta\/"},"img":{"alt_text":"","src":"https:\/\/i0.wp.com\/correiodasemana.com\/site\/wp-content\/uploads\/2020\/07\/OK-id-napsi-200x200-orhsai8nr33o1nv377n8ghchbhot7j8vcojghoxscw.jpg?resize=350%2C200&ssl=1","width":350,"height":200},"classes":[]},{"id":14015,"url":"https:\/\/correiodasemana.com\/site\/agenda-uninta-11\/","url_meta":{"origin":11264,"position":4},"title":"Agenda UNINTA","author":"","date":"Outubro 13, 2020","format":false,"excerpt":"Outubro Rosa O curso de Jornalismo tamb\u00e9m est\u00e1 nas celebra\u00e7\u00f5es do Outubro Rosa. Quem acessar nosso Instagram - @jornalismouninta - poder\u00e1 conferir a postagem em homenagem a este importante movimento que salva vidas e ajuda a prevenir o c\u00e2ncer de mama. Esfor\u00e7o conjunto A pauta tamb\u00e9m atinge os projetos de\u2026","rel":"","context":"In &quot;Agenda Uninta&quot;","block_context":{"text":"Agenda Uninta","link":"https:\/\/correiodasemana.com\/site\/category\/agenda-uninta\/"},"img":{"alt_text":"","src":"https:\/\/i0.wp.com\/correiodasemana.com\/site\/wp-content\/uploads\/2020\/10\/Captura-de-Tela-2020-10-08-a-s-15.58.00.png?resize=350%2C200&ssl=1","width":350,"height":200,"srcset":"https:\/\/i0.wp.com\/correiodasemana.com\/site\/wp-content\/uploads\/2020\/10\/Captura-de-Tela-2020-10-08-a-s-15.58.00.png?resize=350%2C200&ssl=1 1x, https:\/\/i0.wp.com\/correiodasemana.com\/site\/wp-content\/uploads\/2020\/10\/Captura-de-Tela-2020-10-08-a-s-15.58.00.png?resize=525%2C300&ssl=1 1.5x"},"classes":[]},{"id":11111,"url":"https:\/\/correiodasemana.com\/site\/agenda-uninta-2\/","url_meta":{"origin":11264,"position":5},"title":"Agenda Uninta","author":"","date":"Mar\u00e7o 9, 2020","format":false,"excerpt":"M\u00eas da Mulher O protagonismo das mulheres no Centro Universit\u00e1rio Inta - UNINTA \u00e9 uma m\u00e1xima. Das pr\u00f3-reitorias existentes, o total de seis s\u00e3o ocupadas por qualificadas gestoras. Na sala de aula n\u00e3o \u00e9 diferente. As professoras superam o n\u00famero total de professores e despontam como as principais respons\u00e1veis pela\u2026","rel":"","context":"In &quot;Agenda Uninta&quot;","block_context":{"text":"Agenda Uninta","link":"https:\/\/correiodasemana.com\/site\/category\/agenda-uninta\/"},"img":{"alt_text":"","src":"https:\/\/i0.wp.com\/correiodasemana.com\/site\/wp-content\/uploads\/2020\/03\/batch_image.png?resize=350%2C200&ssl=1","width":350,"height":200,"srcset":"https:\/\/i0.wp.com\/correiodasemana.com\/site\/wp-content\/uploads\/2020\/03\/batch_image.png?resize=350%2C200&ssl=1 1x, https:\/\/i0.wp.com\/correiodasemana.com\/site\/wp-content\/uploads\/2020\/03\/batch_image.png?resize=525%2C300&ssl=1 1.5x, https:\/\/i0.wp.com\/correiodasemana.com\/site\/wp-content\/uploads\/2020\/03\/batch_image.png?resize=700%2C400&ssl=1 2x, https:\/\/i0.wp.com\/correiodasemana.com\/site\/wp-content\/uploads\/2020\/03\/batch_image.png?resize=1050%2C600&ssl=1 3x, https:\/\/i0.wp.com\/correiodasemana.com\/site\/wp-content\/uploads\/2020\/03\/batch_image.png?resize=1400%2C800&ssl=1 4x"},"classes":[]}],"jetpack_sharing_enabled":true,"_links":{"self":[{"href":"https:\/\/correiodasemana.com\/site\/wp-json\/wp\/v2\/posts\/11264","targetHints":{"allow":["GET"]}}],"collection":[{"href":"https:\/\/correiodasemana.com\/site\/wp-json\/wp\/v2\/posts"}],"about":[{"href":"https:\/\/correiodasemana.com\/site\/wp-json\/wp\/v2\/types\/post"}],"author":[{"embeddable":true,"href":"https:\/\/correiodasemana.com\/site\/wp-json\/wp\/v2\/users\/1"}],"replies":[{"embeddable":true,"href":"https:\/\/correiodasemana.com\/site\/wp-json\/wp\/v2\/comments?post=11264"}],"version-history":[{"count":1,"href":"https:\/\/correiodasemana.com\/site\/wp-json\/wp\/v2\/posts\/11264\/revisions"}],"predecessor-version":[{"id":11266,"href":"https:\/\/correiodasemana.com\/site\/wp-json\/wp\/v2\/posts\/11264\/revisions\/11266"}],"wp:featuredmedia":[{"embeddable":true,"href":"https:\/\/correiodasemana.com\/site\/wp-json\/wp\/v2\/media\/11265"}],"wp:attachment":[{"href":"https:\/\/correiodasemana.com\/site\/wp-json\/wp\/v2\/media?parent=11264"}],"wp:term":[{"taxonomy":"category","embeddable":true,"href":"https:\/\/correiodasemana.com\/site\/wp-json\/wp\/v2\/categories?post=11264"},{"taxonomy":"post_tag","embeddable":true,"href":"https:\/\/correiodasemana.com\/site\/wp-json\/wp\/v2\/tags?post=11264"}],"curies":[{"name":"wp","href":"https:\/\/api.w.org\/{rel}","templated":true}]}}