{"id":11267,"date":"2020-03-24T04:33:59","date_gmt":"2020-03-24T04:33:59","guid":{"rendered":"https:\/\/correiodasemana.com\/site\/?p=11267"},"modified":"2020-03-24T04:34:13","modified_gmt":"2020-03-24T04:34:13","slug":"querida-amazonia-primeiro-diacono-permanente-indigena-e-ordenado-na-diocese-de-alto-solimoes","status":"publish","type":"post","link":"https:\/\/correiodasemana.com\/site\/querida-amazonia-primeiro-diacono-permanente-indigena-e-ordenado-na-diocese-de-alto-solimoes\/","title":{"rendered":"Querida Amaz\u00f4nia: Primeiro di\u00e1cono permanente ind\u00edgena \u00e9 ordenado na Diocese de Alto Solim\u00f5es"},"content":{"rendered":"<p>No domingo, dia 15 de mar\u00e7o, a diocese de Alto Solim\u00f5es (AM) realizou o rito de ordena\u00e7\u00e3o do primeiro di\u00e1cono permanente ind\u00edgena. Antelmo Pereira \u00c2ngelo, do povo Ticuna, \u00e9 o primeiro de sua etnia a receber o primeiro grau do Sacramento da Ordem. Dom AldofoZon Pereira, bispo diocesano, presidiu a celebra\u00e7\u00e3o eucar\u00edstica na par\u00f3quia S\u00e3o Francisco de Assis, em Bel\u00e9m do Solim\u00f5es (AM).<br \/>\nA investidura de membros das comunidades e etnias amaz\u00f4nicas nos minist\u00e9rios leigos e ordenados \u00e9 o que ficou conhecido pelo desejo do Papa Francisco de uma Igreja com rosto amaz\u00f4nico e tamb\u00e9m o que est\u00e1 no sonho eclesial do pont\u00edfice na exorta\u00e7\u00e3o apost\u00f3lica p\u00f3s-sinodal Querida Amaz\u00f4nia.<br \/>\nPapa Francisco afirma que os di\u00e1conos permanentes deveriam existir em um n\u00famero muito maior na Amaz\u00f4nia e que estes devem assumir, junto com religiosas e leigos, \u201cresponsabilidades importantes em ordem ao crescimento das comunidades e maturem no exerc\u00edcio de tais fun\u00e7\u00f5es, gra\u00e7as a um adequado acompanhamento\u201d.<br \/>\nPara o Santo Padre, uma Igreja de rostos amaz\u00f4nicos requer a presen\u00e7a est\u00e1vel de respons\u00e1veis leigos, maduros e dotados de autoridade, \u201cque conhe\u00e7am as l\u00ednguas, as culturas, a experi\u00eancia espiritual e o modo de viver em comunidade de cada lugar, ao mesmo tempo que deixem espa\u00e7o \u00e0 multiplicidade dos dons que o Esp\u00edrito Santo semeia em todos\u201d.<br \/>\nDi\u00e1cono permanente s\u00e3o aqueles ministros ordenados que j\u00e1 s\u00e3o casados e desempenham um papel espec\u00edfico, principalmente no \u00e2mbito do servi\u00e7o e da celebra\u00e7\u00e3o da Palavra com as comunidades.<br \/>\nOs ind\u00edgenas de Bel\u00e9m do Solim\u00f5es se dirigiram \u00e0 Igreja de S\u00e3o Francisco de Assis cantando e dan\u00e7ando, cada um com o rosto pintado de acordo com os 12 cl\u00e3s da etnia da \u201cTerra Sagrada do Eware\u201d. Esses cl\u00e3s, numa compara\u00e7\u00e3o com a hist\u00f3ria do povo de Deus narrada na B\u00edblia, podem ser relacionados \u00e0s 12 tribos de Israel, no contexto da evangeliza\u00e7\u00e3o inculturada.<br \/>\nA Igreja em Alto Solim\u00f5es ainda finalizou a forma\u00e7\u00e3o com mais de 150 catequistas, dirigentes e agentes do dizimo de 25 comunidades Ticuna.<br \/>\nMission\u00e1rios e agentes de pastoral desejam b\u00ean\u00e7\u00e3os de Deus a Antelmo e sua fam\u00edlia e \u201ca toda a Igreja Ticuna com sua bel\u00edssima cultura ind\u00edgena\u201d. Tamb\u00e9m foi manifestado agradecimento \u201ca todos e todas que ajudaram na bela forma\u00e7\u00e3o de Antelmo\u201d e aos frades capuchinhos da Custodia do Amazonas e Roraima.<br \/>\nAntelmo Pereira \u00e9 pai de nove filhos e professor. Quem o conhece o define como um homem fervoroso, movido por um grande impulso mission\u00e1rio. Mensalmente, junto com sua esposa e outros mission\u00e1rios, visitam as comunidades da regi\u00e3o. Considera-se na regi\u00e3o at\u00e9 que a voca\u00e7\u00e3o diaconal tem sido algo adotado na fam\u00edlia, que amadureceu ao longo de quatro anos de forma\u00e7\u00e3o.<br \/>\nO novo di\u00e1cono, no final da celebra\u00e7\u00e3o, reconheceu que sempre sonhara realizar algo de bom em sua vida. Ele disse que algu\u00e9m havia lhe dito para ser vereador, o que ele rapidamente percebeu que n\u00e3o era o que ele queria. Somente depois de muitos anos essa possibilidade de ser di\u00e1cono apareceu e ele abra\u00e7ou essa voca\u00e7\u00e3o como uma maneira de fazer o bem, de se dedicar \u00e0 vida da Igreja e de seu povo.<br \/>\nFonte: CNBB<\/p>\n<p><img fetchpriority=\"high\" decoding=\"async\" class=\"aligncenter size-medium wp-image-11268\" src=\"https:\/\/correiodasemana.com\/site\/wp-content\/uploads\/2020\/03\/WhatsApp-Image-2020-03-18-at-15.33.35-1-300x191.jpeg\" alt=\"\" width=\"300\" height=\"191\" srcset=\"https:\/\/correiodasemana.com\/site\/wp-content\/uploads\/2020\/03\/WhatsApp-Image-2020-03-18-at-15.33.35-1-300x191.jpeg 300w, https:\/\/correiodasemana.com\/site\/wp-content\/uploads\/2020\/03\/WhatsApp-Image-2020-03-18-at-15.33.35-1-1024x650.jpeg 1024w, https:\/\/correiodasemana.com\/site\/wp-content\/uploads\/2020\/03\/WhatsApp-Image-2020-03-18-at-15.33.35-1-768x488.jpeg 768w, https:\/\/correiodasemana.com\/site\/wp-content\/uploads\/2020\/03\/WhatsApp-Image-2020-03-18-at-15.33.35-1.jpeg 1200w\" sizes=\"(max-width: 300px) 100vw, 300px\" \/> <img decoding=\"async\" class=\"aligncenter size-medium wp-image-11269\" src=\"https:\/\/correiodasemana.com\/site\/wp-content\/uploads\/2020\/03\/WhatsApp-Image-2020-03-18-at-15.33.35-300x278.jpeg\" alt=\"\" width=\"300\" height=\"278\" srcset=\"https:\/\/correiodasemana.com\/site\/wp-content\/uploads\/2020\/03\/WhatsApp-Image-2020-03-18-at-15.33.35-300x278.jpeg 300w, https:\/\/correiodasemana.com\/site\/wp-content\/uploads\/2020\/03\/WhatsApp-Image-2020-03-18-at-15.33.35-768x712.jpeg 768w, https:\/\/correiodasemana.com\/site\/wp-content\/uploads\/2020\/03\/WhatsApp-Image-2020-03-18-at-15.33.35.jpeg 800w\" sizes=\"(max-width: 300px) 100vw, 300px\" \/><\/p>\n","protected":false},"excerpt":{"rendered":"<p>No domingo, dia 15 de mar\u00e7o, a diocese de Alto Solim\u00f5es (AM) realizou o rito&#8230;<\/p>\n","protected":false},"author":1,"featured_media":11268,"comment_status":"open","ping_status":"open","sticky":false,"template":"","format":"standard","meta":{"_jetpack_memberships_contains_paid_content":false,"footnotes":"","jetpack_publicize_message":"","jetpack_publicize_feature_enabled":true,"jetpack_social_post_already_shared":true,"jetpack_social_options":{"image_generator_settings":{"template":"highway","default_image_id":0,"font":"","enabled":false},"version":2}},"categories":[1],"tags":[],"class_list":["post-11267","post","type-post","status-publish","format-standard","has-post-thumbnail","hentry","category-atualidade"],"jetpack_publicize_connections":[],"jetpack_featured_media_url":"https:\/\/correiodasemana.com\/site\/wp-content\/uploads\/2020\/03\/WhatsApp-Image-2020-03-18-at-15.33.35-1.jpeg","jetpack-related-posts":[{"id":10830,"url":"https:\/\/correiodasemana.com\/site\/conheca-a-querida-amazonia-a-exortacao-do-papa-por-uma-igreja-com-rosto-amazonico\/","url_meta":{"origin":11267,"position":0},"title":"Conhe\u00e7a a Querida Amaz\u00f4nia, a Exorta\u00e7\u00e3o do Papa por uma Igreja com rosto amaz\u00f4nico","author":"","date":"Fevereiro 17, 2020","format":false,"excerpt":"\u201cA Amaz\u00f4nia querida apresenta-se aos olhos do mundo com todo o seu esplendor, o seu drama e o seu mist\u00e9rio.\u201d Assim tem in\u00edcio a\u00a0Exorta\u00e7\u00e3o apost\u00f3lica p\u00f3s-sinodal, Querida Amaz\u00f4nia. O Pont\u00edfice, nos primeiros pontos, (2-4) explica \u201co sentido desta Exorta\u00e7\u00e3o\u201d, rica de refer\u00eancias a documentos das Confer\u00eancias episcopais dos pa\u00edses amaz\u00f4nicos,\u2026","rel":"","context":"In &quot;Diocese&quot;","block_context":{"text":"Diocese","link":"https:\/\/correiodasemana.com\/site\/category\/diocese\/"},"img":{"alt_text":"","src":"https:\/\/i0.wp.com\/correiodasemana.com\/site\/wp-content\/uploads\/2020\/02\/Papa-Francisco-e-os-indios.jpg?resize=350%2C200&ssl=1","width":350,"height":200,"srcset":"https:\/\/i0.wp.com\/correiodasemana.com\/site\/wp-content\/uploads\/2020\/02\/Papa-Francisco-e-os-indios.jpg?resize=350%2C200&ssl=1 1x, https:\/\/i0.wp.com\/correiodasemana.com\/site\/wp-content\/uploads\/2020\/02\/Papa-Francisco-e-os-indios.jpg?resize=525%2C300&ssl=1 1.5x, https:\/\/i0.wp.com\/correiodasemana.com\/site\/wp-content\/uploads\/2020\/02\/Papa-Francisco-e-os-indios.jpg?resize=700%2C400&ssl=1 2x, https:\/\/i0.wp.com\/correiodasemana.com\/site\/wp-content\/uploads\/2020\/02\/Papa-Francisco-e-os-indios.jpg?resize=1050%2C600&ssl=1 3x"},"classes":[]},{"id":9476,"url":"https:\/\/correiodasemana.com\/site\/sinodo-para-a-amazonia-na-busca-de-novos-caminhos\/","url_meta":{"origin":11267,"position":1},"title":"S\u00ednodo para a Amaz\u00f4nia: na busca de novos caminhos","author":"","date":"Outubro 14, 2019","format":false,"excerpt":"\u00c9 esta a proposta do S\u00ednodo para a Amaz\u00f4nia: encontrar caminhos novos para a miss\u00e3o da Igreja e para uma ecologia integral. Caminhos novos para a Igreja, para que passemos de uma igreja que visita para uma igreja que permanece, que acompanha e se faz presente na vida do povo,\u2026","rel":"","context":"In &quot;A voz do Pastor&quot;","block_context":{"text":"A voz do Pastor","link":"https:\/\/correiodasemana.com\/site\/category\/a-voz-do-pastor\/"},"img":{"alt_text":"","src":"https:\/\/i0.wp.com\/correiodasemana.com\/site\/wp-content\/uploads\/2019\/07\/Dom-Vasconcelos-posses.jpg?resize=350%2C200&ssl=1","width":350,"height":200,"srcset":"https:\/\/i0.wp.com\/correiodasemana.com\/site\/wp-content\/uploads\/2019\/07\/Dom-Vasconcelos-posses.jpg?resize=350%2C200&ssl=1 1x, https:\/\/i0.wp.com\/correiodasemana.com\/site\/wp-content\/uploads\/2019\/07\/Dom-Vasconcelos-posses.jpg?resize=525%2C300&ssl=1 1.5x, https:\/\/i0.wp.com\/correiodasemana.com\/site\/wp-content\/uploads\/2019\/07\/Dom-Vasconcelos-posses.jpg?resize=700%2C400&ssl=1 2x"},"classes":[]},{"id":11981,"url":"https:\/\/correiodasemana.com\/site\/situacao-dos-indigenas-e-povos-originarios-se-agrava-com-a-pandemia-de-covid-19\/","url_meta":{"origin":11267,"position":2},"title":"Situa\u00e7\u00e3o dos ind\u00edgenas e povos origin\u00e1rios se agrava com a pandemia de Covid-19","author":"","date":"Julho 19, 2020","format":false,"excerpt":"A situa\u00e7\u00e3o de vulnerabilidade dos ind\u00edgenas e povos origin\u00e1rios tem se agravado com a pandemia de Covid-19. Irm\u00e3 Laura Vicu\u00f1a Pereira, catequista franciscana de origem ind\u00edgena Kariri e que integra a Confer\u00eancia Eclesial da Amaz\u00f4nia, acredita que a for\u00e7a das experi\u00eancias ancestrais at\u00e9 hoje pode ajudar a potencializar a a\u00e7\u00e3o\u2026","rel":"","context":"In &quot;A voz do Pastor&quot;","block_context":{"text":"A voz do Pastor","link":"https:\/\/correiodasemana.com\/site\/category\/a-voz-do-pastor\/"},"img":{"alt_text":"","src":"https:\/\/i0.wp.com\/correiodasemana.com\/site\/wp-content\/uploads\/2019\/12\/homilia-dom-vasconcelos.jpg?resize=350%2C200&ssl=1","width":350,"height":200,"srcset":"https:\/\/i0.wp.com\/correiodasemana.com\/site\/wp-content\/uploads\/2019\/12\/homilia-dom-vasconcelos.jpg?resize=350%2C200&ssl=1 1x, https:\/\/i0.wp.com\/correiodasemana.com\/site\/wp-content\/uploads\/2019\/12\/homilia-dom-vasconcelos.jpg?resize=525%2C300&ssl=1 1.5x, https:\/\/i0.wp.com\/correiodasemana.com\/site\/wp-content\/uploads\/2019\/12\/homilia-dom-vasconcelos.jpg?resize=700%2C400&ssl=1 2x"},"classes":[]},{"id":20558,"url":"https:\/\/correiodasemana.com\/site\/diocese-de-sobral-acolhe-imagem-peregrina-e-dom-vasconcelos-ordena-primeiro-diacono-permanente\/","url_meta":{"origin":11267,"position":3},"title":"Diocese de Sobral acolhe imagem peregrina e Dom Vasconcelos ordena primeiro Di\u00e1cono Permanente","author":"","date":"Julho 25, 2022","format":false,"excerpt":"(Thais Helena \u2013 Reda\u00e7\u00e3o Correio da Semana) No S\u00e1bado, dia 16 de Julho, na comemora\u00e7\u00e3o da festa de Nossa Senhora do Carmo, no patamar da Igreja Catedral de Sobral, ocorreu o acolhimento da imagem peregrina de Nossa Senhora de F\u00e1tima. Dezenas de fi\u00e9is estiverem presentes e foram animados por can\u00e7\u00f5es\u2026","rel":"","context":"In &quot;Atualidade&quot;","block_context":{"text":"Atualidade","link":"https:\/\/correiodasemana.com\/site\/category\/atualidade\/"},"img":{"alt_text":"","src":"https:\/\/i0.wp.com\/correiodasemana.com\/site\/wp-content\/uploads\/2022\/07\/WhatsApp-Image-2022-07-22-at-20.51.54.jpeg?resize=350%2C200&ssl=1","width":350,"height":200,"srcset":"https:\/\/i0.wp.com\/correiodasemana.com\/site\/wp-content\/uploads\/2022\/07\/WhatsApp-Image-2022-07-22-at-20.51.54.jpeg?resize=350%2C200&ssl=1 1x, https:\/\/i0.wp.com\/correiodasemana.com\/site\/wp-content\/uploads\/2022\/07\/WhatsApp-Image-2022-07-22-at-20.51.54.jpeg?resize=525%2C300&ssl=1 1.5x, https:\/\/i0.wp.com\/correiodasemana.com\/site\/wp-content\/uploads\/2022\/07\/WhatsApp-Image-2022-07-22-at-20.51.54.jpeg?resize=700%2C400&ssl=1 2x, https:\/\/i0.wp.com\/correiodasemana.com\/site\/wp-content\/uploads\/2022\/07\/WhatsApp-Image-2022-07-22-at-20.51.54.jpeg?resize=1050%2C600&ssl=1 3x"},"classes":[]},{"id":27933,"url":"https:\/\/correiodasemana.com\/site\/dom-vasconcelos-ordena-19-diaconos-permanentes-para-a-diocese-de-sobral\/","url_meta":{"origin":11267,"position":4},"title":"Dom Vasconcelos ordena 19 di\u00e1conos permanentes para a Diocese de Sobral","author":"adminredacao","date":"Janeiro 5, 2024","format":false,"excerpt":"A igreja particular de Sobral vivenciou na noite desta ter\u00e7a-feira, 26 de dezembro, um momento hist\u00f3rico. Nos anais da hist\u00f3ria da centen\u00e1ria diocese foi escrito um cap\u00edtulo importante, a ordena\u00e7\u00e3o diaconal de 19 di\u00e1conos permanentes na S\u00e9 Catedral de Nossa Senhora da Concei\u00e7\u00e3o. Este\u00a0diaconato\u00a0permanente \u00e9 um enriquecimento importante para a\u2026","rel":"","context":"In &quot;Atualidade&quot;","block_context":{"text":"Atualidade","link":"https:\/\/correiodasemana.com\/site\/category\/atualidade\/"},"img":{"alt_text":"","src":"https:\/\/i0.wp.com\/correiodasemana.com\/site\/wp-content\/uploads\/2024\/01\/DSC6929-scaled.jpg?resize=350%2C200&ssl=1","width":350,"height":200,"srcset":"https:\/\/i0.wp.com\/correiodasemana.com\/site\/wp-content\/uploads\/2024\/01\/DSC6929-scaled.jpg?resize=350%2C200&ssl=1 1x, https:\/\/i0.wp.com\/correiodasemana.com\/site\/wp-content\/uploads\/2024\/01\/DSC6929-scaled.jpg?resize=525%2C300&ssl=1 1.5x, https:\/\/i0.wp.com\/correiodasemana.com\/site\/wp-content\/uploads\/2024\/01\/DSC6929-scaled.jpg?resize=700%2C400&ssl=1 2x, https:\/\/i0.wp.com\/correiodasemana.com\/site\/wp-content\/uploads\/2024\/01\/DSC6929-scaled.jpg?resize=1050%2C600&ssl=1 3x, https:\/\/i0.wp.com\/correiodasemana.com\/site\/wp-content\/uploads\/2024\/01\/DSC6929-scaled.jpg?resize=1400%2C800&ssl=1 4x"},"classes":[]},{"id":10976,"url":"https:\/\/correiodasemana.com\/site\/alinhados-com-os-sonhos-de-francisco\/","url_meta":{"origin":11267,"position":5},"title":"Alinhados com os sonhos de Francisco","author":"","date":"Fevereiro 25, 2020","format":false,"excerpt":"\u201cSonho com uma Amaz\u00f4nia que lute pelos direitos dos mais pobres, dos povos nativos, dos \u00faltimos, de modo que a sua voz seja ouvida e sua dignidade promovida. Sonho com uma Amaz\u00f4nia que preserve a riqueza cultural que a caracteriza e na qual brilha de maneira t\u00e3o variada a beleza\u2026","rel":"","context":"In &quot;A voz do Pastor&quot;","block_context":{"text":"A voz do Pastor","link":"https:\/\/correiodasemana.com\/site\/category\/a-voz-do-pastor\/"},"img":{"alt_text":"","src":"https:\/\/i0.wp.com\/correiodasemana.com\/site\/wp-content\/uploads\/2019\/12\/homilia-dom-vasconcelos.jpg?resize=350%2C200&ssl=1","width":350,"height":200,"srcset":"https:\/\/i0.wp.com\/correiodasemana.com\/site\/wp-content\/uploads\/2019\/12\/homilia-dom-vasconcelos.jpg?resize=350%2C200&ssl=1 1x, https:\/\/i0.wp.com\/correiodasemana.com\/site\/wp-content\/uploads\/2019\/12\/homilia-dom-vasconcelos.jpg?resize=525%2C300&ssl=1 1.5x, https:\/\/i0.wp.com\/correiodasemana.com\/site\/wp-content\/uploads\/2019\/12\/homilia-dom-vasconcelos.jpg?resize=700%2C400&ssl=1 2x"},"classes":[]}],"jetpack_sharing_enabled":true,"_links":{"self":[{"href":"https:\/\/correiodasemana.com\/site\/wp-json\/wp\/v2\/posts\/11267","targetHints":{"allow":["GET"]}}],"collection":[{"href":"https:\/\/correiodasemana.com\/site\/wp-json\/wp\/v2\/posts"}],"about":[{"href":"https:\/\/correiodasemana.com\/site\/wp-json\/wp\/v2\/types\/post"}],"author":[{"embeddable":true,"href":"https:\/\/correiodasemana.com\/site\/wp-json\/wp\/v2\/users\/1"}],"replies":[{"embeddable":true,"href":"https:\/\/correiodasemana.com\/site\/wp-json\/wp\/v2\/comments?post=11267"}],"version-history":[{"count":1,"href":"https:\/\/correiodasemana.com\/site\/wp-json\/wp\/v2\/posts\/11267\/revisions"}],"predecessor-version":[{"id":11270,"href":"https:\/\/correiodasemana.com\/site\/wp-json\/wp\/v2\/posts\/11267\/revisions\/11270"}],"wp:featuredmedia":[{"embeddable":true,"href":"https:\/\/correiodasemana.com\/site\/wp-json\/wp\/v2\/media\/11268"}],"wp:attachment":[{"href":"https:\/\/correiodasemana.com\/site\/wp-json\/wp\/v2\/media?parent=11267"}],"wp:term":[{"taxonomy":"category","embeddable":true,"href":"https:\/\/correiodasemana.com\/site\/wp-json\/wp\/v2\/categories?post=11267"},{"taxonomy":"post_tag","embeddable":true,"href":"https:\/\/correiodasemana.com\/site\/wp-json\/wp\/v2\/tags?post=11267"}],"curies":[{"name":"wp","href":"https:\/\/api.w.org\/{rel}","templated":true}]}}