{"id":11284,"date":"2020-03-24T04:40:12","date_gmt":"2020-03-24T04:40:12","guid":{"rendered":"https:\/\/correiodasemana.com\/site\/?p=11284"},"modified":"2020-03-24T04:40:12","modified_gmt":"2020-03-24T04:40:12","slug":"panorama-politico-35","status":"publish","type":"post","link":"https:\/\/correiodasemana.com\/site\/panorama-politico-35\/","title":{"rendered":"Panorama Pol\u00edtico"},"content":{"rendered":"<p><strong>Vereador Joaquim Feij\u00e3o faz aquisi\u00e7\u00e3o de academia ao ar livre<\/strong><br \/>\nPreocupado com o bem-estar da popula\u00e7\u00e3o de Sobral e distritos, o vereador Joaquim Feij\u00e3o (PDT), apresentou no Plen\u00e1rio 05 de Julho, diversos requerimentos e projetos solicitando benfeitoria para a popula\u00e7\u00e3o de Sobral e distritos. Tendo indicado saneamento b\u00e1sico na Rua Jos\u00e9 Abelardo Ferreira Gomes no Bairro Jer\u00f4nimo Medeiros Barros. Pediu a constru\u00e7\u00e3o de 70 metros de esgoto na localidade de V\u00e1rzea Redonda no distrito de Bonfim. Solicitou tamb\u00e9m a aquisi\u00e7\u00e3o de equipamentos para uma academia ao ar livre na Pra\u00e7a Viviane Aguiar Holanda na localidade de Emasa. Joaquim indica a constru\u00e7\u00e3o de uma quadra de esporte na localidade Serrote do Piaba &#8211; Setor VI distrito de Bonfim. Pede a constru\u00e7\u00e3o de uma Areninha no distrito de Caracar\u00e1. Faz tamb\u00e9m aquisi\u00e7\u00e3o de um autom\u00f3vel de apoio com a finalidade de transportar pacientes da localidade do Setor VI em Bonfim.<\/p>\n<p><strong>Vereadora Alessandra Ponte solicita a constru\u00e7\u00e3o de uma esta\u00e7\u00e3o da juventude no Parque Silvana<\/strong><br \/>\nA vereadora Alessandra Ponte apresentou no Plen\u00e1rio 05 de Julho, diversos requerimentos e indica\u00e7\u00f5es solicitando benef\u00edcios importantes para a popula\u00e7\u00e3o de Sobral e distritos. A vereadora do PDT pediu ao prefeito Ivo Gomes a constru\u00e7\u00e3o de uma esta\u00e7\u00e3o da juventude no Bairro Parque Silvana. Tendo solicitado ilumina\u00e7\u00e3o no campo de futebol Arena Coqueiros ao lado da Coqueiros FM no Bairro da Expectativa. Solicita ilumina\u00e7\u00e3o no campo de futebol Beira Rio localizada na Rua Tubiba no Bairro Sumar\u00e9. Alessandra solicitou tamb\u00e9m ilumina\u00e7\u00e3o para o campo de futebol da Portuguesa localizado na Rua Tubiba na BR 22 no Bairro Sumar\u00e9. Alessandra faz pedido ao setor competente da prefeitura para a coloca\u00e7\u00e3o de ilumina\u00e7\u00e3o no campo de futebol do Ferrovi\u00e1rio localizado na Rua Ferrovi\u00e1ria no Bairro do Sumar\u00e9.<\/p>\n<p><strong>Vereadora Fransquinha do Povo outorga titulo de cidadania sobralense<\/strong><br \/>\nA vereadora Fransquinha do Povo (MDB), apresentou no Plen\u00e1rio da C\u00e2mara Municipal diversos requerimentos, indica\u00e7\u00f5es e projetos de Decreto Legislativo concedendo t\u00edtulos de cidadania a diversas pessoas que prestaram relevantes servi\u00e7os ao munic\u00edpio de Sobral. Fransquinha do Povo outorga atrav\u00e9s de projeto Legislativo o titulo de cidadania sobralense ao Dr. Airton Rangel Filho, que \u00e9 natural de Aurora. Em outro projeto de Decreto Legislativo outorga o titulo de cidadania sobralense ao Sr. Raimundo Fontenele Gomes, natural de Fortaleza. A vereadora do MDB outorga tamb\u00e9m o titulo de cidadania sobralense a Sra. Rita de C\u00e1ssia Marques Costa<\/p>\n<p><strong>Vereador Carlos do Calisto outorga titulo de cidadania sobralense Aderl\u00e2ndio Leite Gon\u00e7alves<\/strong><br \/>\nO vereador Carlos do Calisto &#8211; presidente da C\u00e2mara Municipal de Sobral, apresentou no Plen\u00e1rio da Casa do Povo, projeto de Decreto Legislativo concedendo o titulo de cidadania sobralense ao Sr. Aderl\u00e2ndio Leite Gon\u00e7alves por seus relevantes servi\u00e7os prestados \u00e0 popula\u00e7\u00e3o sobralense. Calisto apresentou no Plen\u00e1rio 05 de Julho, indica\u00e7\u00e3o a elabora\u00e7\u00e3o de um projeto para a constru\u00e7\u00e3o de um cal\u00e7ad\u00e3o com bancos, arboriza\u00e7\u00e3o, ilumina\u00e7\u00e3o e pavimenta\u00e7\u00e3o iniciando no seguinte trecho: inicio da Rua R\u00e9gis com t\u00e9rmino em frente a CEPESCA no Bairro Barragem no distrito de Jaibaras. Pediu tamb\u00e9m ilumina\u00e7\u00e3o completa na parte interna e externas com l\u00e2mpadas de led no miniest\u00e1dio Bezerr\u00e3o no distrito de Jaibaras.<\/p>\n","protected":false},"excerpt":{"rendered":"<p>Vereador Joaquim Feij\u00e3o faz aquisi\u00e7\u00e3o de academia ao ar livre Preocupado com o bem-estar da&#8230;<\/p>\n","protected":false},"author":1,"featured_media":9285,"comment_status":"open","ping_status":"open","sticky":false,"template":"","format":"standard","meta":{"_jetpack_memberships_contains_paid_content":false,"footnotes":"","jetpack_publicize_message":"","jetpack_publicize_feature_enabled":true,"jetpack_social_post_already_shared":true,"jetpack_social_options":{"image_generator_settings":{"template":"highway","default_image_id":0,"font":"","enabled":false},"version":2}},"categories":[11,46],"tags":[],"class_list":["post-11284","post","type-post","status-publish","format-standard","has-post-thumbnail","hentry","category-artigos","category-panorama-politico"],"jetpack_publicize_connections":[],"jetpack_featured_media_url":"https:\/\/correiodasemana.com\/site\/wp-content\/uploads\/2019\/09\/camara-de-sobral.jpeg","jetpack-related-posts":[{"id":9674,"url":"https:\/\/correiodasemana.com\/site\/panorama-politico-18\/","url_meta":{"origin":11284,"position":0},"title":"Panorama Pol\u00edtico","author":"","date":"Novembro 4, 2019","format":false,"excerpt":"Reforma da Pra\u00e7a da Sa\u00fade chega aos 47% de conclus\u00e3o A Pra\u00e7a da Sa\u00fade est\u00e1 passando por reforma desde julho deste ano. Os servi\u00e7os j\u00e1 chegaram aos 47% de conclus\u00e3o e a previs\u00e3o \u00e9 que ela seja entregue a popula\u00e7\u00e3o no in\u00edcio de 2020, com uma \u00e1rea total de 956m\u00b2.\u2026","rel":"","context":"In &quot;Artigos&quot;","block_context":{"text":"Artigos","link":"https:\/\/correiodasemana.com\/site\/category\/artigos\/"},"img":{"alt_text":"","src":"https:\/\/i0.wp.com\/correiodasemana.com\/site\/wp-content\/uploads\/2019\/09\/camara-de-sobral.jpeg?resize=350%2C200&ssl=1","width":350,"height":200,"srcset":"https:\/\/i0.wp.com\/correiodasemana.com\/site\/wp-content\/uploads\/2019\/09\/camara-de-sobral.jpeg?resize=350%2C200&ssl=1 1x, https:\/\/i0.wp.com\/correiodasemana.com\/site\/wp-content\/uploads\/2019\/09\/camara-de-sobral.jpeg?resize=525%2C300&ssl=1 1.5x, https:\/\/i0.wp.com\/correiodasemana.com\/site\/wp-content\/uploads\/2019\/09\/camara-de-sobral.jpeg?resize=700%2C400&ssl=1 2x"},"classes":[]},{"id":10022,"url":"https:\/\/correiodasemana.com\/site\/panorama-politico-22\/","url_meta":{"origin":11284,"position":1},"title":"Panorama Pol\u00edtico","author":"","date":"Dezembro 2, 2019","format":false,"excerpt":"Sobral conquista 1\u00ba lugar da Educa\u00e7\u00e3o Brasileira Sobral, conquistou, pela terceira vez consecutiva, a maior nota do Brasil, no \u00edndice de Oportunidades da Educa\u00e7\u00e3o Brasileira (IOB-2019), com nota 6,6, Sobral supera as m\u00e9dias nacionais (4,7) e cearense (5,1) e apresentou um crescimento (0,5 pontos). Desde quando o indicador foi divulgado\u2026","rel":"","context":"In &quot;Artigos&quot;","block_context":{"text":"Artigos","link":"https:\/\/correiodasemana.com\/site\/category\/artigos\/"},"img":{"alt_text":"","src":"https:\/\/i0.wp.com\/correiodasemana.com\/site\/wp-content\/uploads\/2019\/09\/camara-de-sobral.jpeg?resize=350%2C200&ssl=1","width":350,"height":200,"srcset":"https:\/\/i0.wp.com\/correiodasemana.com\/site\/wp-content\/uploads\/2019\/09\/camara-de-sobral.jpeg?resize=350%2C200&ssl=1 1x, https:\/\/i0.wp.com\/correiodasemana.com\/site\/wp-content\/uploads\/2019\/09\/camara-de-sobral.jpeg?resize=525%2C300&ssl=1 1.5x, https:\/\/i0.wp.com\/correiodasemana.com\/site\/wp-content\/uploads\/2019\/09\/camara-de-sobral.jpeg?resize=700%2C400&ssl=1 2x"},"classes":[]},{"id":10875,"url":"https:\/\/correiodasemana.com\/site\/panorama-politica-2\/","url_meta":{"origin":11284,"position":2},"title":"Panorama Pol\u00edtica","author":"","date":"Fevereiro 17, 2020","format":false,"excerpt":"Prefeito Ivo Gomes apresentou novo projeto do Aeroporto de Sobral O prefeito Ivo Gomes recebeu o secret\u00e1rio da Infraestrutura do Estado, L\u00facio Gomes, para discutir sobre o novo aeroporto de Sobral. O projeto foi apresentado em uma audi\u00eancia p\u00fablica realizada pela secretaria do Detran. \u201cEnxergamos que esse empreendimento vai de\u2026","rel":"","context":"In &quot;Artigos&quot;","block_context":{"text":"Artigos","link":"https:\/\/correiodasemana.com\/site\/category\/artigos\/"},"img":{"alt_text":"","src":"https:\/\/i0.wp.com\/correiodasemana.com\/site\/wp-content\/uploads\/2019\/09\/camara-de-sobral.jpeg?resize=350%2C200&ssl=1","width":350,"height":200,"srcset":"https:\/\/i0.wp.com\/correiodasemana.com\/site\/wp-content\/uploads\/2019\/09\/camara-de-sobral.jpeg?resize=350%2C200&ssl=1 1x, https:\/\/i0.wp.com\/correiodasemana.com\/site\/wp-content\/uploads\/2019\/09\/camara-de-sobral.jpeg?resize=525%2C300&ssl=1 1.5x, https:\/\/i0.wp.com\/correiodasemana.com\/site\/wp-content\/uploads\/2019\/09\/camara-de-sobral.jpeg?resize=700%2C400&ssl=1 2x"},"classes":[]},{"id":10782,"url":"https:\/\/correiodasemana.com\/site\/panorama-politico-30\/","url_meta":{"origin":11284,"position":3},"title":"Panorama Pol\u00edtico","author":"","date":"Fevereiro 10, 2020","format":false,"excerpt":"Prefeito Ivo Gomes esteve na abertura dos trabalhos da C\u00e2mara Municipal Segunda-feira, dia 03 de fevereiro, o prefeito Ivo Gomes participou da reabertura dos trabalhos legislativos da C\u00e2mara Municipal de Sobral. Durante a sess\u00e3o, o prefeito apresentou a mensagem do executivo com o balan\u00e7o das a\u00e7\u00f5es de 2019 do governo\u2026","rel":"","context":"In &quot;Artigos&quot;","block_context":{"text":"Artigos","link":"https:\/\/correiodasemana.com\/site\/category\/artigos\/"},"img":{"alt_text":"","src":"https:\/\/i0.wp.com\/correiodasemana.com\/site\/wp-content\/uploads\/2019\/09\/camara-de-sobral.jpeg?resize=350%2C200&ssl=1","width":350,"height":200,"srcset":"https:\/\/i0.wp.com\/correiodasemana.com\/site\/wp-content\/uploads\/2019\/09\/camara-de-sobral.jpeg?resize=350%2C200&ssl=1 1x, https:\/\/i0.wp.com\/correiodasemana.com\/site\/wp-content\/uploads\/2019\/09\/camara-de-sobral.jpeg?resize=525%2C300&ssl=1 1.5x, https:\/\/i0.wp.com\/correiodasemana.com\/site\/wp-content\/uploads\/2019\/09\/camara-de-sobral.jpeg?resize=700%2C400&ssl=1 2x"},"classes":[]},{"id":10951,"url":"https:\/\/correiodasemana.com\/site\/panorama-politico-31\/","url_meta":{"origin":11284,"position":4},"title":"Panorama Pol\u00edtico","author":"","date":"Fevereiro 25, 2020","format":false,"excerpt":"Banco Mundial destaca educa\u00e7\u00e3o em Sobral como exemplo de boas pr\u00e1ticas para outros pa\u00edses Agora, internacionalmente conhecida como \u201cCase de sucesso no Brasil\u201d, a educa\u00e7\u00e3o de Sobral foi tema de reuni\u00e3o da comitiva do Banco Mundial no Centro de Conven\u00e7\u00f5es com o prefeito Ivo Gomes. O objetivo do encontro foi\u2026","rel":"","context":"In &quot;Artigos&quot;","block_context":{"text":"Artigos","link":"https:\/\/correiodasemana.com\/site\/category\/artigos\/"},"img":{"alt_text":"","src":"https:\/\/i0.wp.com\/correiodasemana.com\/site\/wp-content\/uploads\/2019\/09\/camara-de-sobral.jpeg?resize=350%2C200&ssl=1","width":350,"height":200,"srcset":"https:\/\/i0.wp.com\/correiodasemana.com\/site\/wp-content\/uploads\/2019\/09\/camara-de-sobral.jpeg?resize=350%2C200&ssl=1 1x, https:\/\/i0.wp.com\/correiodasemana.com\/site\/wp-content\/uploads\/2019\/09\/camara-de-sobral.jpeg?resize=525%2C300&ssl=1 1.5x, https:\/\/i0.wp.com\/correiodasemana.com\/site\/wp-content\/uploads\/2019\/09\/camara-de-sobral.jpeg?resize=700%2C400&ssl=1 2x"},"classes":[]},{"id":11043,"url":"https:\/\/correiodasemana.com\/site\/panorama-politico-32\/","url_meta":{"origin":11284,"position":5},"title":"Panorama Pol\u00edtico","author":"","date":"Mar\u00e7o 2, 2020","format":false,"excerpt":"Coleta seletiva ser\u00e1 implantada em todo o munic\u00edpio de Sobral em 2020 Aconteceu em Sobral, Audi\u00eancia P\u00fablica \u201cColeta Seletiva \u00e9 Legal\u201d, momento de apresenta\u00e7\u00e3o da pol\u00edtica municipal de Res\u00edduos S\u00f3lidos no Centro de Conven\u00e7\u00f5es. Quando foi discutida a futura implanta\u00e7\u00e3o da coleta seletiva no munic\u00edpio de Sobral que deve ocorrer\u2026","rel":"","context":"In &quot;Artigos&quot;","block_context":{"text":"Artigos","link":"https:\/\/correiodasemana.com\/site\/category\/artigos\/"},"img":{"alt_text":"","src":"https:\/\/i0.wp.com\/correiodasemana.com\/site\/wp-content\/uploads\/2019\/09\/camara-de-sobral.jpeg?resize=350%2C200&ssl=1","width":350,"height":200,"srcset":"https:\/\/i0.wp.com\/correiodasemana.com\/site\/wp-content\/uploads\/2019\/09\/camara-de-sobral.jpeg?resize=350%2C200&ssl=1 1x, https:\/\/i0.wp.com\/correiodasemana.com\/site\/wp-content\/uploads\/2019\/09\/camara-de-sobral.jpeg?resize=525%2C300&ssl=1 1.5x, https:\/\/i0.wp.com\/correiodasemana.com\/site\/wp-content\/uploads\/2019\/09\/camara-de-sobral.jpeg?resize=700%2C400&ssl=1 2x"},"classes":[]}],"jetpack_sharing_enabled":true,"_links":{"self":[{"href":"https:\/\/correiodasemana.com\/site\/wp-json\/wp\/v2\/posts\/11284","targetHints":{"allow":["GET"]}}],"collection":[{"href":"https:\/\/correiodasemana.com\/site\/wp-json\/wp\/v2\/posts"}],"about":[{"href":"https:\/\/correiodasemana.com\/site\/wp-json\/wp\/v2\/types\/post"}],"author":[{"embeddable":true,"href":"https:\/\/correiodasemana.com\/site\/wp-json\/wp\/v2\/users\/1"}],"replies":[{"embeddable":true,"href":"https:\/\/correiodasemana.com\/site\/wp-json\/wp\/v2\/comments?post=11284"}],"version-history":[{"count":1,"href":"https:\/\/correiodasemana.com\/site\/wp-json\/wp\/v2\/posts\/11284\/revisions"}],"predecessor-version":[{"id":11285,"href":"https:\/\/correiodasemana.com\/site\/wp-json\/wp\/v2\/posts\/11284\/revisions\/11285"}],"wp:featuredmedia":[{"embeddable":true,"href":"https:\/\/correiodasemana.com\/site\/wp-json\/wp\/v2\/media\/9285"}],"wp:attachment":[{"href":"https:\/\/correiodasemana.com\/site\/wp-json\/wp\/v2\/media?parent=11284"}],"wp:term":[{"taxonomy":"category","embeddable":true,"href":"https:\/\/correiodasemana.com\/site\/wp-json\/wp\/v2\/categories?post=11284"},{"taxonomy":"post_tag","embeddable":true,"href":"https:\/\/correiodasemana.com\/site\/wp-json\/wp\/v2\/tags?post=11284"}],"curies":[{"name":"wp","href":"https:\/\/api.w.org\/{rel}","templated":true}]}}