{"id":11286,"date":"2020-03-24T04:42:12","date_gmt":"2020-03-24T04:42:12","guid":{"rendered":"https:\/\/correiodasemana.com\/site\/?p=11286"},"modified":"2020-03-24T04:42:12","modified_gmt":"2020-03-24T04:42:12","slug":"complexo-santa-casa-de-misericordia-de-sobral-adota-medidas-para-evitar-novo-coronavirus","status":"publish","type":"post","link":"https:\/\/correiodasemana.com\/site\/complexo-santa-casa-de-misericordia-de-sobral-adota-medidas-para-evitar-novo-coronavirus\/","title":{"rendered":"Complexo Santa Casa de Miseric\u00f3rdia de Sobral adota medidas para evitar Novo Coronav\u00edrus"},"content":{"rendered":"<p><strong>Al\u00e9m das medidas necess\u00e1rias diante do cen\u00e1rio de pandemia, o Complexo SCMS tamb\u00e9m desenvolveu seu fluxo de atendimento e condu\u00e7\u00e3o caso haja casos suspeitos ou confirmados da COVID-19.<\/strong><\/p>\n<p>Assessoria de Comunica\u00e7\u00e3o do Complexo SCMS<br \/>\nSendo refer\u00eancia de sa\u00fade para Sobral e regi\u00e3o, a Santa Casa de Miseric\u00f3rdia de Sobral (SCMS), Hospital do Cora\u00e7\u00e3o, Hospital Dom Walfrido, Cl\u00ednica Dom Odelir e Abrigo Sagrado Cora\u00e7\u00e3o de Jesus \u2013 unidades do Complexo SCMS \u2013 adotaram medidas preventivas devido \u00e0 pandemia (dissemina\u00e7\u00e3o mundial) do novo Coronav\u00edrus (COVID-19). Al\u00e9m do treinamento de seus profissionais para seguir um fluxo eficaz de atendimento a poss\u00edveis casos suspeitos ou confirmados da doen\u00e7a, suspens\u00e3o de atividades com aglomera\u00e7\u00f5es foram suspensas por tempo indeterminado e, uma extensa mobiliza\u00e7\u00e3o do uso consciente de EPIs (Equipamentos de Prote\u00e7\u00e3o Individual) e higieniza\u00e7\u00e3o est\u00e1 sendo desenvolvida.<br \/>\nA dissemina\u00e7\u00e3o do v\u00edrus ao redor do mundo j\u00e1 atingiu mais de 191.127 pessoas, levando quase oito mil \u00e0 morte. No Brasil, at\u00e9 na quinta-feira (19\/03), todas as unidades da federa\u00e7\u00e3o j\u00e1 haviam notificados casos de COVID-19, totalizando mais de 11 mil casos suspeitos, 421 confirmados (sendo 24 no estado do Cear\u00e1) e quatro \u00f3bitos. Para enfrentar a propaga\u00e7\u00e3o do novo coronav\u00edrus, foram suspensas todas as reuni\u00f5es com aglomera\u00e7\u00f5es de pessoas no Complexo SCMS, assim como as atividades do Programa de Integra\u00e7\u00e3o Ensino e Servi\u00e7o (PIES) dos setores de Emerg\u00eancia, Maternidade e Organiza\u00e7\u00e3o de Procura de \u00d3rg\u00e3os e Tecidos (OPO), bem como est\u00e1gios de viv\u00eancias pr\u00e1ticas na institui\u00e7\u00e3o.<\/p>\n<p>REDU\u00c7\u00c3O DOS FLUXOS DE PESSOAS<br \/>\nPara evitar aglomera\u00e7\u00f5es, como recomenda o Minist\u00e9rio da Sa\u00fade, e tamb\u00e9m resguardar pacientes e profissionais, o Complexo SCMS adotou a redu\u00e7\u00e3o de visitantes das seguintes maneiras:<\/p>\n<p>Hospital Santa Casa<br \/>\n&#8211; Permitida entrada somente de um visitante por paciente nos diversos setores;<br \/>\n&#8211; Proibida entrada de visitantes na Maternidade. Dever\u00e1 permanecer apenas o acompanhante.<br \/>\n&#8211; Nas UTI\u2019s (Unidades de Terapia Intensiva) ser\u00e1 permitida a entrada de apenas um visitante por seis minutos.<br \/>\n&#8211; Nos servi\u00e7os de Hemodi\u00e1lise e Quimioterapia, s\u00f3 ter\u00e3o direito a acompanhamento os pacientes em tratamento com idade igual ou superior a 60 anos; pessoas com defici\u00eancia; cadeirantes e menores de idade (no caso do servi\u00e7o de Quimioterapia).<\/p>\n<p>Hospital do Cora\u00e7\u00e3o<br \/>\n&#8211; Permitida entrada somente de um visitante por paciente nas enfermarias e apartamentos;<br \/>\n&#8211; Permitido apenas um visitante nas UTI\u2019s (tendo cada visitante direito de permanecer durante seis minutos com seu paciente);<br \/>\n&#8211; Est\u00e3o suspensas as consultas e exames do Ambulat\u00f3rio. S\u00f3 funcionar\u00e1 exames de urg\u00eancia.<\/p>\n<p>Hospital Dom Walfrido<br \/>\n&#8211; Permitida entrada somente de um visitante por paciente nas enfermarias e apartamentos;<br \/>\nCl\u00ednica Dom Odelir<br \/>\n&#8211; Ter\u00e3o direito a acompanhamento somente os pacientes em tratamento com idade igual ou superior a 60 anos, pessoas com defici\u00eancia, cadeirantes e menores de idade.<br \/>\nAbrigo Sagrado Cora\u00e7\u00e3o de Jesus<br \/>\n&#8211; Proibida entrada de visitantes, por tempo indeterminado, levando em considera\u00e7\u00e3o que idosos com mais de 60 anos est\u00e3o dentro de um dos principais grupos de risco;<br \/>\n&#8211; Foram canceladas as missas di\u00e1rias que aconteciam na Capela do Abrigo com a presen\u00e7a dos idosos acolhidos.<\/p>\n<p>EQUIPAMENTOS DE PROTE\u00c7\u00c3O<br \/>\nOs profissionais do Complexo SCMS foram capacitados para uma condu\u00e7\u00e3o adequada caso cheguem pacientes com poss\u00edveis casos suspeitos ou confirmados da doen\u00e7a em qualquer uma de suas unidades de sa\u00fade. Sendo o Hospital Regional Norte (HRN) e o Hospital S\u00e3o Jos\u00e9 em Fortaleza refer\u00eancias na regi\u00e3o para poss\u00edveis casos, os profissionais da SCMS foram orientados a solicitarem transfer\u00eancia do paciente que estiver em um quadro suspeito ou confirmado, para essas institui\u00e7\u00f5es, depois de um primeiro atendimento com medidas de precau\u00e7\u00e3o adequadas.<br \/>\nEquipamentos de prote\u00e7\u00e3o dever\u00e3o ser utilizados por todos os profissionais, assim como recepcionistas e vigilantes, profissionais de sa\u00fade respons\u00e1veis pelo atendimento de pacientes com casos suspeitos ou confirmados, profissionais de apoio (manuten\u00e7\u00e3o, limpeza e nutri\u00e7\u00e3o), bem como pacientes com casos suspeitos ou confirmados e acompanhantes, sendo recomendada a utiliza\u00e7\u00e3o de m\u00e1scara cir\u00fargica, luvas, avental n\u00e3o est\u00e9ril e \u00f3culos de prote\u00e7\u00e3o para profissionais com contato direto com esses pacientes. Salientando que o uso da m\u00e1scara N95 s\u00f3 dever\u00e1 ser utilizada por profissionais com liga\u00e7\u00e3o direta a procedimentos que gerem aerossoliza\u00e7\u00e3o de secre\u00e7\u00f5es respirat\u00f3rias como intuba\u00e7\u00e3o, aspira\u00e7\u00e3o de vias a\u00e9reas ou indu\u00e7\u00e3o de escarro.<\/p>\n<p><img fetchpriority=\"high\" decoding=\"async\" class=\"aligncenter size-medium wp-image-11287\" src=\"https:\/\/correiodasemana.com\/site\/wp-content\/uploads\/2020\/03\/Foto-1-2-300x175.jpg\" alt=\"\" width=\"300\" height=\"175\" srcset=\"https:\/\/correiodasemana.com\/site\/wp-content\/uploads\/2020\/03\/Foto-1-2-300x175.jpg 300w, https:\/\/correiodasemana.com\/site\/wp-content\/uploads\/2020\/03\/Foto-1-2-1024x596.jpg 1024w, https:\/\/correiodasemana.com\/site\/wp-content\/uploads\/2020\/03\/Foto-1-2-768x447.jpg 768w, https:\/\/correiodasemana.com\/site\/wp-content\/uploads\/2020\/03\/Foto-1-2-1536x893.jpg 1536w, https:\/\/correiodasemana.com\/site\/wp-content\/uploads\/2020\/03\/Foto-1-2-2048x1191.jpg 2048w\" sizes=\"(max-width: 300px) 100vw, 300px\" \/> <img decoding=\"async\" class=\"aligncenter size-medium wp-image-11288\" src=\"https:\/\/correiodasemana.com\/site\/wp-content\/uploads\/2020\/03\/Foto-2-209x300.jpeg\" alt=\"\" width=\"209\" height=\"300\" srcset=\"https:\/\/correiodasemana.com\/site\/wp-content\/uploads\/2020\/03\/Foto-2-209x300.jpeg 209w, https:\/\/correiodasemana.com\/site\/wp-content\/uploads\/2020\/03\/Foto-2.jpeg 631w\" sizes=\"(max-width: 209px) 100vw, 209px\" \/><\/p>\n","protected":false},"excerpt":{"rendered":"<p>Al\u00e9m das medidas necess\u00e1rias diante do cen\u00e1rio de pandemia, o Complexo SCMS tamb\u00e9m desenvolveu seu&#8230;<\/p>\n","protected":false},"author":1,"featured_media":11287,"comment_status":"open","ping_status":"open","sticky":false,"template":"","format":"standard","meta":{"_jetpack_memberships_contains_paid_content":false,"footnotes":"","jetpack_publicize_message":"","jetpack_publicize_feature_enabled":true,"jetpack_social_post_already_shared":true,"jetpack_social_options":{"image_generator_settings":{"template":"highway","default_image_id":0,"font":"","enabled":false},"version":2}},"categories":[1],"tags":[],"class_list":["post-11286","post","type-post","status-publish","format-standard","has-post-thumbnail","hentry","category-atualidade"],"jetpack_publicize_connections":[],"jetpack_featured_media_url":"https:\/\/correiodasemana.com\/site\/wp-content\/uploads\/2020\/03\/Foto-1-2-scaled.jpg","jetpack-related-posts":[{"id":11218,"url":"https:\/\/correiodasemana.com\/site\/santa-casa-de-misericordia-de-sobral-treina-profissionais-para-possiveis-casos-suspeitos-ou-confirmados-do-novo-coronavirus\/","url_meta":{"origin":11286,"position":0},"title":"Santa Casa de Miseric\u00f3rdia de Sobral treina profissionais para poss\u00edveis casos suspeitos ou confirmados do Novo Coronav\u00edrus","author":"","date":"Mar\u00e7o 18, 2020","format":false,"excerpt":"Organiza\u00e7\u00e3o Mundial da Sa\u00fade (OMS) declarou Pandemia depois de mais de 118 mil casos ao redor do mundo e 4.291 mortes nas \u00faltimas semanas. Com objetivo de treinar seus profissionais para correta condu\u00e7\u00e3o da assist\u00eancia a poss\u00edveis casos suspeitos ou confirmados do Novo Coronav\u00edrus (COVID-19), a Santa Casa de Miseric\u00f3rdia\u2026","rel":"","context":"In &quot;Santa Casa&quot;","block_context":{"text":"Santa Casa","link":"https:\/\/correiodasemana.com\/site\/category\/santa-casa\/"},"img":{"alt_text":"","src":"https:\/\/i0.wp.com\/correiodasemana.com\/site\/wp-content\/uploads\/2020\/03\/1.1-Palestra--scaled-e1584507158838.jpg?resize=350%2C200&ssl=1","width":350,"height":200,"srcset":"https:\/\/i0.wp.com\/correiodasemana.com\/site\/wp-content\/uploads\/2020\/03\/1.1-Palestra--scaled-e1584507158838.jpg?resize=350%2C200&ssl=1 1x, https:\/\/i0.wp.com\/correiodasemana.com\/site\/wp-content\/uploads\/2020\/03\/1.1-Palestra--scaled-e1584507158838.jpg?resize=525%2C300&ssl=1 1.5x, https:\/\/i0.wp.com\/correiodasemana.com\/site\/wp-content\/uploads\/2020\/03\/1.1-Palestra--scaled-e1584507158838.jpg?resize=700%2C400&ssl=1 2x, https:\/\/i0.wp.com\/correiodasemana.com\/site\/wp-content\/uploads\/2020\/03\/1.1-Palestra--scaled-e1584507158838.jpg?resize=1050%2C600&ssl=1 3x"},"classes":[]},{"id":11279,"url":"https:\/\/correiodasemana.com\/site\/profissionais-da-saude-aderem-a-campanha-de-conscientizacao-para-pessoas-evitarem-sair-de-casa-sem-necessidade\/","url_meta":{"origin":11286,"position":1},"title":"Profissionais da sa\u00fade aderem \u00e0 campanha de conscientiza\u00e7\u00e3o para pessoas evitarem sair de casa sem necessidade","author":"","date":"Mar\u00e7o 24, 2020","format":false,"excerpt":"Profissionais do Complexo Santa Casa de Miseric\u00f3rdia de Sobral (SCMS) usaram redes sociais para subir a Hashtag # N\u00f3s estamos aqui por voc\u00ea. Por favor, fiquem em casa por n\u00f3s. Diante do atual cen\u00e1rio de pandemia (dissemina\u00e7\u00e3o mundial) do Novo Coronav\u00edrus (COVID-19), com milhares de infectados e mortos ao redor\u2026","rel":"","context":"In &quot;Atualidade&quot;","block_context":{"text":"Atualidade","link":"https:\/\/correiodasemana.com\/site\/category\/atualidade\/"},"img":{"alt_text":"","src":"https:\/\/i0.wp.com\/correiodasemana.com\/site\/wp-content\/uploads\/2020\/03\/campanha-2.jpeg?resize=350%2C200&ssl=1","width":350,"height":200,"srcset":"https:\/\/i0.wp.com\/correiodasemana.com\/site\/wp-content\/uploads\/2020\/03\/campanha-2.jpeg?resize=350%2C200&ssl=1 1x, https:\/\/i0.wp.com\/correiodasemana.com\/site\/wp-content\/uploads\/2020\/03\/campanha-2.jpeg?resize=525%2C300&ssl=1 1.5x, https:\/\/i0.wp.com\/correiodasemana.com\/site\/wp-content\/uploads\/2020\/03\/campanha-2.jpeg?resize=700%2C400&ssl=1 2x, https:\/\/i0.wp.com\/correiodasemana.com\/site\/wp-content\/uploads\/2020\/03\/campanha-2.jpeg?resize=1050%2C600&ssl=1 3x"},"classes":[]},{"id":13240,"url":"https:\/\/correiodasemana.com\/site\/associacao-da-santa-casa-de-misericordia-de-sobral-realiza-assembleia-geral-ordinaria\/","url_meta":{"origin":11286,"position":2},"title":"Associa\u00e7\u00e3o da Santa Casa de Miseric\u00f3rdia de Sobral realiza Assembleia Geral Ordin\u00e1ria","author":"","date":"Agosto 31, 2020","format":false,"excerpt":"\u00a0 Ascom Complexo SCMS O Bispo Diocesano e Provedor da Santa Casa de Miseric\u00f3rdia de Sobral, (SCMS) Dom Jos\u00e9 Luiz Gomes Vasconcelos, presidiu nesta ter\u00e7a-feira (25\/08) a Assembleia Geral Ordin\u00e1ria da Associa\u00e7\u00e3o Beneficente da Santa Casa de Miseric\u00f3rdia de Sobral, evento que ocorre anualmente. Este ano a reuni\u00e3o foi realizada\u2026","rel":"","context":"In &quot;Atualidade&quot;","block_context":{"text":"Atualidade","link":"https:\/\/correiodasemana.com\/site\/category\/atualidade\/"},"img":{"alt_text":"","src":"https:\/\/i0.wp.com\/correiodasemana.com\/site\/wp-content\/uploads\/2020\/08\/Assembleia-1.png?resize=350%2C200&ssl=1","width":350,"height":200,"srcset":"https:\/\/i0.wp.com\/correiodasemana.com\/site\/wp-content\/uploads\/2020\/08\/Assembleia-1.png?resize=350%2C200&ssl=1 1x, https:\/\/i0.wp.com\/correiodasemana.com\/site\/wp-content\/uploads\/2020\/08\/Assembleia-1.png?resize=525%2C300&ssl=1 1.5x, https:\/\/i0.wp.com\/correiodasemana.com\/site\/wp-content\/uploads\/2020\/08\/Assembleia-1.png?resize=700%2C400&ssl=1 2x"},"classes":[]},{"id":15213,"url":"https:\/\/correiodasemana.com\/site\/complexo-santa-casa-de-misericordia-de-sobral-emociona-pacientes-e-funcionarios-com-semana-natalina\/","url_meta":{"origin":11286,"position":3},"title":"Complexo Santa Casa de Miseric\u00f3rdia de Sobral emociona pacientes e funcion\u00e1rios com semana natalina","author":"","date":"Dezembro 27, 2020","format":false,"excerpt":"A\u00e7\u00f5es aconteceram simultaneamente em todas as unidades do Complexo SCMS. Ascom Complexo SCMS Visando levar mensagens de for\u00e7a, alegria e esperan\u00e7a \u00e0 pacientes e funcion\u00e1rios, o esp\u00edrito natalino invadiu todas as unidades do Complexo Santa Casa de Miseric\u00f3rdia de Sobral na semana de 14 a 18 de dezembro. A emo\u00e7\u00e3o\u2026","rel":"","context":"In &quot;Atualidade&quot;","block_context":{"text":"Atualidade","link":"https:\/\/correiodasemana.com\/site\/category\/atualidade\/"},"img":{"alt_text":"","src":"https:\/\/i0.wp.com\/correiodasemana.com\/site\/wp-content\/uploads\/2020\/12\/Foto-2-2.jpg?resize=350%2C200&ssl=1","width":350,"height":200,"srcset":"https:\/\/i0.wp.com\/correiodasemana.com\/site\/wp-content\/uploads\/2020\/12\/Foto-2-2.jpg?resize=350%2C200&ssl=1 1x, https:\/\/i0.wp.com\/correiodasemana.com\/site\/wp-content\/uploads\/2020\/12\/Foto-2-2.jpg?resize=525%2C300&ssl=1 1.5x, https:\/\/i0.wp.com\/correiodasemana.com\/site\/wp-content\/uploads\/2020\/12\/Foto-2-2.jpg?resize=700%2C400&ssl=1 2x"},"classes":[]},{"id":17220,"url":"https:\/\/correiodasemana.com\/site\/santa-casa-de-misericordia-de-sobral-lanca-obras-e-inaugura-novos-servicos-com-a-presenca-do-ministro-da-saude\/","url_meta":{"origin":11286,"position":4},"title":"Santa Casa de Miseric\u00f3rdia de Sobral lan\u00e7a obras e inaugura novos servi\u00e7os com a presen\u00e7a do Ministro da Sa\u00fade","author":"","date":"Agosto 15, 2021","format":false,"excerpt":"A solenidade aconteceu de forma restrita no audit\u00f3rio da institui\u00e7\u00e3o, seguindo as medidas de seguran\u00e7a no combate \u00e0 Covid-19. Ascom Complexo SCMS Dando continuidade \u00e0 sua miss\u00e3o de prestar uma assist\u00eancia de qualidade, humanizada, segura e sustent\u00e1vel \u00e0 popula\u00e7\u00e3o de Sobral e regi\u00e3o norte do estado do Cear\u00e1, a Santa\u2026","rel":"","context":"In &quot;Santa Casa&quot;","block_context":{"text":"Santa Casa","link":"https:\/\/correiodasemana.com\/site\/category\/santa-casa\/"},"img":{"alt_text":"","src":"https:\/\/i0.wp.com\/correiodasemana.com\/site\/wp-content\/uploads\/2021\/08\/ministo-da-saude-na-sta-casa-de-sobral-3.jpeg?resize=350%2C200&ssl=1","width":350,"height":200,"srcset":"https:\/\/i0.wp.com\/correiodasemana.com\/site\/wp-content\/uploads\/2021\/08\/ministo-da-saude-na-sta-casa-de-sobral-3.jpeg?resize=350%2C200&ssl=1 1x, https:\/\/i0.wp.com\/correiodasemana.com\/site\/wp-content\/uploads\/2021\/08\/ministo-da-saude-na-sta-casa-de-sobral-3.jpeg?resize=525%2C300&ssl=1 1.5x, https:\/\/i0.wp.com\/correiodasemana.com\/site\/wp-content\/uploads\/2021\/08\/ministo-da-saude-na-sta-casa-de-sobral-3.jpeg?resize=700%2C400&ssl=1 2x, https:\/\/i0.wp.com\/correiodasemana.com\/site\/wp-content\/uploads\/2021\/08\/ministo-da-saude-na-sta-casa-de-sobral-3.jpeg?resize=1050%2C600&ssl=1 3x"},"classes":[]},{"id":16589,"url":"https:\/\/correiodasemana.com\/site\/recital-de-musica-marca-aniversario-de-96-anos-da-santa-casa-de-misericordia-de-sobral\/","url_meta":{"origin":11286,"position":5},"title":"Recital de m\u00fasica marca anivers\u00e1rio de 96 anos da Santa Casa de Miseric\u00f3rdia de Sobral","author":"","date":"Maio 31, 2021","format":false,"excerpt":"Homenagem musical destacou a import\u00e2ncia da institui\u00e7\u00e3o para a sa\u00fade de Sobral e outros 54 munic\u00edpios da regi\u00e3o norte do estado do Cear\u00e1. Ascom Complexo SCMS Fundada em 24 de maio de 1925, a Santa Casa de Miseric\u00f3rdia de Sobral (SCMS) celebrou nesta segunda-feira seus 96 anos de portas abertas\u2026","rel":"","context":"In &quot;Santa Casa&quot;","block_context":{"text":"Santa Casa","link":"https:\/\/correiodasemana.com\/site\/category\/santa-casa\/"},"img":{"alt_text":"","src":"https:\/\/i0.wp.com\/correiodasemana.com\/site\/wp-content\/uploads\/2021\/05\/Foto-5.jpg?resize=350%2C200&ssl=1","width":350,"height":200,"srcset":"https:\/\/i0.wp.com\/correiodasemana.com\/site\/wp-content\/uploads\/2021\/05\/Foto-5.jpg?resize=350%2C200&ssl=1 1x, https:\/\/i0.wp.com\/correiodasemana.com\/site\/wp-content\/uploads\/2021\/05\/Foto-5.jpg?resize=525%2C300&ssl=1 1.5x, https:\/\/i0.wp.com\/correiodasemana.com\/site\/wp-content\/uploads\/2021\/05\/Foto-5.jpg?resize=700%2C400&ssl=1 2x"},"classes":[]}],"jetpack_sharing_enabled":true,"_links":{"self":[{"href":"https:\/\/correiodasemana.com\/site\/wp-json\/wp\/v2\/posts\/11286","targetHints":{"allow":["GET"]}}],"collection":[{"href":"https:\/\/correiodasemana.com\/site\/wp-json\/wp\/v2\/posts"}],"about":[{"href":"https:\/\/correiodasemana.com\/site\/wp-json\/wp\/v2\/types\/post"}],"author":[{"embeddable":true,"href":"https:\/\/correiodasemana.com\/site\/wp-json\/wp\/v2\/users\/1"}],"replies":[{"embeddable":true,"href":"https:\/\/correiodasemana.com\/site\/wp-json\/wp\/v2\/comments?post=11286"}],"version-history":[{"count":1,"href":"https:\/\/correiodasemana.com\/site\/wp-json\/wp\/v2\/posts\/11286\/revisions"}],"predecessor-version":[{"id":11289,"href":"https:\/\/correiodasemana.com\/site\/wp-json\/wp\/v2\/posts\/11286\/revisions\/11289"}],"wp:featuredmedia":[{"embeddable":true,"href":"https:\/\/correiodasemana.com\/site\/wp-json\/wp\/v2\/media\/11287"}],"wp:attachment":[{"href":"https:\/\/correiodasemana.com\/site\/wp-json\/wp\/v2\/media?parent=11286"}],"wp:term":[{"taxonomy":"category","embeddable":true,"href":"https:\/\/correiodasemana.com\/site\/wp-json\/wp\/v2\/categories?post=11286"},{"taxonomy":"post_tag","embeddable":true,"href":"https:\/\/correiodasemana.com\/site\/wp-json\/wp\/v2\/tags?post=11286"}],"curies":[{"name":"wp","href":"https:\/\/api.w.org\/{rel}","templated":true}]}}