{"id":11295,"date":"2020-03-24T04:46:17","date_gmt":"2020-03-24T04:46:17","guid":{"rendered":"https:\/\/correiodasemana.com\/site\/?p=11295"},"modified":"2020-03-24T04:46:17","modified_gmt":"2020-03-24T04:46:17","slug":"sede-do-servico-autonomo-de-agua-e-esgotosaae-no-centro-de-sobral","status":"publish","type":"post","link":"https:\/\/correiodasemana.com\/site\/sede-do-servico-autonomo-de-agua-e-esgotosaae-no-centro-de-sobral\/","title":{"rendered":"Sede do Servi\u00e7o Aut\u00f4nomo de \u00c1gua e Esgoto(SAAE), no Centro de Sobral"},"content":{"rendered":"<p>O Servi\u00e7o Aut\u00f4nomo de \u00c1gua e Esgoto de Sobral (SAAE) comunica a suspens\u00e3o do atendimento presencial ao p\u00fablico, no per\u00edodo de 17 a 31 de mar\u00e7o, seguindo o que determina o decreto que disp\u00f5e sobre o funcionamento dos \u00f3rg\u00e3os da administra\u00e7\u00e3o municipal, diante da situa\u00e7\u00e3o de pandemia do Coronav\u00edrus (COVID-19), com o registro dos primeiros casos no Cear\u00e1, confirmados pela Secretaria de Sa\u00fade do Estado.<br \/>\nN\u00e3o haver\u00e1 atendimento presencial aos usu\u00e1rios do SAAE. O atendimento ser\u00e1 feito de forma virtual no site www.saaesobral.com.br e atrav\u00e9s do telefone 0800.283.0195.\u00a0 Tamb\u00e9m est\u00e3o sendo disponibilizados mais dois telefones com o sistema de WhatsApp: (88) 98129-1704 e 99247-3431.<br \/>\nO SAAE esclarece que esta decis\u00e3o, como medida preventiva, tem o objetivo de contribuir, principalmente, para a redu\u00e7\u00e3o de aglomera\u00e7\u00f5es, a exemplo do que j\u00e1 vem ocorrendo no Brasil e em outros pa\u00edses pelo mundo. Ao mesmo tempo, o SAAE refor\u00e7a a import\u00e2ncia de a popula\u00e7\u00e3o continuar adotando as medidas para conter a prolifera\u00e7\u00e3o do Coronav\u00edrus.<br \/>\nSobral (CE), 16 de Mar\u00e7o de 2020 &#8211; Assessoria de Comunica\u00e7\u00e3o do SAAE Sobral<\/p>\n<p>&nbsp;<\/p>\n","protected":false},"excerpt":{"rendered":"<p>O Servi\u00e7o Aut\u00f4nomo de \u00c1gua e Esgoto de Sobral (SAAE) comunica a suspens\u00e3o do atendimento&#8230;<\/p>\n","protected":false},"author":1,"featured_media":11296,"comment_status":"open","ping_status":"open","sticky":false,"template":"","format":"standard","meta":{"_jetpack_memberships_contains_paid_content":false,"footnotes":"","jetpack_publicize_message":"","jetpack_publicize_feature_enabled":true,"jetpack_social_post_already_shared":true,"jetpack_social_options":{"image_generator_settings":{"template":"highway","default_image_id":0,"font":"","enabled":false},"version":2}},"categories":[1],"tags":[],"class_list":["post-11295","post","type-post","status-publish","format-standard","has-post-thumbnail","hentry","category-atualidade"],"jetpack_publicize_connections":[],"jetpack_featured_media_url":"https:\/\/correiodasemana.com\/site\/wp-content\/uploads\/2020\/03\/okSAAE-fachada_n.jpg","jetpack-related-posts":[{"id":12625,"url":"https:\/\/correiodasemana.com\/site\/saae-inicia-retomada-de-atendimento-presencial-no-dia-10-de-agosto\/","url_meta":{"origin":11295,"position":0},"title":"SAAE inicia retomada de atendimento presencial no dia 10 de agosto","author":"","date":"Agosto 10, 2020","format":false,"excerpt":"Para evitar aglomera\u00e7\u00f5es e conter a prolifera\u00e7\u00e3o do coronav\u00edrus, os atendimentos acontecer\u00e3o com o agendamento pr\u00e9vio O Servi\u00e7o Aut\u00f4nomo de \u00c1gua e Esgoto de Sobral (SAAE) retoma, a partir de segunda-feira (10\/08), o atendimento presencial aos usu\u00e1rios, no hor\u00e1rio de 8h \u00e0s 12h e de 14h \u00e0s 18h, com o\u2026","rel":"","context":"In &quot;Atualidade&quot;","block_context":{"text":"Atualidade","link":"https:\/\/correiodasemana.com\/site\/category\/atualidade\/"},"img":{"alt_text":"","src":"https:\/\/i0.wp.com\/correiodasemana.com\/site\/wp-content\/uploads\/2020\/03\/okSAAE-fachada_n.jpg?resize=350%2C200&ssl=1","width":350,"height":200,"srcset":"https:\/\/i0.wp.com\/correiodasemana.com\/site\/wp-content\/uploads\/2020\/03\/okSAAE-fachada_n.jpg?resize=350%2C200&ssl=1 1x, https:\/\/i0.wp.com\/correiodasemana.com\/site\/wp-content\/uploads\/2020\/03\/okSAAE-fachada_n.jpg?resize=525%2C300&ssl=1 1.5x, https:\/\/i0.wp.com\/correiodasemana.com\/site\/wp-content\/uploads\/2020\/03\/okSAAE-fachada_n.jpg?resize=700%2C400&ssl=1 2x"},"classes":[]},{"id":8678,"url":"https:\/\/correiodasemana.com\/site\/servico-autonomo-de-agua-e-esgoto-de-sobral-completa-58-anos\/","url_meta":{"origin":11295,"position":1},"title":"Servi\u00e7o Aut\u00f4nomo de \u00c1gua e Esgoto de Sobral completa 58 anos","author":"","date":"Agosto 17, 2019","format":false,"excerpt":"O Servi\u00e7o Aut\u00f4nomo de \u00c1gua e Esgoto (SAAE) completa, nesta quinta-feira (08\/08), 58 anos de contribui\u00e7\u00e3o ao desenvolvimento de Sobral. Foi criado em 8 de agosto de 1961, atrav\u00e9s da lei n\u00b0 88, sancionada pelo prefeito padre Jos\u00e9 Palhano de Sab\u00f3ia. O primeiro presidente foi o engenheiro Carlos Ernesto Sab\u00f3ia\u2026","rel":"","context":"In &quot;Atualidade&quot;","block_context":{"text":"Atualidade","link":"https:\/\/correiodasemana.com\/site\/category\/atualidade\/"},"img":{"alt_text":"","src":"https:\/\/i0.wp.com\/correiodasemana.com\/site\/wp-content\/uploads\/2019\/08\/sl-3_960_400.jpg?resize=350%2C200&ssl=1","width":350,"height":200,"srcset":"https:\/\/i0.wp.com\/correiodasemana.com\/site\/wp-content\/uploads\/2019\/08\/sl-3_960_400.jpg?resize=350%2C200&ssl=1 1x, https:\/\/i0.wp.com\/correiodasemana.com\/site\/wp-content\/uploads\/2019\/08\/sl-3_960_400.jpg?resize=525%2C300&ssl=1 1.5x, https:\/\/i0.wp.com\/correiodasemana.com\/site\/wp-content\/uploads\/2019\/08\/sl-3_960_400.jpg?resize=700%2C400&ssl=1 2x"},"classes":[]},{"id":16100,"url":"https:\/\/correiodasemana.com\/site\/saae-de-sobral-garante-zerar-tarifas-de-agua-e-esgoto-durante-os-meses-de-marco-e-abril\/","url_meta":{"origin":11295,"position":2},"title":"SAAE de Sobral garante zerar tarifas de \u00e1gua e esgoto durante os meses de mar\u00e7o e abril","author":"","date":"Abril 5, 2021","format":false,"excerpt":"Fonte: Setor de comunica\u00e7\u00e3o do SAAE O Servi\u00e7o Aut\u00f4nomo de \u00c1gua e Esgoto (SAAE) de Sobral informa que estabelecimentos do setor de alimenta\u00e7\u00e3o fora do lar (bares e restaurantes) e prestadores dos servi\u00e7os de atividade f\u00edsica podem ter isen\u00e7\u00e3o nas faturas de \u00e1gua e esgoto referentes aos consumos durante os\u2026","rel":"","context":"In &quot;Atualidade&quot;","block_context":{"text":"Atualidade","link":"https:\/\/correiodasemana.com\/site\/category\/atualidade\/"},"img":{"alt_text":"","src":"","width":0,"height":0},"classes":[]},{"id":12839,"url":"https:\/\/correiodasemana.com\/site\/saae-de-sobral-completa-59-anos-de-fundacao\/","url_meta":{"origin":11295,"position":3},"title":"SAAE de Sobral completa 59 anos de funda\u00e7\u00e3o","author":"","date":"Agosto 17, 2020","format":false,"excerpt":"O Servi\u00e7o Aut\u00f4nomo de \u00c1gua e Esgoto (SAAE) completou, no dia 08 de agosto, 59 anos de contribui\u00e7\u00e3o ao desenvolvimento de Sobral. Foi criado em 8 de agosto de 1961, atrav\u00e9s da lei n\u00b0 88, sancionada pelo prefeito padre Jos\u00e9 Palhano de Sab\u00f3ia. O primeiro presidente foi o engenheiro Carlos\u2026","rel":"","context":"In &quot;Atualidade&quot;","block_context":{"text":"Atualidade","link":"https:\/\/correiodasemana.com\/site\/category\/atualidade\/"},"img":{"alt_text":"","src":"https:\/\/i0.wp.com\/correiodasemana.com\/site\/wp-content\/uploads\/2020\/08\/ok-SAAE-Sede-administrativa.jpg?resize=350%2C200&ssl=1","width":350,"height":200,"srcset":"https:\/\/i0.wp.com\/correiodasemana.com\/site\/wp-content\/uploads\/2020\/08\/ok-SAAE-Sede-administrativa.jpg?resize=350%2C200&ssl=1 1x, https:\/\/i0.wp.com\/correiodasemana.com\/site\/wp-content\/uploads\/2020\/08\/ok-SAAE-Sede-administrativa.jpg?resize=525%2C300&ssl=1 1.5x, https:\/\/i0.wp.com\/correiodasemana.com\/site\/wp-content\/uploads\/2020\/08\/ok-SAAE-Sede-administrativa.jpg?resize=700%2C400&ssl=1 2x, https:\/\/i0.wp.com\/correiodasemana.com\/site\/wp-content\/uploads\/2020\/08\/ok-SAAE-Sede-administrativa.jpg?resize=1050%2C600&ssl=1 3x, https:\/\/i0.wp.com\/correiodasemana.com\/site\/wp-content\/uploads\/2020\/08\/ok-SAAE-Sede-administrativa.jpg?resize=1400%2C800&ssl=1 4x"},"classes":[]},{"id":8868,"url":"https:\/\/correiodasemana.com\/site\/saae-adquire-novos-equipamentos-para-laboratorios-de-analises-fisico-quimicas-de-agua-e-esgoto\/","url_meta":{"origin":11295,"position":4},"title":"SAAE adquire novos equipamentos para laborat\u00f3rios de an\u00e1lises f\u00edsico-qu\u00edmicas de \u00e1gua e esgoto","author":"","date":"Agosto 27, 2019","format":false,"excerpt":"Em Sobral, a \u00e1gua \u00e9 submetida a um rigoroso tratamento, segundo as normas de controle e vigil\u00e2ncia da qualidade O Servi\u00e7o Aut\u00f4nomo de \u00c1gua e Esgoto de Sobral (SAAE), autarquia municipal vinculada \u00e0 Secretaria da Infraestrutura (Seinf), realizou o investimento de R$ 43.357,66 na aquisi\u00e7\u00e3o de aparelhamento e moderniza\u00e7\u00e3o dos\u2026","rel":"","context":"In &quot;Atualidade&quot;","block_context":{"text":"Atualidade","link":"https:\/\/correiodasemana.com\/site\/category\/atualidade\/"},"img":{"alt_text":"","src":"https:\/\/i0.wp.com\/correiodasemana.com\/site\/wp-content\/uploads\/2019\/08\/Vidrarias.jpeg?resize=350%2C200&ssl=1","width":350,"height":200,"srcset":"https:\/\/i0.wp.com\/correiodasemana.com\/site\/wp-content\/uploads\/2019\/08\/Vidrarias.jpeg?resize=350%2C200&ssl=1 1x, https:\/\/i0.wp.com\/correiodasemana.com\/site\/wp-content\/uploads\/2019\/08\/Vidrarias.jpeg?resize=525%2C300&ssl=1 1.5x, https:\/\/i0.wp.com\/correiodasemana.com\/site\/wp-content\/uploads\/2019\/08\/Vidrarias.jpeg?resize=700%2C400&ssl=1 2x"},"classes":[]},{"id":8982,"url":"https:\/\/correiodasemana.com\/site\/saae-alerta-inadimplentes-para-corte-do-abastecimento-de-agua-em-sobral\/","url_meta":{"origin":11295,"position":5},"title":"SAAE alerta inadimplentes para corte do abastecimento de \u00e1gua em Sobral","author":"","date":"Setembro 8, 2019","format":false,"excerpt":"Francisco Edilson da Silva Assessor de Comunica\u00e7\u00e3o do SAAE de Sobral O Servi\u00e7o Aut\u00f4nomo de \u00c1gua e Esgoto de Sobral (SAAE) alerta os consumidores para que as contas de \u00e1gua que estejam vencidas sejam quitadas. A partir do dia 2 de setembro, a autarquia municipal realizar\u00e1 uma grande opera\u00e7\u00e3o de\u2026","rel":"","context":"In &quot;Atualidade&quot;","block_context":{"text":"Atualidade","link":"https:\/\/correiodasemana.com\/site\/category\/atualidade\/"},"img":{"alt_text":"","src":"https:\/\/i0.wp.com\/correiodasemana.com\/site\/wp-content\/uploads\/2019\/09\/SAAE-fachada.jpg?resize=350%2C200&ssl=1","width":350,"height":200,"srcset":"https:\/\/i0.wp.com\/correiodasemana.com\/site\/wp-content\/uploads\/2019\/09\/SAAE-fachada.jpg?resize=350%2C200&ssl=1 1x, https:\/\/i0.wp.com\/correiodasemana.com\/site\/wp-content\/uploads\/2019\/09\/SAAE-fachada.jpg?resize=525%2C300&ssl=1 1.5x, https:\/\/i0.wp.com\/correiodasemana.com\/site\/wp-content\/uploads\/2019\/09\/SAAE-fachada.jpg?resize=700%2C400&ssl=1 2x"},"classes":[]}],"jetpack_sharing_enabled":true,"_links":{"self":[{"href":"https:\/\/correiodasemana.com\/site\/wp-json\/wp\/v2\/posts\/11295","targetHints":{"allow":["GET"]}}],"collection":[{"href":"https:\/\/correiodasemana.com\/site\/wp-json\/wp\/v2\/posts"}],"about":[{"href":"https:\/\/correiodasemana.com\/site\/wp-json\/wp\/v2\/types\/post"}],"author":[{"embeddable":true,"href":"https:\/\/correiodasemana.com\/site\/wp-json\/wp\/v2\/users\/1"}],"replies":[{"embeddable":true,"href":"https:\/\/correiodasemana.com\/site\/wp-json\/wp\/v2\/comments?post=11295"}],"version-history":[{"count":1,"href":"https:\/\/correiodasemana.com\/site\/wp-json\/wp\/v2\/posts\/11295\/revisions"}],"predecessor-version":[{"id":11297,"href":"https:\/\/correiodasemana.com\/site\/wp-json\/wp\/v2\/posts\/11295\/revisions\/11297"}],"wp:featuredmedia":[{"embeddable":true,"href":"https:\/\/correiodasemana.com\/site\/wp-json\/wp\/v2\/media\/11296"}],"wp:attachment":[{"href":"https:\/\/correiodasemana.com\/site\/wp-json\/wp\/v2\/media?parent=11295"}],"wp:term":[{"taxonomy":"category","embeddable":true,"href":"https:\/\/correiodasemana.com\/site\/wp-json\/wp\/v2\/categories?post=11295"},{"taxonomy":"post_tag","embeddable":true,"href":"https:\/\/correiodasemana.com\/site\/wp-json\/wp\/v2\/tags?post=11295"}],"curies":[{"name":"wp","href":"https:\/\/api.w.org\/{rel}","templated":true}]}}