{"id":11308,"date":"2020-03-24T04:53:16","date_gmt":"2020-03-24T04:53:16","guid":{"rendered":"https:\/\/correiodasemana.com\/site\/?p=11308"},"modified":"2020-03-24T04:53:16","modified_gmt":"2020-03-24T04:53:16","slug":"a-igreja-em-defesa-da-vida","status":"publish","type":"post","link":"https:\/\/correiodasemana.com\/site\/a-igreja-em-defesa-da-vida\/","title":{"rendered":"A Igreja em defesa da vida"},"content":{"rendered":"<p>A Igreja, mais uma vez, reafirma a sua causa em defesa da vida, da sa\u00fade p\u00fablica e do bem-estar de todos. A partir da pandemia provocada pelo coronav\u00edrus, os bispos cat\u00f3licos tem incentivado as pessoas a exercerem a f\u00e9 em fam\u00edlia. Tal medida \u00e9 de suma import\u00e2ncia para toda a sociedade j\u00e1 que, principalmente, nas cidades de nossa diocese, as igrejas s\u00e3o o principal ponto de movimento e aglomera\u00e7\u00e3o de pessoas.<br \/>\nDesse modo, todos devemos estar cientes de que o \u00fanico posto de combate poss\u00edvel ao novo coronav\u00edrus \u00e9 a nossa pr\u00f3pria casa. A diocese de Porto, em Portugal, j\u00e1 lan\u00e7ou at\u00e9 uma campanha: #eurezoemcasa, que motiva o compartilhamento de fotos e v\u00eddeos que apresentam a f\u00e9 em Jesus Cristo vivida em casa. Essa \u00e9 a miss\u00e3o que nos foi lan\u00e7ada e que devemos cumprir.<br \/>\nA pr\u00f3pria Campanha da Fraternidade que estamos vivenciando nesse per\u00edodo quaresmal nos relembra que somos chamados a tomar responsabilidade em cuidar e respeitar a vida. E em 2012, na CF, a Igreja voltou-se para a responsabilidade comum dos fi\u00e9is em torno da sa\u00fade p\u00fablica. Tudo isso comunga com as medidas preventivas que foram tomadas pelos bispos.<br \/>\n\u201cQue a sa\u00fade se difunda sobre a terra\u201d (Eclo 38, 8). Essa \u00e9 a vontade de Deus e \u00e9 tamb\u00e9m a miss\u00e3o da Igreja. Por isso, nessa quaresma especial temos uma grande oportunidade de transformar a nossa casa em verdadeiras igrejas dom\u00e9sticas. Cristo vive em n\u00f3s e em nossas casas.<br \/>\nComo aponta ainda uma nota publicada pela Confer\u00eancia Episcopal Portuguesa: \u201cpermane\u00e7amos em ora\u00e7\u00e3o pessoal e familiar, biblicamente alimentada, confiados na gra\u00e7a divina e na boa vontade de todos\u201d. Ainda \u00e9 cedo para qualquer posicionamento a respeito da Semana Santa, mas muitos bispos j\u00e1 sensibilizam os fi\u00e9is a viverem esta P\u00e1scoa em fam\u00edlia.<br \/>\nPortanto, a Igreja n\u00e3o quer desestimular a f\u00e9, muito menos a nossa confian\u00e7a em Deus. As prova\u00e7\u00f5es de Deus s\u00e3o sempre um contexto em que Ele nos convida \u00e0 convers\u00e3o do cora\u00e7\u00e3o e a um retorno \u00e0 casa, no sentido da bela par\u00e1bola do Pai Misericordioso. Por isso, nos pr\u00f3ximos dias, rezaremos em casa, em nome da sa\u00fade p\u00fablica, da vida e da caridade evang\u00e9lica.<\/p>\n","protected":false},"excerpt":{"rendered":"<p>A Igreja, mais uma vez, reafirma a sua causa em defesa da vida, da sa\u00fade&#8230;<\/p>\n","protected":false},"author":1,"featured_media":7865,"comment_status":"open","ping_status":"open","sticky":false,"template":"","format":"standard","meta":{"_jetpack_memberships_contains_paid_content":false,"footnotes":"","jetpack_publicize_message":"","jetpack_publicize_feature_enabled":true,"jetpack_social_post_already_shared":true,"jetpack_social_options":{"image_generator_settings":{"template":"highway","default_image_id":0,"font":"","enabled":false},"version":2}},"categories":[11,20],"tags":[],"class_list":["post-11308","post","type-post","status-publish","format-standard","has-post-thumbnail","hentry","category-artigos","category-editorial"],"jetpack_publicize_connections":[],"jetpack_featured_media_url":"https:\/\/correiodasemana.com\/site\/wp-content\/uploads\/2018\/02\/editorial-cs.jpg","jetpack-related-posts":[{"id":10751,"url":"https:\/\/correiodasemana.com\/site\/diocese-de-sobral-capacita-multiplicadores-da-campanha-da-fraternidade-2020\/","url_meta":{"origin":11308,"position":0},"title":"Diocese de Sobral capacita multiplicadores da Campanha da Fraternidade 2020","author":"","date":"Fevereiro 10, 2020","format":false,"excerpt":"Aconteceu no s\u00e1bado (1) no audit\u00f3rio Dom Walfrido, na Diocese de Sobral a capacita\u00e7\u00e3o para os agentes multiplicadores da Campanha da Fraternidade 2020, que este ano retratou sobre Fraternidade e Vida: Dom e compromisso, com o lema: Viu, sentiu compaix\u00e3o e cuidou dele. O momento inicial foi de inscri\u00e7\u00e3o e\u2026","rel":"","context":"In &quot;Diocese&quot;","block_context":{"text":"Diocese","link":"https:\/\/correiodasemana.com\/site\/category\/diocese\/"},"img":{"alt_text":"","src":"https:\/\/i0.wp.com\/correiodasemana.com\/site\/wp-content\/uploads\/2020\/02\/DSC_0434.jpg?resize=350%2C200&ssl=1","width":350,"height":200,"srcset":"https:\/\/i0.wp.com\/correiodasemana.com\/site\/wp-content\/uploads\/2020\/02\/DSC_0434.jpg?resize=350%2C200&ssl=1 1x, https:\/\/i0.wp.com\/correiodasemana.com\/site\/wp-content\/uploads\/2020\/02\/DSC_0434.jpg?resize=525%2C300&ssl=1 1.5x, https:\/\/i0.wp.com\/correiodasemana.com\/site\/wp-content\/uploads\/2020\/02\/DSC_0434.jpg?resize=700%2C400&ssl=1 2x, https:\/\/i0.wp.com\/correiodasemana.com\/site\/wp-content\/uploads\/2020\/02\/DSC_0434.jpg?resize=1050%2C600&ssl=1 3x, https:\/\/i0.wp.com\/correiodasemana.com\/site\/wp-content\/uploads\/2020\/02\/DSC_0434.jpg?resize=1400%2C800&ssl=1 4x"},"classes":[]},{"id":9908,"url":"https:\/\/correiodasemana.com\/site\/cnbb-apresenta-tema-da-campanha-da-fraternidade-2020\/","url_meta":{"origin":11308,"position":1},"title":"CNBB apresenta tema da Campanha da Fraternidade 2020","author":"","date":"Novembro 18, 2019","format":false,"excerpt":"A Confer\u00eancia Nacional dos Bispos do Brasil apresenta para os crist\u00e3os por ocasi\u00e3o da quaresma a Campanha da Fraternidade. No pr\u00f3ximo ano teremos como TEMA: \u201cFraternidade e Vida: Dom e Compromisso\u201d, e o Lema \u00e9 \u201cViu, sentiu compaix\u00e3o e cuidou dele\u201d (Lc 10, 33-34), extra\u00eddo da Par\u00e1bola do Bom Samaritano.\u2026","rel":"","context":"In &quot;Atualidade&quot;","block_context":{"text":"Atualidade","link":"https:\/\/correiodasemana.com\/site\/category\/atualidade\/"},"img":{"alt_text":"","src":"https:\/\/i0.wp.com\/correiodasemana.com\/site\/wp-content\/uploads\/2019\/11\/PHOTO-2019-11-10-10-57-28.jpg?resize=350%2C200&ssl=1","width":350,"height":200,"srcset":"https:\/\/i0.wp.com\/correiodasemana.com\/site\/wp-content\/uploads\/2019\/11\/PHOTO-2019-11-10-10-57-28.jpg?resize=350%2C200&ssl=1 1x, https:\/\/i0.wp.com\/correiodasemana.com\/site\/wp-content\/uploads\/2019\/11\/PHOTO-2019-11-10-10-57-28.jpg?resize=525%2C300&ssl=1 1.5x, https:\/\/i0.wp.com\/correiodasemana.com\/site\/wp-content\/uploads\/2019\/11\/PHOTO-2019-11-10-10-57-28.jpg?resize=700%2C400&ssl=1 2x"},"classes":[]},{"id":29168,"url":"https:\/\/correiodasemana.com\/site\/pjmp-realiza-assembleia-diocesana-em-jaibaras\/","url_meta":{"origin":11308,"position":2},"title":"PJMP realiza Assembleia Diocesana em Jaibaras","author":"adminredacao","date":"Maio 6, 2024","format":false,"excerpt":"A Pastoral da Juventude do Meio Popular realizou nos dias 26 e 27 de abril a Assembleia Diocesana na Comunidade P\u00e9 de Serra do Cedro na Par\u00f3quia de Santa Teresinha do Menino Jesus em Jaibaras. No encontro foi abordado o tema \u201cSer PJMP \u00e9 conviver na fraternidade e amizade social\u201d,\u2026","rel":"","context":"In &quot;Atualidade&quot;","block_context":{"text":"Atualidade","link":"https:\/\/correiodasemana.com\/site\/category\/atualidade\/"},"img":{"alt_text":"","src":"https:\/\/i0.wp.com\/correiodasemana.com\/site\/wp-content\/uploads\/2024\/05\/PJMP-2.jpeg?resize=350%2C200&ssl=1","width":350,"height":200,"srcset":"https:\/\/i0.wp.com\/correiodasemana.com\/site\/wp-content\/uploads\/2024\/05\/PJMP-2.jpeg?resize=350%2C200&ssl=1 1x, https:\/\/i0.wp.com\/correiodasemana.com\/site\/wp-content\/uploads\/2024\/05\/PJMP-2.jpeg?resize=525%2C300&ssl=1 1.5x, https:\/\/i0.wp.com\/correiodasemana.com\/site\/wp-content\/uploads\/2024\/05\/PJMP-2.jpeg?resize=700%2C400&ssl=1 2x, https:\/\/i0.wp.com\/correiodasemana.com\/site\/wp-content\/uploads\/2024\/05\/PJMP-2.jpeg?resize=1050%2C600&ssl=1 3x, https:\/\/i0.wp.com\/correiodasemana.com\/site\/wp-content\/uploads\/2024\/05\/PJMP-2.jpeg?resize=1400%2C800&ssl=1 4x"},"classes":[]},{"id":14490,"url":"https:\/\/correiodasemana.com\/site\/dom-vasconcelos-bispo-da-diocese-de-sobral-lanca-carta-pastoral\/","url_meta":{"origin":11308,"position":3},"title":"Dom Vasconcelos, Bispo da Diocese de Sobral, lan\u00e7a Carta Pastoral","author":"","date":"Novembro 12, 2020","format":false,"excerpt":"Por Joc\u00e9lio Tavares. Sua Excel\u00eancia Reverend\u00edssima, Dom Jos\u00e9 Luiz Gomes de Vasconcelos, Bispo da Diocese de Sobral, lan\u00e7ou, na \u00faltima segunda-feira (02\/11), sua I Carta Pastoral. O material, destinado aos presb\u00edteros, di\u00e1conos, pessoas consagradas e a todos os fieis leigos da Diocese, foi feita em ocasi\u00e3o ao Dia dos Finados\u2026","rel":"","context":"In &quot;Artigos&quot;","block_context":{"text":"Artigos","link":"https:\/\/correiodasemana.com\/site\/category\/artigos\/"},"img":{"alt_text":"","src":"https:\/\/i0.wp.com\/correiodasemana.com\/site\/wp-content\/uploads\/2019\/07\/Dom-Vasconcelos-posses.jpg?resize=350%2C200&ssl=1","width":350,"height":200,"srcset":"https:\/\/i0.wp.com\/correiodasemana.com\/site\/wp-content\/uploads\/2019\/07\/Dom-Vasconcelos-posses.jpg?resize=350%2C200&ssl=1 1x, https:\/\/i0.wp.com\/correiodasemana.com\/site\/wp-content\/uploads\/2019\/07\/Dom-Vasconcelos-posses.jpg?resize=525%2C300&ssl=1 1.5x, https:\/\/i0.wp.com\/correiodasemana.com\/site\/wp-content\/uploads\/2019\/07\/Dom-Vasconcelos-posses.jpg?resize=700%2C400&ssl=1 2x"},"classes":[]},{"id":9070,"url":"https:\/\/correiodasemana.com\/site\/patria-e-ecologia\/","url_meta":{"origin":11308,"position":4},"title":"P\u00e1tria e ecologia","author":"","date":"Setembro 8, 2019","format":false,"excerpt":"A p\u00e1tria \u00e9 raz\u00e3o de amor e de respeito, \u00e9 a terra natal com suas tradi\u00e7\u00f5es, culturas, hist\u00f3rias e sua l\u00edngua. Espa\u00e7o e heran\u00e7a cultural, miss\u00e3o a cumprir. A p\u00e1tria \u00e9 um projeto sempre em constru\u00e7\u00e3o que ultrapassa qualquer sentido de posse partid\u00e1ria e deve estar livre dos estreitamentos impostos\u2026","rel":"","context":"In &quot;A voz do Pastor&quot;","block_context":{"text":"A voz do Pastor","link":"https:\/\/correiodasemana.com\/site\/category\/a-voz-do-pastor\/"},"img":{"alt_text":"","src":"https:\/\/i0.wp.com\/correiodasemana.com\/site\/wp-content\/uploads\/2019\/07\/Dom-Vasconcelos-Em-entrevista-concedida-%C3%A0-Pascom-Diocesana-Foto-Jo%C3%A3o-Pauloo.jpg?resize=350%2C200&ssl=1","width":350,"height":200,"srcset":"https:\/\/i0.wp.com\/correiodasemana.com\/site\/wp-content\/uploads\/2019\/07\/Dom-Vasconcelos-Em-entrevista-concedida-%C3%A0-Pascom-Diocesana-Foto-Jo%C3%A3o-Pauloo.jpg?resize=350%2C200&ssl=1 1x, https:\/\/i0.wp.com\/correiodasemana.com\/site\/wp-content\/uploads\/2019\/07\/Dom-Vasconcelos-Em-entrevista-concedida-%C3%A0-Pascom-Diocesana-Foto-Jo%C3%A3o-Pauloo.jpg?resize=525%2C300&ssl=1 1.5x, https:\/\/i0.wp.com\/correiodasemana.com\/site\/wp-content\/uploads\/2019\/07\/Dom-Vasconcelos-Em-entrevista-concedida-%C3%A0-Pascom-Diocesana-Foto-Jo%C3%A3o-Pauloo.jpg?resize=700%2C400&ssl=1 2x, https:\/\/i0.wp.com\/correiodasemana.com\/site\/wp-content\/uploads\/2019\/07\/Dom-Vasconcelos-Em-entrevista-concedida-%C3%A0-Pascom-Diocesana-Foto-Jo%C3%A3o-Pauloo.jpg?resize=1050%2C600&ssl=1 3x, https:\/\/i0.wp.com\/correiodasemana.com\/site\/wp-content\/uploads\/2019\/07\/Dom-Vasconcelos-Em-entrevista-concedida-%C3%A0-Pascom-Diocesana-Foto-Jo%C3%A3o-Pauloo.jpg?resize=1400%2C800&ssl=1 4x"},"classes":[]},{"id":37597,"url":"https:\/\/correiodasemana.com\/site\/coletiva-de-imprensa-fortalece-divulgacao-da-campanha-da-fraternidade-2026\/","url_meta":{"origin":11308,"position":5},"title":"Coletiva de Imprensa fortalece divulga\u00e7\u00e3o da Campanha da Fraternidade 2026","author":"adminredacao","date":"Mar\u00e7o 3, 2026","format":false,"excerpt":"Na manh\u00e3 desta segunda-feira (23\/02), foi realizada, no Audit\u00f3rio Dom Walfrido, na C\u00faria Diocesana, a Coletiva de Imprensa sobre a Campanha da Fraternidade 2026. O encontro reuniu cl\u00e9rigos, jornalistas, radialistas, representantes de portais de not\u00edcias e agentes da Pastoral da Comunica\u00e7\u00e3o (PASCOM). Neste ano, a Igreja no Brasil prop\u00f5e o\u2026","rel":"","context":"In &quot;Atualidade&quot;","block_context":{"text":"Atualidade","link":"https:\/\/correiodasemana.com\/site\/category\/atualidade\/"},"img":{"alt_text":"","src":"https:\/\/i0.wp.com\/correiodasemana.com\/site\/wp-content\/uploads\/2026\/03\/coletiva-de-imprensa-da-CF-2026-2.jpeg?resize=350%2C200&ssl=1","width":350,"height":200,"srcset":"https:\/\/i0.wp.com\/correiodasemana.com\/site\/wp-content\/uploads\/2026\/03\/coletiva-de-imprensa-da-CF-2026-2.jpeg?resize=350%2C200&ssl=1 1x, https:\/\/i0.wp.com\/correiodasemana.com\/site\/wp-content\/uploads\/2026\/03\/coletiva-de-imprensa-da-CF-2026-2.jpeg?resize=525%2C300&ssl=1 1.5x, https:\/\/i0.wp.com\/correiodasemana.com\/site\/wp-content\/uploads\/2026\/03\/coletiva-de-imprensa-da-CF-2026-2.jpeg?resize=700%2C400&ssl=1 2x, https:\/\/i0.wp.com\/correiodasemana.com\/site\/wp-content\/uploads\/2026\/03\/coletiva-de-imprensa-da-CF-2026-2.jpeg?resize=1050%2C600&ssl=1 3x"},"classes":[]}],"jetpack_sharing_enabled":true,"_links":{"self":[{"href":"https:\/\/correiodasemana.com\/site\/wp-json\/wp\/v2\/posts\/11308","targetHints":{"allow":["GET"]}}],"collection":[{"href":"https:\/\/correiodasemana.com\/site\/wp-json\/wp\/v2\/posts"}],"about":[{"href":"https:\/\/correiodasemana.com\/site\/wp-json\/wp\/v2\/types\/post"}],"author":[{"embeddable":true,"href":"https:\/\/correiodasemana.com\/site\/wp-json\/wp\/v2\/users\/1"}],"replies":[{"embeddable":true,"href":"https:\/\/correiodasemana.com\/site\/wp-json\/wp\/v2\/comments?post=11308"}],"version-history":[{"count":1,"href":"https:\/\/correiodasemana.com\/site\/wp-json\/wp\/v2\/posts\/11308\/revisions"}],"predecessor-version":[{"id":11309,"href":"https:\/\/correiodasemana.com\/site\/wp-json\/wp\/v2\/posts\/11308\/revisions\/11309"}],"wp:featuredmedia":[{"embeddable":true,"href":"https:\/\/correiodasemana.com\/site\/wp-json\/wp\/v2\/media\/7865"}],"wp:attachment":[{"href":"https:\/\/correiodasemana.com\/site\/wp-json\/wp\/v2\/media?parent=11308"}],"wp:term":[{"taxonomy":"category","embeddable":true,"href":"https:\/\/correiodasemana.com\/site\/wp-json\/wp\/v2\/categories?post=11308"},{"taxonomy":"post_tag","embeddable":true,"href":"https:\/\/correiodasemana.com\/site\/wp-json\/wp\/v2\/tags?post=11308"}],"curies":[{"name":"wp","href":"https:\/\/api.w.org\/{rel}","templated":true}]}}