{"id":11315,"date":"2020-05-07T02:45:51","date_gmt":"2020-05-07T02:45:51","guid":{"rendered":"https:\/\/correiodasemana.com\/site\/?p=11315"},"modified":"2020-05-07T02:45:51","modified_gmt":"2020-05-07T02:45:51","slug":"agenda-uninta-4","status":"publish","type":"post","link":"https:\/\/correiodasemana.com\/site\/agenda-uninta-4\/","title":{"rendered":"Agenda Uninta"},"content":{"rendered":"<p><strong><img fetchpriority=\"high\" decoding=\"async\" class=\"size-medium wp-image-11316 alignleft\" src=\"https:\/\/correiodasemana.com\/site\/wp-content\/uploads\/2020\/05\/Turma-do-Alo-Universita-rio-09-300x229.jpg\" alt=\"\" width=\"300\" height=\"229\" srcset=\"https:\/\/correiodasemana.com\/site\/wp-content\/uploads\/2020\/05\/Turma-do-Alo-Universita-rio-09-300x229.jpg 300w, https:\/\/correiodasemana.com\/site\/wp-content\/uploads\/2020\/05\/Turma-do-Alo-Universita-rio-09-1024x780.jpg 1024w, https:\/\/correiodasemana.com\/site\/wp-content\/uploads\/2020\/05\/Turma-do-Alo-Universita-rio-09-768x585.jpg 768w, https:\/\/correiodasemana.com\/site\/wp-content\/uploads\/2020\/05\/Turma-do-Alo-Universita-rio-09.jpg 1063w\" sizes=\"(max-width: 300px) 100vw, 300px\" \/>Informar \u00e9 preciso<\/strong><br \/>\nO curso de jornalismo do UNINTA n\u00e3o para. De forma remota os professores e estudantes continuam com os projetos de extens\u00e3o e quem segue o curso nas redes sociais pode acompanhar ciclos de palestras, podcasts, v\u00eddeos e lives com muitas informa\u00e7\u00f5es e ensinamentos.<\/p>\n<p><strong>Celebrar \u00e9 vida<\/strong><br \/>\nO projeto \u201cAl\u00f4, Universit\u00e1rio\u201d completou um ano de intensos trabalhos. As comemora\u00e7\u00f5es contaram com intera\u00e7\u00e3o virtual, entrevistas e muito bate-papo. Tudo conduzido pelo prof Me Augustiano Xavier, que coordena este importante campo de experi\u00eancia para os futuros jornalistas. O Al\u00f4, Universit\u00e1rio \u00e9 transmitido aos domingos, a partir das 21h, na r\u00e1dio Para\u00edso FM 101,1. Tamb\u00e9m pode ser acessado no Spotfy.<\/p>\n<p><strong>Solidariedade Estudantil<\/strong><br \/>\nO total de 243 estudantes do UNINTA se inscreveram na a\u00e7\u00e3o \u201cBrasil Conta Comigo\u201d, criada pelos minist\u00e9rios da Sa\u00fade e Educa\u00e7\u00e3o para inserir, temporariamente, acad\u00eamicos que j\u00e1 est\u00e3o no final da gradua\u00e7\u00e3o nos atendimentos do Sistema \u00danico de Sa\u00fade (SUS) do pa\u00eds. Os volunt\u00e1rios s\u00e3o acad\u00eamicos dos cursos de Enfermagem, Medicina, Farm\u00e1cia e Fisioterapia est\u00e3o aguardando a convoca\u00e7\u00e3o dos minist\u00e9rios.<\/p>\n<p><strong>Lives do Bem<\/strong><br \/>\nProfessores e estudantes do UNINTA est\u00e3o empenhados na realiza\u00e7\u00e3o de lives musicais. A iniciativa busca proporcionar aos colaboradores um momento de descontra\u00e7\u00e3o em meio ao per\u00edodo de pandemia. Talentos surgem e amigos e amigas se reencontram. Sem d\u00favida, uma excelente iniciativa.<\/p>\n<p><strong><img decoding=\"async\" class=\"size-medium wp-image-11317 alignright\" src=\"https:\/\/correiodasemana.com\/site\/wp-content\/uploads\/2020\/05\/Captura-de-Tela-2020-04-30-a-s-16.59.40-1-09-300x210.png\" alt=\"\" width=\"300\" height=\"210\" srcset=\"https:\/\/correiodasemana.com\/site\/wp-content\/uploads\/2020\/05\/Captura-de-Tela-2020-04-30-a-s-16.59.40-1-09-300x210.png 300w, https:\/\/correiodasemana.com\/site\/wp-content\/uploads\/2020\/05\/Captura-de-Tela-2020-04-30-a-s-16.59.40-1-09.png 590w\" sizes=\"(max-width: 300px) 100vw, 300px\" \/>Enfrentamento solid\u00e1rio<\/strong><br \/>\nParab\u00e9ns ao Reitor Dr Oscar S Rodrigues pelas doa\u00e7\u00f5es de materiais como m\u00e1scaras e luvas \u00e0 Santa Casa de Miseric\u00f3rdia de Sobral, ao Hospital Regional Norte, ao Instituto Pr\u00e1xis, ao Hospital S\u00e3o Camilo de Itapipoca e para as Secretarias de Sa\u00fade de Meruoca, Itapipoca e Tiangu\u00e1. O UNINTA tamb\u00e9m cedeu \u00e0 Prefeitura de Sobral suportes de soro, macas, camas, estetosc\u00f3pios, aparelhos de glicemia, mesas e tendas para serem utilizadas no atendimento \u00e0s v\u00edtimas da pandemia na cidade.<\/p>\n","protected":false},"excerpt":{"rendered":"<p>Informar \u00e9 preciso O curso de jornalismo do UNINTA n\u00e3o para. De forma remota os&#8230;<\/p>\n","protected":false},"author":1,"featured_media":11316,"comment_status":"open","ping_status":"open","sticky":false,"template":"","format":"standard","meta":{"_jetpack_memberships_contains_paid_content":false,"footnotes":"","jetpack_publicize_message":"","jetpack_publicize_feature_enabled":true,"jetpack_social_post_already_shared":true,"jetpack_social_options":{"image_generator_settings":{"template":"highway","default_image_id":0,"font":"","enabled":false},"version":2}},"categories":[70],"tags":[],"class_list":["post-11315","post","type-post","status-publish","format-standard","has-post-thumbnail","hentry","category-agenda-uninta"],"jetpack_publicize_connections":[],"jetpack_featured_media_url":"https:\/\/correiodasemana.com\/site\/wp-content\/uploads\/2020\/05\/Turma-do-Alo-Universita-rio-09.jpg","jetpack-related-posts":[{"id":13222,"url":"https:\/\/correiodasemana.com\/site\/agenda-uninta-8\/","url_meta":{"origin":11315,"position":0},"title":"Agenda UNINTA","author":"","date":"Agosto 31, 2020","format":false,"excerpt":"WebTV UNINTA O curso de jornalismo do Centro Universit\u00e1rio INTA (UNINTA) abriu vaga de est\u00e1gio no projeto de extens\u00e3o WebTV UNINTA. A oportunidade tem validade de 12 meses e conta com uma bolsa de meio sal\u00e1rio m\u00ednimo. Atualmente o projetoconta com 4 estagi\u00e1rios remunerados, que realizam pr\u00e1ticas relacionadas ao telejornalismo\u2026","rel":"","context":"In &quot;Atualidade&quot;","block_context":{"text":"Atualidade","link":"https:\/\/correiodasemana.com\/site\/category\/atualidade\/"},"img":{"alt_text":"","src":"https:\/\/i0.wp.com\/correiodasemana.com\/site\/wp-content\/uploads\/2020\/08\/imagem-fachada-uninta.jpg?resize=350%2C200&ssl=1","width":350,"height":200,"srcset":"https:\/\/i0.wp.com\/correiodasemana.com\/site\/wp-content\/uploads\/2020\/08\/imagem-fachada-uninta.jpg?resize=350%2C200&ssl=1 1x, https:\/\/i0.wp.com\/correiodasemana.com\/site\/wp-content\/uploads\/2020\/08\/imagem-fachada-uninta.jpg?resize=525%2C300&ssl=1 1.5x, https:\/\/i0.wp.com\/correiodasemana.com\/site\/wp-content\/uploads\/2020\/08\/imagem-fachada-uninta.jpg?resize=700%2C400&ssl=1 2x"},"classes":[]},{"id":13518,"url":"https:\/\/correiodasemana.com\/site\/agenda-uninta-9\/","url_meta":{"origin":11315,"position":1},"title":"Agenda Uninta","author":"","date":"Setembro 15, 2020","format":false,"excerpt":"Esta coluna \u00e9 produzida por estudantes do curso de jornalismo do Centro Universit\u00e1rio INTA (UNINTA), que fazem parte do projeto Ag\u00eancia J\u00fanir de Jornalismo, coordenado pelo prof Me Matheus Salvany. \u00c9 campe\u00e3o! Na segunda edi\u00e7\u00e3o do Pr\u00eamio de Inova\u00e7\u00e3o Pedag\u00f3gica do Centro Universit\u00e1rio INTA (UNINTA), o professor Me Augustiano Xavier,\u2026","rel":"","context":"In &quot;Agenda Uninta&quot;","block_context":{"text":"Agenda Uninta","link":"https:\/\/correiodasemana.com\/site\/category\/agenda-uninta\/"},"img":{"alt_text":"","src":"https:\/\/i0.wp.com\/correiodasemana.com\/site\/wp-content\/uploads\/2020\/09\/THIAGO-RODRIGUE-S.jpeg?resize=350%2C200&ssl=1","width":350,"height":200,"srcset":"https:\/\/i0.wp.com\/correiodasemana.com\/site\/wp-content\/uploads\/2020\/09\/THIAGO-RODRIGUE-S.jpeg?resize=350%2C200&ssl=1 1x, https:\/\/i0.wp.com\/correiodasemana.com\/site\/wp-content\/uploads\/2020\/09\/THIAGO-RODRIGUE-S.jpeg?resize=525%2C300&ssl=1 1.5x, https:\/\/i0.wp.com\/correiodasemana.com\/site\/wp-content\/uploads\/2020\/09\/THIAGO-RODRIGUE-S.jpeg?resize=700%2C400&ssl=1 2x, https:\/\/i0.wp.com\/correiodasemana.com\/site\/wp-content\/uploads\/2020\/09\/THIAGO-RODRIGUE-S.jpeg?resize=1050%2C600&ssl=1 3x"},"classes":[]},{"id":13866,"url":"https:\/\/correiodasemana.com\/site\/agenda-uninta-10\/","url_meta":{"origin":11315,"position":2},"title":"Agenda UNINTA","author":"","date":"Outubro 4, 2020","format":false,"excerpt":"Jornalismo em Pauta O projeto Conversa Livre, que \u00e9 idealizado por Sarah Braga, estudante do \u00faltimo per\u00edodo de jornalismo do Centro Universit\u00e1rio Inta (UNINTA) e vem se destacando nas redes sociais por trazer debates importantes para juventude. Para conferir \u00e9 s\u00f3 acessar o instagram @conversalivree e seguir a turma. Novos\u2026","rel":"","context":"In &quot;Agenda Uninta&quot;","block_context":{"text":"Agenda Uninta","link":"https:\/\/correiodasemana.com\/site\/category\/agenda-uninta\/"},"img":{"alt_text":"","src":"https:\/\/i0.wp.com\/correiodasemana.com\/site\/wp-content\/uploads\/2020\/10\/Captura-de-Tela-2020-10-01-a-s-14.47.59.png?resize=350%2C200&ssl=1","width":350,"height":200},"classes":[]},{"id":14171,"url":"https:\/\/correiodasemana.com\/site\/agenda-uninta-12\/","url_meta":{"origin":11315,"position":3},"title":"Agenda UNINTA","author":"","date":"Outubro 20, 2020","format":false,"excerpt":"Processos Seletivos Mesmo com a Pandemia e suas dificuldades, o curso de Jornalismo do UNINTA n\u00e3o para. Acesse o nosso site http:\/\/jornalismo.uninta.edu.br\/ e saiba como fazer parte desse time. Com a reta final do semestre se aproximando, os processos seletivos por nota do ENEM, Vestibular Agendado e o Vestibular Tradicional\u2026","rel":"","context":"In &quot;Agenda Uninta&quot;","block_context":{"text":"Agenda Uninta","link":"https:\/\/correiodasemana.com\/site\/category\/agenda-uninta\/"},"img":{"alt_text":"","src":"https:\/\/i0.wp.com\/correiodasemana.com\/site\/wp-content\/uploads\/2020\/10\/WhatsApp-Image-2020-10-15-at-15.50.21.jpeg?resize=350%2C200&ssl=1","width":350,"height":200,"srcset":"https:\/\/i0.wp.com\/correiodasemana.com\/site\/wp-content\/uploads\/2020\/10\/WhatsApp-Image-2020-10-15-at-15.50.21.jpeg?resize=350%2C200&ssl=1 1x, https:\/\/i0.wp.com\/correiodasemana.com\/site\/wp-content\/uploads\/2020\/10\/WhatsApp-Image-2020-10-15-at-15.50.21.jpeg?resize=525%2C300&ssl=1 1.5x"},"classes":[]},{"id":12802,"url":"https:\/\/correiodasemana.com\/site\/agenda-uninta-7\/","url_meta":{"origin":11315,"position":4},"title":"Agenda Uninta","author":"","date":"Agosto 17, 2020","format":false,"excerpt":"Ag\u00eancia J\u00fanior de Jornalismo O novo Projeto de Extens\u00e3o do curso de Jornalismo do UNINTA \u00e9 uma das novidades do semestre que se inicia. Orientadas pelo prof Me Matheus Salvany, as estudantes do terceiro semestre, Nicole D\u2019Lorrainne e Thailane Morais, j\u00e1 iniciaram os trabalhos relacionados a assessoria de imprensa e\u2026","rel":"","context":"In &quot;Agenda Uninta&quot;","block_context":{"text":"Agenda Uninta","link":"https:\/\/correiodasemana.com\/site\/category\/agenda-uninta\/"},"img":{"alt_text":"","src":"https:\/\/i0.wp.com\/correiodasemana.com\/site\/wp-content\/uploads\/2020\/08\/Thailane-e-Nicole-.jpeg?resize=350%2C200&ssl=1","width":350,"height":200,"srcset":"https:\/\/i0.wp.com\/correiodasemana.com\/site\/wp-content\/uploads\/2020\/08\/Thailane-e-Nicole-.jpeg?resize=350%2C200&ssl=1 1x, https:\/\/i0.wp.com\/correiodasemana.com\/site\/wp-content\/uploads\/2020\/08\/Thailane-e-Nicole-.jpeg?resize=525%2C300&ssl=1 1.5x, https:\/\/i0.wp.com\/correiodasemana.com\/site\/wp-content\/uploads\/2020\/08\/Thailane-e-Nicole-.jpeg?resize=700%2C400&ssl=1 2x"},"classes":[]},{"id":14015,"url":"https:\/\/correiodasemana.com\/site\/agenda-uninta-11\/","url_meta":{"origin":11315,"position":5},"title":"Agenda UNINTA","author":"","date":"Outubro 13, 2020","format":false,"excerpt":"Outubro Rosa O curso de Jornalismo tamb\u00e9m est\u00e1 nas celebra\u00e7\u00f5es do Outubro Rosa. Quem acessar nosso Instagram - @jornalismouninta - poder\u00e1 conferir a postagem em homenagem a este importante movimento que salva vidas e ajuda a prevenir o c\u00e2ncer de mama. Esfor\u00e7o conjunto A pauta tamb\u00e9m atinge os projetos de\u2026","rel":"","context":"In &quot;Agenda Uninta&quot;","block_context":{"text":"Agenda Uninta","link":"https:\/\/correiodasemana.com\/site\/category\/agenda-uninta\/"},"img":{"alt_text":"","src":"https:\/\/i0.wp.com\/correiodasemana.com\/site\/wp-content\/uploads\/2020\/10\/Captura-de-Tela-2020-10-08-a-s-15.58.00.png?resize=350%2C200&ssl=1","width":350,"height":200,"srcset":"https:\/\/i0.wp.com\/correiodasemana.com\/site\/wp-content\/uploads\/2020\/10\/Captura-de-Tela-2020-10-08-a-s-15.58.00.png?resize=350%2C200&ssl=1 1x, https:\/\/i0.wp.com\/correiodasemana.com\/site\/wp-content\/uploads\/2020\/10\/Captura-de-Tela-2020-10-08-a-s-15.58.00.png?resize=525%2C300&ssl=1 1.5x"},"classes":[]}],"jetpack_sharing_enabled":true,"_links":{"self":[{"href":"https:\/\/correiodasemana.com\/site\/wp-json\/wp\/v2\/posts\/11315","targetHints":{"allow":["GET"]}}],"collection":[{"href":"https:\/\/correiodasemana.com\/site\/wp-json\/wp\/v2\/posts"}],"about":[{"href":"https:\/\/correiodasemana.com\/site\/wp-json\/wp\/v2\/types\/post"}],"author":[{"embeddable":true,"href":"https:\/\/correiodasemana.com\/site\/wp-json\/wp\/v2\/users\/1"}],"replies":[{"embeddable":true,"href":"https:\/\/correiodasemana.com\/site\/wp-json\/wp\/v2\/comments?post=11315"}],"version-history":[{"count":1,"href":"https:\/\/correiodasemana.com\/site\/wp-json\/wp\/v2\/posts\/11315\/revisions"}],"predecessor-version":[{"id":11318,"href":"https:\/\/correiodasemana.com\/site\/wp-json\/wp\/v2\/posts\/11315\/revisions\/11318"}],"wp:featuredmedia":[{"embeddable":true,"href":"https:\/\/correiodasemana.com\/site\/wp-json\/wp\/v2\/media\/11316"}],"wp:attachment":[{"href":"https:\/\/correiodasemana.com\/site\/wp-json\/wp\/v2\/media?parent=11315"}],"wp:term":[{"taxonomy":"category","embeddable":true,"href":"https:\/\/correiodasemana.com\/site\/wp-json\/wp\/v2\/categories?post=11315"},{"taxonomy":"post_tag","embeddable":true,"href":"https:\/\/correiodasemana.com\/site\/wp-json\/wp\/v2\/tags?post=11315"}],"curies":[{"name":"wp","href":"https:\/\/api.w.org\/{rel}","templated":true}]}}