{"id":11319,"date":"2020-05-07T02:46:45","date_gmt":"2020-05-07T02:46:45","guid":{"rendered":"https:\/\/correiodasemana.com\/site\/?p=11319"},"modified":"2020-05-07T02:46:45","modified_gmt":"2020-05-07T02:46:45","slug":"luiz-henrique-mandetta-e-demitido-do-ministerio-da-saude","status":"publish","type":"post","link":"https:\/\/correiodasemana.com\/site\/luiz-henrique-mandetta-e-demitido-do-ministerio-da-saude\/","title":{"rendered":"Luiz Henrique Mandetta \u00e9 demitido do Minist\u00e9rio da Sa\u00fade"},"content":{"rendered":"<p><strong>Por meio de uma rede social, o agora ex-ministro da Sa\u00fade, Luiz Henrique Mandetta, anunciou na quinta-feira (16) ter sido demitido pelo presidente Jair Bolsonaro<\/strong><\/p>\n<p>Correio da Semana<br \/>\nPor meio de uma rede social, o agora ex-ministro da Sa\u00fade, Luiz Henrique Mandetta, anunciou na quinta-feira (16) ter sido demitido pelo presidente Jair Bolsonaro. \u201cAcabo de ouvir do presidente Jair Bolsonaro o aviso da minha demiss\u00e3o do Minist\u00e9rio da Sa\u00fade. Quero agradecer a oportunidade que me foi dada, de ser gerente do nosso SUS, de p\u00f4r de p\u00e9 o projeto de melhoria da sa\u00fade dos brasileiros e\u00a0de planejar o enfrentamento da pandemia do coronav\u00edrus, o grande desafio que o nosso sistema de sa\u00fade est\u00e1 por enfrentar. Agrade\u00e7o a toda a equipe que esteve comigo no MS e desejo \u00eaxito ao meu sucessor no cargo de ministro da Sa\u00fade. Rogo a Deus e a Nossa Senhora Aparecida que aben\u00e7oem muito o nosso pa\u00eds\u201d, disse Mandetta.<br \/>\nMandetta adotou as recomenda\u00e7\u00f5es da Organiza\u00e7\u00e3o Mundial da Sa\u00fade (OMS) como o distanciamento social, agindo de acordo com o que pautava a ci\u00eancia. J\u00e1 o presidente Bolsonaro \u00e9 um entusiasta do medicamento cloroquina como tratamento para pacientes de coronav\u00edrus e ignora o distanciamento social com a justificativa de ser a ru\u00edna da economia do Brasil. \u201cIsso leva para o brasileiro uma dubiedade, n\u00e3o sabe se escuta o ministro ou o presidente\u201d, declarou Mandetta em entrevista para a Tv Globo.<br \/>\nEm an\u00fancio do novo Ministro da Sa\u00fade, Nelson Teich, o presidente classificou a demiss\u00e3o de Mandetta como um \u201cdiv\u00f3rcio consensual\u201d, e argumenta que \u201cQuando se fala em sa\u00fade, fala-se de vida, e n\u00e3o pode deixar de falar em emprego. Uma pessoa desempregada estar\u00e1 mais propensa a sofrer problemas de sa\u00fade do que uma outra empregada. E, desde o come\u00e7o da pandemia, eu me dirigi a todos os ministros e falei sobre vida e emprego. N\u00e3o pode abandonar uma e tratar exclusivamente de outra\u201d, disparou<br \/>\nAgora o oncologista Nelson Teich ser\u00e1 respons\u00e1vel por conduzir a pasta em meio \u00e0 pandemia de Covid-19. \u201cA parte do distanciamento e do isolamento, o que acontece? N\u00e3o vai haver qualquer defini\u00e7\u00e3o brusca, radical, do que vai acontecer. O que \u00e9 fundamental hoje? Que a gente tenha informa\u00e7\u00e3o cada vez maior sobre o que acontece com as pessoas com cada a\u00e7\u00e3o que \u00e9 tomada\u201d, disse o novo ministro.<\/p>\n","protected":false},"excerpt":{"rendered":"<p>Por meio de uma rede social, o agora ex-ministro da Sa\u00fade, Luiz Henrique Mandetta, anunciou&#8230;<\/p>\n","protected":false},"author":1,"featured_media":11320,"comment_status":"open","ping_status":"open","sticky":false,"template":"","format":"standard","meta":{"_jetpack_memberships_contains_paid_content":false,"footnotes":"","jetpack_publicize_message":"","jetpack_publicize_feature_enabled":true,"jetpack_social_post_already_shared":true,"jetpack_social_options":{"image_generator_settings":{"template":"highway","default_image_id":0,"font":"","enabled":false},"version":2}},"categories":[1],"tags":[],"class_list":["post-11319","post","type-post","status-publish","format-standard","has-post-thumbnail","hentry","category-atualidade"],"jetpack_publicize_connections":[],"jetpack_featured_media_url":"https:\/\/correiodasemana.com\/site\/wp-content\/uploads\/2020\/05\/WhatsApp-Image-2020-04-30-at-19.02.52.jpeg","jetpack-related-posts":[{"id":8598,"url":"https:\/\/correiodasemana.com\/site\/governo-vai-apresentar-programa-para-substituir-mais-medicos\/","url_meta":{"origin":11319,"position":0},"title":"Governo vai apresentar programa para substituir Mais M\u00e9dicos","author":"","date":"Agosto 6, 2019","format":false,"excerpt":"Por\u00a0Yara Aquino - Rep\u00f3rter da Ag\u00eancia Brasil A partir da pr\u00f3xima semana, o ministro da Sa\u00fade, Luiz Henrique Mandetta, vai apresentar a parlamentares e institui\u00e7\u00f5es da \u00e1rea m\u00e9dica a proposta de um novo programa para substituir de forma gradual o Mais M\u00e9dicos. A ideia \u00e9 discutir o novo programa e\u2026","rel":"","context":"In &quot;Atualidade&quot;","block_context":{"text":"Atualidade","link":"https:\/\/correiodasemana.com\/site\/category\/atualidade\/"},"img":{"alt_text":"","src":"https:\/\/i0.wp.com\/correiodasemana.com\/site\/wp-content\/uploads\/2019\/08\/fpzzb_abr_17112018-5603.jpg?resize=350%2C200&ssl=1","width":350,"height":200,"srcset":"https:\/\/i0.wp.com\/correiodasemana.com\/site\/wp-content\/uploads\/2019\/08\/fpzzb_abr_17112018-5603.jpg?resize=350%2C200&ssl=1 1x, https:\/\/i0.wp.com\/correiodasemana.com\/site\/wp-content\/uploads\/2019\/08\/fpzzb_abr_17112018-5603.jpg?resize=525%2C300&ssl=1 1.5x, https:\/\/i0.wp.com\/correiodasemana.com\/site\/wp-content\/uploads\/2019\/08\/fpzzb_abr_17112018-5603.jpg?resize=700%2C400&ssl=1 2x, https:\/\/i0.wp.com\/correiodasemana.com\/site\/wp-content\/uploads\/2019\/08\/fpzzb_abr_17112018-5603.jpg?resize=1050%2C600&ssl=1 3x"},"classes":[]},{"id":11216,"url":"https:\/\/correiodasemana.com\/site\/politica-em-evidencia-25\/","url_meta":{"origin":11319,"position":1},"title":"Pol\u00edtica em Evid\u00eancia","author":"","date":"Mar\u00e7o 18, 2020","format":false,"excerpt":"O secret\u00e1rio dos Direitos Humanos, Habita\u00e7\u00e3o e Assist\u00eancia Social de Sobral, J\u00falio Cesar Alexandre, recebeu uma premia\u00e7\u00e3o nacional do Minist\u00e9rio da Cidadania por boas pr\u00e1ticas de educa\u00e7\u00e3o permanente dos visitadores sociais do Programa Primeira Inf\u00e2ncia no SUAS (Sistema \u00danico de Assist\u00eancia Social) \/ Crian\u00e7a Feliz. A cerimonia aconteceu em Bras\u00edlia,\u2026","rel":"","context":"In &quot;Artigos&quot;","block_context":{"text":"Artigos","link":"https:\/\/correiodasemana.com\/site\/category\/artigos\/"},"img":{"alt_text":"","src":"https:\/\/i0.wp.com\/correiodasemana.com\/site\/wp-content\/uploads\/2019\/08\/urna_lecr-e1447217261594.jpg?resize=350%2C200&ssl=1","width":350,"height":200,"srcset":"https:\/\/i0.wp.com\/correiodasemana.com\/site\/wp-content\/uploads\/2019\/08\/urna_lecr-e1447217261594.jpg?resize=350%2C200&ssl=1 1x, https:\/\/i0.wp.com\/correiodasemana.com\/site\/wp-content\/uploads\/2019\/08\/urna_lecr-e1447217261594.jpg?resize=525%2C300&ssl=1 1.5x, https:\/\/i0.wp.com\/correiodasemana.com\/site\/wp-content\/uploads\/2019\/08\/urna_lecr-e1447217261594.jpg?resize=700%2C400&ssl=1 2x, https:\/\/i0.wp.com\/correiodasemana.com\/site\/wp-content\/uploads\/2019\/08\/urna_lecr-e1447217261594.jpg?resize=1050%2C600&ssl=1 3x, https:\/\/i0.wp.com\/correiodasemana.com\/site\/wp-content\/uploads\/2019\/08\/urna_lecr-e1447217261594.jpg?resize=1400%2C800&ssl=1 4x"},"classes":[]},{"id":10262,"url":"https:\/\/correiodasemana.com\/site\/politica-em-evidencia-17\/","url_meta":{"origin":11319,"position":2},"title":"Pol\u00edtica em Evid\u00eancia","author":"","date":"Dezembro 23, 2019","format":false,"excerpt":"O secret\u00e1rio dos Direitos Humanos, Habita\u00e7\u00e3o e Assist\u00eancia Social de Sobral, J\u00falio Cesar Alexandre, recebeu uma premia\u00e7\u00e3o nacional do Minist\u00e9rio da Cidadania por boas pr\u00e1ticas de educa\u00e7\u00e3o permanente dos visitadores sociais do Programa Primeira Inf\u00e2ncia no SUAS (Sistema \u00danico de Assist\u00eancia Social)\/Crian\u00e7a Feliz. A cerimonia aconteceu em Bras\u00edlia, na \u00faltima\u2026","rel":"","context":"In &quot;Artigos&quot;","block_context":{"text":"Artigos","link":"https:\/\/correiodasemana.com\/site\/category\/artigos\/"},"img":{"alt_text":"","src":"https:\/\/i0.wp.com\/correiodasemana.com\/site\/wp-content\/uploads\/2019\/08\/urna_lecr-e1447217261594.jpg?resize=350%2C200&ssl=1","width":350,"height":200,"srcset":"https:\/\/i0.wp.com\/correiodasemana.com\/site\/wp-content\/uploads\/2019\/08\/urna_lecr-e1447217261594.jpg?resize=350%2C200&ssl=1 1x, https:\/\/i0.wp.com\/correiodasemana.com\/site\/wp-content\/uploads\/2019\/08\/urna_lecr-e1447217261594.jpg?resize=525%2C300&ssl=1 1.5x, https:\/\/i0.wp.com\/correiodasemana.com\/site\/wp-content\/uploads\/2019\/08\/urna_lecr-e1447217261594.jpg?resize=700%2C400&ssl=1 2x, https:\/\/i0.wp.com\/correiodasemana.com\/site\/wp-content\/uploads\/2019\/08\/urna_lecr-e1447217261594.jpg?resize=1050%2C600&ssl=1 3x, https:\/\/i0.wp.com\/correiodasemana.com\/site\/wp-content\/uploads\/2019\/08\/urna_lecr-e1447217261594.jpg?resize=1400%2C800&ssl=1 4x"},"classes":[]},{"id":11034,"url":"https:\/\/correiodasemana.com\/site\/brasil-confirma-primeiro-caso-de-coronavirus-e-mais-de-252-suspeitos\/","url_meta":{"origin":11319,"position":3},"title":"Brasil confirma primeiro caso de coronav\u00edrus e mais de 252 suspeitos *","author":"","date":"Mar\u00e7o 2, 2020","format":false,"excerpt":"Trata-se de um homem de 61 anos, residente de S\u00e3o Paulo e que, segundo a Ag\u00eancia Nacional de Vigil\u00e2ncia Sanit\u00e1ria (ANVISA) esteve a trabalho na It\u00e1lia, na regi\u00e3o da Lombardia, por um per\u00edodo de 12 dias O Minist\u00e9rio da Sa\u00fade por meio de coletiva de imprensa realizada na quarta-feira (26)\u2026","rel":"","context":"In &quot;Atualidade&quot;","block_context":{"text":"Atualidade","link":"https:\/\/correiodasemana.com\/site\/category\/atualidade\/"},"img":{"alt_text":"","src":"https:\/\/i0.wp.com\/correiodasemana.com\/site\/wp-content\/uploads\/2020\/03\/WhatsApp-Image-2020-02-27-at-21.52.27.jpeg?resize=350%2C200&ssl=1","width":350,"height":200,"srcset":"https:\/\/i0.wp.com\/correiodasemana.com\/site\/wp-content\/uploads\/2020\/03\/WhatsApp-Image-2020-02-27-at-21.52.27.jpeg?resize=350%2C200&ssl=1 1x, https:\/\/i0.wp.com\/correiodasemana.com\/site\/wp-content\/uploads\/2020\/03\/WhatsApp-Image-2020-02-27-at-21.52.27.jpeg?resize=525%2C300&ssl=1 1.5x, https:\/\/i0.wp.com\/correiodasemana.com\/site\/wp-content\/uploads\/2020\/03\/WhatsApp-Image-2020-02-27-at-21.52.27.jpeg?resize=700%2C400&ssl=1 2x"},"classes":[]},{"id":11330,"url":"https:\/\/correiodasemana.com\/site\/sergio-moro-pede-demissao-do-governo-bolsonaro\/","url_meta":{"origin":11319,"position":4},"title":"Sergio Moro pede demiss\u00e3o do governo Bolsonaro","author":"","date":"Maio 7, 2020","format":false,"excerpt":"Correio da Semana O Ministro da Justi\u00e7a e Seguran\u00e7a P\u00fablica, Sergio Moro, confirmou sua demiss\u00e3o do cargo na sexta-feira (24) logo ap\u00f3s a exonera\u00e7\u00e3o do diretor-geral da Pol\u00edcia Federal (PF) Maur\u00edcio Valeixo, indicado por Moro, ter sido publicada no Di\u00e1rio Oficial da Uni\u00e3o (DOU), assinado eletronicamente por Bolsonaro e, o\u2026","rel":"","context":"In &quot;Atualidade&quot;","block_context":{"text":"Atualidade","link":"https:\/\/correiodasemana.com\/site\/category\/atualidade\/"},"img":{"alt_text":"","src":"https:\/\/i0.wp.com\/correiodasemana.com\/site\/wp-content\/uploads\/2020\/05\/WhatsApp-Image-2020-04-30-at-10.23.27.jpeg?resize=350%2C200&ssl=1","width":350,"height":200,"srcset":"https:\/\/i0.wp.com\/correiodasemana.com\/site\/wp-content\/uploads\/2020\/05\/WhatsApp-Image-2020-04-30-at-10.23.27.jpeg?resize=350%2C200&ssl=1 1x, https:\/\/i0.wp.com\/correiodasemana.com\/site\/wp-content\/uploads\/2020\/05\/WhatsApp-Image-2020-04-30-at-10.23.27.jpeg?resize=525%2C300&ssl=1 1.5x"},"classes":[]},{"id":11431,"url":"https:\/\/correiodasemana.com\/site\/governo-inclui-cloroquina-em-tratamento-de-casos-leves-de-covid-19\/","url_meta":{"origin":11319,"position":5},"title":"Governo inclui cloroquina em tratamento de casos leves de covid-19","author":"","date":"Maio 20, 2020","format":false,"excerpt":"O Minist\u00e9rio da Sa\u00fade incluiu hoje (20) a cloroquina, e seu derivado hidroxicloroquina, no protocolo de tratamento para pacientes com sintomas leves de covid-19. De acordo com o documento divulgado pela pasta, cabe ao m\u00e9dico a decis\u00e3o sobre prescrever ou n\u00e3o a subst\u00e2ncia, sendo necess\u00e1ria tamb\u00e9m a vontade declarada do\u2026","rel":"","context":"In &quot;Sa\u00fade&quot;","block_context":{"text":"Sa\u00fade","link":"https:\/\/correiodasemana.com\/site\/category\/saude\/"},"img":{"alt_text":"","src":"","width":0,"height":0},"classes":[]}],"jetpack_sharing_enabled":true,"_links":{"self":[{"href":"https:\/\/correiodasemana.com\/site\/wp-json\/wp\/v2\/posts\/11319","targetHints":{"allow":["GET"]}}],"collection":[{"href":"https:\/\/correiodasemana.com\/site\/wp-json\/wp\/v2\/posts"}],"about":[{"href":"https:\/\/correiodasemana.com\/site\/wp-json\/wp\/v2\/types\/post"}],"author":[{"embeddable":true,"href":"https:\/\/correiodasemana.com\/site\/wp-json\/wp\/v2\/users\/1"}],"replies":[{"embeddable":true,"href":"https:\/\/correiodasemana.com\/site\/wp-json\/wp\/v2\/comments?post=11319"}],"version-history":[{"count":1,"href":"https:\/\/correiodasemana.com\/site\/wp-json\/wp\/v2\/posts\/11319\/revisions"}],"predecessor-version":[{"id":11321,"href":"https:\/\/correiodasemana.com\/site\/wp-json\/wp\/v2\/posts\/11319\/revisions\/11321"}],"wp:featuredmedia":[{"embeddable":true,"href":"https:\/\/correiodasemana.com\/site\/wp-json\/wp\/v2\/media\/11320"}],"wp:attachment":[{"href":"https:\/\/correiodasemana.com\/site\/wp-json\/wp\/v2\/media?parent=11319"}],"wp:term":[{"taxonomy":"category","embeddable":true,"href":"https:\/\/correiodasemana.com\/site\/wp-json\/wp\/v2\/categories?post=11319"},{"taxonomy":"post_tag","embeddable":true,"href":"https:\/\/correiodasemana.com\/site\/wp-json\/wp\/v2\/tags?post=11319"}],"curies":[{"name":"wp","href":"https:\/\/api.w.org\/{rel}","templated":true}]}}