{"id":11322,"date":"2020-05-07T02:47:24","date_gmt":"2020-05-07T02:47:24","guid":{"rendered":"https:\/\/correiodasemana.com\/site\/?p=11322"},"modified":"2020-05-07T02:47:24","modified_gmt":"2020-05-07T02:47:24","slug":"casos-de-coronavirus-avancam-em-sobral","status":"publish","type":"post","link":"https:\/\/correiodasemana.com\/site\/casos-de-coronavirus-avancam-em-sobral\/","title":{"rendered":"Casos de coronav\u00edrus avan\u00e7am em Sobral"},"content":{"rendered":"<p>At\u00e9 o momento, o boletim epidemiol\u00f3gico da Secretaria da Sa\u00fade de Sobral, apresenta 210 casos com quatro \u00f3bitos.<\/p>\n<p>Correio da Semana<br \/>\nO primeiro caso de coronav\u00edrus em Sobral foi registrado no dia 17 de mar\u00e7o. At\u00e9 o momento, o boletim epidemiol\u00f3gico da Secretaria da Sa\u00fade de Sobral apresenta 210 casos divulgados na quinta-feira (30) com quatro \u00f3bitos. O mapa divulgado junto com o boletim di\u00e1rio aponta 26 bairros com casos confirmados. Centro e Renato Parente t\u00eam o maior n\u00famero de infectados.<br \/>\nO munic\u00edpio enfrenta o isolamento social para conter a pandemia da doen\u00e7a. Bares, igrejas, escolas, universidades, restaurantes, shoppings, cinemas, lanchonetes, com\u00e9rcio e demais estabelecimentos comerciais n\u00e3o essenciais no Cear\u00e1 est\u00e3o fechados sob decreto do governador Camilo Santana. Segundo os especialistas, o isolamento \u00e9 essencial para diminuir a transmiss\u00e3o da doen\u00e7a evitando um colapso no Sistema \u00danico de Sa\u00fade (SUS) por\u00e9m, a popula\u00e7\u00e3o continua se aglomerando nas cal\u00e7adas ou em filas de loterias e bancos. \u201c\u00c9 muito importante que se fique em casa\u201d, pede o prefeito Ivo Gomes, em live na sua rede social.<br \/>\nA prefeitura iniciou um processo de produ\u00e7\u00e3o de m\u00e1scaras para atender a popula\u00e7\u00e3o. \u00c9 previsto a confec\u00e7\u00e3o de 200 mil m\u00e1scaras descart\u00e1veis para distribui\u00e7\u00e3o gratuita. \u201cAs aglomera\u00e7\u00f5es n\u00e3o podem acontecer. Se voc\u00ea precisa sair de casa, precisa ir no supermercado, precisa ir na farm\u00e1cia, tem que providenciar uma m\u00e1scara, seja ela que tipo for. A gente tem que usar m\u00e1scaras para diminuir a probabilidade do cont\u00e1gio, mas continuar tomando as medidas de higiene pessoal\u201d, refor\u00e7a.<br \/>\n\u201cN\u00f3s vamos sair dessa, disso eu n\u00e3o tenho a menor d\u00favida. A nossa grande luta no momento e pelas pr\u00f3ximas semanas \u00e9 a gente sair dessa com o menor trauma poss\u00edvel. Tudo que estamos fazendo, as medidas antip\u00e1ticas, as medidas que geram cr\u00edticas \u00e9 para a gente proteger vidas\u201d, disse o prefeito.<br \/>\nAinda de acordo com o prefeito Ivo Gomes, o munic\u00edpio passa por uma conten\u00e7\u00e3o de gastos com festividades, citando o festival de quadrilha e anivers\u00e1rio da cidade -eventos que aconteceriam entre junho e julho- a medida tem como finalidade evitar aglomera\u00e7\u00f5es e, principalmente, economizar dinheiro para que n\u00e3o falte na \u00e1rea da sa\u00fade.<\/p>\n<p>Avan\u00e7o nos demais munic\u00edpios<br \/>\nSegundo os dados da Secretaria da Sa\u00fade do Cear\u00e1 (Sesa) atualizados na quarta-feira (29) 41 munic\u00edpios cearenses est\u00e3o sem confirma\u00e7\u00e3o de casos, mas h\u00e1 casos sob suspeita. Apenas o munic\u00edpio de Antonina do Norte, na regi\u00e3o do Cariri, segue sem casos confirmados ou suspeitos.<\/p>\n","protected":false},"excerpt":{"rendered":"<p>At\u00e9 o momento, o boletim epidemiol\u00f3gico da Secretaria da Sa\u00fade de Sobral, apresenta 210 casos&#8230;<\/p>\n","protected":false},"author":1,"featured_media":11323,"comment_status":"open","ping_status":"open","sticky":false,"template":"","format":"standard","meta":{"_jetpack_memberships_contains_paid_content":false,"footnotes":"","jetpack_publicize_message":"","jetpack_publicize_feature_enabled":true,"jetpack_social_post_already_shared":true,"jetpack_social_options":{"image_generator_settings":{"template":"highway","default_image_id":0,"font":"","enabled":false},"version":2}},"categories":[1],"tags":[],"class_list":["post-11322","post","type-post","status-publish","format-standard","has-post-thumbnail","hentry","category-atualidade"],"jetpack_publicize_connections":[],"jetpack_featured_media_url":"https:\/\/correiodasemana.com\/site\/wp-content\/uploads\/2020\/05\/WhatsApp-Image-2020-04-30-at-15.18.08.jpeg","jetpack-related-posts":[{"id":11385,"url":"https:\/\/correiodasemana.com\/site\/numero-de-casos-de-coronavirus-cresce-em-sobral-2\/","url_meta":{"origin":11322,"position":0},"title":"N\u00famero de casos de coronav\u00edrus cresce em Sobral","author":"","date":"Maio 18, 2020","format":false,"excerpt":"A curva da epidemia acelerou na \u00faltima semana. De acordo com o boletim epidemiol\u00f3gico divulgado no \u00faltimo domingo (17) atrav\u00e9s da Secretaria da Sa\u00fade de Sobral,\u00a0o munic\u00edpio soma 940 casos confirmados e 26 mortes. A maioria dos casos se concentra na sede, com 821 positivos. At\u00e9 domingo (10) \u00a0o munic\u00edpio\u2026","rel":"","context":"In &quot;Atualidade&quot;","block_context":{"text":"Atualidade","link":"https:\/\/correiodasemana.com\/site\/category\/atualidade\/"},"img":{"alt_text":"","src":"https:\/\/i0.wp.com\/correiodasemana.com\/site\/wp-content\/uploads\/2020\/05\/B319D7CC-1C2C-422D-B398-DA8ED43417DF.jpeg?resize=350%2C200&ssl=1","width":350,"height":200,"srcset":"https:\/\/i0.wp.com\/correiodasemana.com\/site\/wp-content\/uploads\/2020\/05\/B319D7CC-1C2C-422D-B398-DA8ED43417DF.jpeg?resize=350%2C200&ssl=1 1x, https:\/\/i0.wp.com\/correiodasemana.com\/site\/wp-content\/uploads\/2020\/05\/B319D7CC-1C2C-422D-B398-DA8ED43417DF.jpeg?resize=525%2C300&ssl=1 1.5x, https:\/\/i0.wp.com\/correiodasemana.com\/site\/wp-content\/uploads\/2020\/05\/B319D7CC-1C2C-422D-B398-DA8ED43417DF.jpeg?resize=700%2C400&ssl=1 2x"},"classes":[]},{"id":16565,"url":"https:\/\/correiodasemana.com\/site\/em-sobral-mais-de-20-mil-pessoas-estao-recuperadas-da-covid-19\/","url_meta":{"origin":11322,"position":1},"title":"Em Sobral, mais de 20 mil pessoas est\u00e3o recuperadas da covid-19","author":"","date":"Maio 24, 2021","format":false,"excerpt":"Vacina\u00e7\u00e3o continua na cidade imunizante AstraZeneca para pessoas com comorbidades Por Samuel Carvalho Reda\u00e7\u00e3o Correio da Semana Foi informado por meio das redes sociais da Prefeitura de Sobral que mais de 20 mil sobralenses j\u00e1 est\u00e3o recuperados do coronav\u00edrus. O primeiro caso na cidade foi registrado no dia 17 de\u2026","rel":"","context":"In &quot;Atualidade&quot;","block_context":{"text":"Atualidade","link":"https:\/\/correiodasemana.com\/site\/category\/atualidade\/"},"img":{"alt_text":"","src":"https:\/\/i0.wp.com\/correiodasemana.com\/site\/wp-content\/uploads\/2021\/05\/Maciel-Junior-saindo-do-hospital.jpeg?resize=350%2C200&ssl=1","width":350,"height":200,"srcset":"https:\/\/i0.wp.com\/correiodasemana.com\/site\/wp-content\/uploads\/2021\/05\/Maciel-Junior-saindo-do-hospital.jpeg?resize=350%2C200&ssl=1 1x, https:\/\/i0.wp.com\/correiodasemana.com\/site\/wp-content\/uploads\/2021\/05\/Maciel-Junior-saindo-do-hospital.jpeg?resize=525%2C300&ssl=1 1.5x, https:\/\/i0.wp.com\/correiodasemana.com\/site\/wp-content\/uploads\/2021\/05\/Maciel-Junior-saindo-do-hospital.jpeg?resize=700%2C400&ssl=1 2x, https:\/\/i0.wp.com\/correiodasemana.com\/site\/wp-content\/uploads\/2021\/05\/Maciel-Junior-saindo-do-hospital.jpeg?resize=1050%2C600&ssl=1 3x"},"classes":[]},{"id":11488,"url":"https:\/\/correiodasemana.com\/site\/sobral-realiza-mais-testes-para-o-coronavirus\/","url_meta":{"origin":11322,"position":2},"title":"Sobral realiza mais testes para o coronav\u00edrus","author":"","date":"Maio 30, 2020","format":false,"excerpt":"A Secret\u00e1ria de Sa\u00fade atribui o crescimento dos n\u00fameros ao avan\u00e7o da pandemia e a maior aquisi\u00e7\u00e3o de testes nas \u00faltimas semanas em Sobral Por Correio da Semana Em um dos pa\u00edses que menos realiza testes para Covid-19 como o Brasil, a cidade de Sobral supera quatro estados na realiza\u00e7\u00e3o\u2026","rel":"","context":"In &quot;Atualidade&quot;","block_context":{"text":"Atualidade","link":"https:\/\/correiodasemana.com\/site\/category\/atualidade\/"},"img":{"alt_text":"","src":"https:\/\/i0.wp.com\/correiodasemana.com\/site\/wp-content\/uploads\/2020\/05\/WhatsApp-Image-2020-05-28-at-22.30.01.jpeg?resize=350%2C200&ssl=1","width":350,"height":200,"srcset":"https:\/\/i0.wp.com\/correiodasemana.com\/site\/wp-content\/uploads\/2020\/05\/WhatsApp-Image-2020-05-28-at-22.30.01.jpeg?resize=350%2C200&ssl=1 1x, https:\/\/i0.wp.com\/correiodasemana.com\/site\/wp-content\/uploads\/2020\/05\/WhatsApp-Image-2020-05-28-at-22.30.01.jpeg?resize=525%2C300&ssl=1 1.5x"},"classes":[]},{"id":11276,"url":"https:\/\/correiodasemana.com\/site\/governador-decreta-fechamento-de-estabelecimentos-comerciais-e-bloqueio-de-divisas-no-ceara\/","url_meta":{"origin":11322,"position":3},"title":"Governador decreta fechamento de estabelecimentos comerciais e bloqueio de divisas no Cear\u00e1","author":"","date":"Mar\u00e7o 24, 2020","format":false,"excerpt":"O governador Camilo Santana publicou decreto que define o\u00a0fechamento, a partir desta sexta-feira (20), de bares, igrejas, restaurantes, barracas de praia, shoppings, cinemas, lanchonetes e demais estabelecimentos comerciais n\u00e3o essenciais no Cear\u00e1 por 10 dias - at\u00e9 o pr\u00f3ximo dia 29. Al\u00e9m disso, ser\u00e1 interrompido o transporte intermunicipal no Estado,\u2026","rel":"","context":"In &quot;Atualidade&quot;","block_context":{"text":"Atualidade","link":"https:\/\/correiodasemana.com\/site\/category\/atualidade\/"},"img":{"alt_text":"","src":"https:\/\/i0.wp.com\/correiodasemana.com\/site\/wp-content\/uploads\/2020\/03\/governad.png?resize=350%2C200&ssl=1","width":350,"height":200,"srcset":"https:\/\/i0.wp.com\/correiodasemana.com\/site\/wp-content\/uploads\/2020\/03\/governad.png?resize=350%2C200&ssl=1 1x, https:\/\/i0.wp.com\/correiodasemana.com\/site\/wp-content\/uploads\/2020\/03\/governad.png?resize=525%2C300&ssl=1 1.5x, https:\/\/i0.wp.com\/correiodasemana.com\/site\/wp-content\/uploads\/2020\/03\/governad.png?resize=700%2C400&ssl=1 2x, https:\/\/i0.wp.com\/correiodasemana.com\/site\/wp-content\/uploads\/2020\/03\/governad.png?resize=1050%2C600&ssl=1 3x, https:\/\/i0.wp.com\/correiodasemana.com\/site\/wp-content\/uploads\/2020\/03\/governad.png?resize=1400%2C800&ssl=1 4x"},"classes":[]},{"id":12785,"url":"https:\/\/correiodasemana.com\/site\/as-mortes-eram-constantes-a-rotina-dos-profissionais-da-saude-na-batalha-contra-a-covid-19\/","url_meta":{"origin":11322,"position":4},"title":"As mortes eram constantes\u2019: A rotina dos profissionais da sa\u00fade na batalha contra a Covid-19","author":"","date":"Agosto 17, 2020","format":false,"excerpt":"Com um plant\u00e3o que chega a durar at\u00e9 12h, eles enfrentam o medo e o cansa\u00e7o para dar conta do aumento da demanda) Por Priscila Duarte Reda\u00e7\u00e3o Jornal Correio da Semana Na pandemia, algumas atividades se tornaram essenciais para o combate da Covid-19, dando destaque aos profissionais da sa\u00fade que\u2026","rel":"","context":"In &quot;Atualidade&quot;","block_context":{"text":"Atualidade","link":"https:\/\/correiodasemana.com\/site\/category\/atualidade\/"},"img":{"alt_text":"","src":"https:\/\/i0.wp.com\/correiodasemana.com\/site\/wp-content\/uploads\/2020\/08\/WhatsApp-Image-2020-08-13-at-15.47.09-1.jpeg?resize=350%2C200&ssl=1","width":350,"height":200,"srcset":"https:\/\/i0.wp.com\/correiodasemana.com\/site\/wp-content\/uploads\/2020\/08\/WhatsApp-Image-2020-08-13-at-15.47.09-1.jpeg?resize=350%2C200&ssl=1 1x, https:\/\/i0.wp.com\/correiodasemana.com\/site\/wp-content\/uploads\/2020\/08\/WhatsApp-Image-2020-08-13-at-15.47.09-1.jpeg?resize=525%2C300&ssl=1 1.5x, https:\/\/i0.wp.com\/correiodasemana.com\/site\/wp-content\/uploads\/2020\/08\/WhatsApp-Image-2020-08-13-at-15.47.09-1.jpeg?resize=700%2C400&ssl=1 2x, https:\/\/i0.wp.com\/correiodasemana.com\/site\/wp-content\/uploads\/2020\/08\/WhatsApp-Image-2020-08-13-at-15.47.09-1.jpeg?resize=1050%2C600&ssl=1 3x"},"classes":[]},{"id":11167,"url":"https:\/\/correiodasemana.com\/site\/governo-do-ceara-divulga-medidas-para-prevencao-e-tratamento-de-possiveis-casos-de-coronavirus\/","url_meta":{"origin":11322,"position":5},"title":"Governo do Cear\u00e1 divulga medidas para preven\u00e7\u00e3o e tratamento de poss\u00edveis casos de coronav\u00edrus","author":"","date":"Mar\u00e7o 18, 2020","format":false,"excerpt":"O titular da Secretaria de Sa\u00fade do Cear\u00e1 (Sesa), Carlos Roberto Martins, o Dr. Cabeto, afirmou nesta quinta-feira, 12, durante coletiva de imprensa que tratou do coronav\u00edrus no Estado, que a pasta solicitou credenciamento de mais 50 leitos de UTI e 100 leitos de interna\u00e7\u00e3o em enfermarias para o Interior,\u2026","rel":"","context":"In &quot;Atualidade&quot;","block_context":{"text":"Atualidade","link":"https:\/\/correiodasemana.com\/site\/category\/atualidade\/"},"img":{"alt_text":"","src":"https:\/\/i0.wp.com\/correiodasemana.com\/site\/wp-content\/uploads\/2020\/03\/gov-cabeto.jpg?resize=350%2C200&ssl=1","width":350,"height":200,"srcset":"https:\/\/i0.wp.com\/correiodasemana.com\/site\/wp-content\/uploads\/2020\/03\/gov-cabeto.jpg?resize=350%2C200&ssl=1 1x, https:\/\/i0.wp.com\/correiodasemana.com\/site\/wp-content\/uploads\/2020\/03\/gov-cabeto.jpg?resize=525%2C300&ssl=1 1.5x, https:\/\/i0.wp.com\/correiodasemana.com\/site\/wp-content\/uploads\/2020\/03\/gov-cabeto.jpg?resize=700%2C400&ssl=1 2x, https:\/\/i0.wp.com\/correiodasemana.com\/site\/wp-content\/uploads\/2020\/03\/gov-cabeto.jpg?resize=1050%2C600&ssl=1 3x"},"classes":[]}],"jetpack_sharing_enabled":true,"_links":{"self":[{"href":"https:\/\/correiodasemana.com\/site\/wp-json\/wp\/v2\/posts\/11322","targetHints":{"allow":["GET"]}}],"collection":[{"href":"https:\/\/correiodasemana.com\/site\/wp-json\/wp\/v2\/posts"}],"about":[{"href":"https:\/\/correiodasemana.com\/site\/wp-json\/wp\/v2\/types\/post"}],"author":[{"embeddable":true,"href":"https:\/\/correiodasemana.com\/site\/wp-json\/wp\/v2\/users\/1"}],"replies":[{"embeddable":true,"href":"https:\/\/correiodasemana.com\/site\/wp-json\/wp\/v2\/comments?post=11322"}],"version-history":[{"count":1,"href":"https:\/\/correiodasemana.com\/site\/wp-json\/wp\/v2\/posts\/11322\/revisions"}],"predecessor-version":[{"id":11324,"href":"https:\/\/correiodasemana.com\/site\/wp-json\/wp\/v2\/posts\/11322\/revisions\/11324"}],"wp:featuredmedia":[{"embeddable":true,"href":"https:\/\/correiodasemana.com\/site\/wp-json\/wp\/v2\/media\/11323"}],"wp:attachment":[{"href":"https:\/\/correiodasemana.com\/site\/wp-json\/wp\/v2\/media?parent=11322"}],"wp:term":[{"taxonomy":"category","embeddable":true,"href":"https:\/\/correiodasemana.com\/site\/wp-json\/wp\/v2\/categories?post=11322"},{"taxonomy":"post_tag","embeddable":true,"href":"https:\/\/correiodasemana.com\/site\/wp-json\/wp\/v2\/tags?post=11322"}],"curies":[{"name":"wp","href":"https:\/\/api.w.org\/{rel}","templated":true}]}}