{"id":11325,"date":"2020-05-07T02:48:14","date_gmt":"2020-05-07T02:48:14","guid":{"rendered":"https:\/\/correiodasemana.com\/site\/?p=11325"},"modified":"2020-05-07T02:48:25","modified_gmt":"2020-05-07T02:48:25","slug":"papa-francisco-reforca-a-tradicao-de-rezar-o-terco-em-familia-no-mes-de-maio","status":"publish","type":"post","link":"https:\/\/correiodasemana.com\/site\/papa-francisco-reforca-a-tradicao-de-rezar-o-terco-em-familia-no-mes-de-maio\/","title":{"rendered":"Papa Francisco refor\u00e7a a tradi\u00e7\u00e3o de rezar o Ter\u00e7o em fam\u00edlia no m\u00eas de maio"},"content":{"rendered":"<p><strong>A Igreja Cat\u00f3lica dedica todo o m\u00eas de maio para honrar a Virgem Maria, M\u00e3e de Deus. Neste ano, a exemplo de outras celebra\u00e7\u00f5es cat\u00f3licas, as festividades marianas ser\u00e3o afetadas por conta da pandemia do Covid-19<\/strong><\/p>\n<p>Por Marciley Salles<br \/>\n\u00c9 tradi\u00e7\u00e3o, escreve o Santo Padre, rezar o Ter\u00e7o em casa, em fam\u00edlia, no m\u00eas de maio. \u201cUma dimens\u00e3o que as restri\u00e7\u00f5es da pandemia nos obrigaram\u2019 a valorizar, inclusive do ponto de vista espiritual.\u201d O Pont\u00edfice prop\u00f5e a todos redescobrir no m\u00eas de maio a beleza de rezar o Ter\u00e7o em casa: juntos ou sozinhos, o importante \u00e9 levar em considera\u00e7\u00e3o \u201cum segredo\u201d: a simplicidade.<br \/>\nO Papa recorda ainda que \u00e9 f\u00e1cil encontrar, inclusive na internet, bons esquemas de ora\u00e7\u00e3o a seguir, mas nos oferece um texto que ele mesmo rezar\u00e1 ao final do Ter\u00e7o, espiritualmente unido a n\u00f3s.<br \/>\n\u201cQueridos irm\u00e3os e irm\u00e3s, contemplar juntos a face de Cristo com o cora\u00e7\u00e3o de Maria, nossa M\u00e3e, nos tornar\u00e1 ainda mais unidos como fam\u00edlia espiritual e nos ajudar\u00e1 a superar esta prova\u00e7\u00e3o. Eu rezarei por voc\u00eas, especialmente pelos mais sofredores, e voc\u00eas, por favor, rezem por mim. Eu lhes agrade\u00e7o e os aben\u00e7oo de cora\u00e7\u00e3o.\u201d<\/p>\n<p>Ora\u00e7\u00e3o proposta pelo Santo Padre para o m\u00eas de maio<br \/>\n\u201c\u00d3 Maria, V\u00f3s sempre resplandeceis sobre o nosso caminho como um sinal de salva\u00e7\u00e3o e de esperan\u00e7a. Confiamo-nos a V\u00f3s, Sa\u00fade dos Enfermos, que permanecestes, junto da cruz, associada ao sofrimento de Jesus, mantendo firme a vossa f\u00e9. V\u00f3s, Salva\u00e7\u00e3o do Povo Romano, sabeis do que precisamos e temos a certeza de que no-lo providenciareis para que, como em Can\u00e1 da Galileia, possa voltar a alegria e a festa depois desta prova\u00e7\u00e3o. Ajudai-nos, M\u00e3e do Divino Amor, a conformar-nos com a vontade do Pai e a fazer aquilo que nos disser Jesus, que assumiu sobre Si as nossas enfermidades e carregou as nossas dores para nos levar, atrav\u00e9s da cruz, \u00e0 alegria da ressurrei\u00e7\u00e3o. \u00c0 vossa prote\u00e7\u00e3o, recorremos, Santa M\u00e3e de Deus; n\u00e3o desprezeis as nossas s\u00faplicas na hora da prova mas livrai-nos de todos os perigos, \u00f3 Virgem gloriosa e bendita. Am\u00e9m.\u201d<br \/>\nEm uma mensagem gravada pelo nosso Bispo diocesano, Dom Jos\u00e9 Luiz Gomes da Vasconcelos, ele destacou a import\u00e2ncia das fam\u00edlias rezarem juntas, o ter\u00e7o mariano durante o m\u00eas de maio \u201cM\u00eas maravilhoso, m\u00eas das flores, m\u00eas das m\u00e3es, m\u00eas de Maria. N\u00f3s somos convidados a em fam\u00edlia, rezarmos, cotidianamente, o Ter\u00e7o de Maria. O Ter\u00e7o \u00e9 a nossa arma. O Ter\u00e7o nos foi ensinado a rezar pela pr\u00f3pria Nossa Senhora, ela nos pede que rezemos cotidianamente o Ter\u00e7o. Em cada Ave Maria que rezamos, n\u00f3s fazemos cumprir uma profecia feita por ela mesma, \u2018doravante todas as gera\u00e7\u00f5es me chamar\u00e3o Bem Aventurada\u2019. Amados irm\u00e3os e irm\u00e3s, n\u00f3s estamos convidando a voc\u00ea, a em fam\u00edlia, reunir-se e rezar o Ter\u00e7o diariamente.\u201d<\/p>\n<p>Por que maio \u00e9 o M\u00eas de Maria?<br \/>\nDurante v\u00e1rios s\u00e9culos a Igreja Cat\u00f3lica dedicou todo o m\u00eas de maio para honrar a Virgem Maria, M\u00e3e de Deus. A tradi\u00e7\u00e3o surgiu na antiga Gr\u00e9cia. O m\u00eas de maio era dedicado a Artemisa, deusa da fecundidade. Algo semelhante ocorreu na antiga Roma, pois maio era dedicado a Flora, deusa da vegeta\u00e7\u00e3o. Naquela \u00e9poca, celebravam os \u2018ludi florals\u2019 (jogos florais) no fim do m\u00eas de abril e pediam sua intercess\u00e3o.<br \/>\nNa \u00e9poca medieval abundaram costumes similares, tudo centrado na chegada do bom clima e o afastamento do inverno. O dia 1\u00ba de maio era considerado como o apogeu da primavera. Durante este per\u00edodo, antes do s\u00e9culo XII, entrou em vigor a tradi\u00e7\u00e3o de Tricesimum ou \u201cA devo\u00e7\u00e3o de trinta dias \u00e0 Maria\u201d. Estas celebra\u00e7\u00f5es aconteciam do dia 15 de agosto a 14 de setembro e ainda s\u00e3o comemoradas em alguns lugares.<br \/>\nA ideia de um m\u00eas dedicado especificamente a Maria remonta aos tempos barrocos \u2013 s\u00e9culo XVII. Apesar de nem sempre ter sido celebrado em maio, o m\u00eas de Maria inclu\u00eda trinta exerc\u00edcios espirituais di\u00e1rios em homenagem \u00e0 M\u00e3e de Deus. Foi nesta \u00e9poca que o m\u00eas de maio e de Maria combinaram, fazendo com que esta celebra\u00e7\u00e3o conte com devo\u00e7\u00f5es especiais organizadas cada dia durante todo o m\u00eas. Este costume durou, sobretudo, durante o s\u00e9culo XIX e \u00e9 praticado at\u00e9 hoje. As formas nas quais Maria \u00e9 honrada em maio s\u00e3o t\u00e3o variadas como as pessoas que a honram.<br \/>\nAs par\u00f3quias costumam rezar no m\u00eas de maio uma ora\u00e7\u00e3o di\u00e1ria do Ter\u00e7o e muitas preparam um altar especial com um quadro ou uma imagem de Maria neste ano com altera\u00e7\u00f5es na forma de celebrar por conta da apandemia de Covid-19. Al\u00e9m disso, trata-se de uma grande tradi\u00e7\u00e3o a coroa\u00e7\u00e3o de Nossa Senhora, um costume conhecido como Coroa\u00e7\u00e3o de Maio. Normalmente, a coroa \u00e9 feita de lindas flores que representam a beleza e a virtude de Maria e tamb\u00e9m lembra que os fi\u00e9is devem se esfor\u00e7ar para imitar suas virtudes. Em algumas regi\u00f5es, esta coroa\u00e7\u00e3o acontece em uma grande celebra\u00e7\u00e3o e, em geral, fora da Missa. Entretanto, os altares e coroa\u00e7\u00f5es neste m\u00eas n\u00e3o s\u00e3o apenas atividades \u201cda par\u00f3quia\u201d. Mas, o mesmo pode e deve ser feito nos lares, com o objetivo de participar mais plenamente na vida da Igreja. Deve-se separar um lugar especial para Maria, n\u00e3o por ser uma tradi\u00e7\u00e3o comemorada h\u00e1 muitos anos na Igreja ou pelas gra\u00e7as especiais que se pode alcan\u00e7ar, mas porque Maria \u00e9 nossa M\u00e3e, m\u00e3e de todo o mundo e porque se preocupa com todos n\u00f3s, intercedendo inclusive nos assuntos menores. Por isso, merece um m\u00eas inteiro para homenage\u00e1-la.<\/p>\n","protected":false},"excerpt":{"rendered":"<p>A Igreja Cat\u00f3lica dedica todo o m\u00eas de maio para honrar a Virgem Maria, M\u00e3e&#8230;<\/p>\n","protected":false},"author":1,"featured_media":11326,"comment_status":"open","ping_status":"open","sticky":false,"template":"","format":"standard","meta":{"_jetpack_memberships_contains_paid_content":false,"footnotes":"","jetpack_publicize_message":"","jetpack_publicize_feature_enabled":true,"jetpack_social_post_already_shared":true,"jetpack_social_options":{"image_generator_settings":{"template":"highway","default_image_id":0,"font":"","enabled":false},"version":2}},"categories":[1],"tags":[],"class_list":["post-11325","post","type-post","status-publish","format-standard","has-post-thumbnail","hentry","category-atualidade"],"jetpack_publicize_connections":[],"jetpack_featured_media_url":"https:\/\/correiodasemana.com\/site\/wp-content\/uploads\/2020\/05\/Em-2019-a-coroa\u00e7\u00e3o-de-Nossa-Senhora-no-Boulevad-do-Arco-em-Sobral-atraiu-centenas-de-pessoas.jpg","jetpack-related-posts":[{"id":11442,"url":"https:\/\/correiodasemana.com\/site\/sabado-una-se-ao-papa-para-a-oracao-do-terco-nos-jardins-vaticanos\/","url_meta":{"origin":11325,"position":0},"title":"S\u00e1bado, una-se ao Papa para a ora\u00e7\u00e3o do Ter\u00e7o nos Jardins Vaticanos","author":"","date":"Maio 26, 2020","format":false,"excerpt":"Direto da Gruta de Lourdes, nos Jardins Vaticanos, o Papa Francisco rezar\u00e1 o Ter\u00e7o na conclus\u00e3o do m\u00eas mariano para pedir a consola\u00e7\u00e3o de Nossa Senhora para enfrentar a pandemia. No pr\u00f3ximo dia 30 de maio, os cat\u00f3licos t\u00eam um encontro marcado com o Papa Francisco. No encerramento do m\u00eas\u2026","rel":"","context":"In &quot;Atualidade&quot;","block_context":{"text":"Atualidade","link":"https:\/\/correiodasemana.com\/site\/category\/atualidade\/"},"img":{"alt_text":"","src":"https:\/\/i0.wp.com\/correiodasemana.com\/site\/wp-content\/uploads\/2020\/05\/005A6CB6-B989-4360-96A0-ED4862D8FE39.jpeg?resize=350%2C200&ssl=1","width":350,"height":200,"srcset":"https:\/\/i0.wp.com\/correiodasemana.com\/site\/wp-content\/uploads\/2020\/05\/005A6CB6-B989-4360-96A0-ED4862D8FE39.jpeg?resize=350%2C200&ssl=1 1x, https:\/\/i0.wp.com\/correiodasemana.com\/site\/wp-content\/uploads\/2020\/05\/005A6CB6-B989-4360-96A0-ED4862D8FE39.jpeg?resize=525%2C300&ssl=1 1.5x, https:\/\/i0.wp.com\/correiodasemana.com\/site\/wp-content\/uploads\/2020\/05\/005A6CB6-B989-4360-96A0-ED4862D8FE39.jpeg?resize=700%2C400&ssl=1 2x"},"classes":[]},{"id":24503,"url":"https:\/\/correiodasemana.com\/site\/mes-mariano-grupos-rezam-o-santo-terco-no-arco-de-nossa-senhora-de-fatima-durante-o-mes-de-maio\/","url_meta":{"origin":11325,"position":1},"title":"M\u00eas Mariano: Grupos rezam o Santo Ter\u00e7o no Arco de Nossa Senhora de F\u00e1tima durante o m\u00eas de maio","author":"adminredacao","date":"Maio 8, 2023","format":false,"excerpt":"A S\u00c9 Catedral de Nossa Senhora da Concei\u00e7\u00e3o juntamente com toda a par\u00f3quia, iniciou no dia 01\/05 o Santo Ter\u00e7o na Boullevard do Arco com a participa\u00e7\u00e3o dos grupos, pastorais, movimentos, novas comunidades e par\u00f3quias da Regi\u00e3o Sede, bem como devotos de Nossa Senhora. Maio \u00e9 o M\u00eas Mariano, dedicado\u2026","rel":"","context":"In &quot;Atualidade&quot;","block_context":{"text":"Atualidade","link":"https:\/\/correiodasemana.com\/site\/category\/atualidade\/"},"img":{"alt_text":"","src":"https:\/\/i0.wp.com\/correiodasemana.com\/site\/wp-content\/uploads\/2023\/05\/WhatsApp-Image-2023-05-05-at-18.07.31.jpeg?resize=350%2C200&ssl=1","width":350,"height":200,"srcset":"https:\/\/i0.wp.com\/correiodasemana.com\/site\/wp-content\/uploads\/2023\/05\/WhatsApp-Image-2023-05-05-at-18.07.31.jpeg?resize=350%2C200&ssl=1 1x, https:\/\/i0.wp.com\/correiodasemana.com\/site\/wp-content\/uploads\/2023\/05\/WhatsApp-Image-2023-05-05-at-18.07.31.jpeg?resize=525%2C300&ssl=1 1.5x, https:\/\/i0.wp.com\/correiodasemana.com\/site\/wp-content\/uploads\/2023\/05\/WhatsApp-Image-2023-05-05-at-18.07.31.jpeg?resize=700%2C400&ssl=1 2x, https:\/\/i0.wp.com\/correiodasemana.com\/site\/wp-content\/uploads\/2023\/05\/WhatsApp-Image-2023-05-05-at-18.07.31.jpeg?resize=1050%2C600&ssl=1 3x, https:\/\/i0.wp.com\/correiodasemana.com\/site\/wp-content\/uploads\/2023\/05\/WhatsApp-Image-2023-05-05-at-18.07.31.jpeg?resize=1400%2C800&ssl=1 4x"},"classes":[]},{"id":13906,"url":"https:\/\/correiodasemana.com\/site\/papa-convida-a-rezar-o-rosario-em-outubro-em-familia-na-comunidade-e-ate-pela-internet\/","url_meta":{"origin":11325,"position":2},"title":"Papa convida a rezar o ros\u00e1rio em outubro: em fam\u00edlia, na comunidade e at\u00e9 pela internet","author":"","date":"Outubro 4, 2020","format":false,"excerpt":"Na Audi\u00eancia Geral desta quarta-feira (30) o Pont\u00edfice renovou o convite para sermos fi\u00e9is ao costume de rezar o ter\u00e7o, sobretudo no m\u00eas de outubro, tradicionalmente dedicado a Nossa Senhora do Ros\u00e1rio. Em maio, o Papa j\u00e1 indicava esse caminho para a ora\u00e7\u00e3o, sugerindo a busca na internet para \u201cbons\u2026","rel":"","context":"In &quot;Atualidade&quot;","block_context":{"text":"Atualidade","link":"https:\/\/correiodasemana.com\/site\/category\/atualidade\/"},"img":{"alt_text":"","src":"https:\/\/i0.wp.com\/correiodasemana.com\/site\/wp-content\/uploads\/2018\/03\/papa-maria.jpeg?resize=350%2C200&ssl=1","width":350,"height":200,"srcset":"https:\/\/i0.wp.com\/correiodasemana.com\/site\/wp-content\/uploads\/2018\/03\/papa-maria.jpeg?resize=350%2C200&ssl=1 1x, https:\/\/i0.wp.com\/correiodasemana.com\/site\/wp-content\/uploads\/2018\/03\/papa-maria.jpeg?resize=525%2C300&ssl=1 1.5x, https:\/\/i0.wp.com\/correiodasemana.com\/site\/wp-content\/uploads\/2018\/03\/papa-maria.jpeg?resize=700%2C400&ssl=1 2x"},"classes":[]},{"id":30969,"url":"https:\/\/correiodasemana.com\/site\/mes-do-rosario\/","url_meta":{"origin":11325,"position":3},"title":"M\u00eas do Ros\u00e1rio\u00a0","author":"adminredacao","date":"Outubro 8, 2024","format":false,"excerpt":"A Igreja dedica o m\u00eas de outubro \u00e0s miss\u00f5es e ao ros\u00e1rio, porque no dia 1\u00ba de outubro a Igreja celebrou a mem\u00f3ria lit\u00fargica de Santa Teresinha do Menino Jesus, padroeira das miss\u00f5es, e no dia 7 celebra Nossa Senhora do Ros\u00e1rio. A miss\u00e3o se faz com o ter\u00e7o na\u2026","rel":"","context":"In &quot;A voz do Pastor&quot;","block_context":{"text":"A voz do Pastor","link":"https:\/\/correiodasemana.com\/site\/category\/a-voz-do-pastor\/"},"img":{"alt_text":"","src":"https:\/\/i0.wp.com\/correiodasemana.com\/site\/wp-content\/uploads\/2024\/04\/Dom-Jose-Luiz-Gomes-Vasconcelos-bispo-diocesano-de-Sobral.jpeg?resize=350%2C200&ssl=1","width":350,"height":200,"srcset":"https:\/\/i0.wp.com\/correiodasemana.com\/site\/wp-content\/uploads\/2024\/04\/Dom-Jose-Luiz-Gomes-Vasconcelos-bispo-diocesano-de-Sobral.jpeg?resize=350%2C200&ssl=1 1x, https:\/\/i0.wp.com\/correiodasemana.com\/site\/wp-content\/uploads\/2024\/04\/Dom-Jose-Luiz-Gomes-Vasconcelos-bispo-diocesano-de-Sobral.jpeg?resize=525%2C300&ssl=1 1.5x, https:\/\/i0.wp.com\/correiodasemana.com\/site\/wp-content\/uploads\/2024\/04\/Dom-Jose-Luiz-Gomes-Vasconcelos-bispo-diocesano-de-Sobral.jpeg?resize=700%2C400&ssl=1 2x, https:\/\/i0.wp.com\/correiodasemana.com\/site\/wp-content\/uploads\/2024\/04\/Dom-Jose-Luiz-Gomes-Vasconcelos-bispo-diocesano-de-Sobral.jpeg?resize=1050%2C600&ssl=1 3x"},"classes":[]},{"id":19943,"url":"https:\/\/correiodasemana.com\/site\/coroacao-de-nossa-senhora-encerra-mes-mariano-na-diocese-de-sobral\/","url_meta":{"origin":11325,"position":4},"title":"Coroa\u00e7\u00e3o de Nossa Senhora encerra m\u00eas mariano na Diocese de Sobral","author":"","date":"Junho 6, 2022","format":false,"excerpt":"(Thais Helena \u2013 Reda\u00e7\u00e3o Correio da Semana) Com a Solenidade da Visita\u00e7\u00e3o de Nossa Senhora no dia 31 de maio, a Diocese de Sobral finalizou o m\u00eas mariano com o rito da Coroa\u00e7\u00e3o de Nossa Senhora no Arco de Nossa Senhora de F\u00e1tima, em Sobral. Inicialmente houve o Santo Ter\u00e7o\u2026","rel":"","context":"In &quot;Atualidade&quot;","block_context":{"text":"Atualidade","link":"https:\/\/correiodasemana.com\/site\/category\/atualidade\/"},"img":{"alt_text":"","src":"https:\/\/i0.wp.com\/correiodasemana.com\/site\/wp-content\/uploads\/2022\/06\/FB_IMG_1654220102924.jpg?resize=350%2C200&ssl=1","width":350,"height":200,"srcset":"https:\/\/i0.wp.com\/correiodasemana.com\/site\/wp-content\/uploads\/2022\/06\/FB_IMG_1654220102924.jpg?resize=350%2C200&ssl=1 1x, https:\/\/i0.wp.com\/correiodasemana.com\/site\/wp-content\/uploads\/2022\/06\/FB_IMG_1654220102924.jpg?resize=525%2C300&ssl=1 1.5x, https:\/\/i0.wp.com\/correiodasemana.com\/site\/wp-content\/uploads\/2022\/06\/FB_IMG_1654220102924.jpg?resize=700%2C400&ssl=1 2x"},"classes":[]},{"id":16437,"url":"https:\/\/correiodasemana.com\/site\/eu-sou-a-videira-e-vos-os-ramos\/","url_meta":{"origin":11325,"position":5},"title":"EU SOU A VIDEIRA E V\u00d3S OS RAMOS","author":"","date":"Maio 10, 2021","format":false,"excerpt":"Continuamos nossa caminhada de celebra\u00e7\u00e3o das alegrias pascais, celebrando neste final de semana o 5\u00ba Domingo da P\u00e1scoa, o primeiro do m\u00eas de maio: Jesus, vencedor do pecado e da morte, traz a vida nova a todos aqueles a quem concede a gra\u00e7a de tornar-se Filhos de Deus. Isto \u00e9\u2026","rel":"","context":"In &quot;A voz do Pastor&quot;","block_context":{"text":"A voz do Pastor","link":"https:\/\/correiodasemana.com\/site\/category\/a-voz-do-pastor\/"},"img":{"alt_text":"","src":"https:\/\/i0.wp.com\/correiodasemana.com\/site\/wp-content\/uploads\/2019\/07\/Dom-Vasconcelos-posses.jpg?resize=350%2C200&ssl=1","width":350,"height":200,"srcset":"https:\/\/i0.wp.com\/correiodasemana.com\/site\/wp-content\/uploads\/2019\/07\/Dom-Vasconcelos-posses.jpg?resize=350%2C200&ssl=1 1x, https:\/\/i0.wp.com\/correiodasemana.com\/site\/wp-content\/uploads\/2019\/07\/Dom-Vasconcelos-posses.jpg?resize=525%2C300&ssl=1 1.5x, https:\/\/i0.wp.com\/correiodasemana.com\/site\/wp-content\/uploads\/2019\/07\/Dom-Vasconcelos-posses.jpg?resize=700%2C400&ssl=1 2x"},"classes":[]}],"jetpack_sharing_enabled":true,"_links":{"self":[{"href":"https:\/\/correiodasemana.com\/site\/wp-json\/wp\/v2\/posts\/11325","targetHints":{"allow":["GET"]}}],"collection":[{"href":"https:\/\/correiodasemana.com\/site\/wp-json\/wp\/v2\/posts"}],"about":[{"href":"https:\/\/correiodasemana.com\/site\/wp-json\/wp\/v2\/types\/post"}],"author":[{"embeddable":true,"href":"https:\/\/correiodasemana.com\/site\/wp-json\/wp\/v2\/users\/1"}],"replies":[{"embeddable":true,"href":"https:\/\/correiodasemana.com\/site\/wp-json\/wp\/v2\/comments?post=11325"}],"version-history":[{"count":1,"href":"https:\/\/correiodasemana.com\/site\/wp-json\/wp\/v2\/posts\/11325\/revisions"}],"predecessor-version":[{"id":11327,"href":"https:\/\/correiodasemana.com\/site\/wp-json\/wp\/v2\/posts\/11325\/revisions\/11327"}],"wp:featuredmedia":[{"embeddable":true,"href":"https:\/\/correiodasemana.com\/site\/wp-json\/wp\/v2\/media\/11326"}],"wp:attachment":[{"href":"https:\/\/correiodasemana.com\/site\/wp-json\/wp\/v2\/media?parent=11325"}],"wp:term":[{"taxonomy":"category","embeddable":true,"href":"https:\/\/correiodasemana.com\/site\/wp-json\/wp\/v2\/categories?post=11325"},{"taxonomy":"post_tag","embeddable":true,"href":"https:\/\/correiodasemana.com\/site\/wp-json\/wp\/v2\/tags?post=11325"}],"curies":[{"name":"wp","href":"https:\/\/api.w.org\/{rel}","templated":true}]}}