{"id":11328,"date":"2020-05-07T02:49:23","date_gmt":"2020-05-07T02:49:23","guid":{"rendered":"https:\/\/correiodasemana.com\/site\/?p=11328"},"modified":"2020-05-07T02:49:23","modified_gmt":"2020-05-07T02:49:23","slug":"politica-em-evidencia-27","status":"publish","type":"post","link":"https:\/\/correiodasemana.com\/site\/politica-em-evidencia-27\/","title":{"rendered":"Pol\u00edtica em Evid\u00eancia"},"content":{"rendered":"<p>Depois de um per\u00edodo sem contato com os amigos leitores, excepcionalmente estamos voltando e abra\u00e7ando os nossos leitores, que estavam com saudade do nosso jornal Correio da Semana. Por solicita\u00e7\u00e3o da dire\u00e7\u00e3o do nosso seman\u00e1rio, estamos escrevendo a nossa coluna Pol\u00edtica em Evid\u00eancia, procurando atualiz\u00e1-lo do que est\u00e1 acontecendo em Sobral e na Regi\u00e3o Noroeste do Cear\u00e1.<\/p>\n<p>O prefeito Ivo Gomes enviou na \u00faltima segunda-feira (27\/04) projeto de lei para C\u00e2mara de Vereadores, estabelecendo diretrizes para o corte de gastos do poder p\u00fablico municipal em decorr\u00eancia da situa\u00e7\u00e3o de emerg\u00eancia e calamidade p\u00fablica para o enfrentamento ao coronav\u00edrus. O objetivo \u00e9 fazer um contingenciamento das despesas da Prefeitura, que teve forte queda em sua arrecada\u00e7\u00e3o, de forma a conseguir equilibrar suas contas e evitar demiss\u00f5es. O projeto de lei prev\u00ea, dentre outras coisas, reduzir os valores de cargos comissionados e gratifica\u00e7\u00f5es de servidores.<\/p>\n<p>O presidente da C\u00e2mara de Sobral, Carlos do Calisto (PDT), esteve recebendo na segunda-feira (27), os parab\u00e9ns por parte dos in\u00fameros amigos, pelo transcurso de seu anivers\u00e1rio. Aproveitamos e mandamos votos de feliz anivers\u00e1rio, do Carlos do Calisto, e o \u201cPol\u00edtica em Evid\u00eancia\u201d, deseja votos de muita sa\u00fade felicidades mil com a fam\u00edlia. Parab\u00e9ns, Carlos!.<\/p>\n<p>O Prefeito de Meruoca, Ant\u00f4nio Fonteles em conjunto com a Secretaria de Educa\u00e7\u00e3o, iniciou a distribui\u00e7\u00e3o para todos os alunos da rede p\u00fablica de ensino, sem exce\u00e7\u00e3o, desde a segunda-feira (27\/04), os kits de alimentos. A entrega est\u00e1 sendo realizada nas escolas, e seguir\u00e3o medidas necess\u00e1rias de preven\u00e7\u00e3o ao covid-19 e os pais ou respons\u00e1veis dos estudantes devem seguir as seguintes orienta\u00e7\u00f5es: Apresentar documento original com foto; n\u00e3o levar crian\u00e7a; apenas um respons\u00e1vel dever\u00e1 receber e usar m\u00e1scara.<\/p>\n<p>O deputado federal, Le\u00f4nidas Cristino (PDT), anunciando a aprova\u00e7\u00e3o na C\u00e2mara Federal, do Projeto de Lei que permite que os saldos financeiros de repasses federais, possam ser usados por Estados e Munic\u00edpios exclusivamente no enfrentamento do Covid-19. Usando as m\u00eddias sociais, o deputado federal Le\u00f4nidas Cristino, escreveu:\u00a0\u201cRepasses federais apurados at\u00e9 dezembro de 2019 do Fundo do Sistema \u00danico de Assist\u00eancia Social (SUAS) podem ser usados por cada ente da Federa\u00e7\u00e3o (Estados e Munic\u00edpios). Esses recursos (R$ 1,5 bilh\u00e3o) ser\u00e3o liberados exclusivamente para o enfrentamento da Covid-19\u201d.<br \/>\nO presidente do legislativo de Meruoca, Mard\u00f4nio Cavalcante (PDT), apresentou em Sess\u00e3o Virtual da C\u00e2mara Municipal, uma Mo\u00e7\u00e3o de pesar e outra de aplauso. A Mo\u00e7\u00e3o de Pesar apresentada pelo presidente e aprovado pelo plen\u00e1rio virtual, foi endere\u00e7ado \u00e0 fam\u00edlia enlutada do Sr. Jo\u00e3o Batista Tomaz (Dr. Batista), que faleceu dia 21 de Abril, ex-vereador, dentista do Munic\u00edpio de Meruoca. J\u00e1 a Mo\u00e7\u00e3o de Aplauso foi endere\u00e7ado ao Sr. Elton de Melo Nascimento, pela progress\u00e3o acad\u00eamica, Doutorado na Universidade Estadual de Maring\u00e1.<\/p>\n<p>O prefeito Joaquim do Quinca pede a popula\u00e7\u00e3o de Alc\u00e2ntaras para obedecerem aos hor\u00e1rios de atendimento da loteria e que s\u00f3 se dirijam ao estabelecimento se for para resolver alguma coisa. Usando as redes sociais, o prefeito Joaquinzim escreveu:\u00a0\u201cVamos nos atentar, e obedecer aos hor\u00e1rios de atendimento nas lot\u00e9ricas. Pe\u00e7o que se encaminhem ao estabelecimento somente se realmente necess\u00e1rio, e dentro do hor\u00e1rio destinado ao p\u00fablico no qual voc\u00ea se encaixa. O objetivo da decis\u00e3o \u00e9 evitar aglomera\u00e7\u00f5es e proteger nossos cidad\u00e3os\u201d.<\/p>\n<p>O secret\u00e1rio de Finan\u00e7as da prefeitura de Massap\u00ea, Alex Oliveira, anunciou que se submeteu ao teste do Covid-19 e o resultado foi negativo. Ao saber do resultado, Alex Oliveira, divulgou em sua rede social e a imprensa:\u00a0\u201cPassando para informar aos amigos que estavam preocupados e apreensivos com meu estado de sa\u00fade, que hoje pela manh\u00e3 me submeti ao teste do covid-19, e o resultado felizmente foi negativo. Agrade\u00e7o a preocupa\u00e7\u00e3o e o cuidado que tiveram comigo, ao passo que solicito que continuemos atentos e em casa! At\u00e9 aqui, Deus vem nos protegendo! Logo tudo isso ir\u00e1 passar!\u201d.<\/p>\n","protected":false},"excerpt":{"rendered":"<p>Depois de um per\u00edodo sem contato com os amigos leitores, excepcionalmente estamos voltando e abra\u00e7ando&#8230;<\/p>\n","protected":false},"author":1,"featured_media":8594,"comment_status":"open","ping_status":"open","sticky":false,"template":"","format":"standard","meta":{"_jetpack_memberships_contains_paid_content":false,"footnotes":"","jetpack_publicize_message":"","jetpack_publicize_feature_enabled":true,"jetpack_social_post_already_shared":true,"jetpack_social_options":{"image_generator_settings":{"template":"highway","default_image_id":0,"font":"","enabled":false},"version":2}},"categories":[11,48],"tags":[],"class_list":["post-11328","post","type-post","status-publish","format-standard","has-post-thumbnail","hentry","category-artigos","category-politica-em-evidencia"],"jetpack_publicize_connections":[],"jetpack_featured_media_url":"https:\/\/correiodasemana.com\/site\/wp-content\/uploads\/2019\/08\/urna_lecr-e1447217261594.jpg","jetpack-related-posts":[{"id":16831,"url":"https:\/\/correiodasemana.com\/site\/politica-em-evidencia-67\/","url_meta":{"origin":11328,"position":0},"title":"Pol\u00edtica em Evid\u00eancia","author":"","date":"Junho 27, 2021","format":false,"excerpt":"A Prefeitura de Sobral est\u00e1 oferecendo um atendimento de qualidade \u00e0 popula\u00e7\u00e3o, disponibilizando\u00a0servi\u00e7os ao cidad\u00e3o por meio do espa\u00e7o do Vapt Vupt, localizado na\u00a0Rua Cel. Jos\u00e9 Silvestre,\u00a0Centro (pr\u00f3ximo ao Mercado P\u00fablico).\u00a0Os atendimentos acontecem de segunda a sexta-feira, das 14h \u00e0s 17h, exclusivamente por agendamento. Para acessar os servi\u00e7os disponibilizados e\u2026","rel":"","context":"In &quot;Artigos&quot;","block_context":{"text":"Artigos","link":"https:\/\/correiodasemana.com\/site\/category\/artigos\/"},"img":{"alt_text":"","src":"","width":0,"height":0},"classes":[]},{"id":16743,"url":"https:\/\/correiodasemana.com\/site\/politica-em-evidencia-65\/","url_meta":{"origin":11328,"position":1},"title":"Pol\u00edtica em Evid\u00eancia","author":"","date":"Junho 14, 2021","format":false,"excerpt":"Depois de um certo tempo havendo somente Sess\u00e3o Ordin\u00e1ria Virtual por conta davpandrmia do coronavirus, presidente da C\u00e2mara de Sobral, Paulo Albuquerque (Paul\u00e3o ), comandou na segunda-feira (7), Sess\u00e3o Hibrida, com edis presentes no plen\u00e1rio 5 de Julho e outros em casa atrav\u00e9s de forma virtual. \u201cAos poucos estamos voltando\u2026","rel":"","context":"In &quot;Artigos&quot;","block_context":{"text":"Artigos","link":"https:\/\/correiodasemana.com\/site\/category\/artigos\/"},"img":{"alt_text":"","src":"","width":0,"height":0},"classes":[]},{"id":15952,"url":"https:\/\/correiodasemana.com\/site\/politica-em-evidencia-57\/","url_meta":{"origin":11328,"position":2},"title":"Pol\u00edtica em Evid\u00eancia","author":"","date":"Mar\u00e7o 14, 2021","format":false,"excerpt":"O prefeito de Sobral, Ivo Gomes, anunciando que est\u00e1\u00a0 surgindo uma nova avenida entre os Bairros Belchior a Cohab no Sinh\u00e1 Saboia, que vai se chamar de Avenida Servidor P\u00fablico, com pista dupla, ilumina\u00e7\u00e3o de LED e arboriza\u00e7\u00e3o. Deputado federal, Le\u00f4nidas Cristino, anunciando que \u00e9\u00a0 a favor do Aux\u00edlio Emergencial\u2026","rel":"","context":"In &quot;Artigos&quot;","block_context":{"text":"Artigos","link":"https:\/\/correiodasemana.com\/site\/category\/artigos\/"},"img":{"alt_text":"","src":"","width":0,"height":0},"classes":[]},{"id":17962,"url":"https:\/\/correiodasemana.com\/site\/politica-em-evidencia-84\/","url_meta":{"origin":11328,"position":3},"title":"Pol\u00edtica em Evid\u00eancia","author":"","date":"Novembro 7, 2021","format":false,"excerpt":"Pensando na melhoria da mobilidade\u00a0para os ciclistas do munic\u00edpio,\u00a0 a prefeitura de Sobral est\u00e1 preparando\u00a0a Ciclovia Pedro Mendes Carneiro Filho (Lela), localizada nos Bairros Junco e Parque Silvana, para inaugura\u00e7\u00e3o neste m\u00eas de novembro.\u00a0Pensando na melhoria da mobilidade\u00a0 para os ciclistas do munic\u00edpio,\u00a0 a prefeitura de Sobral est\u00e1 preparando a\u2026","rel":"","context":"In &quot;Artigos&quot;","block_context":{"text":"Artigos","link":"https:\/\/correiodasemana.com\/site\/category\/artigos\/"},"img":{"alt_text":"","src":"","width":0,"height":0},"classes":[]},{"id":9219,"url":"https:\/\/correiodasemana.com\/site\/politica-em-evidencia-9\/","url_meta":{"origin":11328,"position":4},"title":"Pol\u00edtica em Evid\u00eancia","author":"","date":"Setembro 23, 2019","format":false,"excerpt":"Prefeito Ivo Gomes e a vice-prefeita, Christianne Coelho, receberam no pa\u00e7o municipal, Denise Aguiar, secret\u00e1ria executiva de Pol\u00edtica para as Mulheres da Secretaria de Prote\u00e7\u00e3o Social, Justi\u00e7a, Cidadania, Mulheres e Direitos Humanos (SPS), do Estado do Cear\u00e1, e Lia Gomes, secret\u00e1ria executiva de Cidadania e Direitos Humanos da SPS. Na\u2026","rel":"","context":"In &quot;Artigos&quot;","block_context":{"text":"Artigos","link":"https:\/\/correiodasemana.com\/site\/category\/artigos\/"},"img":{"alt_text":"","src":"https:\/\/i0.wp.com\/correiodasemana.com\/site\/wp-content\/uploads\/2019\/08\/urna_lecr-e1447217261594.jpg?resize=350%2C200&ssl=1","width":350,"height":200,"srcset":"https:\/\/i0.wp.com\/correiodasemana.com\/site\/wp-content\/uploads\/2019\/08\/urna_lecr-e1447217261594.jpg?resize=350%2C200&ssl=1 1x, https:\/\/i0.wp.com\/correiodasemana.com\/site\/wp-content\/uploads\/2019\/08\/urna_lecr-e1447217261594.jpg?resize=525%2C300&ssl=1 1.5x, https:\/\/i0.wp.com\/correiodasemana.com\/site\/wp-content\/uploads\/2019\/08\/urna_lecr-e1447217261594.jpg?resize=700%2C400&ssl=1 2x, https:\/\/i0.wp.com\/correiodasemana.com\/site\/wp-content\/uploads\/2019\/08\/urna_lecr-e1447217261594.jpg?resize=1050%2C600&ssl=1 3x, https:\/\/i0.wp.com\/correiodasemana.com\/site\/wp-content\/uploads\/2019\/08\/urna_lecr-e1447217261594.jpg?resize=1400%2C800&ssl=1 4x"},"classes":[]},{"id":10956,"url":"https:\/\/correiodasemana.com\/site\/politica-em-evidencia-22\/","url_meta":{"origin":11328,"position":5},"title":"Pol\u00edtica em Evid\u00eancia","author":"","date":"Fevereiro 25, 2020","format":false,"excerpt":"O Prefeito de sobral Ivo Gomes ao tomar conhecimento do falecimento de um dos professores mais antigos de Sobral, Padre Osvaldo Chaves, se pronunciou em redes sociais, comentando sobre a grande perda para os sobralenses.\u00a0Deputado federal, Le\u00f4nidas Cristino e o ex-prefeito Clodoveu de Arruda, tamb\u00e9m prestaram homenagens a este grande\u2026","rel":"","context":"In &quot;Artigos&quot;","block_context":{"text":"Artigos","link":"https:\/\/correiodasemana.com\/site\/category\/artigos\/"},"img":{"alt_text":"","src":"https:\/\/i0.wp.com\/correiodasemana.com\/site\/wp-content\/uploads\/2019\/08\/urna_lecr-e1447217261594.jpg?resize=350%2C200&ssl=1","width":350,"height":200,"srcset":"https:\/\/i0.wp.com\/correiodasemana.com\/site\/wp-content\/uploads\/2019\/08\/urna_lecr-e1447217261594.jpg?resize=350%2C200&ssl=1 1x, https:\/\/i0.wp.com\/correiodasemana.com\/site\/wp-content\/uploads\/2019\/08\/urna_lecr-e1447217261594.jpg?resize=525%2C300&ssl=1 1.5x, https:\/\/i0.wp.com\/correiodasemana.com\/site\/wp-content\/uploads\/2019\/08\/urna_lecr-e1447217261594.jpg?resize=700%2C400&ssl=1 2x, https:\/\/i0.wp.com\/correiodasemana.com\/site\/wp-content\/uploads\/2019\/08\/urna_lecr-e1447217261594.jpg?resize=1050%2C600&ssl=1 3x, https:\/\/i0.wp.com\/correiodasemana.com\/site\/wp-content\/uploads\/2019\/08\/urna_lecr-e1447217261594.jpg?resize=1400%2C800&ssl=1 4x"},"classes":[]}],"jetpack_sharing_enabled":true,"_links":{"self":[{"href":"https:\/\/correiodasemana.com\/site\/wp-json\/wp\/v2\/posts\/11328","targetHints":{"allow":["GET"]}}],"collection":[{"href":"https:\/\/correiodasemana.com\/site\/wp-json\/wp\/v2\/posts"}],"about":[{"href":"https:\/\/correiodasemana.com\/site\/wp-json\/wp\/v2\/types\/post"}],"author":[{"embeddable":true,"href":"https:\/\/correiodasemana.com\/site\/wp-json\/wp\/v2\/users\/1"}],"replies":[{"embeddable":true,"href":"https:\/\/correiodasemana.com\/site\/wp-json\/wp\/v2\/comments?post=11328"}],"version-history":[{"count":1,"href":"https:\/\/correiodasemana.com\/site\/wp-json\/wp\/v2\/posts\/11328\/revisions"}],"predecessor-version":[{"id":11329,"href":"https:\/\/correiodasemana.com\/site\/wp-json\/wp\/v2\/posts\/11328\/revisions\/11329"}],"wp:featuredmedia":[{"embeddable":true,"href":"https:\/\/correiodasemana.com\/site\/wp-json\/wp\/v2\/media\/8594"}],"wp:attachment":[{"href":"https:\/\/correiodasemana.com\/site\/wp-json\/wp\/v2\/media?parent=11328"}],"wp:term":[{"taxonomy":"category","embeddable":true,"href":"https:\/\/correiodasemana.com\/site\/wp-json\/wp\/v2\/categories?post=11328"},{"taxonomy":"post_tag","embeddable":true,"href":"https:\/\/correiodasemana.com\/site\/wp-json\/wp\/v2\/tags?post=11328"}],"curies":[{"name":"wp","href":"https:\/\/api.w.org\/{rel}","templated":true}]}}