{"id":11330,"date":"2020-05-07T02:50:00","date_gmt":"2020-05-07T02:50:00","guid":{"rendered":"https:\/\/correiodasemana.com\/site\/?p=11330"},"modified":"2020-05-07T02:50:00","modified_gmt":"2020-05-07T02:50:00","slug":"sergio-moro-pede-demissao-do-governo-bolsonaro","status":"publish","type":"post","link":"https:\/\/correiodasemana.com\/site\/sergio-moro-pede-demissao-do-governo-bolsonaro\/","title":{"rendered":"Sergio Moro pede demiss\u00e3o do governo Bolsonaro"},"content":{"rendered":"<p>Correio da Semana<br \/>\nO Ministro da Justi\u00e7a e Seguran\u00e7a P\u00fablica, Sergio Moro, confirmou sua demiss\u00e3o do cargo na sexta-feira (24) logo ap\u00f3s a exonera\u00e7\u00e3o do diretor-geral da Pol\u00edcia Federal (PF) Maur\u00edcio Valeixo, indicado por Moro, ter sido publicada no Di\u00e1rio Oficial da Uni\u00e3o (DOU), assinado eletronicamente por Bolsonaro e, o agora ex-ministro da justi\u00e7a e seguran\u00e7a p\u00fablica. Moro deixa o governo Bolsonaro ap\u00f3s 16 meses, alegando interfer\u00eancias pol\u00edticas do presidente na PF.<br \/>\nEm coletiva de imprensa, Moro afirma ter sido surpreendido com a exonera\u00e7\u00e3o de Maur\u00edcio Valeixo. Ele ressalta que o diretor-geral da PF jamais pediu para deixar o posto e afirma n\u00e3o ter assinado a exonera\u00e7\u00e3o publicada no DOU. \u201cFiquei sabendo da exonera\u00e7\u00e3o pelo Di\u00e1rio Oficial. Ele n\u00e3o pediu exonera\u00e7\u00e3o. Fui surpreendido. Achei que foi ofensivo\u201d, disse o ex-ministro.<br \/>\nSergio Moro destaca que n\u00e3o haveria problema se a troca do diretor-geral da PF fosse baseada em um erro grave no desempenho de Valeixo, mas o presidente teria cogitado outros nomes de contato pessoal. \u201cMe disse, mais de uma vez, expressamente, que queria ter uma pessoa do contato pessoal dele, para quem ele pudesse ligar, colher informa\u00e7\u00f5es, que pudesse colher relat\u00f3rios de intelig\u00eancia. Este, realmente, n\u00e3o \u00e9 o papel da PF\u201d, relatou. Moro ainda pontuou a autonomia da Pol\u00edcia Federal durante a Lava Jato. \u201cImagina se durante a pr\u00f3pria Lava Jato, o ministro, diretor-geral, a ent\u00e3o presidente Dilma, o ex-presidente Luiz, ficassem ligando para a Superintend\u00eancia de Curitiba para colher informa\u00e7\u00f5es\u201d, disse no pronunciamento.<br \/>\nAinda na tarde de sexta-feira (24) Jair Messias Bolsonaro realizou um pronunciamento no Pal\u00e1cio do Planalto para contestar as acusa\u00e7\u00f5es de Moro a respeito de interfer\u00eancias pol\u00edticas na PF. \u201cAutonomia n\u00e3o \u00e9 sinal de soberania. A todos os ministros, e a ele tamb\u00e9m, falei do meu poder de veto. Os cargos-chaves teriam que passar pelas minhas m\u00e3os e eu daria o sinal verde ou n\u00e3o. Para todos os ministros, foi feito dessa maneira. Mais de 90% dos cargos que passaram pela minha m\u00e3o eu dei sinal verde\u201d, relata.<br \/>\nEm seu discurso, o presidente relatou que o ex-ministro da justi\u00e7a disse que s\u00f3 poderia ter uma troca do diretor da PF em novembro, quando ele o indicasse ao Supremo Tribunal. \u201cE mais, j\u00e1 que ele falou em algumas particularidades, mais de uma vez, o senhor Sergio Moro disse pra mim: \u2018voc\u00ea pode trocar o Valeixo, sim, mas em novembro, depois que o senhor me indicar para o Supremo Tribunal Federal\u2019. Me desculpa, mas n\u00e3o \u00e9 por a\u00ed, reconhe\u00e7o as suas qualidades, em chegando l\u00e1, se um dia chegar, pode fazer um bom trabalho, mas eu n\u00e3o troco\u201d, disse o presidente.<br \/>\nMinutos depois do pronunciamento, Moro contestou a informa\u00e7\u00e3o. \u201cA perman\u00eancia do Diretor Geral da PF, Maur\u00edcio Valeixo, nunca foi utilizada como moeda de troca para minha nomea\u00e7\u00e3o para o STF. Ali\u00e1s, se fosse esse o meu objetivo, teria concordado ontem com a substitui\u00e7\u00e3o do Diretor Geral da PF\u201d, escreveu o ex-ministro por meio de rede social.<br \/>\nSergio Moro se tornou um dos ministros de maior alcance popular do governo de Jair Bolsonaro por ser ex-juiz da Lava Jato.<\/p>\n","protected":false},"excerpt":{"rendered":"<p>Correio da Semana O Ministro da Justi\u00e7a e Seguran\u00e7a P\u00fablica, Sergio Moro, confirmou sua demiss\u00e3o&#8230;<\/p>\n","protected":false},"author":1,"featured_media":11331,"comment_status":"open","ping_status":"open","sticky":false,"template":"","format":"standard","meta":{"_jetpack_memberships_contains_paid_content":false,"footnotes":"","jetpack_publicize_message":"","jetpack_publicize_feature_enabled":true,"jetpack_social_post_already_shared":true,"jetpack_social_options":{"image_generator_settings":{"template":"highway","default_image_id":0,"font":"","enabled":false},"version":2}},"categories":[1],"tags":[],"class_list":["post-11330","post","type-post","status-publish","format-standard","has-post-thumbnail","hentry","category-atualidade"],"jetpack_publicize_connections":[],"jetpack_featured_media_url":"https:\/\/correiodasemana.com\/site\/wp-content\/uploads\/2020\/05\/WhatsApp-Image-2020-04-30-at-10.23.27.jpeg","jetpack-related-posts":[{"id":23103,"url":"https:\/\/correiodasemana.com\/site\/governo-federal-exonera-54-servidores-ligados-a-funai\/","url_meta":{"origin":11330,"position":0},"title":"Governo Federal exonera 54 servidores ligados a Funai","author":"","date":"Janeiro 25, 2023","format":false,"excerpt":"Ao todo, 11 coordenadores regionais foram dispensados da Sesai e 43 servidores de cargos regionais e nacionais da Funai; exonera\u00e7\u00f5es v\u00eam na esteira da declara\u00e7\u00e3o de emerg\u00eancia em sa\u00fade p\u00fablica no territ\u00f3rio Yanomami. Nesta segunda-feira, 23, o Di\u00e1rio Oficial da Uni\u00e3o (DOU) informou a exonera\u00e7\u00e3o de pelo menos 54 servidores\u2026","rel":"","context":"In &quot;Atualidade&quot;","block_context":{"text":"Atualidade","link":"https:\/\/correiodasemana.com\/site\/category\/atualidade\/"},"img":{"alt_text":"","src":"https:\/\/i0.wp.com\/correiodasemana.com\/site\/wp-content\/uploads\/2023\/01\/funai.webp?resize=350%2C200&ssl=1","width":350,"height":200,"srcset":"https:\/\/i0.wp.com\/correiodasemana.com\/site\/wp-content\/uploads\/2023\/01\/funai.webp?resize=350%2C200&ssl=1 1x, https:\/\/i0.wp.com\/correiodasemana.com\/site\/wp-content\/uploads\/2023\/01\/funai.webp?resize=525%2C300&ssl=1 1.5x, https:\/\/i0.wp.com\/correiodasemana.com\/site\/wp-content\/uploads\/2023\/01\/funai.webp?resize=700%2C400&ssl=1 2x, https:\/\/i0.wp.com\/correiodasemana.com\/site\/wp-content\/uploads\/2023\/01\/funai.webp?resize=1050%2C600&ssl=1 3x, https:\/\/i0.wp.com\/correiodasemana.com\/site\/wp-content\/uploads\/2023\/01\/funai.webp?resize=1400%2C800&ssl=1 4x"},"classes":[]},{"id":8514,"url":"https:\/\/correiodasemana.com\/site\/bolsonaro-diz-que-acao-de-hackers-e-atentado-grave-contra-o-brasil\/","url_meta":{"origin":11330,"position":1},"title":"Bolsonaro diz que a\u00e7\u00e3o de hackers \u00e9 atentado grave contra o Brasil","author":"","date":"Julho 30, 2019","format":false,"excerpt":"Na ter\u00e7a-feira (23), a PF deflagrou a chamada Opera\u00e7\u00e3o Spoofing, que apura a suspeita de crimes cibern\u00e9ticos Por\u00a0Ana Cristina Campos \u2013 Rep\u00f3rter da Ag\u00eancia Brasil O presidente\u00a0Jair Bolsonaro\u00a0disse na quinta-feira (25), em sua conta no Twitter, que a a\u00e7\u00e3o dos\u00a0hackers\u00a0que invadiram seu telefone celular \u00e9 \u201cum atentado grave contra o\u2026","rel":"","context":"In &quot;Atualidade&quot;","block_context":{"text":"Atualidade","link":"https:\/\/correiodasemana.com\/site\/category\/atualidade\/"},"img":{"alt_text":"","src":"https:\/\/i0.wp.com\/correiodasemana.com\/site\/wp-content\/uploads\/2019\/07\/vac_abr_0879230719.jpg?resize=350%2C200&ssl=1","width":350,"height":200,"srcset":"https:\/\/i0.wp.com\/correiodasemana.com\/site\/wp-content\/uploads\/2019\/07\/vac_abr_0879230719.jpg?resize=350%2C200&ssl=1 1x, https:\/\/i0.wp.com\/correiodasemana.com\/site\/wp-content\/uploads\/2019\/07\/vac_abr_0879230719.jpg?resize=525%2C300&ssl=1 1.5x, https:\/\/i0.wp.com\/correiodasemana.com\/site\/wp-content\/uploads\/2019\/07\/vac_abr_0879230719.jpg?resize=700%2C400&ssl=1 2x, https:\/\/i0.wp.com\/correiodasemana.com\/site\/wp-content\/uploads\/2019\/07\/vac_abr_0879230719.jpg?resize=1050%2C600&ssl=1 3x"},"classes":[]},{"id":28366,"url":"https:\/\/correiodasemana.com\/site\/bolsonaro-e-militares-sao-alvo-de-investigacao-da-policia-federal\/","url_meta":{"origin":11330,"position":2},"title":"Bolsonaro e militares s\u00e3o alvo de investiga\u00e7\u00e3o da Pol\u00edcia Federal","author":"adminredacao","date":"Fevereiro 15, 2024","format":false,"excerpt":"Medidas foram expedidas pelo ministro do STF Alexandre de Moraes Por Pedro Peduzzi - Rep\u00f3rter da Ag\u00eancia Brasil* - Bras\u00edlia A Opera\u00e7\u00e3o Tempus Veritatis\u00a0tem, como alvo, diversos militares que integraram o governo do ex-presidente Jair Bolsonaro.\u00a0Deflagrada nesta quinta-feira (8) pela Pol\u00edcia Federal (PF), a\u00a0opera\u00e7\u00e3o\u00a0investiga\u00a0a exist\u00eancia de suposta\u00a0organiza\u00e7\u00e3o criminosa\u00a0que teria atuado\u2026","rel":"","context":"In &quot;Atualidade&quot;","block_context":{"text":"Atualidade","link":"https:\/\/correiodasemana.com\/site\/category\/atualidade\/"},"img":{"alt_text":"","src":"https:\/\/i0.wp.com\/correiodasemana.com\/site\/wp-content\/uploads\/2024\/02\/9dc0edf7-bec0-486f-9bff-7db4a161f9b9.webp?resize=350%2C200&ssl=1","width":350,"height":200,"srcset":"https:\/\/i0.wp.com\/correiodasemana.com\/site\/wp-content\/uploads\/2024\/02\/9dc0edf7-bec0-486f-9bff-7db4a161f9b9.webp?resize=350%2C200&ssl=1 1x, https:\/\/i0.wp.com\/correiodasemana.com\/site\/wp-content\/uploads\/2024\/02\/9dc0edf7-bec0-486f-9bff-7db4a161f9b9.webp?resize=525%2C300&ssl=1 1.5x, https:\/\/i0.wp.com\/correiodasemana.com\/site\/wp-content\/uploads\/2024\/02\/9dc0edf7-bec0-486f-9bff-7db4a161f9b9.webp?resize=700%2C400&ssl=1 2x, https:\/\/i0.wp.com\/correiodasemana.com\/site\/wp-content\/uploads\/2024\/02\/9dc0edf7-bec0-486f-9bff-7db4a161f9b9.webp?resize=1050%2C600&ssl=1 3x"},"classes":[]},{"id":10919,"url":"https:\/\/correiodasemana.com\/site\/bolsonaro-autoriza-envio-das-forcas-armadas-para-o-ceara\/","url_meta":{"origin":11330,"position":3},"title":"Bolsonaro autoriza envio das For\u00e7as Armadas para o Cear\u00e1","author":"","date":"Fevereiro 25, 2020","format":false,"excerpt":"Por Ag\u00eancia Brasil O presidente Jair Bolsonaro assinou na quinta-feira (20) um decreto que autoriza o emprego das For\u00e7as Armadas no Cear\u00e1, a pedido do governador Camilo Santana. O estado vive uma crise na \u00e1rea de seguran\u00e7a p\u00fablica, agravada pela paralisa\u00e7\u00e3o de parte dos policiais militares, que est\u00e3o amotinados em\u2026","rel":"","context":"In &quot;Atualidade&quot;","block_context":{"text":"Atualidade","link":"https:\/\/correiodasemana.com\/site\/category\/atualidade\/"},"img":{"alt_text":"","src":"https:\/\/i0.wp.com\/correiodasemana.com\/site\/wp-content\/uploads\/2020\/02\/FOR%C3%87A-NACIONAL.jpg?resize=350%2C200&ssl=1","width":350,"height":200,"srcset":"https:\/\/i0.wp.com\/correiodasemana.com\/site\/wp-content\/uploads\/2020\/02\/FOR%C3%87A-NACIONAL.jpg?resize=350%2C200&ssl=1 1x, https:\/\/i0.wp.com\/correiodasemana.com\/site\/wp-content\/uploads\/2020\/02\/FOR%C3%87A-NACIONAL.jpg?resize=525%2C300&ssl=1 1.5x, https:\/\/i0.wp.com\/correiodasemana.com\/site\/wp-content\/uploads\/2020\/02\/FOR%C3%87A-NACIONAL.jpg?resize=700%2C400&ssl=1 2x, https:\/\/i0.wp.com\/correiodasemana.com\/site\/wp-content\/uploads\/2020\/02\/FOR%C3%87A-NACIONAL.jpg?resize=1050%2C600&ssl=1 3x"},"classes":[]},{"id":8785,"url":"https:\/\/correiodasemana.com\/site\/politica-em-evidencia-6\/","url_meta":{"origin":11330,"position":4},"title":"Pol\u00edtica em Evid\u00eancia","author":"","date":"Agosto 18, 2019","format":false,"excerpt":"Em discurso na C\u00e2mara Federal, o deputado Le\u00f4nidas Cristino citou a import\u00e2ncia da Companhia de G\u00e1s do Cear\u00e1 (CEG\u00c1S) e destacou que\u00a0\u201ctrata-se de uma empresa enxuta, com relevante participa\u00e7\u00e3o privada, que cresceu 14,5% em volume n\u00e3o-t\u00e9rmico no per\u00edodo 2017-2018, enquanto a m\u00e9dia de crescimento no Brasil foi de 2,8% no\u2026","rel":"","context":"In &quot;Artigos&quot;","block_context":{"text":"Artigos","link":"https:\/\/correiodasemana.com\/site\/category\/artigos\/"},"img":{"alt_text":"","src":"https:\/\/i0.wp.com\/correiodasemana.com\/site\/wp-content\/uploads\/2019\/08\/urna_lecr-e1447217261594.jpg?resize=350%2C200&ssl=1","width":350,"height":200,"srcset":"https:\/\/i0.wp.com\/correiodasemana.com\/site\/wp-content\/uploads\/2019\/08\/urna_lecr-e1447217261594.jpg?resize=350%2C200&ssl=1 1x, https:\/\/i0.wp.com\/correiodasemana.com\/site\/wp-content\/uploads\/2019\/08\/urna_lecr-e1447217261594.jpg?resize=525%2C300&ssl=1 1.5x, https:\/\/i0.wp.com\/correiodasemana.com\/site\/wp-content\/uploads\/2019\/08\/urna_lecr-e1447217261594.jpg?resize=700%2C400&ssl=1 2x, https:\/\/i0.wp.com\/correiodasemana.com\/site\/wp-content\/uploads\/2019\/08\/urna_lecr-e1447217261594.jpg?resize=1050%2C600&ssl=1 3x, https:\/\/i0.wp.com\/correiodasemana.com\/site\/wp-content\/uploads\/2019\/08\/urna_lecr-e1447217261594.jpg?resize=1400%2C800&ssl=1 4x"},"classes":[]},{"id":10932,"url":"https:\/\/correiodasemana.com\/site\/senador-cid-gomes-e-baleado-ao-tentar-entrar-no-batalhao-da-policia-militar\/","url_meta":{"origin":11330,"position":5},"title":"Senador Cid Gomes \u00e9 baleado ao tentar entrar no batalh\u00e3o da pol\u00edcia militar","author":"","date":"Fevereiro 25, 2020","format":false,"excerpt":"O senador licenciado Cid Gomes (PDT) foi baleado na \u00faltima quarta-feira (19) em Sobral, ao tentar ultrapassar com uma retroescavadeira um bloqueio do 3\u00ba Batalh\u00e3o da Pol\u00edcia Militar organizado por um grupo de policiais grevistas que reivindicavam aumento salarial. O boletim m\u00e9dico do Hospital do Cora\u00e7\u00e3o comunica que o senador\u2026","rel":"","context":"In &quot;Atualidade&quot;","block_context":{"text":"Atualidade","link":"https:\/\/correiodasemana.com\/site\/category\/atualidade\/"},"img":{"alt_text":"","src":"https:\/\/i0.wp.com\/correiodasemana.com\/site\/wp-content\/uploads\/2020\/02\/F94C4512-0C1E-4A20-9C0E-89B6FBF921FD.jpeg?resize=350%2C200&ssl=1","width":350,"height":200,"srcset":"https:\/\/i0.wp.com\/correiodasemana.com\/site\/wp-content\/uploads\/2020\/02\/F94C4512-0C1E-4A20-9C0E-89B6FBF921FD.jpeg?resize=350%2C200&ssl=1 1x, https:\/\/i0.wp.com\/correiodasemana.com\/site\/wp-content\/uploads\/2020\/02\/F94C4512-0C1E-4A20-9C0E-89B6FBF921FD.jpeg?resize=525%2C300&ssl=1 1.5x, https:\/\/i0.wp.com\/correiodasemana.com\/site\/wp-content\/uploads\/2020\/02\/F94C4512-0C1E-4A20-9C0E-89B6FBF921FD.jpeg?resize=700%2C400&ssl=1 2x"},"classes":[]}],"jetpack_sharing_enabled":true,"_links":{"self":[{"href":"https:\/\/correiodasemana.com\/site\/wp-json\/wp\/v2\/posts\/11330","targetHints":{"allow":["GET"]}}],"collection":[{"href":"https:\/\/correiodasemana.com\/site\/wp-json\/wp\/v2\/posts"}],"about":[{"href":"https:\/\/correiodasemana.com\/site\/wp-json\/wp\/v2\/types\/post"}],"author":[{"embeddable":true,"href":"https:\/\/correiodasemana.com\/site\/wp-json\/wp\/v2\/users\/1"}],"replies":[{"embeddable":true,"href":"https:\/\/correiodasemana.com\/site\/wp-json\/wp\/v2\/comments?post=11330"}],"version-history":[{"count":1,"href":"https:\/\/correiodasemana.com\/site\/wp-json\/wp\/v2\/posts\/11330\/revisions"}],"predecessor-version":[{"id":11332,"href":"https:\/\/correiodasemana.com\/site\/wp-json\/wp\/v2\/posts\/11330\/revisions\/11332"}],"wp:featuredmedia":[{"embeddable":true,"href":"https:\/\/correiodasemana.com\/site\/wp-json\/wp\/v2\/media\/11331"}],"wp:attachment":[{"href":"https:\/\/correiodasemana.com\/site\/wp-json\/wp\/v2\/media?parent=11330"}],"wp:term":[{"taxonomy":"category","embeddable":true,"href":"https:\/\/correiodasemana.com\/site\/wp-json\/wp\/v2\/categories?post=11330"},{"taxonomy":"post_tag","embeddable":true,"href":"https:\/\/correiodasemana.com\/site\/wp-json\/wp\/v2\/tags?post=11330"}],"curies":[{"name":"wp","href":"https:\/\/api.w.org\/{rel}","templated":true}]}}