{"id":11333,"date":"2020-05-07T02:50:52","date_gmt":"2020-05-07T02:50:52","guid":{"rendered":"https:\/\/correiodasemana.com\/site\/?p=11333"},"modified":"2020-05-07T02:50:52","modified_gmt":"2020-05-07T02:50:52","slug":"prefeito-ivo-gomes-decreta-uso-obrigatorio-de-mascaras-em-sobral","status":"publish","type":"post","link":"https:\/\/correiodasemana.com\/site\/prefeito-ivo-gomes-decreta-uso-obrigatorio-de-mascaras-em-sobral\/","title":{"rendered":"Prefeito Ivo Gomes decreta uso obrigat\u00f3rio de m\u00e1scaras em Sobral"},"content":{"rendered":"<p><strong>A medida come\u00e7a a valer a partir de segunda-feira (04\/05) e \u00e9 uma das a\u00e7\u00f5es de preven\u00e7\u00e3o \u00e0 Covid-19 no munic\u00edpio, seguindo orienta\u00e7\u00f5es da Organiza\u00e7\u00e3o Mundial da Sa\u00fade (OMS) e de \u00f3rg\u00e3os nacionais e estaduais de vigil\u00e2ncia sanit\u00e1ria<\/strong><\/p>\n<p>Assessoria da Prefeitura Municipal de Sobral<br \/>\nO prefeito Ivo Gomes decretou, nesta quinta-feira (30\/04), uso obrigat\u00f3rio de m\u00e1scaras faciais n\u00e3o profissionais (caseiras) em todo o territ\u00f3rio de Sobral. A medida come\u00e7a a valer a partir de segunda-feira (04\/05) e \u00e9 uma das a\u00e7\u00f5es de preven\u00e7\u00e3o \u00e0 Covid-19 no munic\u00edpio, seguindo orienta\u00e7\u00f5es da Organiza\u00e7\u00e3o Mundial da Sa\u00fade (OMS) e de \u00f3rg\u00e3os nacionais e estaduais de vigil\u00e2ncia sanit\u00e1ria.<br \/>\nDe acordo com o decreto, estabelecimentos comerciais, atividades essenciais, reparti\u00e7\u00f5es p\u00fablicas, assim como os bancos, lot\u00e9ricas e cong\u00eaneres, somente poder\u00e3o atender pessoas que estiverem utilizando m\u00e1scaras. Os estabelecimentos que descumprirem as determina\u00e7\u00f5es do decreto ficar\u00e3o sujeitos \u00e0 aplica\u00e7\u00e3o de multa no valor de R$ 10 mil, podendo, em caso de reincid\u00eancia, chegar ao patamar de R$ 50 mil.<br \/>\nA partir do dia 11 de maio de 2020, a medida ser\u00e1 estendida para todas as pessoas que circularem nas ruas de Sobral, mesmo que estejam no interior de ve\u00edculos automotores. Ser\u00e1 considerada circula\u00e7\u00e3o a perman\u00eancia do cidad\u00e3o em todo e qualquer ambiente que n\u00e3o seja sua resid\u00eancia oficial.<br \/>\nA Prefeitura ressalta que o novo decreto n\u00e3o flexibiliza nenhuma outra medida de enfrentamento \u00e0 Covid-19, devendo ser observadas as medidas j\u00e1 implementadas de isolamento social, como meio mais eficaz de combate \u00e0 dissemina\u00e7\u00e3o do coronav\u00edrus.<\/p>\n","protected":false},"excerpt":{"rendered":"<p>A medida come\u00e7a a valer a partir de segunda-feira (04\/05) e \u00e9 uma das a\u00e7\u00f5es&#8230;<\/p>\n","protected":false},"author":1,"featured_media":11334,"comment_status":"open","ping_status":"open","sticky":false,"template":"","format":"standard","meta":{"_jetpack_memberships_contains_paid_content":false,"footnotes":"","jetpack_publicize_message":"","jetpack_publicize_feature_enabled":true,"jetpack_social_post_already_shared":true,"jetpack_social_options":{"image_generator_settings":{"template":"highway","default_image_id":0,"font":"","enabled":false},"version":2}},"categories":[1],"tags":[],"class_list":["post-11333","post","type-post","status-publish","format-standard","has-post-thumbnail","hentry","category-atualidade"],"jetpack_publicize_connections":[],"jetpack_featured_media_url":"https:\/\/correiodasemana.com\/site\/wp-content\/uploads\/2020\/05\/WhatsApp-Image-2020-04-30-at-18.15.35-04.jpeg","jetpack-related-posts":[{"id":11787,"url":"https:\/\/correiodasemana.com\/site\/lei-estadual-determina-multa-para-quem-nao-usar-mascara-no-ceara\/","url_meta":{"origin":11333,"position":0},"title":"Lei estadual determina multa para quem n\u00e3o usar m\u00e1scara no Cear\u00e1","author":"","date":"Julho 13, 2020","format":false,"excerpt":"Desde o dia 11 de maio de 2020, a medida foi estendida para todas as pessoas que circularem nas ruas de Sobral, mesmo que estejam no interior de ve\u00edculos automotores. Ser\u00e1 considerada circula\u00e7\u00e3o a perman\u00eancia do cidad\u00e3o em todo e qualquer ambiente que n\u00e3o seja sua resid\u00eancia oficial. A lei\u00a0N\u00ba\u2026","rel":"","context":"In &quot;Atualidade&quot;","block_context":{"text":"Atualidade","link":"https:\/\/correiodasemana.com\/site\/category\/atualidade\/"},"img":{"alt_text":"","src":"https:\/\/i0.wp.com\/correiodasemana.com\/site\/wp-content\/uploads\/2020\/07\/106088497_1340560659483176_2222295279908822734_n.jpg?resize=350%2C200&ssl=1","width":350,"height":200,"srcset":"https:\/\/i0.wp.com\/correiodasemana.com\/site\/wp-content\/uploads\/2020\/07\/106088497_1340560659483176_2222295279908822734_n.jpg?resize=350%2C200&ssl=1 1x, https:\/\/i0.wp.com\/correiodasemana.com\/site\/wp-content\/uploads\/2020\/07\/106088497_1340560659483176_2222295279908822734_n.jpg?resize=525%2C300&ssl=1 1.5x, https:\/\/i0.wp.com\/correiodasemana.com\/site\/wp-content\/uploads\/2020\/07\/106088497_1340560659483176_2222295279908822734_n.jpg?resize=700%2C400&ssl=1 2x"},"classes":[]},{"id":11741,"url":"https:\/\/correiodasemana.com\/site\/politica-em-evidencia-29\/","url_meta":{"origin":11333,"position":1},"title":"Pol\u00edtica em Evid\u00eancia","author":"","date":"Julho 12, 2020","format":false,"excerpt":"Com a pandemia do coronav\u00edrus a nossa coluna ficou ausente, mais aos poucos estamos voltando, e lamentando as mortes dos muitos amigos leitores ou n\u00e3o que n\u00e3o resistiram essa doen\u00e7a. Com todo os esfor\u00e7os do prefeito Ivo Gomes, governador Camilo Santana, e o trabalho da secretaria da Sa\u00fade, poucos escaparam\u2026","rel":"","context":"In &quot;Artigos&quot;","block_context":{"text":"Artigos","link":"https:\/\/correiodasemana.com\/site\/category\/artigos\/"},"img":{"alt_text":"","src":"","width":0,"height":0},"classes":[]},{"id":19624,"url":"https:\/\/correiodasemana.com\/site\/ministro-oficializa-fim-de-emergencia-sanitaria\/","url_meta":{"origin":11333,"position":2},"title":"Ministro oficializa fim de emerg\u00eancia sanit\u00e1ria","author":"","date":"Abril 24, 2022","format":false,"excerpt":"Portaria ser\u00e1 publicada ainda hoje no Di\u00e1rio Oficial\u00a0 Por Jonas Valente \u2013 Rep\u00f3rter da Ag\u00eancia Brasil - Bras\u00edlia O ministro da Sa\u00fade, Marcelo Queiroga, assinou a portaria de encerramento da emerg\u00eancia de sa\u00fade p\u00fablica de interesse nacional da pandemia da covid-19, hoje (22). Essa condi\u00e7\u00e3o reconhecia a gravidade da pandemia\u2026","rel":"","context":"In &quot;Atualidade&quot;","block_context":{"text":"Atualidade","link":"https:\/\/correiodasemana.com\/site\/category\/atualidade\/"},"img":{"alt_text":"","src":"https:\/\/i0.wp.com\/correiodasemana.com\/site\/wp-content\/uploads\/2022\/04\/emergencia-sanitaria.jpg?resize=350%2C200&ssl=1","width":350,"height":200,"srcset":"https:\/\/i0.wp.com\/correiodasemana.com\/site\/wp-content\/uploads\/2022\/04\/emergencia-sanitaria.jpg?resize=350%2C200&ssl=1 1x, https:\/\/i0.wp.com\/correiodasemana.com\/site\/wp-content\/uploads\/2022\/04\/emergencia-sanitaria.jpg?resize=525%2C300&ssl=1 1.5x, https:\/\/i0.wp.com\/correiodasemana.com\/site\/wp-content\/uploads\/2022\/04\/emergencia-sanitaria.jpg?resize=700%2C400&ssl=1 2x, https:\/\/i0.wp.com\/correiodasemana.com\/site\/wp-content\/uploads\/2022\/04\/emergencia-sanitaria.jpg?resize=1050%2C600&ssl=1 3x"},"classes":[]},{"id":13376,"url":"https:\/\/correiodasemana.com\/site\/mais-de-16-mil-abordagens-foram-realizadas-em-acoes-educativas-e-de-fiscalizacao-para-o-uso-de-mascara-no-ceara\/","url_meta":{"origin":11333,"position":3},"title":"Mais de 16 mil abordagens foram realizadas em a\u00e7\u00f5es educativas e de fiscaliza\u00e7\u00e3o para o uso de m\u00e1scara no Cear\u00e1","author":"","date":"Setembro 7, 2020","format":false,"excerpt":"Por Joc\u00e9lio Tavares. - Com informa\u00e7\u00f5es do Governo do Estado do Cear\u00e1. A recomenda\u00e7\u00e3o de uso de m\u00e1scaras, sejam elas compradas ou caseiras, tem como base a prote\u00e7\u00e3o coletiva, uma vez que muitas pessoas est\u00e3o infectadas e ainda n\u00e3o apresentaram sintomas da doen\u00e7a. No Cear\u00e1, \u00e9 obrigat\u00f3rio usar o equipamento\u2026","rel":"","context":"In &quot;Atualidade&quot;","block_context":{"text":"Atualidade","link":"https:\/\/correiodasemana.com\/site\/category\/atualidade\/"},"img":{"alt_text":"","src":"https:\/\/i0.wp.com\/correiodasemana.com\/site\/wp-content\/uploads\/2020\/09\/Jornal-Correio-da-Semana-No-883-1.jpg?resize=350%2C200&ssl=1","width":350,"height":200,"srcset":"https:\/\/i0.wp.com\/correiodasemana.com\/site\/wp-content\/uploads\/2020\/09\/Jornal-Correio-da-Semana-No-883-1.jpg?resize=350%2C200&ssl=1 1x, https:\/\/i0.wp.com\/correiodasemana.com\/site\/wp-content\/uploads\/2020\/09\/Jornal-Correio-da-Semana-No-883-1.jpg?resize=525%2C300&ssl=1 1.5x"},"classes":[]},{"id":11290,"url":"https:\/\/correiodasemana.com\/site\/politica-em-evidencia-26\/","url_meta":{"origin":11333,"position":4},"title":"Pol\u00edtica em Evid\u00eancia","author":"","date":"Mar\u00e7o 24, 2020","format":false,"excerpt":"A Prefeitura de Sobral atrav\u00e9s da Secretaria da Sa\u00fade, reuniu ontem (18\/03), no audit\u00f3rio da Secretaria da Sa\u00fade, representantes de institui\u00e7\u00f5es e \u00f3rg\u00e3os, tanto do setor p\u00fablico quanto privado, para cria\u00e7\u00e3o do Centro de Opera\u00e7\u00f5es de Emerg\u00eancia em Sa\u00fade P\u00fablica.O Centro de Opera\u00e7\u00f5es ficar\u00e1 respons\u00e1vel pela coordena\u00e7\u00e3o das principais a\u00e7\u00f5es\u2026","rel":"","context":"In &quot;Artigos&quot;","block_context":{"text":"Artigos","link":"https:\/\/correiodasemana.com\/site\/category\/artigos\/"},"img":{"alt_text":"","src":"https:\/\/i0.wp.com\/correiodasemana.com\/site\/wp-content\/uploads\/2019\/08\/urna_lecr-e1447217261594.jpg?resize=350%2C200&ssl=1","width":350,"height":200,"srcset":"https:\/\/i0.wp.com\/correiodasemana.com\/site\/wp-content\/uploads\/2019\/08\/urna_lecr-e1447217261594.jpg?resize=350%2C200&ssl=1 1x, https:\/\/i0.wp.com\/correiodasemana.com\/site\/wp-content\/uploads\/2019\/08\/urna_lecr-e1447217261594.jpg?resize=525%2C300&ssl=1 1.5x, https:\/\/i0.wp.com\/correiodasemana.com\/site\/wp-content\/uploads\/2019\/08\/urna_lecr-e1447217261594.jpg?resize=700%2C400&ssl=1 2x, https:\/\/i0.wp.com\/correiodasemana.com\/site\/wp-content\/uploads\/2019\/08\/urna_lecr-e1447217261594.jpg?resize=1050%2C600&ssl=1 3x, https:\/\/i0.wp.com\/correiodasemana.com\/site\/wp-content\/uploads\/2019\/08\/urna_lecr-e1447217261594.jpg?resize=1400%2C800&ssl=1 4x"},"classes":[]},{"id":18091,"url":"https:\/\/correiodasemana.com\/site\/passaporte-vacinal-passa-a-ser-exigido-em-sobral-saiba-o-que-e-e-como-retirar-o-seu\/","url_meta":{"origin":11333,"position":5},"title":"Passaporte vacinal passa a ser exigido em Sobral; Saiba o que \u00e9 e como retirar o seu","author":"","date":"Novembro 22, 2021","format":false,"excerpt":"Por Samuel Carvalho Reda\u00e7\u00e3o Correio da Semana Durante a inaugura\u00e7\u00e3o de uma obra de mobilidade urbana, no bairro do Junco, Ivo Gomes (PDT) na \u00faltima semana, anunciou que todos os sobralenses devem ser obrigados a apresentar o comprovante do ciclo vacinal para ter acesso a espa\u00e7os p\u00fablicos e privados do\u2026","rel":"","context":"In &quot;Atualidade&quot;","block_context":{"text":"Atualidade","link":"https:\/\/correiodasemana.com\/site\/category\/atualidade\/"},"img":{"alt_text":"","src":"https:\/\/i0.wp.com\/correiodasemana.com\/site\/wp-content\/uploads\/2021\/11\/1_carta__o_vacinac__a__o_0-17443048.jpg?resize=350%2C200&ssl=1","width":350,"height":200,"srcset":"https:\/\/i0.wp.com\/correiodasemana.com\/site\/wp-content\/uploads\/2021\/11\/1_carta__o_vacinac__a__o_0-17443048.jpg?resize=350%2C200&ssl=1 1x, https:\/\/i0.wp.com\/correiodasemana.com\/site\/wp-content\/uploads\/2021\/11\/1_carta__o_vacinac__a__o_0-17443048.jpg?resize=525%2C300&ssl=1 1.5x, https:\/\/i0.wp.com\/correiodasemana.com\/site\/wp-content\/uploads\/2021\/11\/1_carta__o_vacinac__a__o_0-17443048.jpg?resize=700%2C400&ssl=1 2x"},"classes":[]}],"jetpack_sharing_enabled":true,"_links":{"self":[{"href":"https:\/\/correiodasemana.com\/site\/wp-json\/wp\/v2\/posts\/11333","targetHints":{"allow":["GET"]}}],"collection":[{"href":"https:\/\/correiodasemana.com\/site\/wp-json\/wp\/v2\/posts"}],"about":[{"href":"https:\/\/correiodasemana.com\/site\/wp-json\/wp\/v2\/types\/post"}],"author":[{"embeddable":true,"href":"https:\/\/correiodasemana.com\/site\/wp-json\/wp\/v2\/users\/1"}],"replies":[{"embeddable":true,"href":"https:\/\/correiodasemana.com\/site\/wp-json\/wp\/v2\/comments?post=11333"}],"version-history":[{"count":1,"href":"https:\/\/correiodasemana.com\/site\/wp-json\/wp\/v2\/posts\/11333\/revisions"}],"predecessor-version":[{"id":11335,"href":"https:\/\/correiodasemana.com\/site\/wp-json\/wp\/v2\/posts\/11333\/revisions\/11335"}],"wp:featuredmedia":[{"embeddable":true,"href":"https:\/\/correiodasemana.com\/site\/wp-json\/wp\/v2\/media\/11334"}],"wp:attachment":[{"href":"https:\/\/correiodasemana.com\/site\/wp-json\/wp\/v2\/media?parent=11333"}],"wp:term":[{"taxonomy":"category","embeddable":true,"href":"https:\/\/correiodasemana.com\/site\/wp-json\/wp\/v2\/categories?post=11333"},{"taxonomy":"post_tag","embeddable":true,"href":"https:\/\/correiodasemana.com\/site\/wp-json\/wp\/v2\/tags?post=11333"}],"curies":[{"name":"wp","href":"https:\/\/api.w.org\/{rel}","templated":true}]}}