{"id":11336,"date":"2020-05-07T02:51:46","date_gmt":"2020-05-07T02:51:46","guid":{"rendered":"https:\/\/correiodasemana.com\/site\/?p=11336"},"modified":"2020-05-07T02:51:46","modified_gmt":"2020-05-07T02:51:46","slug":"projeta-e-salve-vidas-leva-cestas-basicas-para-bairros-e-distritos-de-sobral","status":"publish","type":"post","link":"https:\/\/correiodasemana.com\/site\/projeta-e-salve-vidas-leva-cestas-basicas-para-bairros-e-distritos-de-sobral\/","title":{"rendered":"&#8220;Projeta e Salve Vidas&#8221; leva cestas b\u00e1sicas para bairros e distritos de Sobral"},"content":{"rendered":"<p><strong>O projeto nomeado de Projeta e Salve Vidas \u00e9 uma parceria entre a BB Seguridade, Banco BV e Banco do Brasil.<\/strong><\/p>\n<p>Na ter\u00e7a-feira (28) aconteceu a segunda etapa de entrega das cestas b\u00e1sicas, kits de limpeza e higiene pessoal para atendimento das fam\u00edlias em situa\u00e7\u00e3o de vulnerabilidade social afetadas pelos efeitos econ\u00f4micos negativos desencadeados pela pandemia do Covid-19.<br \/>\nO projeto nomeado de Projeta e Salve Vidas \u00e9 uma parceria entre a BB Seguridade, Banco BV e Banco do Brasil. O intuito \u00e9 apoiar a\u00e7\u00f5es de preven\u00e7\u00e3o e combate ao Covid-19. O projeto tamb\u00e9m conta com doa\u00e7\u00f5es volunt\u00e1rias de pessoas f\u00edsicas ou jur\u00eddicas por meio da conta corrente ou cart\u00e3o de cr\u00e9dito. Os recursos ser\u00e3o utilizados para assist\u00eancia social, alimenta\u00e7\u00e3o, cuidados com a sa\u00fade, aquisi\u00e7\u00e3o de insumos e equipamentos hospitalares e repassados \u00e0 sociedade por meio de entidades privadas sem fins lucrativos e com not\u00f3ria atua\u00e7\u00e3o nas \u00e1reas de assist\u00eancia social e sa\u00fade.<br \/>\nAs cestas foram entregues nos bairros Sumar\u00e9, Pe. Palhano, Distrito Industrial e Dom Jos\u00e9. Na zona rural foram entregues nas comunidades Vila dos Anjos, Malhadinha, Bonfim, V\u00e1rzea Redonda, Setor VI e Purpurema. Com a a\u00e7\u00e3o de hoje, mais 400 fam\u00edlias de catadoras e catadores de material recicl\u00e1vel, agricultores e agricultoras, trabalhadores informais e desempregados foram beneficiadas.<\/p>\n","protected":false},"excerpt":{"rendered":"<p>O projeto nomeado de Projeta e Salve Vidas \u00e9 uma parceria entre a BB Seguridade,&#8230;<\/p>\n","protected":false},"author":1,"featured_media":11337,"comment_status":"open","ping_status":"open","sticky":false,"template":"","format":"standard","meta":{"_jetpack_memberships_contains_paid_content":false,"footnotes":"","jetpack_publicize_message":"","jetpack_publicize_feature_enabled":true,"jetpack_social_post_already_shared":true,"jetpack_social_options":{"image_generator_settings":{"template":"highway","default_image_id":0,"font":"","enabled":false},"version":2}},"categories":[1],"tags":[],"class_list":["post-11336","post","type-post","status-publish","format-standard","has-post-thumbnail","hentry","category-atualidade"],"jetpack_publicize_connections":[],"jetpack_featured_media_url":"https:\/\/correiodasemana.com\/site\/wp-content\/uploads\/2020\/05\/WhatsApp-Image-2020-04-30-at-11.22.54.jpeg","jetpack-related-posts":[{"id":12208,"url":"https:\/\/correiodasemana.com\/site\/santa-casa-de-misericordia-de-sobral-recebe-doacao-de-cestas-basicas-do-banco-santander\/","url_meta":{"origin":11336,"position":0},"title":"Santa Casa de Miseric\u00f3rdia de Sobral recebe doa\u00e7\u00e3o de cestas b\u00e1sicas do Banco Santander","author":"","date":"Julho 25, 2020","format":false,"excerpt":"Cestas foram arrecadadas por meio de um projeto social - Amigos de Valor - que o Banco Santander possui. Assessoria de Comunica\u00e7\u00e3o Complexo SCMS Contribuindo com a humaniza\u00e7\u00e3o prestada pela Santa Casa de Miseric\u00f3rdia de Sobral (SCMS) a pacientes de Sobral e outros 54 munic\u00edpios da regi\u00e3o norte do estado\u2026","rel":"","context":"In &quot;Santa Casa&quot;","block_context":{"text":"Santa Casa","link":"https:\/\/correiodasemana.com\/site\/category\/santa-casa\/"},"img":{"alt_text":"","src":"https:\/\/i0.wp.com\/correiodasemana.com\/site\/wp-content\/uploads\/2020\/07\/IMG_5129.jpg?resize=350%2C200&ssl=1","width":350,"height":200,"srcset":"https:\/\/i0.wp.com\/correiodasemana.com\/site\/wp-content\/uploads\/2020\/07\/IMG_5129.jpg?resize=350%2C200&ssl=1 1x, https:\/\/i0.wp.com\/correiodasemana.com\/site\/wp-content\/uploads\/2020\/07\/IMG_5129.jpg?resize=525%2C300&ssl=1 1.5x, https:\/\/i0.wp.com\/correiodasemana.com\/site\/wp-content\/uploads\/2020\/07\/IMG_5129.jpg?resize=700%2C400&ssl=1 2x"},"classes":[]},{"id":13740,"url":"https:\/\/correiodasemana.com\/site\/projeto-maes-da-favela-quer-conectar-a-internet-2-milhoes-de-pessoas\/","url_meta":{"origin":11336,"position":1},"title":"Projeto M\u00e3es da Favela quer conectar \u00e0 internet 2 milh\u00f5es de pessoas","author":"","date":"Setembro 28, 2020","format":false,"excerpt":"Programa se expandir\u00e1 por todo o pa\u00eds Depois de ser lan\u00e7ado ontem (24) na Favela de Heli\u00f3polis, em S\u00e3o Paulo, o projeto M\u00e3es da Favela ON foi inaugurado dia (25) na Favela da Rocinha, no Rio de Janeiro, numa a\u00e7\u00e3o conjunta da Central \u00danica das Favelas (Cufa), Comunidade Door e\u2026","rel":"","context":"In &quot;Atualidade&quot;","block_context":{"text":"Atualidade","link":"https:\/\/correiodasemana.com\/site\/category\/atualidade\/"},"img":{"alt_text":"","src":"https:\/\/i0.wp.com\/correiodasemana.com\/site\/wp-content\/uploads\/2020\/09\/1091736-ferfraz_abr_20170922_160815_1.jpg?resize=350%2C200&ssl=1","width":350,"height":200,"srcset":"https:\/\/i0.wp.com\/correiodasemana.com\/site\/wp-content\/uploads\/2020\/09\/1091736-ferfraz_abr_20170922_160815_1.jpg?resize=350%2C200&ssl=1 1x, https:\/\/i0.wp.com\/correiodasemana.com\/site\/wp-content\/uploads\/2020\/09\/1091736-ferfraz_abr_20170922_160815_1.jpg?resize=525%2C300&ssl=1 1.5x, https:\/\/i0.wp.com\/correiodasemana.com\/site\/wp-content\/uploads\/2020\/09\/1091736-ferfraz_abr_20170922_160815_1.jpg?resize=700%2C400&ssl=1 2x, https:\/\/i0.wp.com\/correiodasemana.com\/site\/wp-content\/uploads\/2020\/09\/1091736-ferfraz_abr_20170922_160815_1.jpg?resize=1050%2C600&ssl=1 3x"},"classes":[]},{"id":23610,"url":"https:\/\/correiodasemana.com\/site\/banco-do-brasil-tem-lucro-recorde-de-r-318-bi-em-2022\/","url_meta":{"origin":11336,"position":2},"title":"Banco do Brasil tem lucro recorde de R$ 31,8 bi em 2022","author":"","date":"Fevereiro 14, 2023","format":false,"excerpt":"O Banco do Brasil (BB) teve lucro l\u00edquido ajustado recorde de R$ 31,8 bilh\u00f5es em 2022, com crescimento de 51,3% em rela\u00e7\u00e3o a 2021. Segundo balan\u00e7o divulgado hoje (13) \u00e0 noite pela institui\u00e7\u00e3o financeira, apenas no quarto trimestre, o lucro totalizou R$ 9 bilh\u00f5es, alta de 52,4% em rela\u00e7\u00e3o ao\u2026","rel":"","context":"In &quot;Atualidade&quot;","block_context":{"text":"Atualidade","link":"https:\/\/correiodasemana.com\/site\/category\/atualidade\/"},"img":{"alt_text":"","src":"https:\/\/i0.wp.com\/correiodasemana.com\/site\/wp-content\/uploads\/2023\/02\/bancodobrasil_IN.webp?resize=350%2C200&ssl=1","width":350,"height":200,"srcset":"https:\/\/i0.wp.com\/correiodasemana.com\/site\/wp-content\/uploads\/2023\/02\/bancodobrasil_IN.webp?resize=350%2C200&ssl=1 1x, https:\/\/i0.wp.com\/correiodasemana.com\/site\/wp-content\/uploads\/2023\/02\/bancodobrasil_IN.webp?resize=525%2C300&ssl=1 1.5x, https:\/\/i0.wp.com\/correiodasemana.com\/site\/wp-content\/uploads\/2023\/02\/bancodobrasil_IN.webp?resize=700%2C400&ssl=1 2x"},"classes":[]},{"id":16124,"url":"https:\/\/correiodasemana.com\/site\/panorama-politico-36\/","url_meta":{"origin":11336,"position":3},"title":"Panorama Pol\u00edtico","author":"","date":"Abril 5, 2021","format":false,"excerpt":"O presidente da C\u00e2mara de Sobral, Paulo Albuquerque (Paul\u00e3o), recebeu com tristeza a not\u00edcia da morte\u00a0do servidor p\u00fablico municipal, e que estava a servi\u00e7o do legislativo, Ivanildo Gurgel. Usando as redes sociais, Paul\u00e3o escreveu:\u00a0\u201c\u00c9 com imensa tristeza que recebi a not\u00edcia da morte deste meu grande amigo Ivanildo Gurgel, companheiro\u2026","rel":"","context":"In &quot;Artigos&quot;","block_context":{"text":"Artigos","link":"https:\/\/correiodasemana.com\/site\/category\/artigos\/"},"img":{"alt_text":"","src":"","width":0,"height":0},"classes":[]},{"id":16068,"url":"https:\/\/correiodasemana.com\/site\/camara-de-sobral-anuncia-medidas-que-beneficiam-sobralenses-durante-periodo-de-lockdown\/","url_meta":{"origin":11336,"position":4},"title":"C\u00e2mara de Sobral anuncia medidas que beneficiam sobralenses durante per\u00edodo de lockdown","author":"","date":"Mar\u00e7o 29, 2021","format":false,"excerpt":"Por Samuel Carvalho - Reda\u00e7\u00e3o Correio da Semana A C\u00e2mara Municipal de Sobral aprovou na \u00faltima ter\u00e7a-feira (23), projetos de lei que beneficiam a popula\u00e7\u00e3o sobralense no enfrentamento \u00e0 recess\u00e3o econ\u00f4mica causada pela pandemia de covid-19 e \u00e0s medidas necess\u00e1rias para evitar o avan\u00e7o da doen\u00e7a. Durante a reuni\u00e3o foi\u2026","rel":"","context":"In &quot;Atualidade&quot;","block_context":{"text":"Atualidade","link":"https:\/\/correiodasemana.com\/site\/category\/atualidade\/"},"img":{"alt_text":"","src":"https:\/\/i0.wp.com\/correiodasemana.com\/site\/wp-content\/uploads\/2021\/03\/camara-municipal-de-Sobral-3-scaled.jpg?resize=350%2C200&ssl=1","width":350,"height":200,"srcset":"https:\/\/i0.wp.com\/correiodasemana.com\/site\/wp-content\/uploads\/2021\/03\/camara-municipal-de-Sobral-3-scaled.jpg?resize=350%2C200&ssl=1 1x, https:\/\/i0.wp.com\/correiodasemana.com\/site\/wp-content\/uploads\/2021\/03\/camara-municipal-de-Sobral-3-scaled.jpg?resize=525%2C300&ssl=1 1.5x, https:\/\/i0.wp.com\/correiodasemana.com\/site\/wp-content\/uploads\/2021\/03\/camara-municipal-de-Sobral-3-scaled.jpg?resize=700%2C400&ssl=1 2x, https:\/\/i0.wp.com\/correiodasemana.com\/site\/wp-content\/uploads\/2021\/03\/camara-municipal-de-Sobral-3-scaled.jpg?resize=1050%2C600&ssl=1 3x, https:\/\/i0.wp.com\/correiodasemana.com\/site\/wp-content\/uploads\/2021\/03\/camara-municipal-de-Sobral-3-scaled.jpg?resize=1400%2C800&ssl=1 4x"},"classes":[]},{"id":17315,"url":"https:\/\/correiodasemana.com\/site\/em-tempo-96\/","url_meta":{"origin":11336,"position":5},"title":"Em Tempo","author":"","date":"Agosto 23, 2021","format":false,"excerpt":"Concurso do Banco do Brasil O concurso do Banco do Brasil (BB) bateu recorde no n\u00famero de inscritos. Conforme a Funda\u00e7\u00e3o Cesgranrio, organizadora do certame, h\u00e1\u00a01.645.975 inscritos, o que faz do processo seletivo o maior concurso p\u00fablico na hist\u00f3ria do Pa\u00eds. As informa\u00e7\u00f5es s\u00e3o da\u00a0Folha de S. Paulo. As provas\u2026","rel":"","context":"In &quot;Artigos&quot;","block_context":{"text":"Artigos","link":"https:\/\/correiodasemana.com\/site\/category\/artigos\/"},"img":{"alt_text":"","src":"https:\/\/i0.wp.com\/correiodasemana.com\/site\/wp-content\/uploads\/2019\/12\/FOTO-EDILSON-SILVA-2.jpg?resize=350%2C200&ssl=1","width":350,"height":200,"srcset":"https:\/\/i0.wp.com\/correiodasemana.com\/site\/wp-content\/uploads\/2019\/12\/FOTO-EDILSON-SILVA-2.jpg?resize=350%2C200&ssl=1 1x, https:\/\/i0.wp.com\/correiodasemana.com\/site\/wp-content\/uploads\/2019\/12\/FOTO-EDILSON-SILVA-2.jpg?resize=525%2C300&ssl=1 1.5x, https:\/\/i0.wp.com\/correiodasemana.com\/site\/wp-content\/uploads\/2019\/12\/FOTO-EDILSON-SILVA-2.jpg?resize=700%2C400&ssl=1 2x"},"classes":[]}],"jetpack_sharing_enabled":true,"_links":{"self":[{"href":"https:\/\/correiodasemana.com\/site\/wp-json\/wp\/v2\/posts\/11336","targetHints":{"allow":["GET"]}}],"collection":[{"href":"https:\/\/correiodasemana.com\/site\/wp-json\/wp\/v2\/posts"}],"about":[{"href":"https:\/\/correiodasemana.com\/site\/wp-json\/wp\/v2\/types\/post"}],"author":[{"embeddable":true,"href":"https:\/\/correiodasemana.com\/site\/wp-json\/wp\/v2\/users\/1"}],"replies":[{"embeddable":true,"href":"https:\/\/correiodasemana.com\/site\/wp-json\/wp\/v2\/comments?post=11336"}],"version-history":[{"count":1,"href":"https:\/\/correiodasemana.com\/site\/wp-json\/wp\/v2\/posts\/11336\/revisions"}],"predecessor-version":[{"id":11338,"href":"https:\/\/correiodasemana.com\/site\/wp-json\/wp\/v2\/posts\/11336\/revisions\/11338"}],"wp:featuredmedia":[{"embeddable":true,"href":"https:\/\/correiodasemana.com\/site\/wp-json\/wp\/v2\/media\/11337"}],"wp:attachment":[{"href":"https:\/\/correiodasemana.com\/site\/wp-json\/wp\/v2\/media?parent=11336"}],"wp:term":[{"taxonomy":"category","embeddable":true,"href":"https:\/\/correiodasemana.com\/site\/wp-json\/wp\/v2\/categories?post=11336"},{"taxonomy":"post_tag","embeddable":true,"href":"https:\/\/correiodasemana.com\/site\/wp-json\/wp\/v2\/tags?post=11336"}],"curies":[{"name":"wp","href":"https:\/\/api.w.org\/{rel}","templated":true}]}}