{"id":11342,"date":"2020-05-07T02:55:16","date_gmt":"2020-05-07T02:55:16","guid":{"rendered":"https:\/\/correiodasemana.com\/site\/?p=11342"},"modified":"2020-05-07T02:55:16","modified_gmt":"2020-05-07T02:55:16","slug":"esperanca","status":"publish","type":"post","link":"https:\/\/correiodasemana.com\/site\/esperanca\/","title":{"rendered":"ESPERAN\u00c7A"},"content":{"rendered":"<p>O Correio da Semana fez parada de um m\u00eas. O momento nos obrigou a isso. Hoje, retomamos. Timidamente. Esperan\u00e7osos. Confiantes em Deus e em sua M\u00e3e, Maria Sant\u00edssima. Parafraseando o Pe. Zezinho digo que \u00e9 necess\u00e1rio esperar contra toda desesperan\u00e7a. Ainda n\u00e3o se tem a cura da covid-19 ainda n\u00e3o apareceu. Nem sequer algo preventivo, como uma vacina. O isolamento social ainda \u00e9 a melhor alternativa. No dia que foi decretado o confinamento eu viajei para a casa dos meus pais para passar o dia de S\u00e3o Jos\u00e9 e por aqui fiquei. Essa semana fui a Sobral. Usei m\u00e1scara, \u00e1lcool em gel e tudo o que se recomenda. Vi o Acara\u00fa, t\u00e3o imponente. Pouco ap\u00f3s, a Catedral de Nossa Senhora da Concei\u00e7\u00e3o, com as portas fechadas. Barreiras colocadas para evitar o tr\u00e2nsito de ve\u00edculos. A rodovi\u00e1ria, com seus caf\u00e9s e lanchonetes, fechada. N\u00e3o fiz um tour, apenas fui aos locais que precisei ir. Mas, isso tudo inspirou solid\u00e3o. Sobral \u00e9 uma cidade viva. Gostamos dela. Vivemos n\u2019ela. A \u00fanica for\u00e7a que nos move \u00e9 a esperan\u00e7a. Vemos os esfor\u00e7os das autoridades municipais e estaduais para proteger a VIDA. Outro dia me questionaram sobre uma poss\u00edvel \u201cviola\u00e7\u00e3o\u201d ao direito de ir-e-vir e eu respondi \u2013 como responderia em qualquer ocasi\u00e3o \u2013, que o direito \u00e0 vida \u00e9 maior. O choque de princ\u00edpios constitucionais \u00e9 sempre solucionado com pondera\u00e7\u00e3o e com o princ\u00edpio da proporcionalidade. De que adianta eu ter o direito de ir-e-vir se enquanto usufruo ponho minha vida em risco e posso p\u00f4r a vida do outro tamb\u00e9m em risco. \u00c9 preciso prud\u00eancia e proporcionalidade que rima com humanidade, humildade etc.<br \/>\nN\u00e3o estamos confortavelmente livres dessa situa\u00e7\u00e3o. Mas, vamos torcer e oferecer nosso contributo, mantendo o isolamento. E na coluna que aqui n\u00e3o foi publicada em 25 de mar\u00e7o, eu transcrevia uma bela cr\u00f4nica de Irene Vella, publicada, em franc\u00eas, e que o portugu\u00eas Rui Unas emprestou sua voz e o fez viralizar. Era mar\u00e7o de 2020. Agora podemos dizer, foi abril de 2020 e agora \u00e9 maio de 2020. As ruas continuam vazias, apesar da teimosia de alguns. Os hospitais est\u00e3o em quase sua capacidade. Surgiram her\u00f3is, na medicina, na enfermagem, no servi\u00e7o social, na psicologia, enfim, nas \u00e1reas da sa\u00fade, da compreens\u00e3o humana, da religiosidade. Tivemos uma Semana Santa at\u00edpica. Passamos a valorizar a Missa transmitida os meios de comunica\u00e7\u00e3o. O Papa, os sacerdotes, os bispos, celebram sozinhos a Santa Missa e entramos em jejum Eucar\u00edstico, mas, certos de que Deus est\u00e1 sempre conosco.<br \/>\nNo Vaticano, um pastor sofrido com a dor das ovelhas, representa o maior estadista deste tempo de pandemia. Seu principal instrumento s\u00e3o a f\u00e9 e o amor ao pr\u00f3ximo. Ele \u00e9 o Vig\u00e1rio de Cristo, Sua Santidade o Papa Francisco. Diariamente, na Missa que celebra naquela Cidade-Estado da F\u00e9, o Papa nos envia esperan\u00e7a. Reza por todos. Idosos, jovens, crian\u00e7as. Pelos que atuam nas frentes de trabalho e busca a unidade. Tamb\u00e9m em nossas Dioceses, Par\u00f3quias, vemos exemplos admir\u00e1veis. Na eterna capital do Brasil, o Rio de Janeiro, o grande Cardeal do Brasil, Dom Orani Tempesta, aben\u00e7oou o mundo e, especialmente, o Brasil, aos p\u00e9s da imagem do Cristo Redentor.<br \/>\nAguardemos o dia em que venceremos essa etapa, o abra\u00e7o da paz nas Celebra\u00e7\u00f5es em A\u00e7\u00e3o de Gra\u00e7as ser\u00e1 mais intenso e que Deus nos proteja!<\/p>\n","protected":false},"excerpt":{"rendered":"<p>O Correio da Semana fez parada de um m\u00eas. O momento nos obrigou a isso&#8230;.<\/p>\n","protected":false},"author":1,"featured_media":8256,"comment_status":"open","ping_status":"open","sticky":false,"template":"","format":"standard","meta":{"_jetpack_memberships_contains_paid_content":false,"footnotes":"","jetpack_publicize_message":"","jetpack_publicize_feature_enabled":true,"jetpack_social_post_already_shared":true,"jetpack_social_options":{"image_generator_settings":{"template":"highway","default_image_id":0,"font":"","enabled":false},"version":2}},"categories":[11,41],"tags":[],"class_list":["post-11342","post","type-post","status-publish","format-standard","has-post-thumbnail","hentry","category-artigos","category-jose-luis-lira"],"jetpack_publicize_connections":[],"jetpack_featured_media_url":"https:\/\/correiodasemana.com\/site\/wp-content\/uploads\/2019\/07\/Jose\u0301-1.jpg","jetpack-related-posts":[{"id":36728,"url":"https:\/\/correiodasemana.com\/site\/novena-de-natal\/","url_meta":{"origin":11342,"position":0},"title":"Novena de Natal\u00a0","author":"adminredacao","date":"Dezembro 11, 2025","format":false,"excerpt":"Ao longo do tempo do Advento somos convidados a nos preparar bem para o Natal do Senhor por meio da Novena de Natal. Podemos realizar a Novena de Natal ao longo de todo o Advento; podemos reunir familiares, amigos e a comunidade para rez\u00e1-la uma ou duas vezes por semana,\u2026","rel":"","context":"In &quot;A voz do Pastor&quot;","block_context":{"text":"A voz do Pastor","link":"https:\/\/correiodasemana.com\/site\/category\/a-voz-do-pastor\/"},"img":{"alt_text":"","src":"https:\/\/i0.wp.com\/correiodasemana.com\/site\/wp-content\/uploads\/2018\/02\/Dom-Vasconcelos-posses.jpg?resize=350%2C200&ssl=1","width":350,"height":200,"srcset":"https:\/\/i0.wp.com\/correiodasemana.com\/site\/wp-content\/uploads\/2018\/02\/Dom-Vasconcelos-posses.jpg?resize=350%2C200&ssl=1 1x, https:\/\/i0.wp.com\/correiodasemana.com\/site\/wp-content\/uploads\/2018\/02\/Dom-Vasconcelos-posses.jpg?resize=525%2C300&ssl=1 1.5x, https:\/\/i0.wp.com\/correiodasemana.com\/site\/wp-content\/uploads\/2018\/02\/Dom-Vasconcelos-posses.jpg?resize=700%2C400&ssl=1 2x"},"classes":[]},{"id":8255,"url":"https:\/\/correiodasemana.com\/site\/a-norma-soares-com-carinho\/","url_meta":{"origin":11342,"position":1},"title":"A NORMA SOARES, COM CARINHO!","author":"","date":"Julho 8, 2019","format":false,"excerpt":"Querida Dona Norma, cinco anos se passaram. Sempre que posso levo uma rosa salm\u00e3o ou amarela no seu jazigo. A gente sabe que o que restou do seu f\u00edsico est\u00e1 ali\u2026, mas, a Senhora est\u00e1 no C\u00e9u. Naquele dia 6 de julho de 2014, eu estava na sua casa (que\u2026","rel":"","context":"In &quot;Artigos&quot;","block_context":{"text":"Artigos","link":"https:\/\/correiodasemana.com\/site\/category\/artigos\/"},"img":{"alt_text":"","src":"https:\/\/i0.wp.com\/correiodasemana.com\/site\/wp-content\/uploads\/2019\/07\/Jose%CC%81-1.jpg?resize=350%2C200&ssl=1","width":350,"height":200,"srcset":"https:\/\/i0.wp.com\/correiodasemana.com\/site\/wp-content\/uploads\/2019\/07\/Jose%CC%81-1.jpg?resize=350%2C200&ssl=1 1x, https:\/\/i0.wp.com\/correiodasemana.com\/site\/wp-content\/uploads\/2019\/07\/Jose%CC%81-1.jpg?resize=525%2C300&ssl=1 1.5x, https:\/\/i0.wp.com\/correiodasemana.com\/site\/wp-content\/uploads\/2019\/07\/Jose%CC%81-1.jpg?resize=700%2C400&ssl=1 2x"},"classes":[]},{"id":21057,"url":"https:\/\/correiodasemana.com\/site\/pe-jose-chitumba-celebra-40-anos-de-ordenacao-sacerdotal\/","url_meta":{"origin":11342,"position":2},"title":"Pe. Jos\u00e9 Chitumba celebra 40 anos de Ordena\u00e7\u00e3o Sacerdotal","author":"","date":"Setembro 18, 2022","format":false,"excerpt":"(Thais Helena \u2013 Reda\u00e7\u00e3o Correio da Semana) O Reitor do Santu\u00e1rio S\u00e3o Bento, situado na Fazenda da Esperan\u00e7a, Pe. Jos\u00e9 Chitumba, celebrou na \u00faltima segunda-feira, dia 12 de setembro, 40 anos de ordena\u00e7\u00e3o sacerdotal. A celebra\u00e7\u00e3o foi presidida pelo bispo diocesano, Dom Vasconcelos, na Catedral de Nossa Senhora da Concei\u00e7\u00e3o.\u2026","rel":"","context":"In &quot;Atualidade&quot;","block_context":{"text":"Atualidade","link":"https:\/\/correiodasemana.com\/site\/category\/atualidade\/"},"img":{"alt_text":"","src":"https:\/\/i0.wp.com\/correiodasemana.com\/site\/wp-content\/uploads\/2022\/09\/Pe.-Jose-Chitumba-celebra-40-anos-de-Ordenacao-Sacerdotal-5.jpg?resize=350%2C200&ssl=1","width":350,"height":200,"srcset":"https:\/\/i0.wp.com\/correiodasemana.com\/site\/wp-content\/uploads\/2022\/09\/Pe.-Jose-Chitumba-celebra-40-anos-de-Ordenacao-Sacerdotal-5.jpg?resize=350%2C200&ssl=1 1x, https:\/\/i0.wp.com\/correiodasemana.com\/site\/wp-content\/uploads\/2022\/09\/Pe.-Jose-Chitumba-celebra-40-anos-de-Ordenacao-Sacerdotal-5.jpg?resize=525%2C300&ssl=1 1.5x, https:\/\/i0.wp.com\/correiodasemana.com\/site\/wp-content\/uploads\/2022\/09\/Pe.-Jose-Chitumba-celebra-40-anos-de-Ordenacao-Sacerdotal-5.jpg?resize=700%2C400&ssl=1 2x"},"classes":[]},{"id":29735,"url":"https:\/\/correiodasemana.com\/site\/becco-ponto-com-172\/","url_meta":{"origin":11342,"position":3},"title":"Becco ponto Com","author":"adminredacao","date":"Junho 24, 2024","format":false,"excerpt":"Livrai-nos, senhor! Da Medicina: \u201cum doutor para cada dor\u201d. Das festas juninas t\u00e3o carnavalescas. Da gula pelo poder do partido pt, aqui. Da \u201cTaxa do Lixo\u201d voltando na \u00e1gua, ufa! Da runa de bares com pre\u00e7os salgados. Dos buracos no \u201cBoa Vizinhan\u00e7a\u201d, s.o.s, j\u00e1! Da sess\u00e3o \u2018fecha-fecha lojas\u2019 no centro.\u2026","rel":"","context":"In &quot;Becco Ponto Com&quot;","block_context":{"text":"Becco Ponto Com","link":"https:\/\/correiodasemana.com\/site\/category\/becco-ponto-com\/"},"img":{"alt_text":"","src":"https:\/\/i0.wp.com\/correiodasemana.com\/site\/wp-content\/uploads\/2021\/09\/Dr-Chico-Prado-Trofeu-Dom-Jose-1-1.jpg?resize=350%2C200&ssl=1","width":350,"height":200,"srcset":"https:\/\/i0.wp.com\/correiodasemana.com\/site\/wp-content\/uploads\/2021\/09\/Dr-Chico-Prado-Trofeu-Dom-Jose-1-1.jpg?resize=350%2C200&ssl=1 1x, https:\/\/i0.wp.com\/correiodasemana.com\/site\/wp-content\/uploads\/2021\/09\/Dr-Chico-Prado-Trofeu-Dom-Jose-1-1.jpg?resize=525%2C300&ssl=1 1.5x, https:\/\/i0.wp.com\/correiodasemana.com\/site\/wp-content\/uploads\/2021\/09\/Dr-Chico-Prado-Trofeu-Dom-Jose-1-1.jpg?resize=700%2C400&ssl=1 2x"},"classes":[]},{"id":35734,"url":"https:\/\/correiodasemana.com\/site\/diocese-de-sobral-abre-inscricoes-para-cursos-gratuitos-do-projeto-capacita-em-rede\/","url_meta":{"origin":11342,"position":4},"title":"Diocese de Sobral abre inscri\u00e7\u00f5es para cursos gratuitos do Projeto Capacita em Rede","author":"adminredacao","date":"Setembro 29, 2025","format":false,"excerpt":"A Diocese de Sobral, em parceria com o Minist\u00e9rio da Educa\u00e7\u00e3o e a Confer\u00eancia Nacional dos Bispos do Brasil (CNBB), est\u00e1 com inscri\u00e7\u00f5es abertas para cursos 100% gratuitos oferecidos pelo Projeto Capacita em Rede. Os cursos s\u00e3o voltados ao p\u00fablico em geral, com 35 vagas dispon\u00edveis por curso. Podem se\u2026","rel":"","context":"In &quot;Atualidade&quot;","block_context":{"text":"Atualidade","link":"https:\/\/correiodasemana.com\/site\/category\/atualidade\/"},"img":{"alt_text":"","src":"https:\/\/i0.wp.com\/correiodasemana.com\/site\/wp-content\/uploads\/2025\/09\/WhatsApp-Image-2025-09-19-at-19.10.55.jpeg?resize=350%2C200&ssl=1","width":350,"height":200,"srcset":"https:\/\/i0.wp.com\/correiodasemana.com\/site\/wp-content\/uploads\/2025\/09\/WhatsApp-Image-2025-09-19-at-19.10.55.jpeg?resize=350%2C200&ssl=1 1x, https:\/\/i0.wp.com\/correiodasemana.com\/site\/wp-content\/uploads\/2025\/09\/WhatsApp-Image-2025-09-19-at-19.10.55.jpeg?resize=525%2C300&ssl=1 1.5x, https:\/\/i0.wp.com\/correiodasemana.com\/site\/wp-content\/uploads\/2025\/09\/WhatsApp-Image-2025-09-19-at-19.10.55.jpeg?resize=700%2C400&ssl=1 2x, https:\/\/i0.wp.com\/correiodasemana.com\/site\/wp-content\/uploads\/2025\/09\/WhatsApp-Image-2025-09-19-at-19.10.55.jpeg?resize=1050%2C600&ssl=1 3x"},"classes":[]},{"id":31702,"url":"https:\/\/correiodasemana.com\/site\/acarauenses-celebram-festa-de-nossa-senhora-da-conceicao-padroeira-do-municipio\/","url_meta":{"origin":11342,"position":5},"title":"Acarauenses celebram Festa de Nossa Senhora da Concei\u00e7\u00e3o, padroeira do munic\u00edpio","author":"adminredacao","date":"Dezembro 10, 2024","format":false,"excerpt":"De 27 de novembro a 8 de dezembro, a comunidade paroquial de Acara\u00fa celebrou a festa da excelsa padroeira, Nossa Senhora da Concei\u00e7\u00e3o. Com o tema: \u201cImaculada Concei\u00e7\u00e3o, modelo de ora\u00e7\u00e3o para os peregrinos da esperan\u00e7a\u201d, e o lema: \u201cFazei tudo o que ele vos disser (Jo 2, 5)\u201d, os\u2026","rel":"","context":"In &quot;Atualidade&quot;","block_context":{"text":"Atualidade","link":"https:\/\/correiodasemana.com\/site\/category\/atualidade\/"},"img":{"alt_text":"","src":"https:\/\/i0.wp.com\/correiodasemana.com\/site\/wp-content\/uploads\/2024\/12\/WhatsApp-Image-2024-12-08-at-16.04.42.jpeg?resize=350%2C200&ssl=1","width":350,"height":200,"srcset":"https:\/\/i0.wp.com\/correiodasemana.com\/site\/wp-content\/uploads\/2024\/12\/WhatsApp-Image-2024-12-08-at-16.04.42.jpeg?resize=350%2C200&ssl=1 1x, https:\/\/i0.wp.com\/correiodasemana.com\/site\/wp-content\/uploads\/2024\/12\/WhatsApp-Image-2024-12-08-at-16.04.42.jpeg?resize=525%2C300&ssl=1 1.5x, https:\/\/i0.wp.com\/correiodasemana.com\/site\/wp-content\/uploads\/2024\/12\/WhatsApp-Image-2024-12-08-at-16.04.42.jpeg?resize=700%2C400&ssl=1 2x, https:\/\/i0.wp.com\/correiodasemana.com\/site\/wp-content\/uploads\/2024\/12\/WhatsApp-Image-2024-12-08-at-16.04.42.jpeg?resize=1050%2C600&ssl=1 3x, https:\/\/i0.wp.com\/correiodasemana.com\/site\/wp-content\/uploads\/2024\/12\/WhatsApp-Image-2024-12-08-at-16.04.42.jpeg?resize=1400%2C800&ssl=1 4x"},"classes":[]}],"jetpack_sharing_enabled":true,"_links":{"self":[{"href":"https:\/\/correiodasemana.com\/site\/wp-json\/wp\/v2\/posts\/11342","targetHints":{"allow":["GET"]}}],"collection":[{"href":"https:\/\/correiodasemana.com\/site\/wp-json\/wp\/v2\/posts"}],"about":[{"href":"https:\/\/correiodasemana.com\/site\/wp-json\/wp\/v2\/types\/post"}],"author":[{"embeddable":true,"href":"https:\/\/correiodasemana.com\/site\/wp-json\/wp\/v2\/users\/1"}],"replies":[{"embeddable":true,"href":"https:\/\/correiodasemana.com\/site\/wp-json\/wp\/v2\/comments?post=11342"}],"version-history":[{"count":1,"href":"https:\/\/correiodasemana.com\/site\/wp-json\/wp\/v2\/posts\/11342\/revisions"}],"predecessor-version":[{"id":11343,"href":"https:\/\/correiodasemana.com\/site\/wp-json\/wp\/v2\/posts\/11342\/revisions\/11343"}],"wp:featuredmedia":[{"embeddable":true,"href":"https:\/\/correiodasemana.com\/site\/wp-json\/wp\/v2\/media\/8256"}],"wp:attachment":[{"href":"https:\/\/correiodasemana.com\/site\/wp-json\/wp\/v2\/media?parent=11342"}],"wp:term":[{"taxonomy":"category","embeddable":true,"href":"https:\/\/correiodasemana.com\/site\/wp-json\/wp\/v2\/categories?post=11342"},{"taxonomy":"post_tag","embeddable":true,"href":"https:\/\/correiodasemana.com\/site\/wp-json\/wp\/v2\/tags?post=11342"}],"curies":[{"name":"wp","href":"https:\/\/api.w.org\/{rel}","templated":true}]}}