{"id":11344,"date":"2020-05-07T02:56:13","date_gmt":"2020-05-07T02:56:13","guid":{"rendered":"https:\/\/correiodasemana.com\/site\/?p=11344"},"modified":"2020-05-07T02:56:13","modified_gmt":"2020-05-07T02:56:13","slug":"diocese-de-sobral-adota-medidas-para-ajudar-no-combate-ao-covid-19","status":"publish","type":"post","link":"https:\/\/correiodasemana.com\/site\/diocese-de-sobral-adota-medidas-para-ajudar-no-combate-ao-covid-19\/","title":{"rendered":"Diocese de Sobral adota medidas para ajudar no combate ao Covid-19"},"content":{"rendered":"<p><strong>Desde o surgimento dos primeiros casos de coronav\u00edrus no Estado, Dom Jos\u00e9 Luiz Gomes de Vasconcelos orientou o clero para adotar novas formas de evangeliza\u00e7\u00e3o<\/strong><\/p>\n<p>Por Marciley Salles<\/p>\n<p>Em todo o mundo, s\u00e3o in\u00fameras as iniciativas promovidas por Confer\u00eancias Episcopais, dioceses, par\u00f3quias, Ordens e Congrega\u00e7\u00f5es religiosas, movimentos eclesiais, al\u00e9m de iniciativas individuais e de fam\u00edlias, em favor das pessoas atingidas direta ou indiretamente pela pandemia do Covid-19.<br \/>\nAs igrejas tiveram que se adaptar a este tempo em que estamos vivendo, e em nossa diocese, n\u00e3o \u00e9 diferente. Em 13 de mar\u00e7o, Dom Jos\u00e9 Luiz Gomes de Vasconcelos, Bispo diocesano de Sobral, publicou seu primeiro comunicado ao povo de Deus. Dom Vasconcelos, orientava aos padres e leigos para as novas medidas a serem adotadas em nossa \u00e1rea dicesana: durante as celebra\u00e7\u00f5es, na ora\u00e7\u00e3o do Pai Nosso, orientou-se que ao inv\u00e9s dos fi\u00e9is darem as m\u00e3os, fossem cultivados com mais intensidade o compromisso com a fraterna comunh\u00e3o. Que ao inv\u00e9s do abra\u00e7o de paz ou do aperto de m\u00e3o, buscasse fortalecer os sentimentos de fraternidade em rea\u00e7\u00e3o ao pr\u00f3ximo. E que a sagrada comunh\u00e3o fosse distribu\u00edda diretamente na m\u00e3o, tendo em vista que o novo coronav\u00edrus \u00e9 transmitido n\u00e3o s\u00f3 por meio do contato f\u00edsico, mas tamb\u00e9m pela saliva.<br \/>\nNo dia 16 de mar\u00e7o, a Diocese de Sobral, emitiu novas orienta\u00e7\u00f5es para ajudar no combate ao Covid-19: no \u00e2mbito de nossas regi\u00f5es episcopais, par\u00f3quias, \u00e1reas pastorais, capelas e comunidades foram suspendidas a realiza\u00e7\u00e3o de encontros, assembleias, via-sacra e outros eventos. Os fi\u00e9is foram dispensados de participar das missas dominicais e nos demais dias de preceito, mas poderiam participar das celebra\u00e7\u00f5es que seriam transmitidas pelas emissoras de r\u00e1dio, pelas WEBTVs e pelas redes sociais. Mesmo com a aus\u00eancia dos fi\u00e9is, foi orientado que os sacerdotes celebrassem diariamente a Santa Missa. foram suspensas tamb\u00e9m a catequese de primeira eucaristia, crisma, grupos jovens, grupos de ora\u00e7\u00e3o e atividades semelhantes. Al\u00e9m de outras medidas, Dom Vasconcelos orientou que se intensificassem momentos de ora\u00e7\u00e3o pessoal e em fam\u00edlia para que Deus nos livre dos males que atentam contra a vida, e fortale\u00e7a os profissionais da sa\u00fade para que realizem tudo o que for necess\u00e1rio para superarmos a amea\u00e7a do coronav\u00edrus e de outras enfermidades.<br \/>\nA partir de ent\u00e3o, as par\u00f3quias e comunidades tiveram que se adaptar a esta nova realidade. Templos, celebra\u00e7\u00f5es, prociss\u00f5es sem os fi\u00e9is. O povo de Deus teve que participar de suas casas de momentos importantes para a nossa Igreja: Festa de S\u00e3o Sebasti\u00e3o, Tempo Quaresmal, Semana Santa, Festa da Ressurei\u00e7\u00e3o de Cristo&#8230; Tudo diferente do que costumamos a vivenciar, algo nunca visto antes.<br \/>\nEm meio \u00e0 pandemia do novo coronav\u00edrus, o Papa Francisco reconheceu que &#8220;n\u00e3o \u00e9 f\u00e1cil estar confinado em casa&#8221;, mas que os cat\u00f3licos devem &#8220;abrir novos horizontes e abrir janelas at\u00e9 Deus&#8221; durante o isolamento provocado pela Covid-19. &#8220;Guardem-se para tempos melhores, porque recordar o que passou vai nos ajudar. Cuidem-se para um futuro que vir\u00e1, e, quando chegar esse futuro, lembrar do passado vai fazer bem&#8221;, pediu o papa. &#8220;Cuidar agora, mas para o amanh\u00e3. Tudo isso com criatividade, uma criatividade simples, inventada todos os dias. Dentro do lar, n\u00e3o \u00e9 dif\u00edcil descobri-la&#8221;, acrescentou o Sumo Pont\u00edfice em entrevista ao escritor Austen Ivereigh.<\/p>\n","protected":false},"excerpt":{"rendered":"<p>Desde o surgimento dos primeiros casos de coronav\u00edrus no Estado, Dom Jos\u00e9 Luiz Gomes de&#8230;<\/p>\n","protected":false},"author":1,"featured_media":11345,"comment_status":"open","ping_status":"open","sticky":false,"template":"","format":"standard","meta":{"_jetpack_memberships_contains_paid_content":false,"footnotes":"","jetpack_publicize_message":"","jetpack_publicize_feature_enabled":true,"jetpack_social_post_already_shared":true,"jetpack_social_options":{"image_generator_settings":{"template":"highway","default_image_id":0,"font":"","enabled":false},"version":2}},"categories":[1],"tags":[],"class_list":["post-11344","post","type-post","status-publish","format-standard","has-post-thumbnail","hentry","category-atualidade"],"jetpack_publicize_connections":[],"jetpack_featured_media_url":"https:\/\/correiodasemana.com\/site\/wp-content\/uploads\/2020\/05\/As-celebra\u00e7\u00f5es-est\u00e3o-sendo-realizadas-sem-a-presen\u00e7a-dos-fi\u00e9is-e-transmitidas-pelos-meios-de-comunica\u00e7\u00e3o.jpg","jetpack-related-posts":[{"id":15763,"url":"https:\/\/correiodasemana.com\/site\/dom-vasconcelos-preside-missa-de-quarta-feira-de-cinzas-na-catedral-de-sobral\/","url_meta":{"origin":11344,"position":0},"title":"Dom Vasconcelos preside missa de Quarta-Feira de Cinzas na Catedral de Sobral","author":"","date":"Fevereiro 24, 2021","format":false,"excerpt":"Por Samuel Carvalho - Reda\u00e7\u00e3o Correio da Semana Aconteceu no dia 17 de fevereiro, \u00e0s 18h, a missa de quarta-feira de cinzas na catedral de Sobral, celebrada pelo bispo da diocese Dom Jos\u00e9 Luiz Gomes de Vasconcelos. A ocasi\u00e3o tamb\u00e9m inaugurou a abertura da Campanha da Fraternidade Ecum\u00eanica de 2021\u2026","rel":"","context":"In &quot;Atualidade&quot;","block_context":{"text":"Atualidade","link":"https:\/\/correiodasemana.com\/site\/category\/atualidade\/"},"img":{"alt_text":"","src":"https:\/\/i0.wp.com\/correiodasemana.com\/site\/wp-content\/uploads\/2021\/02\/Homilia-dom-Vasconcelos.jpg?resize=350%2C200&ssl=1","width":350,"height":200,"srcset":"https:\/\/i0.wp.com\/correiodasemana.com\/site\/wp-content\/uploads\/2021\/02\/Homilia-dom-Vasconcelos.jpg?resize=350%2C200&ssl=1 1x, https:\/\/i0.wp.com\/correiodasemana.com\/site\/wp-content\/uploads\/2021\/02\/Homilia-dom-Vasconcelos.jpg?resize=525%2C300&ssl=1 1.5x, https:\/\/i0.wp.com\/correiodasemana.com\/site\/wp-content\/uploads\/2021\/02\/Homilia-dom-Vasconcelos.jpg?resize=700%2C400&ssl=1 2x"},"classes":[]},{"id":12549,"url":"https:\/\/correiodasemana.com\/site\/apos-testar-falso-positivo-para-a-covid-19-dom-vasconcelos-agradece-as-oracoes-do-povo-de-deus\/","url_meta":{"origin":11344,"position":1},"title":"Ap\u00f3s testar falso positivo para a Covid-19  Dom Vasconcelos agradece as ora\u00e7\u00f5es do povo de Deus","author":"","date":"Agosto 9, 2020","format":false,"excerpt":"Dom Vasconcelos se manteve em completo isolamento na resid\u00eancia episcopal Ap\u00f3s realizar novos testes de Covid-19, Dom Jos\u00e9 Luiz Gomes de Vasconcelos, informou que resultado do exame que havia realizado anteriormente, na verdade, era um \u201cfalso positivo\u201d. Na \u00faltima semana, o bispo havia testado positivo para o novo coronav\u00edrus. Segundo\u2026","rel":"","context":"In &quot;Atualidade&quot;","block_context":{"text":"Atualidade","link":"https:\/\/correiodasemana.com\/site\/category\/atualidade\/"},"img":{"alt_text":"","src":"https:\/\/i0.wp.com\/correiodasemana.com\/site\/wp-content\/uploads\/2020\/08\/Bispo-de-Sobral-Dom-Vasconcelos.jpg?resize=350%2C200&ssl=1","width":350,"height":200,"srcset":"https:\/\/i0.wp.com\/correiodasemana.com\/site\/wp-content\/uploads\/2020\/08\/Bispo-de-Sobral-Dom-Vasconcelos.jpg?resize=350%2C200&ssl=1 1x, https:\/\/i0.wp.com\/correiodasemana.com\/site\/wp-content\/uploads\/2020\/08\/Bispo-de-Sobral-Dom-Vasconcelos.jpg?resize=525%2C300&ssl=1 1.5x, https:\/\/i0.wp.com\/correiodasemana.com\/site\/wp-content\/uploads\/2020\/08\/Bispo-de-Sobral-Dom-Vasconcelos.jpg?resize=700%2C400&ssl=1 2x"},"classes":[]},{"id":32660,"url":"https:\/\/correiodasemana.com\/site\/dom-vasconcelos-nomeia-padre-eduardo-lima-como-assessor-eclesiastico-da-ivc-na-diocese-de-sobral\/","url_meta":{"origin":11344,"position":2},"title":"Dom Vasconcelos nomeia Padre Eduardo Lima como Assessor Eclesi\u00e1stico da IVC na Diocese de Sobral","author":"adminredacao","date":"Fevereiro 25, 2025","format":false,"excerpt":"Padre Eduardo Lima foi nomeado pelo bispo diocesano, Dom Jos\u00e9 Luiz Gomes de Vasconcelos, como Assessor Eclesi\u00e1stico da IVC (Catequese), na \u00faltima quarta-feira, 19 de fevereiro. A IVC compreende as etapas do Batismo, Eucaristia, Crisma e Catequese com Adultos. Tem como metas: anunciar o querigma aos pais e padrinhos, integrar\u2026","rel":"","context":"In &quot;Atualidade&quot;","block_context":{"text":"Atualidade","link":"https:\/\/correiodasemana.com\/site\/category\/atualidade\/"},"img":{"alt_text":"","src":"https:\/\/i0.wp.com\/correiodasemana.com\/site\/wp-content\/uploads\/2025\/02\/Padre-Eduardo-Agapito-rotated.jpg?resize=350%2C200&ssl=1","width":350,"height":200,"srcset":"https:\/\/i0.wp.com\/correiodasemana.com\/site\/wp-content\/uploads\/2025\/02\/Padre-Eduardo-Agapito-rotated.jpg?resize=350%2C200&ssl=1 1x, https:\/\/i0.wp.com\/correiodasemana.com\/site\/wp-content\/uploads\/2025\/02\/Padre-Eduardo-Agapito-rotated.jpg?resize=525%2C300&ssl=1 1.5x, https:\/\/i0.wp.com\/correiodasemana.com\/site\/wp-content\/uploads\/2025\/02\/Padre-Eduardo-Agapito-rotated.jpg?resize=700%2C400&ssl=1 2x, https:\/\/i0.wp.com\/correiodasemana.com\/site\/wp-content\/uploads\/2025\/02\/Padre-Eduardo-Agapito-rotated.jpg?resize=1050%2C600&ssl=1 3x"},"classes":[]},{"id":17507,"url":"https:\/\/correiodasemana.com\/site\/dom-vasconcelos-recebe-equipe-do-filme-jose-bispo-de-sobral-para-discutir-orcamento-geral-do-longa-metragem\/","url_meta":{"origin":11344,"position":3},"title":"Dom Vasconcelos recebe equipe do filme \u201cJos\u00e9, Bispo de Sobral\u201d para discutir or\u00e7amento geral do longa-metragem","author":"","date":"Setembro 19, 2021","format":false,"excerpt":"Por Samuel Carvalho - Reda\u00e7\u00e3o Correio da Semana O bispo da diocese de Sobral Dom Jos\u00e9 Luiz Gomes de Vasconcelos juntamente ao ec\u00f4nomo Pe. Raimundo Nonato Leonardo Bastos recebeu na \u00faltima segunda-feira (13) pela manh\u00e3 na sala do bispado uma audi\u00eancia com a presen\u00e7a do Prof. Dr. Marcus Fl\u00e1vio Alexandre\u2026","rel":"","context":"In &quot;Atualidade&quot;","block_context":{"text":"Atualidade","link":"https:\/\/correiodasemana.com\/site\/category\/atualidade\/"},"img":{"alt_text":"","src":"https:\/\/i0.wp.com\/correiodasemana.com\/site\/wp-content\/uploads\/2021\/09\/Apresemtacao-do-filme-Dom-Jose-a-Dom-Vasconcelos-3-Ok.jpg?resize=350%2C200&ssl=1","width":350,"height":200,"srcset":"https:\/\/i0.wp.com\/correiodasemana.com\/site\/wp-content\/uploads\/2021\/09\/Apresemtacao-do-filme-Dom-Jose-a-Dom-Vasconcelos-3-Ok.jpg?resize=350%2C200&ssl=1 1x, https:\/\/i0.wp.com\/correiodasemana.com\/site\/wp-content\/uploads\/2021\/09\/Apresemtacao-do-filme-Dom-Jose-a-Dom-Vasconcelos-3-Ok.jpg?resize=525%2C300&ssl=1 1.5x, https:\/\/i0.wp.com\/correiodasemana.com\/site\/wp-content\/uploads\/2021\/09\/Apresemtacao-do-filme-Dom-Jose-a-Dom-Vasconcelos-3-Ok.jpg?resize=700%2C400&ssl=1 2x"},"classes":[]},{"id":19299,"url":"https:\/\/correiodasemana.com\/site\/dom-vasconcelos-realiza-bencao-da-torre-e-do-novo-transmissor-da-radio-educadora-fm-1075\/","url_meta":{"origin":11344,"position":4},"title":"Dom Vasconcelos realiza b\u00ean\u00e7\u00e3o da torre e do novo transmissor da R\u00e1dio Educadora FM 107,5","author":"","date":"Mar\u00e7o 27, 2022","format":false,"excerpt":"Thais Helena (Reda\u00e7\u00e3o Correio da Semana) \u2013 A torre e o novo transmissor da R\u00e1dio Educadora FM 107,5 foi aben\u00e7oado no \u00faltimo s\u00e1bado (19) dia dedicado a S\u00e3o Jos\u00e9, por Dom Jos\u00e9 Luiz Gomes de Vasconcelos durante o final dos festejos na Par\u00f3quia do Sumar\u00e9. Sendo um grande marco para\u2026","rel":"","context":"In &quot;Atualidade&quot;","block_context":{"text":"Atualidade","link":"https:\/\/correiodasemana.com\/site\/category\/atualidade\/"},"img":{"alt_text":"","src":"https:\/\/i0.wp.com\/correiodasemana.com\/site\/wp-content\/uploads\/2022\/03\/paroquia-sumare-4-1.jpg?resize=350%2C200&ssl=1","width":350,"height":200,"srcset":"https:\/\/i0.wp.com\/correiodasemana.com\/site\/wp-content\/uploads\/2022\/03\/paroquia-sumare-4-1.jpg?resize=350%2C200&ssl=1 1x, https:\/\/i0.wp.com\/correiodasemana.com\/site\/wp-content\/uploads\/2022\/03\/paroquia-sumare-4-1.jpg?resize=525%2C300&ssl=1 1.5x, https:\/\/i0.wp.com\/correiodasemana.com\/site\/wp-content\/uploads\/2022\/03\/paroquia-sumare-4-1.jpg?resize=700%2C400&ssl=1 2x"},"classes":[]},{"id":8916,"url":"https:\/\/correiodasemana.com\/site\/celebracao-ao-quarto-ano-de-episcopado-de-dom-vasconcelos-na-diocese-de-sobral\/","url_meta":{"origin":11344,"position":5},"title":"Celebra\u00e7\u00e3o ao quarto ano de episcopado de Dom Vasconcelos na Diocese de Sobral","author":"","date":"Setembro 8, 2019","format":false,"excerpt":"Na noite de quinta-feira (29) foi realizada a missa por ocasi\u00e3o da festa do Mart\u00edrio de S\u00e3o Jo\u00e3o Batista, celebrando o quarto ano do bispo Dom Jos\u00e9 Luiz Gomes de Vasconcelos a frente da Diocese de Sobral. A Igreja Catedral recebeu in\u00fameros fi\u00e9is para compartilhar desse momento sagrado presidido por\u2026","rel":"","context":"In &quot;Diocese&quot;","block_context":{"text":"Diocese","link":"https:\/\/correiodasemana.com\/site\/category\/diocese\/"},"img":{"alt_text":"","src":"https:\/\/i0.wp.com\/correiodasemana.com\/site\/wp-content\/uploads\/2019\/09\/DSC_0185.jpg?resize=350%2C200&ssl=1","width":350,"height":200,"srcset":"https:\/\/i0.wp.com\/correiodasemana.com\/site\/wp-content\/uploads\/2019\/09\/DSC_0185.jpg?resize=350%2C200&ssl=1 1x, https:\/\/i0.wp.com\/correiodasemana.com\/site\/wp-content\/uploads\/2019\/09\/DSC_0185.jpg?resize=525%2C300&ssl=1 1.5x, https:\/\/i0.wp.com\/correiodasemana.com\/site\/wp-content\/uploads\/2019\/09\/DSC_0185.jpg?resize=700%2C400&ssl=1 2x"},"classes":[]}],"jetpack_sharing_enabled":true,"_links":{"self":[{"href":"https:\/\/correiodasemana.com\/site\/wp-json\/wp\/v2\/posts\/11344","targetHints":{"allow":["GET"]}}],"collection":[{"href":"https:\/\/correiodasemana.com\/site\/wp-json\/wp\/v2\/posts"}],"about":[{"href":"https:\/\/correiodasemana.com\/site\/wp-json\/wp\/v2\/types\/post"}],"author":[{"embeddable":true,"href":"https:\/\/correiodasemana.com\/site\/wp-json\/wp\/v2\/users\/1"}],"replies":[{"embeddable":true,"href":"https:\/\/correiodasemana.com\/site\/wp-json\/wp\/v2\/comments?post=11344"}],"version-history":[{"count":1,"href":"https:\/\/correiodasemana.com\/site\/wp-json\/wp\/v2\/posts\/11344\/revisions"}],"predecessor-version":[{"id":11346,"href":"https:\/\/correiodasemana.com\/site\/wp-json\/wp\/v2\/posts\/11344\/revisions\/11346"}],"wp:featuredmedia":[{"embeddable":true,"href":"https:\/\/correiodasemana.com\/site\/wp-json\/wp\/v2\/media\/11345"}],"wp:attachment":[{"href":"https:\/\/correiodasemana.com\/site\/wp-json\/wp\/v2\/media?parent=11344"}],"wp:term":[{"taxonomy":"category","embeddable":true,"href":"https:\/\/correiodasemana.com\/site\/wp-json\/wp\/v2\/categories?post=11344"},{"taxonomy":"post_tag","embeddable":true,"href":"https:\/\/correiodasemana.com\/site\/wp-json\/wp\/v2\/tags?post=11344"}],"curies":[{"name":"wp","href":"https:\/\/api.w.org\/{rel}","templated":true}]}}