{"id":11347,"date":"2020-05-07T03:01:38","date_gmt":"2020-05-07T03:01:38","guid":{"rendered":"https:\/\/correiodasemana.com\/site\/?p=11347"},"modified":"2020-05-07T03:06:12","modified_gmt":"2020-05-07T03:06:12","slug":"pausa-na-circulacao-para-ser-solidario-com-quem-nao-pode-parar-na-pandemia","status":"publish","type":"post","link":"https:\/\/correiodasemana.com\/site\/pausa-na-circulacao-para-ser-solidario-com-quem-nao-pode-parar-na-pandemia\/","title":{"rendered":"Pausa na circula\u00e7\u00e3o para ser solid\u00e1rio com quem n\u00e3o pode parar na pandemia"},"content":{"rendered":"<p><strong>Durante 102 anos o Jornal Correio da Semana nunca saiu de circula\u00e7\u00e3o<\/strong><\/p>\n<p>Durante 102 anos sendo o jornal impresso mais antigo do Cear\u00e1, o Correio da Semana j\u00e1 testemunhou diversos fatos hist\u00f3ricos. Vale lembrar da luta das mulheres pelo direito do voto, o trabalho de Dom Jos\u00e9 que colaborou com a ascens\u00e3o da cidade de Sobral, assim como sua morte, o marcante atentado terrorista de 11 de setembro, elei\u00e7\u00f5es presidenciais e at\u00e9 impeachment. Foram incont\u00e1veis p\u00e1ginas que n\u00e3o caberia nesse franco pronunciamento. Tamb\u00e9m durante 102 anos o Jornal Correio da Semana nunca saiu de circula\u00e7\u00e3o, pois apesar de noticiar grandes revolu\u00e7\u00f5es e atos extremos como a ditadura militar, nosso jornal ainda n\u00e3o tinha visto em suas p\u00e1ginas algo t\u00e3o violento como uma pandemia de Coronav\u00edrus.<br \/>\nTrata-se de uma doen\u00e7a de alto cont\u00e1gio e que, infelizmente, ainda n\u00e3o tem cura, apenas a preven\u00e7\u00e3o de higienizar as m\u00e3os e o isolamento social. Isolamento esse que o jornal teve que aderir, pois apesar do jornalista ser considerado um profissional que integra a linha de frente, temos uma equipe enxuta onde todos devem estar seguros para que possamos voltar a trabalhar em um futuro (esperamos que pr\u00f3ximo) de forma saud\u00e1vel e competente, levando as informa\u00e7\u00f5es locais mais relevantes de forma semanal para nossos fi\u00e9is leitores.<br \/>\nAp\u00f3s um m\u00eas da nossa \u00faltima edi\u00e7\u00e3o, resolvemos voltar com uma edi\u00e7\u00e3o diferente. Uma edi\u00e7\u00e3o curta para atender as necessidades de quem acredita no nosso trabalho e para lembrar aos nossos leitores que voltaremos, mas aos poucos. Esse trabalho foi realizado por meio de home office e vai seguir os crit\u00e9rios de higieniza\u00e7\u00e3o para chegar at\u00e9 voc\u00eas.<br \/>\nPor fim, a reda\u00e7\u00e3o do Correio da Semana vai agir de acordo com o decreto dos governadores e dos especialistas que at\u00e9 hoje (30) acham que a forma mais inteligente de combater a Covid-19 \u00e9 ficando em casa para que o Sistema \u00danico de Sa\u00fade n\u00e3o sobrecarregue e para que toda essa situa\u00e7\u00e3o at\u00edpica passe o mais r\u00e1pido poss\u00edvel. Agradecemos.<\/p>\n","protected":false},"excerpt":{"rendered":"<p>Durante 102 anos o Jornal Correio da Semana nunca saiu de circula\u00e7\u00e3o Durante 102 anos&#8230;<\/p>\n","protected":false},"author":1,"featured_media":11348,"comment_status":"open","ping_status":"open","sticky":false,"template":"","format":"standard","meta":{"_jetpack_memberships_contains_paid_content":false,"footnotes":"","jetpack_publicize_message":"","jetpack_publicize_feature_enabled":true,"jetpack_social_post_already_shared":true,"jetpack_social_options":{"image_generator_settings":{"template":"highway","default_image_id":0,"font":"","enabled":false},"version":2}},"categories":[1],"tags":[],"class_list":["post-11347","post","type-post","status-publish","format-standard","has-post-thumbnail","hentry","category-atualidade"],"jetpack_publicize_connections":[],"jetpack_featured_media_url":"https:\/\/correiodasemana.com\/site\/wp-content\/uploads\/2020\/05\/Jornal-Correio-da-Semana-N\u00ba-878-1-scaled.jpg","jetpack-related-posts":[{"id":16091,"url":"https:\/\/correiodasemana.com\/site\/correio-da-semana-103-anos-de-historia\/","url_meta":{"origin":11347,"position":0},"title":"Correio da Semana: 103 anos de hist\u00f3ria","author":"","date":"Abril 5, 2021","format":false,"excerpt":"Era domingo de P\u00e1scoa, 31 de mar\u00e7o de 1918, Pontificado de Bento XV, genov\u00eas, que, em 1915, criou a Diocese de Sobral. Os sinos da Catedral tocavam alegremente para celebrar a Ressurrei\u00e7\u00e3o de Cristo. Surgia um jornal semanal pertencente \u00e0 Diocese de Sobral, ent\u00e3o, com menos de 3 anos de\u2026","rel":"","context":"In &quot;Atualidade&quot;","block_context":{"text":"Atualidade","link":"https:\/\/correiodasemana.com\/site\/category\/atualidade\/"},"img":{"alt_text":"","src":"https:\/\/i0.wp.com\/correiodasemana.com\/site\/wp-content\/uploads\/2021\/04\/Jornal-Correio-da-Semana-No-890-1.jpg?resize=350%2C200&ssl=1","width":350,"height":200,"srcset":"https:\/\/i0.wp.com\/correiodasemana.com\/site\/wp-content\/uploads\/2021\/04\/Jornal-Correio-da-Semana-No-890-1.jpg?resize=350%2C200&ssl=1 1x, https:\/\/i0.wp.com\/correiodasemana.com\/site\/wp-content\/uploads\/2021\/04\/Jornal-Correio-da-Semana-No-890-1.jpg?resize=525%2C300&ssl=1 1.5x, https:\/\/i0.wp.com\/correiodasemana.com\/site\/wp-content\/uploads\/2021\/04\/Jornal-Correio-da-Semana-No-890-1.jpg?resize=700%2C400&ssl=1 2x"},"classes":[]},{"id":23803,"url":"https:\/\/correiodasemana.com\/site\/aniversario-de-105-anos-do-correio-da-semana\/","url_meta":{"origin":11347,"position":1},"title":"EDUCA\u00c7\u00c3O E CIDADANIA \u2022","author":"adminredacao","date":"Abril 5, 2023","format":false,"excerpt":"Anivers\u00e1rio de 105 Anos do Correio da Semana O Jornal Correio da Semana foi fundado por Dom Jos\u00e9 Tupinamb\u00e1 da Frota, primeiro Bispo da Diocese de Sobral, no dia 31 de mar\u00e7o de 1918 com a sua primeira edi\u00e7\u00e3o. Portanto, completou 105 anos neste 31 de mar\u00e7o de 2023. Por\u2026","rel":"","context":"In &quot;Artigos&quot;","block_context":{"text":"Artigos","link":"https:\/\/correiodasemana.com\/site\/category\/artigos\/"},"img":{"alt_text":"","src":"https:\/\/i0.wp.com\/correiodasemana.com\/site\/wp-content\/uploads\/2021\/08\/Salmito-Campos.jpg?resize=350%2C200&ssl=1","width":350,"height":200,"srcset":"https:\/\/i0.wp.com\/correiodasemana.com\/site\/wp-content\/uploads\/2021\/08\/Salmito-Campos.jpg?resize=350%2C200&ssl=1 1x, https:\/\/i0.wp.com\/correiodasemana.com\/site\/wp-content\/uploads\/2021\/08\/Salmito-Campos.jpg?resize=525%2C300&ssl=1 1.5x, https:\/\/i0.wp.com\/correiodasemana.com\/site\/wp-content\/uploads\/2021\/08\/Salmito-Campos.jpg?resize=700%2C400&ssl=1 2x, https:\/\/i0.wp.com\/correiodasemana.com\/site\/wp-content\/uploads\/2021\/08\/Salmito-Campos.jpg?resize=1050%2C600&ssl=1 3x, https:\/\/i0.wp.com\/correiodasemana.com\/site\/wp-content\/uploads\/2021\/08\/Salmito-Campos.jpg?resize=1400%2C800&ssl=1 4x"},"classes":[]},{"id":23745,"url":"https:\/\/correiodasemana.com\/site\/parabens-correio-da-semana\/","url_meta":{"origin":11347,"position":2},"title":"Parab\u00e9ns, Correio da Semana!","author":"adminredacao","date":"Abril 3, 2023","format":false,"excerpt":"\u00c9 not\u00f3ria a voca\u00e7\u00e3o do sobralense para a cultura e, especialmente nesse enfoque, para o jornalismo escrito. Tal fato \u00e9 oficialmente comprovado com a publica\u00e7\u00e3o de \u201cO Tabyra\u201d, j\u00e1 em 14 de agosto de 1864. Como o primeiro peri\u00f3dico de Sobral, \u201cO Tabyra\u201d circulava aos domingos e sobreviveu at\u00e9 29\u2026","rel":"","context":"In &quot;Atualidade&quot;","block_context":{"text":"Atualidade","link":"https:\/\/correiodasemana.com\/site\/category\/atualidade\/"},"img":{"alt_text":"","src":"https:\/\/i0.wp.com\/correiodasemana.com\/site\/wp-content\/uploads\/2023\/04\/capa-jornal.jpg?resize=350%2C200&ssl=1","width":350,"height":200,"srcset":"https:\/\/i0.wp.com\/correiodasemana.com\/site\/wp-content\/uploads\/2023\/04\/capa-jornal.jpg?resize=350%2C200&ssl=1 1x, https:\/\/i0.wp.com\/correiodasemana.com\/site\/wp-content\/uploads\/2023\/04\/capa-jornal.jpg?resize=525%2C300&ssl=1 1.5x, https:\/\/i0.wp.com\/correiodasemana.com\/site\/wp-content\/uploads\/2023\/04\/capa-jornal.jpg?resize=700%2C400&ssl=1 2x"},"classes":[]},{"id":8348,"url":"https:\/\/correiodasemana.com\/site\/jose-gerardo-mendes-50-anos-de-contribuicao-e-compromisso-com-a-historia-do-correio-da-semana\/","url_meta":{"origin":11347,"position":3},"title":"Jos\u00e9 Gerardo Mendes: 50 anos de contribui\u00e7\u00e3o e compromisso com a hist\u00f3ria do Correio da Semana","author":"","date":"Julho 16, 2019","format":false,"excerpt":"Ele come\u00e7ou a trabalhar como encadernador em 1940, e atualmente ainda presta servi\u00e7os para seis cart\u00f3rios da cidade de Sobral Aos 94 anos de idade, duas vezes no ano, Jos\u00e9 Gerardo Mendes, ainda realiza um servi\u00e7o que come\u00e7ou h\u00e1 50 anos atr\u00e1s: encaderna as edi\u00e7\u00f5es do Jornal Correio da Semana,\u2026","rel":"","context":"In &quot;Atualidade&quot;","block_context":{"text":"Atualidade","link":"https:\/\/correiodasemana.com\/site\/category\/atualidade\/"},"img":{"alt_text":"","src":"https:\/\/i0.wp.com\/correiodasemana.com\/site\/wp-content\/uploads\/2019\/07\/Gerardo-Mendes-Tip%C3%B3grafo-3.jpg?resize=350%2C200&ssl=1","width":350,"height":200,"srcset":"https:\/\/i0.wp.com\/correiodasemana.com\/site\/wp-content\/uploads\/2019\/07\/Gerardo-Mendes-Tip%C3%B3grafo-3.jpg?resize=350%2C200&ssl=1 1x, https:\/\/i0.wp.com\/correiodasemana.com\/site\/wp-content\/uploads\/2019\/07\/Gerardo-Mendes-Tip%C3%B3grafo-3.jpg?resize=525%2C300&ssl=1 1.5x, https:\/\/i0.wp.com\/correiodasemana.com\/site\/wp-content\/uploads\/2019\/07\/Gerardo-Mendes-Tip%C3%B3grafo-3.jpg?resize=700%2C400&ssl=1 2x"},"classes":[]},{"id":24854,"url":"https:\/\/correiodasemana.com\/site\/fbi-divulga-documento-que-revela-plano-para-matar-rainha-elizabeth-ii-durante-visita-aos-eua-em-1983\/","url_meta":{"origin":11347,"position":4},"title":"FBI divulga documento que revela plano para matar rainha Elizabeth II durante visita aos EUA em 1983","author":"","date":"Maio 26, 2023","format":false,"excerpt":"Em uma visita a cidade de S\u00e3o Francisco, nos Estados Unidos, em 1983, a rainha Elizabeth II passou por uma potencial amea\u00e7a de assassinato. A informa\u00e7\u00e3o foi revelada pelo FBI, o Departamento de Investiga\u00e7\u00e3o Federal dos EUA, nesta semana, quando \u00f3rg\u00e3o tornou p\u00fablica uma pasta de arquivos relacionados \u00e0s viagens\u2026","rel":"","context":"In &quot;Atualidade&quot;","block_context":{"text":"Atualidade","link":"https:\/\/correiodasemana.com\/site\/category\/atualidade\/"},"img":{"alt_text":"","src":"https:\/\/i0.wp.com\/correiodasemana.com\/site\/wp-content\/uploads\/2023\/05\/1662703557_650_A-tragedia-da-viagem-da-rainha-Elizabeth-II-em-1983.jpg?resize=350%2C200&ssl=1","width":350,"height":200,"srcset":"https:\/\/i0.wp.com\/correiodasemana.com\/site\/wp-content\/uploads\/2023\/05\/1662703557_650_A-tragedia-da-viagem-da-rainha-Elizabeth-II-em-1983.jpg?resize=350%2C200&ssl=1 1x, https:\/\/i0.wp.com\/correiodasemana.com\/site\/wp-content\/uploads\/2023\/05\/1662703557_650_A-tragedia-da-viagem-da-rainha-Elizabeth-II-em-1983.jpg?resize=525%2C300&ssl=1 1.5x, https:\/\/i0.wp.com\/correiodasemana.com\/site\/wp-content\/uploads\/2023\/05\/1662703557_650_A-tragedia-da-viagem-da-rainha-Elizabeth-II-em-1983.jpg?resize=700%2C400&ssl=1 2x, https:\/\/i0.wp.com\/correiodasemana.com\/site\/wp-content\/uploads\/2023\/05\/1662703557_650_A-tragedia-da-viagem-da-rainha-Elizabeth-II-em-1983.jpg?resize=1050%2C600&ssl=1 3x"},"classes":[]},{"id":21610,"url":"https:\/\/correiodasemana.com\/site\/o-centenario-do-jornal-o-nordeste-a-comunicacao-catolica-em-terras-alencarinas\/","url_meta":{"origin":11347,"position":5},"title":"O Centen\u00e1rio do Jornal \u201cO Nordeste\u201d, a comunica\u00e7\u00e3o Cat\u00f3lica em terras alencarinas\u00a0","author":"","date":"Novembro 13, 2022","format":false,"excerpt":"A proposta desta jornada Teol\u00f3gica transcende ao pr\u00f3prio tema. A ideia inicial \u00e9 de homenagear o centen\u00e1rio do extinto jornal \u201cO Nordeste\u201d, cuja primeira edi\u00e7\u00e3o circulou no dia 29 de junho de 1922. Ap\u00f3s ouvirmos nosso douto e reverendo amigo Mons. Jo\u00e3o Jorge, Vig\u00e1rio Geral de nossa Arquidiocese e meu\u2026","rel":"","context":"In &quot;Atualidade&quot;","block_context":{"text":"Atualidade","link":"https:\/\/correiodasemana.com\/site\/category\/atualidade\/"},"img":{"alt_text":"","src":"https:\/\/i0.wp.com\/correiodasemana.com\/site\/wp-content\/uploads\/2022\/11\/jornais.jpg?resize=350%2C200&ssl=1","width":350,"height":200,"srcset":"https:\/\/i0.wp.com\/correiodasemana.com\/site\/wp-content\/uploads\/2022\/11\/jornais.jpg?resize=350%2C200&ssl=1 1x, https:\/\/i0.wp.com\/correiodasemana.com\/site\/wp-content\/uploads\/2022\/11\/jornais.jpg?resize=525%2C300&ssl=1 1.5x, https:\/\/i0.wp.com\/correiodasemana.com\/site\/wp-content\/uploads\/2022\/11\/jornais.jpg?resize=700%2C400&ssl=1 2x, https:\/\/i0.wp.com\/correiodasemana.com\/site\/wp-content\/uploads\/2022\/11\/jornais.jpg?resize=1050%2C600&ssl=1 3x"},"classes":[]}],"jetpack_sharing_enabled":true,"_links":{"self":[{"href":"https:\/\/correiodasemana.com\/site\/wp-json\/wp\/v2\/posts\/11347","targetHints":{"allow":["GET"]}}],"collection":[{"href":"https:\/\/correiodasemana.com\/site\/wp-json\/wp\/v2\/posts"}],"about":[{"href":"https:\/\/correiodasemana.com\/site\/wp-json\/wp\/v2\/types\/post"}],"author":[{"embeddable":true,"href":"https:\/\/correiodasemana.com\/site\/wp-json\/wp\/v2\/users\/1"}],"replies":[{"embeddable":true,"href":"https:\/\/correiodasemana.com\/site\/wp-json\/wp\/v2\/comments?post=11347"}],"version-history":[{"count":1,"href":"https:\/\/correiodasemana.com\/site\/wp-json\/wp\/v2\/posts\/11347\/revisions"}],"predecessor-version":[{"id":11349,"href":"https:\/\/correiodasemana.com\/site\/wp-json\/wp\/v2\/posts\/11347\/revisions\/11349"}],"wp:featuredmedia":[{"embeddable":true,"href":"https:\/\/correiodasemana.com\/site\/wp-json\/wp\/v2\/media\/11348"}],"wp:attachment":[{"href":"https:\/\/correiodasemana.com\/site\/wp-json\/wp\/v2\/media?parent=11347"}],"wp:term":[{"taxonomy":"category","embeddable":true,"href":"https:\/\/correiodasemana.com\/site\/wp-json\/wp\/v2\/categories?post=11347"},{"taxonomy":"post_tag","embeddable":true,"href":"https:\/\/correiodasemana.com\/site\/wp-json\/wp\/v2\/tags?post=11347"}],"curies":[{"name":"wp","href":"https:\/\/api.w.org\/{rel}","templated":true}]}}